{"id":425021,"date":"2026-03-28T12:07:00","date_gmt":"2026-03-28T15:07:00","guid":{"rendered":"https:\/\/portaltela.pt\/noticias\/2026\/03\/28\/despiste-na-ericeira-resulta-na-morte-de-dois-homens-no-centro-da-vila\/"},"modified":"2026-03-28T12:07:00","modified_gmt":"2026-03-28T15:07:00","slug":"despiste-na-ericeira-resulta-na-morte-de-dois-homens-no-centro-da-vila","status":"publish","type":"post","link":"https:\/\/portaltela.pt\/acidentes\/2026\/03\/28\/despiste-na-ericeira-resulta-na-morte-de-dois-homens-no-centro-da-vila\/","title":{"rendered":"Despiste na Ericeira resulta na morte de dois homens no centro da vila"},"content":{"rendered":"<p>Dois homens morreram na manh\u00e3 deste s\u00e1bado, ap\u00f3s um despiste de um ve\u00edculo ligeiro na EN247, no centro da Ericeira, Mafra. As v\u00edtimas, com cerca de 30 anos, foram colhidas por um autom\u00f3vel que perdeu o controlo junto ao antigo terminal rodovi\u00e1rio. O embate foi descrito como muito violento.<\/p>\n<p>No local estiveram 23 operacionais, entre bombeiros, INEM e GNR. A Viatura M\u00e9dica de Emerg\u00eancia e Reanima\u00e7\u00e3o confirmou os \u00f3bitos. O condutor do ve\u00edculo foi assistido no local e transportado para o Hospital de Santa Maria, em Lisboa, com ferimentos ligeiros.<\/p>\n<p>As circunst\u00e2ncias do despiste est\u00e3o a ser investigadas pelo NICAV da GNR, que j\u00e1 recolhe elementos para perceber as causas do acidente e a quem pertence o ve\u00edculo.<\/p>\n<h3>Investiga\u00e7\u00e3o em curso<\/h3>\n<p>A investiga\u00e7\u00e3o pretende esclarecer fatores como velocidade, condi\u00e7\u00f5es da via e poss\u00edveis altera\u00e7\u00f5es no local do incidente. N\u00e3o foram divulgados detalhes adicionais sobre a identidade das v\u00edtimas ou sobre o estado de sa\u00fade do motorista. As autoridades mant\u00eam o foco na recolha de testemunhos e per\u00edcias t\u00e9cnicas para esclarecer o sucedido.<\/p>\n","protected":false},"excerpt":{"rendered":"<ul>\n<li>Dois homens, com cerca de 30 anos, morreram ap\u00f3s um despiste de um ve\u00edculo na EN247, no centro da Ericeira, Mafra.<\/li>\n<li>O acidente aconteceu pelas 6 horas, junto ao antigo terminal rodovi\u00e1rio, ap\u00f3s o ve\u00edculo perder o controlo.<\/li>\n<li>O embate atingiu os dois pe\u00f5es, que ficaram em paragem cardiorrespirat\u00f3ria; a VMER confirmou os \u00f3bitos.<\/li>\n<li>O condutor foi assistido no local e transportado ao Hospital de Santa Maria, em Lisboa, com ferimentos ligeiros.<\/li>\n<li>No socorro estiveram 23 operacionais; a investiga\u00e7\u00e3o est\u00e1 a cargo do NICAV da Guarda Nacional Republicana.<\/li>\n<\/ul>\n","protected":false},"author":2,"featured_media":425025,"comment_status":"closed","ping_status":"closed","sticky":false,"template":"","format":"standard","meta":{"footnotes":""},"categories":[6849],"tags":[4169,971,2174,1922,2600,2398],"class_list":["post-425021","post","type-post","status-publish","format-standard","has-post-thumbnail","hentry","category-acidentes","tag-acidente-rodoviario","tag-bombeiros","tag-ericeira","tag-inem","tag-mafra","tag-nicav"],"yoast_head":"<!-- This site is optimized with the Yoast SEO plugin v27.2 - https:\/\/yoast.com\/product\/yoast-seo-wordpress\/ -->\n<title>Despiste na Ericeira resulta na morte de dois homens no centro da vila - Portal Tela Portugal<\/title>\n<meta name=\"robots\" content=\"index, follow, max-snippet:-1, max-image-preview:large, max-video-preview:-1\" \/>\n<meta property=\"og:locale\" content=\"pt_PT\" \/>\n<meta property=\"og:type\" content=\"article\" \/>\n<meta property=\"og:title\" content=\"Despiste na Ericeira resulta na morte de dois homens no centro da vila - Portal Tela Portugal\" \/>\n<meta property=\"og:description\" content=\"Dois homens, com cerca de 30 anos, morreram ap\u00f3s um despiste de um ve\u00edculo na EN247, no centro da Ericeira, Mafra. O acidente aconteceu pelas 6 horas, junto ao antigo terminal rodovi\u00e1rio, ap\u00f3s o ve\u00edculo perder o controlo. O embate atingiu os dois pe\u00f5es, que ficaram em paragem cardiorrespirat\u00f3ria; a VMER confirmou os \u00f3bitos. O condutor foi assistido no local e transportado ao Hospital de Santa Maria, em Lisboa, com ferimentos ligeiros. No socorro estiveram 23 operacionais; a investiga\u00e7\u00e3o est\u00e1 a cargo do NICAV da Guarda Nacional Republicana.\" \/>\n<meta property=\"og:url\" content=\"https:\/\/portaltela.pt\/noticias\/2026\/03\/28\/despiste-na-ericeira-resulta-na-morte-de-dois-homens-no-centro-da-vila\/\" \/>\n<meta property=\"og:site_name\" content=\"Portal Tela Portugal\" \/>\n<meta property=\"article:published_time\" content=\"2026-03-28T15:07:00+00:00\" \/>\n<meta name=\"author\" content=\"Telinha\" \/>\n<meta name=\"twitter:card\" content=\"summary_large_image\" \/>\n<meta name=\"twitter:label1\" content=\"Escrito por\" \/>\n\t<meta name=\"twitter:data1\" content=\"Telinha\" \/>\n\t<meta name=\"twitter:label2\" content=\"Tempo estimado de leitura\" \/>\n\t<meta name=\"twitter:data2\" content=\"1 minuto\" \/>\n<script type=\"application\/ld+json\" class=\"yoast-schema-graph\">{\"@context\":\"https:\/\/schema.org\",\"@graph\":[{\"@type\":\"Article\",\"@id\":\"https:\/\/portaltela.pt\/noticias\/2026\/03\/28\/despiste-na-ericeira-resulta-na-morte-de-dois-homens-no-centro-da-vila\/#article\",\"isPartOf\":{\"@id\":\"https:\/\/portaltela.pt\/noticias\/2026\/03\/28\/despiste-na-ericeira-resulta-na-morte-de-dois-homens-no-centro-da-vila\/\"},\"author\":{\"name\":\"Telinha\",\"@id\":\"https:\/\/portaltela.pt\/#\/schema\/person\/c4278d4a6028830caff9ee44b42d32ed\"},\"headline\":\"Despiste na Ericeira resulta na morte de dois homens no centro da vila\",\"datePublished\":\"2026-03-28T15:07:00+00:00\",\"mainEntityOfPage\":{\"@id\":\"https:\/\/portaltela.pt\/noticias\/2026\/03\/28\/despiste-na-ericeira-resulta-na-morte-de-dois-homens-no-centro-da-vila\/\"},\"wordCount\":207,\"image\":{\"@id\":\"https:\/\/portaltela.pt\/noticias\/2026\/03\/28\/despiste-na-ericeira-resulta-na-morte-de-dois-homens-no-centro-da-vila\/#primaryimage\"},\"thumbnailUrl\":\"https:\/\/portaltela.pt\/s.01k8rhncp4jt1\/2026\/03\/image-1675.jpg\",\"keywords\":[\"acidente rodovi\u00e1rio\",\"bombeiros\",\"Ericeira\",\"INEM\",\"Mafra\",\"NICAV\"],\"articleSection\":[\"Acidentes\"],\"inLanguage\":\"pt-PT\"},{\"@type\":\"WebPage\",\"@id\":\"https:\/\/portaltela.pt\/noticias\/2026\/03\/28\/despiste-na-ericeira-resulta-na-morte-de-dois-homens-no-centro-da-vila\/\",\"url\":\"https:\/\/portaltela.pt\/noticias\/2026\/03\/28\/despiste-na-ericeira-resulta-na-morte-de-dois-homens-no-centro-da-vila\/\",\"name\":\"Despiste na Ericeira resulta na morte de dois homens no centro da vila - Portal Tela Portugal\",\"isPartOf\":{\"@id\":\"https:\/\/portaltela.pt\/#website\"},\"primaryImageOfPage\":{\"@id\":\"https:\/\/portaltela.pt\/noticias\/2026\/03\/28\/despiste-na-ericeira-resulta-na-morte-de-dois-homens-no-centro-da-vila\/#primaryimage\"},\"image\":{\"@id\":\"https:\/\/portaltela.pt\/noticias\/2026\/03\/28\/despiste-na-ericeira-resulta-na-morte-de-dois-homens-no-centro-da-vila\/#primaryimage\"},\"thumbnailUrl\":\"https:\/\/portaltela.pt\/s.01k8rhncp4jt1\/2026\/03\/image-1675.jpg\",\"datePublished\":\"2026-03-28T15:07:00+00:00\",\"author\":{\"@id\":\"https:\/\/portaltela.pt\/#\/schema\/person\/c4278d4a6028830caff9ee44b42d32ed\"},\"breadcrumb\":{\"@id\":\"https:\/\/portaltela.pt\/noticias\/2026\/03\/28\/despiste-na-ericeira-resulta-na-morte-de-dois-homens-no-centro-da-vila\/#breadcrumb\"},\"inLanguage\":\"pt-PT\",\"potentialAction\":[{\"@type\":\"ReadAction\",\"target\":[\"https:\/\/portaltela.pt\/noticias\/2026\/03\/28\/despiste-na-ericeira-resulta-na-morte-de-dois-homens-no-centro-da-vila\/\"]}]},{\"@type\":\"ImageObject\",\"inLanguage\":\"pt-PT\",\"@id\":\"https:\/\/portaltela.pt\/noticias\/2026\/03\/28\/despiste-na-ericeira-resulta-na-morte-de-dois-homens-no-centro-da-vila\/#primaryimage\",\"url\":\"https:\/\/portaltela.pt\/s.01k8rhncp4jt1\/2026\/03\/image-1675.jpg\",\"contentUrl\":\"https:\/\/portaltela.pt\/s.01k8rhncp4jt1\/2026\/03\/image-1675.jpg\",\"width\":796,\"height\":448,\"caption\":\"Acidente ocorreu em pleno centro da Ericeira\"},{\"@type\":\"BreadcrumbList\",\"@id\":\"https:\/\/portaltela.pt\/noticias\/2026\/03\/28\/despiste-na-ericeira-resulta-na-morte-de-dois-homens-no-centro-da-vila\/#breadcrumb\",\"itemListElement\":[{\"@type\":\"ListItem\",\"position\":1,\"name\":\"In\u00edcio\",\"item\":\"https:\/\/portaltela.pt\/\"},{\"@type\":\"ListItem\",\"position\":2,\"name\":\"Despiste na Ericeira resulta na morte de dois homens no centro da vila\"}]},{\"@type\":\"WebSite\",\"@id\":\"https:\/\/portaltela.pt\/#website\",\"url\":\"https:\/\/portaltela.pt\/\",\"name\":\"Portal Tela Portugal\",\"description\":\"\",\"potentialAction\":[{\"@type\":\"SearchAction\",\"target\":{\"@type\":\"EntryPoint\",\"urlTemplate\":\"https:\/\/portaltela.pt\/?s={search_term_string}\"},\"query-input\":{\"@type\":\"PropertyValueSpecification\",\"valueRequired\":true,\"valueName\":\"search_term_string\"}}],\"inLanguage\":\"pt-PT\"},{\"@type\":\"Person\",\"@id\":\"https:\/\/portaltela.pt\/#\/schema\/person\/c4278d4a6028830caff9ee44b42d32ed\",\"name\":\"Telinha\",\"image\":{\"@type\":\"ImageObject\",\"inLanguage\":\"pt-PT\",\"@id\":\"https:\/\/portaltela.pt\/s.01k8rhncp4jt1\/2025\/11\/talking-bot-125x125.png\",\"url\":\"https:\/\/portaltela.pt\/s.01k8rhncp4jt1\/2025\/11\/talking-bot-125x125.png\",\"contentUrl\":\"https:\/\/portaltela.pt\/s.01k8rhncp4jt1\/2025\/11\/talking-bot-125x125.png\",\"caption\":\"Telinha\"},\"sameAs\":[\"https:\/\/portaltela.pt\/\"],\"url\":\"https:\/\/portaltela.pt\/por\/367410592786\/\"}]}<\/script>\n<!-- \/ Yoast SEO plugin. -->","yoast_head_json":{"title":"Despiste na Ericeira resulta na morte de dois homens no centro da vila - Portal Tela Portugal","robots":{"index":"index","follow":"follow","max-snippet":"max-snippet:-1","max-image-preview":"max-image-preview:large","max-video-preview":"max-video-preview:-1"},"og_locale":"pt_PT","og_type":"article","og_title":"Despiste na Ericeira resulta na morte de dois homens no centro da vila - Portal Tela Portugal","og_description":"Dois homens, com cerca de 30 anos, morreram ap\u00f3s um despiste de um ve\u00edculo na EN247, no centro da Ericeira, Mafra. O acidente aconteceu pelas 6 horas, junto ao antigo terminal rodovi\u00e1rio, ap\u00f3s o ve\u00edculo perder o controlo. O embate atingiu os dois pe\u00f5es, que ficaram em paragem cardiorrespirat\u00f3ria; a VMER confirmou os \u00f3bitos. O condutor foi assistido no local e transportado ao Hospital de Santa Maria, em Lisboa, com ferimentos ligeiros. No socorro estiveram 23 operacionais; a investiga\u00e7\u00e3o est\u00e1 a cargo do NICAV da Guarda Nacional Republicana.","og_url":"https:\/\/portaltela.pt\/noticias\/2026\/03\/28\/despiste-na-ericeira-resulta-na-morte-de-dois-homens-no-centro-da-vila\/","og_site_name":"Portal Tela Portugal","article_published_time":"2026-03-28T15:07:00+00:00","author":"Telinha","twitter_card":"summary_large_image","twitter_misc":{"Escrito por":"Telinha","Tempo estimado de leitura":"1 minuto"},"schema":{"@context":"https:\/\/schema.org","@graph":[{"@type":"Article","@id":"https:\/\/portaltela.pt\/noticias\/2026\/03\/28\/despiste-na-ericeira-resulta-na-morte-de-dois-homens-no-centro-da-vila\/#article","isPartOf":{"@id":"https:\/\/portaltela.pt\/noticias\/2026\/03\/28\/despiste-na-ericeira-resulta-na-morte-de-dois-homens-no-centro-da-vila\/"},"author":{"name":"Telinha","@id":"https:\/\/portaltela.pt\/#\/schema\/person\/c4278d4a6028830caff9ee44b42d32ed"},"headline":"Despiste na Ericeira resulta na morte de dois homens no centro da vila","datePublished":"2026-03-28T15:07:00+00:00","mainEntityOfPage":{"@id":"https:\/\/portaltela.pt\/noticias\/2026\/03\/28\/despiste-na-ericeira-resulta-na-morte-de-dois-homens-no-centro-da-vila\/"},"wordCount":207,"image":{"@id":"https:\/\/portaltela.pt\/noticias\/2026\/03\/28\/despiste-na-ericeira-resulta-na-morte-de-dois-homens-no-centro-da-vila\/#primaryimage"},"thumbnailUrl":"https:\/\/portaltela.pt\/s.01k8rhncp4jt1\/2026\/03\/image-1675.jpg","keywords":["acidente rodovi\u00e1rio","bombeiros","Ericeira","INEM","Mafra","NICAV"],"articleSection":["Acidentes"],"inLanguage":"pt-PT"},{"@type":"WebPage","@id":"https:\/\/portaltela.pt\/noticias\/2026\/03\/28\/despiste-na-ericeira-resulta-na-morte-de-dois-homens-no-centro-da-vila\/","url":"https:\/\/portaltela.pt\/noticias\/2026\/03\/28\/despiste-na-ericeira-resulta-na-morte-de-dois-homens-no-centro-da-vila\/","name":"Despiste na Ericeira resulta na morte de dois homens no centro da vila - Portal Tela Portugal","isPartOf":{"@id":"https:\/\/portaltela.pt\/#website"},"primaryImageOfPage":{"@id":"https:\/\/portaltela.pt\/noticias\/2026\/03\/28\/despiste-na-ericeira-resulta-na-morte-de-dois-homens-no-centro-da-vila\/#primaryimage"},"image":{"@id":"https:\/\/portaltela.pt\/noticias\/2026\/03\/28\/despiste-na-ericeira-resulta-na-morte-de-dois-homens-no-centro-da-vila\/#primaryimage"},"thumbnailUrl":"https:\/\/portaltela.pt\/s.01k8rhncp4jt1\/2026\/03\/image-1675.jpg","datePublished":"2026-03-28T15:07:00+00:00","author":{"@id":"https:\/\/portaltela.pt\/#\/schema\/person\/c4278d4a6028830caff9ee44b42d32ed"},"breadcrumb":{"@id":"https:\/\/portaltela.pt\/noticias\/2026\/03\/28\/despiste-na-ericeira-resulta-na-morte-de-dois-homens-no-centro-da-vila\/#breadcrumb"},"inLanguage":"pt-PT","potentialAction":[{"@type":"ReadAction","target":["https:\/\/portaltela.pt\/noticias\/2026\/03\/28\/despiste-na-ericeira-resulta-na-morte-de-dois-homens-no-centro-da-vila\/"]}]},{"@type":"ImageObject","inLanguage":"pt-PT","@id":"https:\/\/portaltela.pt\/noticias\/2026\/03\/28\/despiste-na-ericeira-resulta-na-morte-de-dois-homens-no-centro-da-vila\/#primaryimage","url":"https:\/\/portaltela.pt\/s.01k8rhncp4jt1\/2026\/03\/image-1675.jpg","contentUrl":"https:\/\/portaltela.pt\/s.01k8rhncp4jt1\/2026\/03\/image-1675.jpg","width":796,"height":448,"caption":"Acidente ocorreu em pleno centro da Ericeira"},{"@type":"BreadcrumbList","@id":"https:\/\/portaltela.pt\/noticias\/2026\/03\/28\/despiste-na-ericeira-resulta-na-morte-de-dois-homens-no-centro-da-vila\/#breadcrumb","itemListElement":[{"@type":"ListItem","position":1,"name":"In\u00edcio","item":"https:\/\/portaltela.pt\/"},{"@type":"ListItem","position":2,"name":"Despiste na Ericeira resulta na morte de dois homens no centro da vila"}]},{"@type":"WebSite","@id":"https:\/\/portaltela.pt\/#website","url":"https:\/\/portaltela.pt\/","name":"Portal Tela Portugal","description":"","potentialAction":[{"@type":"SearchAction","target":{"@type":"EntryPoint","urlTemplate":"https:\/\/portaltela.pt\/?s={search_term_string}"},"query-input":{"@type":"PropertyValueSpecification","valueRequired":true,"valueName":"search_term_string"}}],"inLanguage":"pt-PT"},{"@type":"Person","@id":"https:\/\/portaltela.pt\/#\/schema\/person\/c4278d4a6028830caff9ee44b42d32ed","name":"Telinha","image":{"@type":"ImageObject","inLanguage":"pt-PT","@id":"https:\/\/portaltela.pt\/s.01k8rhncp4jt1\/2025\/11\/talking-bot-125x125.png","url":"https:\/\/portaltela.pt\/s.01k8rhncp4jt1\/2025\/11\/talking-bot-125x125.png","contentUrl":"https:\/\/portaltela.pt\/s.01k8rhncp4jt1\/2025\/11\/talking-bot-125x125.png","caption":"Telinha"},"sameAs":["https:\/\/portaltela.pt\/"],"url":"https:\/\/portaltela.pt\/por\/367410592786\/"}]}},"_links":{"self":[{"href":"https:\/\/portaltela.pt\/api\/wp\/v2\/posts\/425021","targetHints":{"allow":["GET"]}}],"collection":[{"href":"https:\/\/portaltela.pt\/api\/wp\/v2\/posts"}],"about":[{"href":"https:\/\/portaltela.pt\/api\/wp\/v2\/types\/post"}],"author":[{"embeddable":true,"href":"https:\/\/portaltela.pt\/api\/wp\/v2\/users\/2"}],"replies":[{"embeddable":true,"href":"https:\/\/portaltela.pt\/api\/wp\/v2\/comments?post=425021"}],"version-history":[{"count":0,"href":"https:\/\/portaltela.pt\/api\/wp\/v2\/posts\/425021\/revisions"}],"wp:featuredmedia":[{"embeddable":true,"href":"https:\/\/portaltela.pt\/api\/wp\/v2\/media\/425025"}],"wp:attachment":[{"href":"https:\/\/portaltela.pt\/api\/wp\/v2\/media?parent=425021"}],"wp:term":[{"taxonomy":"category","embeddable":true,"href":"https:\/\/portaltela.pt\/api\/wp\/v2\/categories?post=425021"},{"taxonomy":"post_tag","embeddable":true,"href":"https:\/\/portaltela.pt\/api\/wp\/v2\/tags?post=425021"}],"curies":[{"name":"wp","href":"https:\/\/api.w.org\/{rel}","templated":true}]}}