{"id":425018,"date":"2026-03-28T12:12:01","date_gmt":"2026-03-28T15:12:01","guid":{"rendered":"https:\/\/portaltela.pt\/noticias\/2026\/03\/28\/policia-maritima-apreende-cinco-barcos-por-pesca-ilegal-de-ameijoa-japonesa-no-tejo\/"},"modified":"2026-03-28T12:12:01","modified_gmt":"2026-03-28T15:12:01","slug":"policia-maritima-apreende-cinco-barcos-por-pesca-ilegal-de-ameijoa-japonesa-no-tejo","status":"publish","type":"post","link":"https:\/\/portaltela.pt\/meio-ambiente\/2026\/03\/28\/policia-maritima-apreende-cinco-barcos-por-pesca-ilegal-de-ameijoa-japonesa-no-tejo\/","title":{"rendered":"Pol\u00edcia Mar\u00edtima apreende cinco barcos por pesca ilegal de am\u00eaijoa-japonesa no Tejo"},"content":{"rendered":"<p>A Pol\u00edcia Mar\u00edtima apreendeu cinco embarca\u00e7\u00f5es utilizadas na pesca ilegal de am\u00eaijoa-japonesa no Tejo, proibida desde 22 de janeiro. Foram tamb\u00e9m apreendidas tr\u00eas viaturas e cerca de meia tonelada dos moluscos, al\u00e9m da identifica\u00e7\u00e3o de 11 pessoas envolvidas na pr\u00e1tica. A opera\u00e7\u00e3o ocorreu na sexta-feira, em coordena\u00e7\u00e3o com a ASAE, e as investiga\u00e7\u00f5es continuam.<\/p>\n<p>A a\u00e7\u00e3o visa salvaguardar o resource h\u00eddrico, a sa\u00fade p\u00fablica e a rastreabilidade da cadeia alimentar. A Autoridade Mar\u00edtima Nacional sublinha que a explora\u00e7\u00e3o ilegal afeta a economia formal, facilita redes il\u00edcitas e viola normas de bem-estar das comunidades, exigindo fiscaliza\u00e7\u00e3o constante.<\/p>\n<h3>Contexto legal e consequ\u00eancias<\/h3>\n<p>De acordo com a DGRM, a captura, manuten\u00e7\u00e3o a bordo, desembarque, transporte, deten\u00e7\u00e3o e comercializa\u00e7\u00e3o da am\u00eaijoa-japonesa no Tejo \u00e9 proibida nas \u00e1guas interiores, margens e leitos sob jurisdi\u00e7\u00e3o da Capitania de Lisboa. Ainda n\u00e3o foi aprovado nem divulgado um plano de controlo para esta esp\u00e9cie pelo ICNF.<\/p>\n<h3>Situa\u00e7\u00e3o atual e condi\u00e7\u00f5es de seguran\u00e7a<\/h3>\n<p>N\u00e3o existem centros de pesagem nem lotas nas \u00e1reas de apanha, o que dificulta rastreabilidade. As capturas ocorrem em zonas com contamina\u00e7\u00e3o por metais pesados, o que imp\u00f5e restri\u00e7\u00f5es e acende alertas de sa\u00fade p\u00fablica. A decis\u00e3o baseia-se na gest\u00e3o sustent\u00e1vel dos recursos e na prote\u00e7\u00e3o dos consumidores.<\/p>\n","protected":false},"excerpt":{"rendered":"<ul>\n<li>A Pol\u00edcia Mar\u00edtima apreendeu cinco embarca\u00e7\u00f5es usadas na pesca ilegal de am\u00eaijoa-japonesa no Tejo, al\u00e9m de tr\u00eas viaturas, com cerca de meia tonelada do molusco, e identificou onze pessoas.<\/li>\n<li>A opera\u00e7\u00e3o ocorreu na sexta-feira, em parceria com a Autoridade de Seguran\u00e7a Alimentar e Econ\u00f3mica (ASAE), e as investiga\u00e7\u00f5es continuam para apurar responsabilidades.<\/li>\n<li>A captura de am\u00eaijoa-japonesa no Tejo est\u00e1 proibida desde de vinte e dois de janeiro, com as licen\u00e7as para este ano j\u00e1 revogadas.<\/li>\n<li>A am\u00eaijoa-japonesa \u00e9 esp\u00e9cie ex\u00f3tica invasora; a deten\u00e7\u00e3o e venda dependem de um plano de controlo aprovado pelo Instituto da Conserva\u00e7\u00e3o da Natureza e das Florestas (ICNF), que ainda n\u00e3o foi publicado para o Tejo.<\/li>\n<li>Existem problemas de rastreabilidade e de controlo sanit\u00e1rio devido \u00e0 aus\u00eancia de centros de pesagem, zonas de apanha contaminadas por metais pesados e falta de planos de gest\u00e3o, o que fundamenta a a\u00e7\u00e3o para proteger recursos naturais e consumidores.<\/li>\n<\/ul>\n","protected":false},"author":2,"featured_media":425020,"comment_status":"closed","ping_status":"closed","sticky":false,"template":"","format":"standard","meta":{"footnotes":""},"categories":[6725],"tags":[45,5093,1702,811,2867,250],"class_list":["post-425018","post","type-post","status-publish","format-standard","has-post-thumbnail","hentry","category-meio-ambiente","tag-meio-ambiente","tag-pesca","tag-pesca-sustentavel","tag-protecao-ambiental","tag-seguranca-alimentar","tag-seguranca-publica"],"yoast_head":"<!-- This site is optimized with the Yoast SEO plugin v27.2 - https:\/\/yoast.com\/product\/yoast-seo-wordpress\/ -->\n<title>Pol\u00edcia Mar\u00edtima apreende cinco barcos por pesca ilegal de am\u00eaijoa-japonesa no Tejo - Portal Tela Portugal<\/title>\n<meta name=\"robots\" content=\"index, follow, max-snippet:-1, max-image-preview:large, max-video-preview:-1\" \/>\n<meta property=\"og:locale\" content=\"pt_PT\" \/>\n<meta property=\"og:type\" content=\"article\" \/>\n<meta property=\"og:title\" content=\"Pol\u00edcia Mar\u00edtima apreende cinco barcos por pesca ilegal de am\u00eaijoa-japonesa no Tejo - Portal Tela Portugal\" \/>\n<meta property=\"og:description\" content=\"A Pol\u00edcia Mar\u00edtima apreendeu cinco embarca\u00e7\u00f5es usadas na pesca ilegal de am\u00eaijoa-japonesa no Tejo, al\u00e9m de tr\u00eas viaturas, com cerca de meia tonelada do molusco, e identificou onze pessoas. A opera\u00e7\u00e3o ocorreu na sexta-feira, em parceria com a Autoridade de Seguran\u00e7a Alimentar e Econ\u00f3mica (ASAE), e as investiga\u00e7\u00f5es continuam para apurar responsabilidades. A captura de am\u00eaijoa-japonesa no Tejo est\u00e1 proibida desde de vinte e dois de janeiro, com as licen\u00e7as para este ano j\u00e1 revogadas. A am\u00eaijoa-japonesa \u00e9 esp\u00e9cie ex\u00f3tica invasora; a deten\u00e7\u00e3o e venda dependem de um plano de controlo aprovado pelo Instituto da Conserva\u00e7\u00e3o da Natureza e das Florestas (ICNF), que ainda n\u00e3o foi publicado para o Tejo. Existem problemas de rastreabilidade e de controlo sanit\u00e1rio devido \u00e0 aus\u00eancia de centros de pesagem, zonas de apanha contaminadas por metais pesados e falta de planos de gest\u00e3o, o que fundamenta a a\u00e7\u00e3o para proteger recursos naturais e consumidores.\" \/>\n<meta property=\"og:url\" content=\"https:\/\/portaltela.pt\/noticias\/2026\/03\/28\/policia-maritima-apreende-cinco-barcos-por-pesca-ilegal-de-ameijoa-japonesa-no-tejo\/\" \/>\n<meta property=\"og:site_name\" content=\"Portal Tela Portugal\" \/>\n<meta property=\"article:published_time\" content=\"2026-03-28T15:12:01+00:00\" \/>\n<meta name=\"author\" content=\"Telinha\" \/>\n<meta name=\"twitter:card\" content=\"summary_large_image\" \/>\n<meta name=\"twitter:label1\" content=\"Escrito por\" \/>\n\t<meta name=\"twitter:data1\" content=\"Telinha\" \/>\n\t<meta name=\"twitter:label2\" content=\"Tempo estimado de leitura\" \/>\n\t<meta name=\"twitter:data2\" content=\"1 minuto\" \/>\n<script type=\"application\/ld+json\" class=\"yoast-schema-graph\">{\"@context\":\"https:\/\/schema.org\",\"@graph\":[{\"@type\":\"Article\",\"@id\":\"https:\/\/portaltela.pt\/noticias\/2026\/03\/28\/policia-maritima-apreende-cinco-barcos-por-pesca-ilegal-de-ameijoa-japonesa-no-tejo\/#article\",\"isPartOf\":{\"@id\":\"https:\/\/portaltela.pt\/noticias\/2026\/03\/28\/policia-maritima-apreende-cinco-barcos-por-pesca-ilegal-de-ameijoa-japonesa-no-tejo\/\"},\"author\":{\"name\":\"Telinha\",\"@id\":\"https:\/\/portaltela.pt\/#\/schema\/person\/c4278d4a6028830caff9ee44b42d32ed\"},\"headline\":\"Pol\u00edcia Mar\u00edtima apreende cinco barcos por pesca ilegal de am\u00eaijoa-japonesa no Tejo\",\"datePublished\":\"2026-03-28T15:12:01+00:00\",\"mainEntityOfPage\":{\"@id\":\"https:\/\/portaltela.pt\/noticias\/2026\/03\/28\/policia-maritima-apreende-cinco-barcos-por-pesca-ilegal-de-ameijoa-japonesa-no-tejo\/\"},\"wordCount\":255,\"image\":{\"@id\":\"https:\/\/portaltela.pt\/noticias\/2026\/03\/28\/policia-maritima-apreende-cinco-barcos-por-pesca-ilegal-de-ameijoa-japonesa-no-tejo\/#primaryimage\"},\"thumbnailUrl\":\"https:\/\/portaltela.pt\/s.01k8rhncp4jt1\/2026\/03\/img_1500x1000uu2024-11-30-12-20-15-2180262.jpg\",\"keywords\":[\"meio-ambiente\",\"pesca\",\"pesca sustent\u00e1vel\",\"prote\u00e7\u00e3o ambiental\",\"Seguran\u00e7a Alimentar\",\"seguran\u00e7a p\u00fablica\"],\"articleSection\":[\"Meio Ambiente\"],\"inLanguage\":\"pt-PT\"},{\"@type\":\"WebPage\",\"@id\":\"https:\/\/portaltela.pt\/noticias\/2026\/03\/28\/policia-maritima-apreende-cinco-barcos-por-pesca-ilegal-de-ameijoa-japonesa-no-tejo\/\",\"url\":\"https:\/\/portaltela.pt\/noticias\/2026\/03\/28\/policia-maritima-apreende-cinco-barcos-por-pesca-ilegal-de-ameijoa-japonesa-no-tejo\/\",\"name\":\"Pol\u00edcia Mar\u00edtima apreende cinco barcos por pesca ilegal de am\u00eaijoa-japonesa no Tejo - Portal Tela Portugal\",\"isPartOf\":{\"@id\":\"https:\/\/portaltela.pt\/#website\"},\"primaryImageOfPage\":{\"@id\":\"https:\/\/portaltela.pt\/noticias\/2026\/03\/28\/policia-maritima-apreende-cinco-barcos-por-pesca-ilegal-de-ameijoa-japonesa-no-tejo\/#primaryimage\"},\"image\":{\"@id\":\"https:\/\/portaltela.pt\/noticias\/2026\/03\/28\/policia-maritima-apreende-cinco-barcos-por-pesca-ilegal-de-ameijoa-japonesa-no-tejo\/#primaryimage\"},\"thumbnailUrl\":\"https:\/\/portaltela.pt\/s.01k8rhncp4jt1\/2026\/03\/img_1500x1000uu2024-11-30-12-20-15-2180262.jpg\",\"datePublished\":\"2026-03-28T15:12:01+00:00\",\"author\":{\"@id\":\"https:\/\/portaltela.pt\/#\/schema\/person\/c4278d4a6028830caff9ee44b42d32ed\"},\"breadcrumb\":{\"@id\":\"https:\/\/portaltela.pt\/noticias\/2026\/03\/28\/policia-maritima-apreende-cinco-barcos-por-pesca-ilegal-de-ameijoa-japonesa-no-tejo\/#breadcrumb\"},\"inLanguage\":\"pt-PT\",\"potentialAction\":[{\"@type\":\"ReadAction\",\"target\":[\"https:\/\/portaltela.pt\/noticias\/2026\/03\/28\/policia-maritima-apreende-cinco-barcos-por-pesca-ilegal-de-ameijoa-japonesa-no-tejo\/\"]}]},{\"@type\":\"ImageObject\",\"inLanguage\":\"pt-PT\",\"@id\":\"https:\/\/portaltela.pt\/noticias\/2026\/03\/28\/policia-maritima-apreende-cinco-barcos-por-pesca-ilegal-de-ameijoa-japonesa-no-tejo\/#primaryimage\",\"url\":\"https:\/\/portaltela.pt\/s.01k8rhncp4jt1\/2026\/03\/img_1500x1000uu2024-11-30-12-20-15-2180262.jpg\",\"contentUrl\":\"https:\/\/portaltela.pt\/s.01k8rhncp4jt1\/2026\/03\/img_1500x1000uu2024-11-30-12-20-15-2180262.jpg\",\"width\":796,\"height\":448,\"caption\":\"Pol\u00edcia Mar\u00edtima\"},{\"@type\":\"BreadcrumbList\",\"@id\":\"https:\/\/portaltela.pt\/noticias\/2026\/03\/28\/policia-maritima-apreende-cinco-barcos-por-pesca-ilegal-de-ameijoa-japonesa-no-tejo\/#breadcrumb\",\"itemListElement\":[{\"@type\":\"ListItem\",\"position\":1,\"name\":\"In\u00edcio\",\"item\":\"https:\/\/portaltela.pt\/\"},{\"@type\":\"ListItem\",\"position\":2,\"name\":\"Pol\u00edcia Mar\u00edtima apreende cinco barcos por pesca ilegal de am\u00eaijoa-japonesa no Tejo\"}]},{\"@type\":\"WebSite\",\"@id\":\"https:\/\/portaltela.pt\/#website\",\"url\":\"https:\/\/portaltela.pt\/\",\"name\":\"Portal Tela Portugal\",\"description\":\"\",\"potentialAction\":[{\"@type\":\"SearchAction\",\"target\":{\"@type\":\"EntryPoint\",\"urlTemplate\":\"https:\/\/portaltela.pt\/?s={search_term_string}\"},\"query-input\":{\"@type\":\"PropertyValueSpecification\",\"valueRequired\":true,\"valueName\":\"search_term_string\"}}],\"inLanguage\":\"pt-PT\"},{\"@type\":\"Person\",\"@id\":\"https:\/\/portaltela.pt\/#\/schema\/person\/c4278d4a6028830caff9ee44b42d32ed\",\"name\":\"Telinha\",\"image\":{\"@type\":\"ImageObject\",\"inLanguage\":\"pt-PT\",\"@id\":\"https:\/\/portaltela.pt\/s.01k8rhncp4jt1\/2025\/11\/talking-bot-125x125.png\",\"url\":\"https:\/\/portaltela.pt\/s.01k8rhncp4jt1\/2025\/11\/talking-bot-125x125.png\",\"contentUrl\":\"https:\/\/portaltela.pt\/s.01k8rhncp4jt1\/2025\/11\/talking-bot-125x125.png\",\"caption\":\"Telinha\"},\"sameAs\":[\"https:\/\/portaltela.pt\/\"],\"url\":\"https:\/\/portaltela.pt\/por\/367410592786\/\"}]}<\/script>\n<!-- \/ Yoast SEO plugin. -->","yoast_head_json":{"title":"Pol\u00edcia Mar\u00edtima apreende cinco barcos por pesca ilegal de am\u00eaijoa-japonesa no Tejo - Portal Tela Portugal","robots":{"index":"index","follow":"follow","max-snippet":"max-snippet:-1","max-image-preview":"max-image-preview:large","max-video-preview":"max-video-preview:-1"},"og_locale":"pt_PT","og_type":"article","og_title":"Pol\u00edcia Mar\u00edtima apreende cinco barcos por pesca ilegal de am\u00eaijoa-japonesa no Tejo - Portal Tela Portugal","og_description":"A Pol\u00edcia Mar\u00edtima apreendeu cinco embarca\u00e7\u00f5es usadas na pesca ilegal de am\u00eaijoa-japonesa no Tejo, al\u00e9m de tr\u00eas viaturas, com cerca de meia tonelada do molusco, e identificou onze pessoas. A opera\u00e7\u00e3o ocorreu na sexta-feira, em parceria com a Autoridade de Seguran\u00e7a Alimentar e Econ\u00f3mica (ASAE), e as investiga\u00e7\u00f5es continuam para apurar responsabilidades. A captura de am\u00eaijoa-japonesa no Tejo est\u00e1 proibida desde de vinte e dois de janeiro, com as licen\u00e7as para este ano j\u00e1 revogadas. A am\u00eaijoa-japonesa \u00e9 esp\u00e9cie ex\u00f3tica invasora; a deten\u00e7\u00e3o e venda dependem de um plano de controlo aprovado pelo Instituto da Conserva\u00e7\u00e3o da Natureza e das Florestas (ICNF), que ainda n\u00e3o foi publicado para o Tejo. Existem problemas de rastreabilidade e de controlo sanit\u00e1rio devido \u00e0 aus\u00eancia de centros de pesagem, zonas de apanha contaminadas por metais pesados e falta de planos de gest\u00e3o, o que fundamenta a a\u00e7\u00e3o para proteger recursos naturais e consumidores.","og_url":"https:\/\/portaltela.pt\/noticias\/2026\/03\/28\/policia-maritima-apreende-cinco-barcos-por-pesca-ilegal-de-ameijoa-japonesa-no-tejo\/","og_site_name":"Portal Tela Portugal","article_published_time":"2026-03-28T15:12:01+00:00","author":"Telinha","twitter_card":"summary_large_image","twitter_misc":{"Escrito por":"Telinha","Tempo estimado de leitura":"1 minuto"},"schema":{"@context":"https:\/\/schema.org","@graph":[{"@type":"Article","@id":"https:\/\/portaltela.pt\/noticias\/2026\/03\/28\/policia-maritima-apreende-cinco-barcos-por-pesca-ilegal-de-ameijoa-japonesa-no-tejo\/#article","isPartOf":{"@id":"https:\/\/portaltela.pt\/noticias\/2026\/03\/28\/policia-maritima-apreende-cinco-barcos-por-pesca-ilegal-de-ameijoa-japonesa-no-tejo\/"},"author":{"name":"Telinha","@id":"https:\/\/portaltela.pt\/#\/schema\/person\/c4278d4a6028830caff9ee44b42d32ed"},"headline":"Pol\u00edcia Mar\u00edtima apreende cinco barcos por pesca ilegal de am\u00eaijoa-japonesa no Tejo","datePublished":"2026-03-28T15:12:01+00:00","mainEntityOfPage":{"@id":"https:\/\/portaltela.pt\/noticias\/2026\/03\/28\/policia-maritima-apreende-cinco-barcos-por-pesca-ilegal-de-ameijoa-japonesa-no-tejo\/"},"wordCount":255,"image":{"@id":"https:\/\/portaltela.pt\/noticias\/2026\/03\/28\/policia-maritima-apreende-cinco-barcos-por-pesca-ilegal-de-ameijoa-japonesa-no-tejo\/#primaryimage"},"thumbnailUrl":"https:\/\/portaltela.pt\/s.01k8rhncp4jt1\/2026\/03\/img_1500x1000uu2024-11-30-12-20-15-2180262.jpg","keywords":["meio-ambiente","pesca","pesca sustent\u00e1vel","prote\u00e7\u00e3o ambiental","Seguran\u00e7a Alimentar","seguran\u00e7a p\u00fablica"],"articleSection":["Meio Ambiente"],"inLanguage":"pt-PT"},{"@type":"WebPage","@id":"https:\/\/portaltela.pt\/noticias\/2026\/03\/28\/policia-maritima-apreende-cinco-barcos-por-pesca-ilegal-de-ameijoa-japonesa-no-tejo\/","url":"https:\/\/portaltela.pt\/noticias\/2026\/03\/28\/policia-maritima-apreende-cinco-barcos-por-pesca-ilegal-de-ameijoa-japonesa-no-tejo\/","name":"Pol\u00edcia Mar\u00edtima apreende cinco barcos por pesca ilegal de am\u00eaijoa-japonesa no Tejo - Portal Tela Portugal","isPartOf":{"@id":"https:\/\/portaltela.pt\/#website"},"primaryImageOfPage":{"@id":"https:\/\/portaltela.pt\/noticias\/2026\/03\/28\/policia-maritima-apreende-cinco-barcos-por-pesca-ilegal-de-ameijoa-japonesa-no-tejo\/#primaryimage"},"image":{"@id":"https:\/\/portaltela.pt\/noticias\/2026\/03\/28\/policia-maritima-apreende-cinco-barcos-por-pesca-ilegal-de-ameijoa-japonesa-no-tejo\/#primaryimage"},"thumbnailUrl":"https:\/\/portaltela.pt\/s.01k8rhncp4jt1\/2026\/03\/img_1500x1000uu2024-11-30-12-20-15-2180262.jpg","datePublished":"2026-03-28T15:12:01+00:00","author":{"@id":"https:\/\/portaltela.pt\/#\/schema\/person\/c4278d4a6028830caff9ee44b42d32ed"},"breadcrumb":{"@id":"https:\/\/portaltela.pt\/noticias\/2026\/03\/28\/policia-maritima-apreende-cinco-barcos-por-pesca-ilegal-de-ameijoa-japonesa-no-tejo\/#breadcrumb"},"inLanguage":"pt-PT","potentialAction":[{"@type":"ReadAction","target":["https:\/\/portaltela.pt\/noticias\/2026\/03\/28\/policia-maritima-apreende-cinco-barcos-por-pesca-ilegal-de-ameijoa-japonesa-no-tejo\/"]}]},{"@type":"ImageObject","inLanguage":"pt-PT","@id":"https:\/\/portaltela.pt\/noticias\/2026\/03\/28\/policia-maritima-apreende-cinco-barcos-por-pesca-ilegal-de-ameijoa-japonesa-no-tejo\/#primaryimage","url":"https:\/\/portaltela.pt\/s.01k8rhncp4jt1\/2026\/03\/img_1500x1000uu2024-11-30-12-20-15-2180262.jpg","contentUrl":"https:\/\/portaltela.pt\/s.01k8rhncp4jt1\/2026\/03\/img_1500x1000uu2024-11-30-12-20-15-2180262.jpg","width":796,"height":448,"caption":"Pol\u00edcia Mar\u00edtima"},{"@type":"BreadcrumbList","@id":"https:\/\/portaltela.pt\/noticias\/2026\/03\/28\/policia-maritima-apreende-cinco-barcos-por-pesca-ilegal-de-ameijoa-japonesa-no-tejo\/#breadcrumb","itemListElement":[{"@type":"ListItem","position":1,"name":"In\u00edcio","item":"https:\/\/portaltela.pt\/"},{"@type":"ListItem","position":2,"name":"Pol\u00edcia Mar\u00edtima apreende cinco barcos por pesca ilegal de am\u00eaijoa-japonesa no Tejo"}]},{"@type":"WebSite","@id":"https:\/\/portaltela.pt\/#website","url":"https:\/\/portaltela.pt\/","name":"Portal Tela Portugal","description":"","potentialAction":[{"@type":"SearchAction","target":{"@type":"EntryPoint","urlTemplate":"https:\/\/portaltela.pt\/?s={search_term_string}"},"query-input":{"@type":"PropertyValueSpecification","valueRequired":true,"valueName":"search_term_string"}}],"inLanguage":"pt-PT"},{"@type":"Person","@id":"https:\/\/portaltela.pt\/#\/schema\/person\/c4278d4a6028830caff9ee44b42d32ed","name":"Telinha","image":{"@type":"ImageObject","inLanguage":"pt-PT","@id":"https:\/\/portaltela.pt\/s.01k8rhncp4jt1\/2025\/11\/talking-bot-125x125.png","url":"https:\/\/portaltela.pt\/s.01k8rhncp4jt1\/2025\/11\/talking-bot-125x125.png","contentUrl":"https:\/\/portaltela.pt\/s.01k8rhncp4jt1\/2025\/11\/talking-bot-125x125.png","caption":"Telinha"},"sameAs":["https:\/\/portaltela.pt\/"],"url":"https:\/\/portaltela.pt\/por\/367410592786\/"}]}},"_links":{"self":[{"href":"https:\/\/portaltela.pt\/api\/wp\/v2\/posts\/425018","targetHints":{"allow":["GET"]}}],"collection":[{"href":"https:\/\/portaltela.pt\/api\/wp\/v2\/posts"}],"about":[{"href":"https:\/\/portaltela.pt\/api\/wp\/v2\/types\/post"}],"author":[{"embeddable":true,"href":"https:\/\/portaltela.pt\/api\/wp\/v2\/users\/2"}],"replies":[{"embeddable":true,"href":"https:\/\/portaltela.pt\/api\/wp\/v2\/comments?post=425018"}],"version-history":[{"count":0,"href":"https:\/\/portaltela.pt\/api\/wp\/v2\/posts\/425018\/revisions"}],"wp:featuredmedia":[{"embeddable":true,"href":"https:\/\/portaltela.pt\/api\/wp\/v2\/media\/425020"}],"wp:attachment":[{"href":"https:\/\/portaltela.pt\/api\/wp\/v2\/media?parent=425018"}],"wp:term":[{"taxonomy":"category","embeddable":true,"href":"https:\/\/portaltela.pt\/api\/wp\/v2\/categories?post=425018"},{"taxonomy":"post_tag","embeddable":true,"href":"https:\/\/portaltela.pt\/api\/wp\/v2\/tags?post=425018"}],"curies":[{"name":"wp","href":"https:\/\/api.w.org\/{rel}","templated":true}]}}