{"id":424998,"date":"2026-03-28T11:51:22","date_gmt":"2026-03-28T14:51:22","guid":{"rendered":"https:\/\/portaltela.pt\/noticias\/2026\/03\/28\/papa-incentiva-doacao-de-riqueza-para-o-direito-e-a-justica-global\/"},"modified":"2026-03-28T11:51:22","modified_gmt":"2026-03-28T14:51:22","slug":"papa-incentiva-doacao-de-riqueza-para-o-direito-e-a-justica-global","status":"publish","type":"post","link":"https:\/\/portaltela.pt\/sociedade\/2026\/03\/28\/papa-incentiva-doacao-de-riqueza-para-o-direito-e-a-justica-global\/","title":{"rendered":"Papa incentiva doa\u00e7\u00e3o de riqueza para o direito e a justi\u00e7a global"},"content":{"rendered":"<p>O Papa Le\u00e3o XIV visitou neste s\u00e1bado o principado de M\u00f3naco, numa primeira incurs\u00e3o do l\u00edder religioso a um pa\u00eds europeu. O encontro, marcado pela presen\u00e7a de autoridades locais, centrou-se no uso respons\u00e1vel da riqueza em prol do direito e da justi\u00e7a.<\/p>\n<p>O Pont\u00edfice explicou a necessidade de promover a justi\u00e7a social e de destinar recursos ao bem comum. A riqueza deve funcionar como instrumento de solidariedade, n\u00e3o de exclus\u00e3o ou opress\u00e3o.<\/p>\n<p>A cerim\u00f3nia ficou marcada por momentos de reflex\u00e3o e de apelo \u00e0 paz mundial. O Papa pediu coopera\u00e7\u00e3o entre l\u00edderes e fi\u00e9is para um mundo mais justo e fraterno.<\/p>\n<h3>Apelo \u00e0 justi\u00e7a social e \u00e0 paz<\/h3>\n<p>Os discursos enfatizaram a import\u00e2ncia de fortalecer valores humanos e espirituais, promovendo a dignidade de cada pessoa. Desigualdades sociais foram apontadas como desafio a enfrentar.<\/p>\n<p>A visita refor\u00e7a o compromisso da Igreja com a justi\u00e7a social e a paz global, convidando todos a refletirem sobre o uso respons\u00e1vel dos recursos e a busca por um mundo mais equilibrado.<\/p>\n","protected":false},"excerpt":{"rendered":"<ul>\n<li>O Papa Le\u00e3o XIV visitou o principado de M\u00f3naco, numa primeira visita a um pa\u00eds europeu, neste s\u00e1bado.<\/li>\n<li>Durante o evento, o Papa pediu que a riqueza seja colocada ao servi\u00e7o do direito e da justi\u00e7a, em refer\u00eancia aos conflitos no mundo.<\/li>\n<li>Defendeu promover justi\u00e7a social e usar recursos de forma respons\u00e1vel para o bem comum, tornando a riqueza num instrumento de solidariedade.<\/li>\n<li>Chamou l\u00edderes e fi\u00e9is a trabalharem por um mundo mais justo e fraterno, com paz mundial e desenvolvimento sustent\u00e1vel.<\/li>\n<li>Refor\u00e7ou a import\u00e2ncia de valores humanos e espirituais, da dignidade de cada pessoa e do combate \u00e0s desigualdades, fortalecendo o compromisso da Igreja com a justi\u00e7a social.<\/li>\n<\/ul>\n","protected":false},"author":2,"featured_media":425002,"comment_status":"closed","ping_status":"closed","sticky":false,"template":"","format":"standard","meta":{"footnotes":""},"categories":[7384,6871],"tags":[2978,5437,5207,2633,4408,104],"class_list":["post-424998","post","type-post","status-publish","format-standard","has-post-thumbnail","hentry","category-curiosidades","category-sociedade","tag-catolico","tag-desigualdades-sociais","tag-dialogo-internacional","tag-direitos-humanos","tag-direitos-sociais","tag-religiao"],"yoast_head":"<!-- This site is optimized with the Yoast SEO plugin v27.2 - https:\/\/yoast.com\/product\/yoast-seo-wordpress\/ -->\n<title>Papa incentiva doa\u00e7\u00e3o de riqueza para o direito e a justi\u00e7a global - Portal Tela Portugal<\/title>\n<meta name=\"robots\" content=\"index, follow, max-snippet:-1, max-image-preview:large, max-video-preview:-1\" \/>\n<meta property=\"og:locale\" content=\"pt_PT\" \/>\n<meta property=\"og:type\" content=\"article\" \/>\n<meta property=\"og:title\" content=\"Papa incentiva doa\u00e7\u00e3o de riqueza para o direito e a justi\u00e7a global - Portal Tela Portugal\" \/>\n<meta property=\"og:description\" content=\"O Papa Le\u00e3o XIV visitou o principado de M\u00f3naco, numa primeira visita a um pa\u00eds europeu, neste s\u00e1bado. Durante o evento, o Papa pediu que a riqueza seja colocada ao servi\u00e7o do direito e da justi\u00e7a, em refer\u00eancia aos conflitos no mundo. Defendeu promover justi\u00e7a social e usar recursos de forma respons\u00e1vel para o bem comum, tornando a riqueza num instrumento de solidariedade. Chamou l\u00edderes e fi\u00e9is a trabalharem por um mundo mais justo e fraterno, com paz mundial e desenvolvimento sustent\u00e1vel. Refor\u00e7ou a import\u00e2ncia de valores humanos e espirituais, da dignidade de cada pessoa e do combate \u00e0s desigualdades, fortalecendo o compromisso da Igreja com a justi\u00e7a social.\" \/>\n<meta property=\"og:url\" content=\"https:\/\/portaltela.pt\/noticias\/2026\/03\/28\/papa-incentiva-doacao-de-riqueza-para-o-direito-e-a-justica-global\/\" \/>\n<meta property=\"og:site_name\" content=\"Portal Tela Portugal\" \/>\n<meta property=\"article:published_time\" content=\"2026-03-28T14:51:22+00:00\" \/>\n<meta name=\"author\" content=\"Telinha\" \/>\n<meta name=\"twitter:card\" content=\"summary_large_image\" \/>\n<meta name=\"twitter:label1\" content=\"Escrito por\" \/>\n\t<meta name=\"twitter:data1\" content=\"Telinha\" \/>\n\t<meta name=\"twitter:label2\" content=\"Tempo estimado de leitura\" \/>\n\t<meta name=\"twitter:data2\" content=\"1 minuto\" \/>\n<script type=\"application\/ld+json\" class=\"yoast-schema-graph\">{\"@context\":\"https:\/\/schema.org\",\"@graph\":[{\"@type\":\"Article\",\"@id\":\"https:\/\/portaltela.pt\/noticias\/2026\/03\/28\/papa-incentiva-doacao-de-riqueza-para-o-direito-e-a-justica-global\/#article\",\"isPartOf\":{\"@id\":\"https:\/\/portaltela.pt\/noticias\/2026\/03\/28\/papa-incentiva-doacao-de-riqueza-para-o-direito-e-a-justica-global\/\"},\"author\":{\"name\":\"Telinha\",\"@id\":\"https:\/\/portaltela.pt\/#\/schema\/person\/c4278d4a6028830caff9ee44b42d32ed\"},\"headline\":\"Papa incentiva doa\u00e7\u00e3o de riqueza para o direito e a justi\u00e7a global\",\"datePublished\":\"2026-03-28T14:51:22+00:00\",\"mainEntityOfPage\":{\"@id\":\"https:\/\/portaltela.pt\/noticias\/2026\/03\/28\/papa-incentiva-doacao-de-riqueza-para-o-direito-e-a-justica-global\/\"},\"wordCount\":201,\"image\":{\"@id\":\"https:\/\/portaltela.pt\/noticias\/2026\/03\/28\/papa-incentiva-doacao-de-riqueza-para-o-direito-e-a-justica-global\/#primaryimage\"},\"thumbnailUrl\":\"https:\/\/portaltela.pt\/s.01k8rhncp4jt1\/2026\/03\/img_1280x722uu2026-03-28-14-49-44-2275257.jpg\",\"keywords\":[\"cat\u00f3lico\",\"desigualdades sociais\",\"Di\u00e1logo internacional\",\"direitos humanos\",\"direitos sociais\",\"religi\u00e3o\"],\"articleSection\":[\"Curiosidades\",\"Sociedade\"],\"inLanguage\":\"pt-PT\"},{\"@type\":\"WebPage\",\"@id\":\"https:\/\/portaltela.pt\/noticias\/2026\/03\/28\/papa-incentiva-doacao-de-riqueza-para-o-direito-e-a-justica-global\/\",\"url\":\"https:\/\/portaltela.pt\/noticias\/2026\/03\/28\/papa-incentiva-doacao-de-riqueza-para-o-direito-e-a-justica-global\/\",\"name\":\"Papa incentiva doa\u00e7\u00e3o de riqueza para o direito e a justi\u00e7a global - Portal Tela Portugal\",\"isPartOf\":{\"@id\":\"https:\/\/portaltela.pt\/#website\"},\"primaryImageOfPage\":{\"@id\":\"https:\/\/portaltela.pt\/noticias\/2026\/03\/28\/papa-incentiva-doacao-de-riqueza-para-o-direito-e-a-justica-global\/#primaryimage\"},\"image\":{\"@id\":\"https:\/\/portaltela.pt\/noticias\/2026\/03\/28\/papa-incentiva-doacao-de-riqueza-para-o-direito-e-a-justica-global\/#primaryimage\"},\"thumbnailUrl\":\"https:\/\/portaltela.pt\/s.01k8rhncp4jt1\/2026\/03\/img_1280x722uu2026-03-28-14-49-44-2275257.jpg\",\"datePublished\":\"2026-03-28T14:51:22+00:00\",\"author\":{\"@id\":\"https:\/\/portaltela.pt\/#\/schema\/person\/c4278d4a6028830caff9ee44b42d32ed\"},\"breadcrumb\":{\"@id\":\"https:\/\/portaltela.pt\/noticias\/2026\/03\/28\/papa-incentiva-doacao-de-riqueza-para-o-direito-e-a-justica-global\/#breadcrumb\"},\"inLanguage\":\"pt-PT\",\"potentialAction\":[{\"@type\":\"ReadAction\",\"target\":[\"https:\/\/portaltela.pt\/noticias\/2026\/03\/28\/papa-incentiva-doacao-de-riqueza-para-o-direito-e-a-justica-global\/\"]}]},{\"@type\":\"ImageObject\",\"inLanguage\":\"pt-PT\",\"@id\":\"https:\/\/portaltela.pt\/noticias\/2026\/03\/28\/papa-incentiva-doacao-de-riqueza-para-o-direito-e-a-justica-global\/#primaryimage\",\"url\":\"https:\/\/portaltela.pt\/s.01k8rhncp4jt1\/2026\/03\/img_1280x722uu2026-03-28-14-49-44-2275257.jpg\",\"contentUrl\":\"https:\/\/portaltela.pt\/s.01k8rhncp4jt1\/2026\/03\/img_1280x722uu2026-03-28-14-49-44-2275257.jpg\",\"width\":796,\"height\":448,\"caption\":\"Photo\"},{\"@type\":\"BreadcrumbList\",\"@id\":\"https:\/\/portaltela.pt\/noticias\/2026\/03\/28\/papa-incentiva-doacao-de-riqueza-para-o-direito-e-a-justica-global\/#breadcrumb\",\"itemListElement\":[{\"@type\":\"ListItem\",\"position\":1,\"name\":\"In\u00edcio\",\"item\":\"https:\/\/portaltela.pt\/\"},{\"@type\":\"ListItem\",\"position\":2,\"name\":\"Papa incentiva doa\u00e7\u00e3o de riqueza para o direito e a justi\u00e7a global\"}]},{\"@type\":\"WebSite\",\"@id\":\"https:\/\/portaltela.pt\/#website\",\"url\":\"https:\/\/portaltela.pt\/\",\"name\":\"Portal Tela Portugal\",\"description\":\"\",\"potentialAction\":[{\"@type\":\"SearchAction\",\"target\":{\"@type\":\"EntryPoint\",\"urlTemplate\":\"https:\/\/portaltela.pt\/?s={search_term_string}\"},\"query-input\":{\"@type\":\"PropertyValueSpecification\",\"valueRequired\":true,\"valueName\":\"search_term_string\"}}],\"inLanguage\":\"pt-PT\"},{\"@type\":\"Person\",\"@id\":\"https:\/\/portaltela.pt\/#\/schema\/person\/c4278d4a6028830caff9ee44b42d32ed\",\"name\":\"Telinha\",\"image\":{\"@type\":\"ImageObject\",\"inLanguage\":\"pt-PT\",\"@id\":\"https:\/\/portaltela.pt\/s.01k8rhncp4jt1\/2025\/11\/talking-bot-125x125.png\",\"url\":\"https:\/\/portaltela.pt\/s.01k8rhncp4jt1\/2025\/11\/talking-bot-125x125.png\",\"contentUrl\":\"https:\/\/portaltela.pt\/s.01k8rhncp4jt1\/2025\/11\/talking-bot-125x125.png\",\"caption\":\"Telinha\"},\"sameAs\":[\"https:\/\/portaltela.pt\/\"],\"url\":\"https:\/\/portaltela.pt\/por\/367410592786\/\"}]}<\/script>\n<!-- \/ Yoast SEO plugin. -->","yoast_head_json":{"title":"Papa incentiva doa\u00e7\u00e3o de riqueza para o direito e a justi\u00e7a global - Portal Tela Portugal","robots":{"index":"index","follow":"follow","max-snippet":"max-snippet:-1","max-image-preview":"max-image-preview:large","max-video-preview":"max-video-preview:-1"},"og_locale":"pt_PT","og_type":"article","og_title":"Papa incentiva doa\u00e7\u00e3o de riqueza para o direito e a justi\u00e7a global - Portal Tela Portugal","og_description":"O Papa Le\u00e3o XIV visitou o principado de M\u00f3naco, numa primeira visita a um pa\u00eds europeu, neste s\u00e1bado. Durante o evento, o Papa pediu que a riqueza seja colocada ao servi\u00e7o do direito e da justi\u00e7a, em refer\u00eancia aos conflitos no mundo. Defendeu promover justi\u00e7a social e usar recursos de forma respons\u00e1vel para o bem comum, tornando a riqueza num instrumento de solidariedade. Chamou l\u00edderes e fi\u00e9is a trabalharem por um mundo mais justo e fraterno, com paz mundial e desenvolvimento sustent\u00e1vel. Refor\u00e7ou a import\u00e2ncia de valores humanos e espirituais, da dignidade de cada pessoa e do combate \u00e0s desigualdades, fortalecendo o compromisso da Igreja com a justi\u00e7a social.","og_url":"https:\/\/portaltela.pt\/noticias\/2026\/03\/28\/papa-incentiva-doacao-de-riqueza-para-o-direito-e-a-justica-global\/","og_site_name":"Portal Tela Portugal","article_published_time":"2026-03-28T14:51:22+00:00","author":"Telinha","twitter_card":"summary_large_image","twitter_misc":{"Escrito por":"Telinha","Tempo estimado de leitura":"1 minuto"},"schema":{"@context":"https:\/\/schema.org","@graph":[{"@type":"Article","@id":"https:\/\/portaltela.pt\/noticias\/2026\/03\/28\/papa-incentiva-doacao-de-riqueza-para-o-direito-e-a-justica-global\/#article","isPartOf":{"@id":"https:\/\/portaltela.pt\/noticias\/2026\/03\/28\/papa-incentiva-doacao-de-riqueza-para-o-direito-e-a-justica-global\/"},"author":{"name":"Telinha","@id":"https:\/\/portaltela.pt\/#\/schema\/person\/c4278d4a6028830caff9ee44b42d32ed"},"headline":"Papa incentiva doa\u00e7\u00e3o de riqueza para o direito e a justi\u00e7a global","datePublished":"2026-03-28T14:51:22+00:00","mainEntityOfPage":{"@id":"https:\/\/portaltela.pt\/noticias\/2026\/03\/28\/papa-incentiva-doacao-de-riqueza-para-o-direito-e-a-justica-global\/"},"wordCount":201,"image":{"@id":"https:\/\/portaltela.pt\/noticias\/2026\/03\/28\/papa-incentiva-doacao-de-riqueza-para-o-direito-e-a-justica-global\/#primaryimage"},"thumbnailUrl":"https:\/\/portaltela.pt\/s.01k8rhncp4jt1\/2026\/03\/img_1280x722uu2026-03-28-14-49-44-2275257.jpg","keywords":["cat\u00f3lico","desigualdades sociais","Di\u00e1logo internacional","direitos humanos","direitos sociais","religi\u00e3o"],"articleSection":["Curiosidades","Sociedade"],"inLanguage":"pt-PT"},{"@type":"WebPage","@id":"https:\/\/portaltela.pt\/noticias\/2026\/03\/28\/papa-incentiva-doacao-de-riqueza-para-o-direito-e-a-justica-global\/","url":"https:\/\/portaltela.pt\/noticias\/2026\/03\/28\/papa-incentiva-doacao-de-riqueza-para-o-direito-e-a-justica-global\/","name":"Papa incentiva doa\u00e7\u00e3o de riqueza para o direito e a justi\u00e7a global - Portal Tela Portugal","isPartOf":{"@id":"https:\/\/portaltela.pt\/#website"},"primaryImageOfPage":{"@id":"https:\/\/portaltela.pt\/noticias\/2026\/03\/28\/papa-incentiva-doacao-de-riqueza-para-o-direito-e-a-justica-global\/#primaryimage"},"image":{"@id":"https:\/\/portaltela.pt\/noticias\/2026\/03\/28\/papa-incentiva-doacao-de-riqueza-para-o-direito-e-a-justica-global\/#primaryimage"},"thumbnailUrl":"https:\/\/portaltela.pt\/s.01k8rhncp4jt1\/2026\/03\/img_1280x722uu2026-03-28-14-49-44-2275257.jpg","datePublished":"2026-03-28T14:51:22+00:00","author":{"@id":"https:\/\/portaltela.pt\/#\/schema\/person\/c4278d4a6028830caff9ee44b42d32ed"},"breadcrumb":{"@id":"https:\/\/portaltela.pt\/noticias\/2026\/03\/28\/papa-incentiva-doacao-de-riqueza-para-o-direito-e-a-justica-global\/#breadcrumb"},"inLanguage":"pt-PT","potentialAction":[{"@type":"ReadAction","target":["https:\/\/portaltela.pt\/noticias\/2026\/03\/28\/papa-incentiva-doacao-de-riqueza-para-o-direito-e-a-justica-global\/"]}]},{"@type":"ImageObject","inLanguage":"pt-PT","@id":"https:\/\/portaltela.pt\/noticias\/2026\/03\/28\/papa-incentiva-doacao-de-riqueza-para-o-direito-e-a-justica-global\/#primaryimage","url":"https:\/\/portaltela.pt\/s.01k8rhncp4jt1\/2026\/03\/img_1280x722uu2026-03-28-14-49-44-2275257.jpg","contentUrl":"https:\/\/portaltela.pt\/s.01k8rhncp4jt1\/2026\/03\/img_1280x722uu2026-03-28-14-49-44-2275257.jpg","width":796,"height":448,"caption":"Photo"},{"@type":"BreadcrumbList","@id":"https:\/\/portaltela.pt\/noticias\/2026\/03\/28\/papa-incentiva-doacao-de-riqueza-para-o-direito-e-a-justica-global\/#breadcrumb","itemListElement":[{"@type":"ListItem","position":1,"name":"In\u00edcio","item":"https:\/\/portaltela.pt\/"},{"@type":"ListItem","position":2,"name":"Papa incentiva doa\u00e7\u00e3o de riqueza para o direito e a justi\u00e7a global"}]},{"@type":"WebSite","@id":"https:\/\/portaltela.pt\/#website","url":"https:\/\/portaltela.pt\/","name":"Portal Tela Portugal","description":"","potentialAction":[{"@type":"SearchAction","target":{"@type":"EntryPoint","urlTemplate":"https:\/\/portaltela.pt\/?s={search_term_string}"},"query-input":{"@type":"PropertyValueSpecification","valueRequired":true,"valueName":"search_term_string"}}],"inLanguage":"pt-PT"},{"@type":"Person","@id":"https:\/\/portaltela.pt\/#\/schema\/person\/c4278d4a6028830caff9ee44b42d32ed","name":"Telinha","image":{"@type":"ImageObject","inLanguage":"pt-PT","@id":"https:\/\/portaltela.pt\/s.01k8rhncp4jt1\/2025\/11\/talking-bot-125x125.png","url":"https:\/\/portaltela.pt\/s.01k8rhncp4jt1\/2025\/11\/talking-bot-125x125.png","contentUrl":"https:\/\/portaltela.pt\/s.01k8rhncp4jt1\/2025\/11\/talking-bot-125x125.png","caption":"Telinha"},"sameAs":["https:\/\/portaltela.pt\/"],"url":"https:\/\/portaltela.pt\/por\/367410592786\/"}]}},"_links":{"self":[{"href":"https:\/\/portaltela.pt\/api\/wp\/v2\/posts\/424998","targetHints":{"allow":["GET"]}}],"collection":[{"href":"https:\/\/portaltela.pt\/api\/wp\/v2\/posts"}],"about":[{"href":"https:\/\/portaltela.pt\/api\/wp\/v2\/types\/post"}],"author":[{"embeddable":true,"href":"https:\/\/portaltela.pt\/api\/wp\/v2\/users\/2"}],"replies":[{"embeddable":true,"href":"https:\/\/portaltela.pt\/api\/wp\/v2\/comments?post=424998"}],"version-history":[{"count":0,"href":"https:\/\/portaltela.pt\/api\/wp\/v2\/posts\/424998\/revisions"}],"wp:featuredmedia":[{"embeddable":true,"href":"https:\/\/portaltela.pt\/api\/wp\/v2\/media\/425002"}],"wp:attachment":[{"href":"https:\/\/portaltela.pt\/api\/wp\/v2\/media?parent=424998"}],"wp:term":[{"taxonomy":"category","embeddable":true,"href":"https:\/\/portaltela.pt\/api\/wp\/v2\/categories?post=424998"},{"taxonomy":"post_tag","embeddable":true,"href":"https:\/\/portaltela.pt\/api\/wp\/v2\/tags?post=424998"}],"curies":[{"name":"wp","href":"https:\/\/api.w.org\/{rel}","templated":true}]}}