{"id":424989,"date":"2026-03-28T11:33:00","date_gmt":"2026-03-28T14:33:00","guid":{"rendered":"https:\/\/portaltela.pt\/noticias\/2026\/03\/28\/seguro-defende-investimento-inteligente-na-defesa-sem-esquecer-militares\/"},"modified":"2026-03-28T11:33:00","modified_gmt":"2026-03-28T14:33:00","slug":"seguro-defende-investimento-inteligente-na-defesa-sem-esquecer-militares","status":"publish","type":"post","link":"https:\/\/portaltela.pt\/seguranca\/2026\/03\/28\/seguro-defende-investimento-inteligente-na-defesa-sem-esquecer-militares\/","title":{"rendered":"Seguro defende investimento inteligente na Defesa, sem esquecer militares"},"content":{"rendered":"<p>O presidente da Rep\u00fablica, Ant\u00f3nio Jos\u00e9 Seguro, destacou num discurso em Santar\u00e9m a necessidade de refor\u00e7ar e modernizar as For\u00e7as Armadas face a um contexto internacional exigente. O encontro de apresenta\u00e7\u00e3o ocorreu no jardim da Liberdade, com o objetivo de ligar defesa a compromissos sociais.<\/p>\n<p>Seguro afirmou que a guerra na Ucr\u00e2nia alterou a perce\u00e7\u00e3o de seguran\u00e7a coletiva e que Portugal deve acompanhar compromissos com a UE e a NATO, mantendo investimento, moderniza\u00e7\u00e3o e refor\u00e7o de capacidades. O foco \u00e9 a defesa aliada a \u00e1reas sociais.<\/p>\n<p>O chefe de Estado alertou para um quadro de muta\u00e7\u00f5es profundas e fragmenta\u00e7\u00e3o pol\u00edtica, apontando para impactos diretos da violence internacional na Europa e no M\u00e9dio Oriente. O objetivo \u00e9 manter a soberania nacional com pol\u00edticas consistentes.<\/p>\n<h3>Investimento inteligente na Defesa<\/h3>\n<p>A moderniza\u00e7\u00e3o deve implicar a participa\u00e7\u00e3o da ind\u00fastria nacional, cria\u00e7\u00e3o de empregos qualificados e est\u00edmulo \u00e0 inova\u00e7\u00e3o tecnol\u00f3gica. Seguro defendeu um sistema de aplica\u00e7\u00e3o dual que fortale\u00e7a a posi\u00e7\u00e3o tecnol\u00f3gica de Portugal, equilibrando necessidades nacionais.<\/p>\n<p>O Presidente sublinhou que a reforma deve ser s\u00e9ria e est\u00e1vel, articulando-se com outras \u00e1reas do pa\u00eds, especialmente as sociais. O investimento em Defesa deve tamb\u00e9m potenciar o sistema cient\u00edfico portugu\u00eas, segundo a leitura do Comandante Supremo.<\/p>\n<h3>Recursos humanos como pilar essencial<\/h3>\n<p>Seguro enfatizou a import\u00e2ncia de tornar a carreira militar mais atrativa, valorizando carreiras e assegurando previsibilidade e dignidade aos profissionais. \u201cN\u00e3o h\u00e1 For\u00e7as Armadas sem recursos humanos\u201d foi uma s\u00edntese repetida, segundo o Presidente.<\/p>\n<p>Foi ainda defendida a perman\u00eancia de quadros e o aumento da motiva\u00e7\u00e3o interna, com medidas para atrair jovens para as fileiras. O papel dos militares como pilar da democracia foi destacado, sob a Constitui\u00e7\u00e3o.<\/p>\n<p>Santar\u00e9m foi apresentada como palco simb\u00f3lico, com refer\u00eancia a Salgueiro Maia, cuja lideran\u00e7a no 25 de Abril foi associada a integridade e dever. A cerim\u00f3nia elogiou tamb\u00e9m o contributo das tropas portuguesas em miss\u00f5es no exterior.<\/p>\n<p>As declara\u00e7\u00f5es foram encabe\u00e7adas pela defesa de maior investimento na Defesa, incluindo a participa\u00e7\u00e3o da ind\u00fastria nacional, o refor\u00e7o de capacidades e a resposta a riscos crescentes de seguran\u00e7a internacional. A cerim\u00f3nia destacou miss\u00f5es da NATO, UE, ONU e CPLP.<\/p>\n","protected":false},"excerpt":{"rendered":"<ul>\n<li>O Presidente da Rep\u00fablica, Ant\u00f3nio Jos\u00e9 Seguro, alertou para um contexto internacional exigente e defendeu refor\u00e7ar e modernizar as For\u00e7as Armadas, mantendo o investimento nas \u00e1reas sociais.<\/li>\n<li>Em Santar\u00e9m, na cerim\u00f3nia de apresenta\u00e7\u00e3o das For\u00e7as Armadas ao novo chefe de Estado, chamou a aten\u00e7\u00e3o para a muta\u00e7\u00e3o do panorama global, com conflitos na Europa e no M\u00e9dio Oriente.<\/li>\n<li>Defendeu que Portugal cumpra compromissos da Uni\u00e3o Europeia e da NATO com investimento, moderniza\u00e7\u00e3o e refor\u00e7o de capacidades, incluindo a ind\u00fastria nacional.<\/li>\n<li>A moderniza\u00e7\u00e3o deve ser s\u00e9ria, equilibrada e criar emprego qualificado, promovendo inova\u00e7\u00e3o tecnol\u00f3gica e o sistema cient\u00edfico nacional.<\/li>\n<li>Enfatizou a import\u00e2ncia dos recursos humanos, defendendo carreira militar mais atrativa, previsibilidade e dignidade, e referiu o simbolismo de Santar\u00e9m e o papel das tropas portuguesas em miss\u00f5es no estrangeiro.<\/li>\n<\/ul>\n","protected":false},"author":2,"featured_media":424990,"comment_status":"closed","ping_status":"closed","sticky":false,"template":"","format":"standard","meta":{"footnotes":""},"categories":[1,6779],"tags":[3566,6574,1779,255,316,2055],"class_list":["post-424989","post","type-post","status-publish","format-standard","has-post-thumbnail","hentry","category-noticias","category-seguranca","tag-cplp","tag-defesa","tag-forcas-armadas","tag-industria","tag-investimento","tag-uniao-europeia"],"yoast_head":"<!-- This site is optimized with the Yoast SEO plugin v27.2 - https:\/\/yoast.com\/product\/yoast-seo-wordpress\/ -->\n<title>Seguro defende investimento inteligente na Defesa, sem esquecer militares - Portal Tela Portugal<\/title>\n<meta name=\"robots\" content=\"index, follow, max-snippet:-1, max-image-preview:large, max-video-preview:-1\" \/>\n<meta property=\"og:locale\" content=\"pt_PT\" \/>\n<meta property=\"og:type\" content=\"article\" \/>\n<meta property=\"og:title\" content=\"Seguro defende investimento inteligente na Defesa, sem esquecer militares - Portal Tela Portugal\" \/>\n<meta property=\"og:description\" content=\"O Presidente da Rep\u00fablica, Ant\u00f3nio Jos\u00e9 Seguro, alertou para um contexto internacional exigente e defendeu refor\u00e7ar e modernizar as For\u00e7as Armadas, mantendo o investimento nas \u00e1reas sociais. Em Santar\u00e9m, na cerim\u00f3nia de apresenta\u00e7\u00e3o das For\u00e7as Armadas ao novo chefe de Estado, chamou a aten\u00e7\u00e3o para a muta\u00e7\u00e3o do panorama global, com conflitos na Europa e no M\u00e9dio Oriente. Defendeu que Portugal cumpra compromissos da Uni\u00e3o Europeia e da NATO com investimento, moderniza\u00e7\u00e3o e refor\u00e7o de capacidades, incluindo a ind\u00fastria nacional. A moderniza\u00e7\u00e3o deve ser s\u00e9ria, equilibrada e criar emprego qualificado, promovendo inova\u00e7\u00e3o tecnol\u00f3gica e o sistema cient\u00edfico nacional. Enfatizou a import\u00e2ncia dos recursos humanos, defendendo carreira militar mais atrativa, previsibilidade e dignidade, e referiu o simbolismo de Santar\u00e9m e o papel das tropas portuguesas em miss\u00f5es no estrangeiro.\" \/>\n<meta property=\"og:url\" content=\"https:\/\/portaltela.pt\/noticias\/2026\/03\/28\/seguro-defende-investimento-inteligente-na-defesa-sem-esquecer-militares\/\" \/>\n<meta property=\"og:site_name\" content=\"Portal Tela Portugal\" \/>\n<meta property=\"article:published_time\" content=\"2026-03-28T14:33:00+00:00\" \/>\n<meta name=\"author\" content=\"Telinha\" \/>\n<meta name=\"twitter:card\" content=\"summary_large_image\" \/>\n<meta name=\"twitter:label1\" content=\"Escrito por\" \/>\n\t<meta name=\"twitter:data1\" content=\"Telinha\" \/>\n\t<meta name=\"twitter:label2\" content=\"Tempo estimado de leitura\" \/>\n\t<meta name=\"twitter:data2\" content=\"2 minutos\" \/>\n<script type=\"application\/ld+json\" class=\"yoast-schema-graph\">{\"@context\":\"https:\/\/schema.org\",\"@graph\":[{\"@type\":\"Article\",\"@id\":\"https:\/\/portaltela.pt\/noticias\/2026\/03\/28\/seguro-defende-investimento-inteligente-na-defesa-sem-esquecer-militares\/#article\",\"isPartOf\":{\"@id\":\"https:\/\/portaltela.pt\/noticias\/2026\/03\/28\/seguro-defende-investimento-inteligente-na-defesa-sem-esquecer-militares\/\"},\"author\":{\"name\":\"Telinha\",\"@id\":\"https:\/\/portaltela.pt\/#\/schema\/person\/c4278d4a6028830caff9ee44b42d32ed\"},\"headline\":\"Seguro defende investimento inteligente na Defesa, sem esquecer militares\",\"datePublished\":\"2026-03-28T14:33:00+00:00\",\"mainEntityOfPage\":{\"@id\":\"https:\/\/portaltela.pt\/noticias\/2026\/03\/28\/seguro-defende-investimento-inteligente-na-defesa-sem-esquecer-militares\/\"},\"wordCount\":408,\"image\":{\"@id\":\"https:\/\/portaltela.pt\/noticias\/2026\/03\/28\/seguro-defende-investimento-inteligente-na-defesa-sem-esquecer-militares\/#primaryimage\"},\"thumbnailUrl\":\"https:\/\/portaltela.pt\/s.01k8rhncp4jt1\/2026\/03\/image-1670.jpg\",\"keywords\":[\"CPLP\",\"defesa\",\"For\u00e7as Armadas\",\"ind\u00fastria\",\"investimento\",\"Uni\u00e3o Europeia\"],\"articleSection\":[\"Not\u00edcias\",\"Seguran\u00e7a\"],\"inLanguage\":\"pt-PT\"},{\"@type\":\"WebPage\",\"@id\":\"https:\/\/portaltela.pt\/noticias\/2026\/03\/28\/seguro-defende-investimento-inteligente-na-defesa-sem-esquecer-militares\/\",\"url\":\"https:\/\/portaltela.pt\/noticias\/2026\/03\/28\/seguro-defende-investimento-inteligente-na-defesa-sem-esquecer-militares\/\",\"name\":\"Seguro defende investimento inteligente na Defesa, sem esquecer militares - Portal Tela Portugal\",\"isPartOf\":{\"@id\":\"https:\/\/portaltela.pt\/#website\"},\"primaryImageOfPage\":{\"@id\":\"https:\/\/portaltela.pt\/noticias\/2026\/03\/28\/seguro-defende-investimento-inteligente-na-defesa-sem-esquecer-militares\/#primaryimage\"},\"image\":{\"@id\":\"https:\/\/portaltela.pt\/noticias\/2026\/03\/28\/seguro-defende-investimento-inteligente-na-defesa-sem-esquecer-militares\/#primaryimage\"},\"thumbnailUrl\":\"https:\/\/portaltela.pt\/s.01k8rhncp4jt1\/2026\/03\/image-1670.jpg\",\"datePublished\":\"2026-03-28T14:33:00+00:00\",\"author\":{\"@id\":\"https:\/\/portaltela.pt\/#\/schema\/person\/c4278d4a6028830caff9ee44b42d32ed\"},\"breadcrumb\":{\"@id\":\"https:\/\/portaltela.pt\/noticias\/2026\/03\/28\/seguro-defende-investimento-inteligente-na-defesa-sem-esquecer-militares\/#breadcrumb\"},\"inLanguage\":\"pt-PT\",\"potentialAction\":[{\"@type\":\"ReadAction\",\"target\":[\"https:\/\/portaltela.pt\/noticias\/2026\/03\/28\/seguro-defende-investimento-inteligente-na-defesa-sem-esquecer-militares\/\"]}]},{\"@type\":\"ImageObject\",\"inLanguage\":\"pt-PT\",\"@id\":\"https:\/\/portaltela.pt\/noticias\/2026\/03\/28\/seguro-defende-investimento-inteligente-na-defesa-sem-esquecer-militares\/#primaryimage\",\"url\":\"https:\/\/portaltela.pt\/s.01k8rhncp4jt1\/2026\/03\/image-1670.jpg\",\"contentUrl\":\"https:\/\/portaltela.pt\/s.01k8rhncp4jt1\/2026\/03\/image-1670.jpg\",\"width\":796,\"height\":448,\"caption\":\"Seguro na cerim\u00f3nia de apresenta\u00e7\u00e3o \u00e0s For\u00e7as Armadas, em Santar\u00e9m\"},{\"@type\":\"BreadcrumbList\",\"@id\":\"https:\/\/portaltela.pt\/noticias\/2026\/03\/28\/seguro-defende-investimento-inteligente-na-defesa-sem-esquecer-militares\/#breadcrumb\",\"itemListElement\":[{\"@type\":\"ListItem\",\"position\":1,\"name\":\"In\u00edcio\",\"item\":\"https:\/\/portaltela.pt\/\"},{\"@type\":\"ListItem\",\"position\":2,\"name\":\"Seguro defende investimento inteligente na Defesa, sem esquecer militares\"}]},{\"@type\":\"WebSite\",\"@id\":\"https:\/\/portaltela.pt\/#website\",\"url\":\"https:\/\/portaltela.pt\/\",\"name\":\"Portal Tela Portugal\",\"description\":\"\",\"potentialAction\":[{\"@type\":\"SearchAction\",\"target\":{\"@type\":\"EntryPoint\",\"urlTemplate\":\"https:\/\/portaltela.pt\/?s={search_term_string}\"},\"query-input\":{\"@type\":\"PropertyValueSpecification\",\"valueRequired\":true,\"valueName\":\"search_term_string\"}}],\"inLanguage\":\"pt-PT\"},{\"@type\":\"Person\",\"@id\":\"https:\/\/portaltela.pt\/#\/schema\/person\/c4278d4a6028830caff9ee44b42d32ed\",\"name\":\"Telinha\",\"image\":{\"@type\":\"ImageObject\",\"inLanguage\":\"pt-PT\",\"@id\":\"https:\/\/portaltela.pt\/s.01k8rhncp4jt1\/2025\/11\/talking-bot-125x125.png\",\"url\":\"https:\/\/portaltela.pt\/s.01k8rhncp4jt1\/2025\/11\/talking-bot-125x125.png\",\"contentUrl\":\"https:\/\/portaltela.pt\/s.01k8rhncp4jt1\/2025\/11\/talking-bot-125x125.png\",\"caption\":\"Telinha\"},\"sameAs\":[\"https:\/\/portaltela.pt\/\"],\"url\":\"https:\/\/portaltela.pt\/por\/367410592786\/\"}]}<\/script>\n<!-- \/ Yoast SEO plugin. -->","yoast_head_json":{"title":"Seguro defende investimento inteligente na Defesa, sem esquecer militares - Portal Tela Portugal","robots":{"index":"index","follow":"follow","max-snippet":"max-snippet:-1","max-image-preview":"max-image-preview:large","max-video-preview":"max-video-preview:-1"},"og_locale":"pt_PT","og_type":"article","og_title":"Seguro defende investimento inteligente na Defesa, sem esquecer militares - Portal Tela Portugal","og_description":"O Presidente da Rep\u00fablica, Ant\u00f3nio Jos\u00e9 Seguro, alertou para um contexto internacional exigente e defendeu refor\u00e7ar e modernizar as For\u00e7as Armadas, mantendo o investimento nas \u00e1reas sociais. Em Santar\u00e9m, na cerim\u00f3nia de apresenta\u00e7\u00e3o das For\u00e7as Armadas ao novo chefe de Estado, chamou a aten\u00e7\u00e3o para a muta\u00e7\u00e3o do panorama global, com conflitos na Europa e no M\u00e9dio Oriente. Defendeu que Portugal cumpra compromissos da Uni\u00e3o Europeia e da NATO com investimento, moderniza\u00e7\u00e3o e refor\u00e7o de capacidades, incluindo a ind\u00fastria nacional. A moderniza\u00e7\u00e3o deve ser s\u00e9ria, equilibrada e criar emprego qualificado, promovendo inova\u00e7\u00e3o tecnol\u00f3gica e o sistema cient\u00edfico nacional. Enfatizou a import\u00e2ncia dos recursos humanos, defendendo carreira militar mais atrativa, previsibilidade e dignidade, e referiu o simbolismo de Santar\u00e9m e o papel das tropas portuguesas em miss\u00f5es no estrangeiro.","og_url":"https:\/\/portaltela.pt\/noticias\/2026\/03\/28\/seguro-defende-investimento-inteligente-na-defesa-sem-esquecer-militares\/","og_site_name":"Portal Tela Portugal","article_published_time":"2026-03-28T14:33:00+00:00","author":"Telinha","twitter_card":"summary_large_image","twitter_misc":{"Escrito por":"Telinha","Tempo estimado de leitura":"2 minutos"},"schema":{"@context":"https:\/\/schema.org","@graph":[{"@type":"Article","@id":"https:\/\/portaltela.pt\/noticias\/2026\/03\/28\/seguro-defende-investimento-inteligente-na-defesa-sem-esquecer-militares\/#article","isPartOf":{"@id":"https:\/\/portaltela.pt\/noticias\/2026\/03\/28\/seguro-defende-investimento-inteligente-na-defesa-sem-esquecer-militares\/"},"author":{"name":"Telinha","@id":"https:\/\/portaltela.pt\/#\/schema\/person\/c4278d4a6028830caff9ee44b42d32ed"},"headline":"Seguro defende investimento inteligente na Defesa, sem esquecer militares","datePublished":"2026-03-28T14:33:00+00:00","mainEntityOfPage":{"@id":"https:\/\/portaltela.pt\/noticias\/2026\/03\/28\/seguro-defende-investimento-inteligente-na-defesa-sem-esquecer-militares\/"},"wordCount":408,"image":{"@id":"https:\/\/portaltela.pt\/noticias\/2026\/03\/28\/seguro-defende-investimento-inteligente-na-defesa-sem-esquecer-militares\/#primaryimage"},"thumbnailUrl":"https:\/\/portaltela.pt\/s.01k8rhncp4jt1\/2026\/03\/image-1670.jpg","keywords":["CPLP","defesa","For\u00e7as Armadas","ind\u00fastria","investimento","Uni\u00e3o Europeia"],"articleSection":["Not\u00edcias","Seguran\u00e7a"],"inLanguage":"pt-PT"},{"@type":"WebPage","@id":"https:\/\/portaltela.pt\/noticias\/2026\/03\/28\/seguro-defende-investimento-inteligente-na-defesa-sem-esquecer-militares\/","url":"https:\/\/portaltela.pt\/noticias\/2026\/03\/28\/seguro-defende-investimento-inteligente-na-defesa-sem-esquecer-militares\/","name":"Seguro defende investimento inteligente na Defesa, sem esquecer militares - Portal Tela Portugal","isPartOf":{"@id":"https:\/\/portaltela.pt\/#website"},"primaryImageOfPage":{"@id":"https:\/\/portaltela.pt\/noticias\/2026\/03\/28\/seguro-defende-investimento-inteligente-na-defesa-sem-esquecer-militares\/#primaryimage"},"image":{"@id":"https:\/\/portaltela.pt\/noticias\/2026\/03\/28\/seguro-defende-investimento-inteligente-na-defesa-sem-esquecer-militares\/#primaryimage"},"thumbnailUrl":"https:\/\/portaltela.pt\/s.01k8rhncp4jt1\/2026\/03\/image-1670.jpg","datePublished":"2026-03-28T14:33:00+00:00","author":{"@id":"https:\/\/portaltela.pt\/#\/schema\/person\/c4278d4a6028830caff9ee44b42d32ed"},"breadcrumb":{"@id":"https:\/\/portaltela.pt\/noticias\/2026\/03\/28\/seguro-defende-investimento-inteligente-na-defesa-sem-esquecer-militares\/#breadcrumb"},"inLanguage":"pt-PT","potentialAction":[{"@type":"ReadAction","target":["https:\/\/portaltela.pt\/noticias\/2026\/03\/28\/seguro-defende-investimento-inteligente-na-defesa-sem-esquecer-militares\/"]}]},{"@type":"ImageObject","inLanguage":"pt-PT","@id":"https:\/\/portaltela.pt\/noticias\/2026\/03\/28\/seguro-defende-investimento-inteligente-na-defesa-sem-esquecer-militares\/#primaryimage","url":"https:\/\/portaltela.pt\/s.01k8rhncp4jt1\/2026\/03\/image-1670.jpg","contentUrl":"https:\/\/portaltela.pt\/s.01k8rhncp4jt1\/2026\/03\/image-1670.jpg","width":796,"height":448,"caption":"Seguro na cerim\u00f3nia de apresenta\u00e7\u00e3o \u00e0s For\u00e7as Armadas, em Santar\u00e9m"},{"@type":"BreadcrumbList","@id":"https:\/\/portaltela.pt\/noticias\/2026\/03\/28\/seguro-defende-investimento-inteligente-na-defesa-sem-esquecer-militares\/#breadcrumb","itemListElement":[{"@type":"ListItem","position":1,"name":"In\u00edcio","item":"https:\/\/portaltela.pt\/"},{"@type":"ListItem","position":2,"name":"Seguro defende investimento inteligente na Defesa, sem esquecer militares"}]},{"@type":"WebSite","@id":"https:\/\/portaltela.pt\/#website","url":"https:\/\/portaltela.pt\/","name":"Portal Tela Portugal","description":"","potentialAction":[{"@type":"SearchAction","target":{"@type":"EntryPoint","urlTemplate":"https:\/\/portaltela.pt\/?s={search_term_string}"},"query-input":{"@type":"PropertyValueSpecification","valueRequired":true,"valueName":"search_term_string"}}],"inLanguage":"pt-PT"},{"@type":"Person","@id":"https:\/\/portaltela.pt\/#\/schema\/person\/c4278d4a6028830caff9ee44b42d32ed","name":"Telinha","image":{"@type":"ImageObject","inLanguage":"pt-PT","@id":"https:\/\/portaltela.pt\/s.01k8rhncp4jt1\/2025\/11\/talking-bot-125x125.png","url":"https:\/\/portaltela.pt\/s.01k8rhncp4jt1\/2025\/11\/talking-bot-125x125.png","contentUrl":"https:\/\/portaltela.pt\/s.01k8rhncp4jt1\/2025\/11\/talking-bot-125x125.png","caption":"Telinha"},"sameAs":["https:\/\/portaltela.pt\/"],"url":"https:\/\/portaltela.pt\/por\/367410592786\/"}]}},"_links":{"self":[{"href":"https:\/\/portaltela.pt\/api\/wp\/v2\/posts\/424989","targetHints":{"allow":["GET"]}}],"collection":[{"href":"https:\/\/portaltela.pt\/api\/wp\/v2\/posts"}],"about":[{"href":"https:\/\/portaltela.pt\/api\/wp\/v2\/types\/post"}],"author":[{"embeddable":true,"href":"https:\/\/portaltela.pt\/api\/wp\/v2\/users\/2"}],"replies":[{"embeddable":true,"href":"https:\/\/portaltela.pt\/api\/wp\/v2\/comments?post=424989"}],"version-history":[{"count":0,"href":"https:\/\/portaltela.pt\/api\/wp\/v2\/posts\/424989\/revisions"}],"wp:featuredmedia":[{"embeddable":true,"href":"https:\/\/portaltela.pt\/api\/wp\/v2\/media\/424990"}],"wp:attachment":[{"href":"https:\/\/portaltela.pt\/api\/wp\/v2\/media?parent=424989"}],"wp:term":[{"taxonomy":"category","embeddable":true,"href":"https:\/\/portaltela.pt\/api\/wp\/v2\/categories?post=424989"},{"taxonomy":"post_tag","embeddable":true,"href":"https:\/\/portaltela.pt\/api\/wp\/v2\/tags?post=424989"}],"curies":[{"name":"wp","href":"https:\/\/api.w.org\/{rel}","templated":true}]}}