{"id":424983,"date":"2026-03-28T11:25:00","date_gmt":"2026-03-28T14:25:00","guid":{"rendered":"https:\/\/portaltela.pt\/noticias\/2026\/03\/28\/daniel-rodrigues-e-melo-gouveia-falham-o-corte-no-indian-open\/"},"modified":"2026-03-28T11:25:00","modified_gmt":"2026-03-28T14:25:00","slug":"daniel-rodrigues-e-melo-gouveia-falham-o-corte-no-indian-open","status":"publish","type":"post","link":"https:\/\/portaltela.pt\/desporto\/futebol\/2026\/03\/28\/daniel-rodrigues-e-melo-gouveia-falham-o-corte-no-indian-open\/","title":{"rendered":"Daniel Rodrigues e Melo Gouveia falham o corte no Indian Open"},"content":{"rendered":"<p>Daniel Rodrigues e Ricardo Melo Gouveia falharam o cut no Indian Open, prova do DP World Tour. A segunda volta, que ainda faltava concluir, s\u00f3 foi finalizada hoje em Nova D\u00e9lhi.<\/p>\n<p>Os dois golfistas portugueses n\u00e3o conseguiram passar ao fim da segunda ronda. O desfecho ocorre ap\u00f3s a paralisa\u00e7\u00e3o tempor\u00e1ria do torneio, com a conclus\u00e3o da volta a definir o corte.<\/p>\n<p>O Indian Open decorre em Nova D\u00e9lhi, na \u00cdndia, como etapa do calend\u00e1rio do DP World Tour. A falha no corte representa um rev\u00e9s para os atletas nacionais, que n\u00e3o conseguiram manter a qualifica\u00e7\u00e3o para as fases finais.<\/p>\n","protected":false},"excerpt":{"rendered":"<ul>\n<li>Daniel Rodrigues e Ricardo Melo Gouveia falharam o cut do Indian Open.<\/li>\n<li>A segunda ronda do torneio do DP World Tour s\u00f3 foi conclu\u00edda hoje, em Nova Deli.<\/li>\n<li>O Indian Open decorre em Nova Deli, na \u00cdndia.<\/li>\n<li>Os golfistas portugueses n\u00e3o atingiram o corte necess\u00e1rio para continuar no torneio.<\/li>\n<li>O estado atual do evento est\u00e1 marcado pela conclus\u00e3o tardia da segunda volta em rela\u00e7\u00e3o ao planeado.<\/li>\n<\/ul>\n","protected":false},"author":2,"featured_media":424984,"comment_status":"closed","ping_status":"closed","sticky":false,"template":"","format":"standard","meta":{"footnotes":""},"categories":[21,24],"tags":[6342,152,2681,5470,81,1014],"class_list":["post-424983","post","type-post","status-publish","format-standard","has-post-thumbnail","hentry","category-desporto","category-futebol","tag-campeonatos-internacionais","tag-desporto","tag-desporto-internacional","tag-india","tag-internacionais","tag-portugal"],"yoast_head":"<!-- This site is optimized with the Yoast SEO plugin v27.2 - https:\/\/yoast.com\/product\/yoast-seo-wordpress\/ -->\n<title>Daniel Rodrigues e Melo Gouveia falham o corte no Indian Open - Portal Tela Portugal<\/title>\n<meta name=\"robots\" content=\"index, follow, max-snippet:-1, max-image-preview:large, max-video-preview:-1\" \/>\n<meta property=\"og:locale\" content=\"pt_PT\" \/>\n<meta property=\"og:type\" content=\"article\" \/>\n<meta property=\"og:title\" content=\"Daniel Rodrigues e Melo Gouveia falham o corte no Indian Open - Portal Tela Portugal\" \/>\n<meta property=\"og:description\" content=\"Daniel Rodrigues e Ricardo Melo Gouveia falharam o cut do Indian Open. A segunda ronda do torneio do DP World Tour s\u00f3 foi conclu\u00edda hoje, em Nova Deli. O Indian Open decorre em Nova Deli, na \u00cdndia. Os golfistas portugueses n\u00e3o atingiram o corte necess\u00e1rio para continuar no torneio. O estado atual do evento est\u00e1 marcado pela conclus\u00e3o tardia da segunda volta em rela\u00e7\u00e3o ao planeado.\" \/>\n<meta property=\"og:url\" content=\"https:\/\/portaltela.pt\/noticias\/2026\/03\/28\/daniel-rodrigues-e-melo-gouveia-falham-o-corte-no-indian-open\/\" \/>\n<meta property=\"og:site_name\" content=\"Portal Tela Portugal\" \/>\n<meta property=\"article:published_time\" content=\"2026-03-28T14:25:00+00:00\" \/>\n<meta name=\"author\" content=\"Telinha\" \/>\n<meta name=\"twitter:card\" content=\"summary_large_image\" \/>\n<meta name=\"twitter:label1\" content=\"Escrito por\" \/>\n\t<meta name=\"twitter:data1\" content=\"Telinha\" \/>\n\t<meta name=\"twitter:label2\" content=\"Tempo estimado de leitura\" \/>\n\t<meta name=\"twitter:data2\" content=\"1 minuto\" \/>\n<script type=\"application\/ld+json\" class=\"yoast-schema-graph\">{\"@context\":\"https:\/\/schema.org\",\"@graph\":[{\"@type\":\"Article\",\"@id\":\"https:\/\/portaltela.pt\/noticias\/2026\/03\/28\/daniel-rodrigues-e-melo-gouveia-falham-o-corte-no-indian-open\/#article\",\"isPartOf\":{\"@id\":\"https:\/\/portaltela.pt\/noticias\/2026\/03\/28\/daniel-rodrigues-e-melo-gouveia-falham-o-corte-no-indian-open\/\"},\"author\":{\"name\":\"Telinha\",\"@id\":\"https:\/\/portaltela.pt\/#\/schema\/person\/c4278d4a6028830caff9ee44b42d32ed\"},\"headline\":\"Daniel Rodrigues e Melo Gouveia falham o corte no Indian Open\",\"datePublished\":\"2026-03-28T14:25:00+00:00\",\"mainEntityOfPage\":{\"@id\":\"https:\/\/portaltela.pt\/noticias\/2026\/03\/28\/daniel-rodrigues-e-melo-gouveia-falham-o-corte-no-indian-open\/\"},\"wordCount\":121,\"image\":{\"@id\":\"https:\/\/portaltela.pt\/noticias\/2026\/03\/28\/daniel-rodrigues-e-melo-gouveia-falham-o-corte-no-indian-open\/#primaryimage\"},\"thumbnailUrl\":\"https:\/\/portaltela.pt\/s.01k8rhncp4jt1\/2026\/03\/CACHE_780X1200_ANALOG_WATERMARKED_46157589_9921293267941.jpg\",\"keywords\":[\"campeonatos internacionais\",\"desporto\",\"desporto internacional\",\"\u00cdndia\",\"internacionais\",\"Portugal\"],\"articleSection\":[\"Desporto\",\"Futebol\"],\"inLanguage\":\"pt-PT\"},{\"@type\":\"WebPage\",\"@id\":\"https:\/\/portaltela.pt\/noticias\/2026\/03\/28\/daniel-rodrigues-e-melo-gouveia-falham-o-corte-no-indian-open\/\",\"url\":\"https:\/\/portaltela.pt\/noticias\/2026\/03\/28\/daniel-rodrigues-e-melo-gouveia-falham-o-corte-no-indian-open\/\",\"name\":\"Daniel Rodrigues e Melo Gouveia falham o corte no Indian Open - Portal Tela Portugal\",\"isPartOf\":{\"@id\":\"https:\/\/portaltela.pt\/#website\"},\"primaryImageOfPage\":{\"@id\":\"https:\/\/portaltela.pt\/noticias\/2026\/03\/28\/daniel-rodrigues-e-melo-gouveia-falham-o-corte-no-indian-open\/#primaryimage\"},\"image\":{\"@id\":\"https:\/\/portaltela.pt\/noticias\/2026\/03\/28\/daniel-rodrigues-e-melo-gouveia-falham-o-corte-no-indian-open\/#primaryimage\"},\"thumbnailUrl\":\"https:\/\/portaltela.pt\/s.01k8rhncp4jt1\/2026\/03\/CACHE_780X1200_ANALOG_WATERMARKED_46157589_9921293267941.jpg\",\"datePublished\":\"2026-03-28T14:25:00+00:00\",\"author\":{\"@id\":\"https:\/\/portaltela.pt\/#\/schema\/person\/c4278d4a6028830caff9ee44b42d32ed\"},\"breadcrumb\":{\"@id\":\"https:\/\/portaltela.pt\/noticias\/2026\/03\/28\/daniel-rodrigues-e-melo-gouveia-falham-o-corte-no-indian-open\/#breadcrumb\"},\"inLanguage\":\"pt-PT\",\"potentialAction\":[{\"@type\":\"ReadAction\",\"target\":[\"https:\/\/portaltela.pt\/noticias\/2026\/03\/28\/daniel-rodrigues-e-melo-gouveia-falham-o-corte-no-indian-open\/\"]}]},{\"@type\":\"ImageObject\",\"inLanguage\":\"pt-PT\",\"@id\":\"https:\/\/portaltela.pt\/noticias\/2026\/03\/28\/daniel-rodrigues-e-melo-gouveia-falham-o-corte-no-indian-open\/#primaryimage\",\"url\":\"https:\/\/portaltela.pt\/s.01k8rhncp4jt1\/2026\/03\/CACHE_780X1200_ANALOG_WATERMARKED_46157589_9921293267941.jpg\",\"contentUrl\":\"https:\/\/portaltela.pt\/s.01k8rhncp4jt1\/2026\/03\/CACHE_780X1200_ANALOG_WATERMARKED_46157589_9921293267941.jpg\",\"width\":768,\"height\":512,\"caption\":\"Daniel Rodrigues e Melo Gouveia falham \u2018cut\u2019 do Indian Open\"},{\"@type\":\"BreadcrumbList\",\"@id\":\"https:\/\/portaltela.pt\/noticias\/2026\/03\/28\/daniel-rodrigues-e-melo-gouveia-falham-o-corte-no-indian-open\/#breadcrumb\",\"itemListElement\":[{\"@type\":\"ListItem\",\"position\":1,\"name\":\"In\u00edcio\",\"item\":\"https:\/\/portaltela.pt\/\"},{\"@type\":\"ListItem\",\"position\":2,\"name\":\"Daniel Rodrigues e Melo Gouveia falham o corte no Indian Open\"}]},{\"@type\":\"WebSite\",\"@id\":\"https:\/\/portaltela.pt\/#website\",\"url\":\"https:\/\/portaltela.pt\/\",\"name\":\"Portal Tela Portugal\",\"description\":\"\",\"potentialAction\":[{\"@type\":\"SearchAction\",\"target\":{\"@type\":\"EntryPoint\",\"urlTemplate\":\"https:\/\/portaltela.pt\/?s={search_term_string}\"},\"query-input\":{\"@type\":\"PropertyValueSpecification\",\"valueRequired\":true,\"valueName\":\"search_term_string\"}}],\"inLanguage\":\"pt-PT\"},{\"@type\":\"Person\",\"@id\":\"https:\/\/portaltela.pt\/#\/schema\/person\/c4278d4a6028830caff9ee44b42d32ed\",\"name\":\"Telinha\",\"image\":{\"@type\":\"ImageObject\",\"inLanguage\":\"pt-PT\",\"@id\":\"https:\/\/portaltela.pt\/s.01k8rhncp4jt1\/2025\/11\/talking-bot-125x125.png\",\"url\":\"https:\/\/portaltela.pt\/s.01k8rhncp4jt1\/2025\/11\/talking-bot-125x125.png\",\"contentUrl\":\"https:\/\/portaltela.pt\/s.01k8rhncp4jt1\/2025\/11\/talking-bot-125x125.png\",\"caption\":\"Telinha\"},\"sameAs\":[\"https:\/\/portaltela.pt\/\"],\"url\":\"https:\/\/portaltela.pt\/por\/367410592786\/\"}]}<\/script>\n<!-- \/ Yoast SEO plugin. -->","yoast_head_json":{"title":"Daniel Rodrigues e Melo Gouveia falham o corte no Indian Open - Portal Tela Portugal","robots":{"index":"index","follow":"follow","max-snippet":"max-snippet:-1","max-image-preview":"max-image-preview:large","max-video-preview":"max-video-preview:-1"},"og_locale":"pt_PT","og_type":"article","og_title":"Daniel Rodrigues e Melo Gouveia falham o corte no Indian Open - Portal Tela Portugal","og_description":"Daniel Rodrigues e Ricardo Melo Gouveia falharam o cut do Indian Open. A segunda ronda do torneio do DP World Tour s\u00f3 foi conclu\u00edda hoje, em Nova Deli. O Indian Open decorre em Nova Deli, na \u00cdndia. Os golfistas portugueses n\u00e3o atingiram o corte necess\u00e1rio para continuar no torneio. O estado atual do evento est\u00e1 marcado pela conclus\u00e3o tardia da segunda volta em rela\u00e7\u00e3o ao planeado.","og_url":"https:\/\/portaltela.pt\/noticias\/2026\/03\/28\/daniel-rodrigues-e-melo-gouveia-falham-o-corte-no-indian-open\/","og_site_name":"Portal Tela Portugal","article_published_time":"2026-03-28T14:25:00+00:00","author":"Telinha","twitter_card":"summary_large_image","twitter_misc":{"Escrito por":"Telinha","Tempo estimado de leitura":"1 minuto"},"schema":{"@context":"https:\/\/schema.org","@graph":[{"@type":"Article","@id":"https:\/\/portaltela.pt\/noticias\/2026\/03\/28\/daniel-rodrigues-e-melo-gouveia-falham-o-corte-no-indian-open\/#article","isPartOf":{"@id":"https:\/\/portaltela.pt\/noticias\/2026\/03\/28\/daniel-rodrigues-e-melo-gouveia-falham-o-corte-no-indian-open\/"},"author":{"name":"Telinha","@id":"https:\/\/portaltela.pt\/#\/schema\/person\/c4278d4a6028830caff9ee44b42d32ed"},"headline":"Daniel Rodrigues e Melo Gouveia falham o corte no Indian Open","datePublished":"2026-03-28T14:25:00+00:00","mainEntityOfPage":{"@id":"https:\/\/portaltela.pt\/noticias\/2026\/03\/28\/daniel-rodrigues-e-melo-gouveia-falham-o-corte-no-indian-open\/"},"wordCount":121,"image":{"@id":"https:\/\/portaltela.pt\/noticias\/2026\/03\/28\/daniel-rodrigues-e-melo-gouveia-falham-o-corte-no-indian-open\/#primaryimage"},"thumbnailUrl":"https:\/\/portaltela.pt\/s.01k8rhncp4jt1\/2026\/03\/CACHE_780X1200_ANALOG_WATERMARKED_46157589_9921293267941.jpg","keywords":["campeonatos internacionais","desporto","desporto internacional","\u00cdndia","internacionais","Portugal"],"articleSection":["Desporto","Futebol"],"inLanguage":"pt-PT"},{"@type":"WebPage","@id":"https:\/\/portaltela.pt\/noticias\/2026\/03\/28\/daniel-rodrigues-e-melo-gouveia-falham-o-corte-no-indian-open\/","url":"https:\/\/portaltela.pt\/noticias\/2026\/03\/28\/daniel-rodrigues-e-melo-gouveia-falham-o-corte-no-indian-open\/","name":"Daniel Rodrigues e Melo Gouveia falham o corte no Indian Open - Portal Tela Portugal","isPartOf":{"@id":"https:\/\/portaltela.pt\/#website"},"primaryImageOfPage":{"@id":"https:\/\/portaltela.pt\/noticias\/2026\/03\/28\/daniel-rodrigues-e-melo-gouveia-falham-o-corte-no-indian-open\/#primaryimage"},"image":{"@id":"https:\/\/portaltela.pt\/noticias\/2026\/03\/28\/daniel-rodrigues-e-melo-gouveia-falham-o-corte-no-indian-open\/#primaryimage"},"thumbnailUrl":"https:\/\/portaltela.pt\/s.01k8rhncp4jt1\/2026\/03\/CACHE_780X1200_ANALOG_WATERMARKED_46157589_9921293267941.jpg","datePublished":"2026-03-28T14:25:00+00:00","author":{"@id":"https:\/\/portaltela.pt\/#\/schema\/person\/c4278d4a6028830caff9ee44b42d32ed"},"breadcrumb":{"@id":"https:\/\/portaltela.pt\/noticias\/2026\/03\/28\/daniel-rodrigues-e-melo-gouveia-falham-o-corte-no-indian-open\/#breadcrumb"},"inLanguage":"pt-PT","potentialAction":[{"@type":"ReadAction","target":["https:\/\/portaltela.pt\/noticias\/2026\/03\/28\/daniel-rodrigues-e-melo-gouveia-falham-o-corte-no-indian-open\/"]}]},{"@type":"ImageObject","inLanguage":"pt-PT","@id":"https:\/\/portaltela.pt\/noticias\/2026\/03\/28\/daniel-rodrigues-e-melo-gouveia-falham-o-corte-no-indian-open\/#primaryimage","url":"https:\/\/portaltela.pt\/s.01k8rhncp4jt1\/2026\/03\/CACHE_780X1200_ANALOG_WATERMARKED_46157589_9921293267941.jpg","contentUrl":"https:\/\/portaltela.pt\/s.01k8rhncp4jt1\/2026\/03\/CACHE_780X1200_ANALOG_WATERMARKED_46157589_9921293267941.jpg","width":768,"height":512,"caption":"Daniel Rodrigues e Melo Gouveia falham \u2018cut\u2019 do Indian Open"},{"@type":"BreadcrumbList","@id":"https:\/\/portaltela.pt\/noticias\/2026\/03\/28\/daniel-rodrigues-e-melo-gouveia-falham-o-corte-no-indian-open\/#breadcrumb","itemListElement":[{"@type":"ListItem","position":1,"name":"In\u00edcio","item":"https:\/\/portaltela.pt\/"},{"@type":"ListItem","position":2,"name":"Daniel Rodrigues e Melo Gouveia falham o corte no Indian Open"}]},{"@type":"WebSite","@id":"https:\/\/portaltela.pt\/#website","url":"https:\/\/portaltela.pt\/","name":"Portal Tela Portugal","description":"","potentialAction":[{"@type":"SearchAction","target":{"@type":"EntryPoint","urlTemplate":"https:\/\/portaltela.pt\/?s={search_term_string}"},"query-input":{"@type":"PropertyValueSpecification","valueRequired":true,"valueName":"search_term_string"}}],"inLanguage":"pt-PT"},{"@type":"Person","@id":"https:\/\/portaltela.pt\/#\/schema\/person\/c4278d4a6028830caff9ee44b42d32ed","name":"Telinha","image":{"@type":"ImageObject","inLanguage":"pt-PT","@id":"https:\/\/portaltela.pt\/s.01k8rhncp4jt1\/2025\/11\/talking-bot-125x125.png","url":"https:\/\/portaltela.pt\/s.01k8rhncp4jt1\/2025\/11\/talking-bot-125x125.png","contentUrl":"https:\/\/portaltela.pt\/s.01k8rhncp4jt1\/2025\/11\/talking-bot-125x125.png","caption":"Telinha"},"sameAs":["https:\/\/portaltela.pt\/"],"url":"https:\/\/portaltela.pt\/por\/367410592786\/"}]}},"_links":{"self":[{"href":"https:\/\/portaltela.pt\/api\/wp\/v2\/posts\/424983","targetHints":{"allow":["GET"]}}],"collection":[{"href":"https:\/\/portaltela.pt\/api\/wp\/v2\/posts"}],"about":[{"href":"https:\/\/portaltela.pt\/api\/wp\/v2\/types\/post"}],"author":[{"embeddable":true,"href":"https:\/\/portaltela.pt\/api\/wp\/v2\/users\/2"}],"replies":[{"embeddable":true,"href":"https:\/\/portaltela.pt\/api\/wp\/v2\/comments?post=424983"}],"version-history":[{"count":0,"href":"https:\/\/portaltela.pt\/api\/wp\/v2\/posts\/424983\/revisions"}],"wp:featuredmedia":[{"embeddable":true,"href":"https:\/\/portaltela.pt\/api\/wp\/v2\/media\/424984"}],"wp:attachment":[{"href":"https:\/\/portaltela.pt\/api\/wp\/v2\/media?parent=424983"}],"wp:term":[{"taxonomy":"category","embeddable":true,"href":"https:\/\/portaltela.pt\/api\/wp\/v2\/categories?post=424983"},{"taxonomy":"post_tag","embeddable":true,"href":"https:\/\/portaltela.pt\/api\/wp\/v2\/tags?post=424983"}],"curies":[{"name":"wp","href":"https:\/\/api.w.org\/{rel}","templated":true}]}}