{"id":424977,"date":"2026-03-28T11:13:00","date_gmt":"2026-03-28T14:13:00","guid":{"rendered":"https:\/\/portaltela.pt\/noticias\/2026\/03\/28\/trump-preve-conflito-em-cuba-apos-guerra-no-irao\/"},"modified":"2026-03-28T11:13:00","modified_gmt":"2026-03-28T14:13:00","slug":"trump-preve-conflito-em-cuba-apos-guerra-no-irao","status":"publish","type":"post","link":"https:\/\/portaltela.pt\/noticias\/internacional\/2026\/03\/28\/trump-preve-conflito-em-cuba-apos-guerra-no-irao\/","title":{"rendered":"Trump prev\u00ea conflito em Cuba ap\u00f3s guerra no Ir\u00e3o"},"content":{"rendered":"<p>Os Estados Unidos preparam-se para usar o seu ex\u00e9rcito para pressionar o Governo cubano, alegando que a reformas econ\u00f3micas dependem de mudan\u00e7as pol\u00edticas. Trump afirmou que Cuba \u00e9 o pr\u00f3ximo objetivo de uma for\u00e7a militar que diz ter constru\u00eddo.<\/p>\n<p>O presidente norte-americano n\u00e3o detalhou se a interven\u00e7\u00e3o seria militar terrestre ou a\u00e9rea, limitando-se a dizer que o Ex\u00e9rcito pode ser usado quando necess\u00e1rio. A declara\u00e7\u00e3o ocorreu numa sequ\u00eancia de declara\u00e7\u00f5es aos jornalistas.<\/p>\n<p>O secret\u00e1rio de Estado, Marco Rubio, desvalorizou a ideia de negocia\u00e7\u00e3o com Cuba sem mudan\u00e7as pol\u00edticas. Ao chegar a Fran\u00e7a, ap\u00f3s encontros do G7, afirmou que Cuba precisa de um sistema de governo diferente para atrair investimento.<\/p>\n<h3>Contexto<\/h3>\n<p>Rubio sublinhou que a crise energ\u00e9tica de Cuba n\u00e3o resulta de um bloqueio naval, contrariamente ao que \u00e9 afirmado por Cuba. Segundo ele, o pa\u00eds falha na gest\u00e3o de infraestruturas e depende de combust\u00edvel, que n\u00e3o chega sem reformas.<\/p>\n<p>O chefe da diplomacia norte-americana citou que Cuba enfrenta cortes de energia devido a equipamentos antigos sem manuten\u00e7\u00e3o, e n\u00e3o a a\u00e7\u00f5es de Washington. Acrescentou que o modelo econ\u00f3mico cubano \u00e9 disfuncional.<\/p>\n<p>Em paralelo, Washington mant\u00e9m press\u00f5es para reduzir a capacidade cubana de obter petr\u00f3leo, com o objetivo de aprofundar dificuldades econ\u00f3micas no territ\u00f3rio. O governo cubano acusa o embargo de impedir o desenvolvimento.<\/p>\n<p>Especialistas lembram que o embargo, desde 1962, \u00e9 alvo de cr\u00edticas em f\u00f3runs internacionais, com pedidos de al\u00edvio constante. O debate envolve ainda a avalia\u00e7\u00e3o de impactos internos na economia cubana.<\/p>\n<p>Um estudo de Pavel Vidal, de 2023, sugere que san\u00e7\u00f5es agravam dificuldades, mas que fatores internos tamb\u00e9m limitam a competitividade cubana. O trabalho destaca obst\u00e1culos \u00e0 integra\u00e7\u00e3o econ\u00f3mica externa de Cuba.<\/p>\n<p>Hospitais cubanos enfrentam problemas de fornecimento e energia devido \u00e0 crise energ\u00e9tica, agravando a situa\u00e7\u00e3o social. A gest\u00e3o econ\u00f3mica do regime \u00e9 apontada por analistas como factor determinante para o desgaste p\u00fablico.<\/p>\n<p>A ret\u00f3rica de Trump sobre Cuba contrasta com declara\u00e7\u00f5es anteriores de manter o foco em mudan\u00e7as pol\u00edticas, sem detalhar planos militares. As palavras do presidente geram cautela entre aliados e oponentes.<\/p>\n<p>Em Havana, autoridades cubanas reiteram que o embargo \u00e9 o principal obst\u00e1culo ao desenvolvimento econ\u00f3mico, defendendo que reformas s\u00e3o necess\u00e1rias para estabilizar o pa\u00eds. O tema mant\u00e9m-se sob escrut\u00ednio internacional.<\/p>\n","protected":false},"excerpt":{"rendered":"<ul>\n<li>O presidente dos Estados Unidos afirmou que, ap\u00f3s a guerra do Ir\u00e3o, Cuba ser\u00e1 o pr\u00f3ximo alvo do \u201cgrande ex\u00e9rcito\u201d que diz ter constru\u00eddo, sem indicar se haver\u00e1 invas\u00e3o ou bombardeamento.<\/li>\n<li>O secret\u00e1rio de Estado, Marco Rubio, disse que Cuba precisa de mudar a sua economia e que isso n\u00e3o ocorre sem uma transforma\u00e7\u00e3o do sistema de governo.<\/li>\n<li>Washington tem procurado debilitar a economia cubana atrav\u00e9s de um bloqueio ao tr\u00e1fego mar\u00edtimo que dificulta o abastecimento de petr\u00f3leo ao pa\u00eds.<\/li>\n<li>Rubio sustenta que a crise energ\u00e9tica em Cuba n\u00e3o resulta de um bloqueio naval norte-americano, alegando que \u201cn\u00e3o h\u00e1 bloqueio naval em torno de Cuba\u201d e que o pa\u00eds enfrenta apag\u00f5es por falta de combust\u00edvel.<\/li>\n<li>Analistas citados na not\u00edcia apontam que, al\u00e9m do embargo, h\u00e1 obst\u00e1culos internos na economia cubana que limitam a competitividade e a integra\u00e7\u00e3o no mercado global.<\/li>\n<\/ul>\n","protected":false},"author":2,"featured_media":424979,"comment_status":"closed","ping_status":"closed","sticky":false,"template":"","format":"standard","meta":{"footnotes":""},"categories":[6814,4],"tags":[6636,4894,1600,62,5698,1840],"class_list":["post-424977","post","type-post","status-publish","format-standard","has-post-thumbnail","hentry","category-geopolitica","category-internacional","tag-cuba","tag-embargo-economico","tag-estados-unidos","tag-guerra","tag-politica-internacional","tag-sancoes-internacionais"],"yoast_head":"<!-- This site is optimized with the Yoast SEO plugin v27.2 - https:\/\/yoast.com\/product\/yoast-seo-wordpress\/ -->\n<title>Trump prev\u00ea conflito em Cuba ap\u00f3s guerra no Ir\u00e3o - Portal Tela Portugal<\/title>\n<meta name=\"robots\" content=\"index, follow, max-snippet:-1, max-image-preview:large, max-video-preview:-1\" \/>\n<meta property=\"og:locale\" content=\"pt_PT\" \/>\n<meta property=\"og:type\" content=\"article\" \/>\n<meta property=\"og:title\" content=\"Trump prev\u00ea conflito em Cuba ap\u00f3s guerra no Ir\u00e3o - Portal Tela Portugal\" \/>\n<meta property=\"og:description\" content=\"O presidente dos Estados Unidos afirmou que, ap\u00f3s a guerra do Ir\u00e3o, Cuba ser\u00e1 o pr\u00f3ximo alvo do \u201cgrande ex\u00e9rcito\u201d que diz ter constru\u00eddo, sem indicar se haver\u00e1 invas\u00e3o ou bombardeamento. O secret\u00e1rio de Estado, Marco Rubio, disse que Cuba precisa de mudar a sua economia e que isso n\u00e3o ocorre sem uma transforma\u00e7\u00e3o do sistema de governo. Washington tem procurado debilitar a economia cubana atrav\u00e9s de um bloqueio ao tr\u00e1fego mar\u00edtimo que dificulta o abastecimento de petr\u00f3leo ao pa\u00eds. Rubio sustenta que a crise energ\u00e9tica em Cuba n\u00e3o resulta de um bloqueio naval norte-americano, alegando que \u201cn\u00e3o h\u00e1 bloqueio naval em torno de Cuba\u201d e que o pa\u00eds enfrenta apag\u00f5es por falta de combust\u00edvel. Analistas citados na not\u00edcia apontam que, al\u00e9m do embargo, h\u00e1 obst\u00e1culos internos na economia cubana que limitam a competitividade e a integra\u00e7\u00e3o no mercado global.\" \/>\n<meta property=\"og:url\" content=\"https:\/\/portaltela.pt\/noticias\/2026\/03\/28\/trump-preve-conflito-em-cuba-apos-guerra-no-irao\/\" \/>\n<meta property=\"og:site_name\" content=\"Portal Tela Portugal\" \/>\n<meta property=\"article:published_time\" content=\"2026-03-28T14:13:00+00:00\" \/>\n<meta name=\"author\" content=\"Telinha\" \/>\n<meta name=\"twitter:card\" content=\"summary_large_image\" \/>\n<meta name=\"twitter:label1\" content=\"Escrito por\" \/>\n\t<meta name=\"twitter:data1\" content=\"Telinha\" \/>\n\t<meta name=\"twitter:label2\" content=\"Tempo estimado de leitura\" \/>\n\t<meta name=\"twitter:data2\" content=\"2 minutos\" \/>\n<script type=\"application\/ld+json\" class=\"yoast-schema-graph\">{\"@context\":\"https:\/\/schema.org\",\"@graph\":[{\"@type\":\"Article\",\"@id\":\"https:\/\/portaltela.pt\/noticias\/2026\/03\/28\/trump-preve-conflito-em-cuba-apos-guerra-no-irao\/#article\",\"isPartOf\":{\"@id\":\"https:\/\/portaltela.pt\/noticias\/2026\/03\/28\/trump-preve-conflito-em-cuba-apos-guerra-no-irao\/\"},\"author\":{\"name\":\"Telinha\",\"@id\":\"https:\/\/portaltela.pt\/#\/schema\/person\/c4278d4a6028830caff9ee44b42d32ed\"},\"headline\":\"Trump prev\u00ea conflito em Cuba ap\u00f3s guerra no Ir\u00e3o\",\"datePublished\":\"2026-03-28T14:13:00+00:00\",\"mainEntityOfPage\":{\"@id\":\"https:\/\/portaltela.pt\/noticias\/2026\/03\/28\/trump-preve-conflito-em-cuba-apos-guerra-no-irao\/\"},\"wordCount\":430,\"image\":{\"@id\":\"https:\/\/portaltela.pt\/noticias\/2026\/03\/28\/trump-preve-conflito-em-cuba-apos-guerra-no-irao\/#primaryimage\"},\"thumbnailUrl\":\"https:\/\/portaltela.pt\/s.01k8rhncp4jt1\/2026\/03\/2077637.jpg\",\"keywords\":[\"Cuba\",\"embargo econ\u00f4mico\",\"Estados Unidos\",\"guerra\",\"pol\u00edtica internacional\",\"san\u00e7\u00f5es internacionais\"],\"articleSection\":[\"Geopol\u00edtica\",\"Internacional\"],\"inLanguage\":\"pt-PT\"},{\"@type\":\"WebPage\",\"@id\":\"https:\/\/portaltela.pt\/noticias\/2026\/03\/28\/trump-preve-conflito-em-cuba-apos-guerra-no-irao\/\",\"url\":\"https:\/\/portaltela.pt\/noticias\/2026\/03\/28\/trump-preve-conflito-em-cuba-apos-guerra-no-irao\/\",\"name\":\"Trump prev\u00ea conflito em Cuba ap\u00f3s guerra no Ir\u00e3o - Portal Tela Portugal\",\"isPartOf\":{\"@id\":\"https:\/\/portaltela.pt\/#website\"},\"primaryImageOfPage\":{\"@id\":\"https:\/\/portaltela.pt\/noticias\/2026\/03\/28\/trump-preve-conflito-em-cuba-apos-guerra-no-irao\/#primaryimage\"},\"image\":{\"@id\":\"https:\/\/portaltela.pt\/noticias\/2026\/03\/28\/trump-preve-conflito-em-cuba-apos-guerra-no-irao\/#primaryimage\"},\"thumbnailUrl\":\"https:\/\/portaltela.pt\/s.01k8rhncp4jt1\/2026\/03\/2077637.jpg\",\"datePublished\":\"2026-03-28T14:13:00+00:00\",\"author\":{\"@id\":\"https:\/\/portaltela.pt\/#\/schema\/person\/c4278d4a6028830caff9ee44b42d32ed\"},\"breadcrumb\":{\"@id\":\"https:\/\/portaltela.pt\/noticias\/2026\/03\/28\/trump-preve-conflito-em-cuba-apos-guerra-no-irao\/#breadcrumb\"},\"inLanguage\":\"pt-PT\",\"potentialAction\":[{\"@type\":\"ReadAction\",\"target\":[\"https:\/\/portaltela.pt\/noticias\/2026\/03\/28\/trump-preve-conflito-em-cuba-apos-guerra-no-irao\/\"]}]},{\"@type\":\"ImageObject\",\"inLanguage\":\"pt-PT\",\"@id\":\"https:\/\/portaltela.pt\/noticias\/2026\/03\/28\/trump-preve-conflito-em-cuba-apos-guerra-no-irao\/#primaryimage\",\"url\":\"https:\/\/portaltela.pt\/s.01k8rhncp4jt1\/2026\/03\/2077637.jpg\",\"contentUrl\":\"https:\/\/portaltela.pt\/s.01k8rhncp4jt1\/2026\/03\/2077637.jpg\",\"width\":796,\"height\":448,\"caption\":\"Lixo acumulado em Havana. Sem combust\u00edvel, os servi\u00e7os de limpeza n\u00e3o t\u00eam como recolher o lixo nas ruas\"},{\"@type\":\"BreadcrumbList\",\"@id\":\"https:\/\/portaltela.pt\/noticias\/2026\/03\/28\/trump-preve-conflito-em-cuba-apos-guerra-no-irao\/#breadcrumb\",\"itemListElement\":[{\"@type\":\"ListItem\",\"position\":1,\"name\":\"In\u00edcio\",\"item\":\"https:\/\/portaltela.pt\/\"},{\"@type\":\"ListItem\",\"position\":2,\"name\":\"Trump prev\u00ea conflito em Cuba ap\u00f3s guerra no Ir\u00e3o\"}]},{\"@type\":\"WebSite\",\"@id\":\"https:\/\/portaltela.pt\/#website\",\"url\":\"https:\/\/portaltela.pt\/\",\"name\":\"Portal Tela Portugal\",\"description\":\"\",\"potentialAction\":[{\"@type\":\"SearchAction\",\"target\":{\"@type\":\"EntryPoint\",\"urlTemplate\":\"https:\/\/portaltela.pt\/?s={search_term_string}\"},\"query-input\":{\"@type\":\"PropertyValueSpecification\",\"valueRequired\":true,\"valueName\":\"search_term_string\"}}],\"inLanguage\":\"pt-PT\"},{\"@type\":\"Person\",\"@id\":\"https:\/\/portaltela.pt\/#\/schema\/person\/c4278d4a6028830caff9ee44b42d32ed\",\"name\":\"Telinha\",\"image\":{\"@type\":\"ImageObject\",\"inLanguage\":\"pt-PT\",\"@id\":\"https:\/\/portaltela.pt\/s.01k8rhncp4jt1\/2025\/11\/talking-bot-125x125.png\",\"url\":\"https:\/\/portaltela.pt\/s.01k8rhncp4jt1\/2025\/11\/talking-bot-125x125.png\",\"contentUrl\":\"https:\/\/portaltela.pt\/s.01k8rhncp4jt1\/2025\/11\/talking-bot-125x125.png\",\"caption\":\"Telinha\"},\"sameAs\":[\"https:\/\/portaltela.pt\/\"],\"url\":\"https:\/\/portaltela.pt\/por\/367410592786\/\"}]}<\/script>\n<!-- \/ Yoast SEO plugin. -->","yoast_head_json":{"title":"Trump prev\u00ea conflito em Cuba ap\u00f3s guerra no Ir\u00e3o - Portal Tela Portugal","robots":{"index":"index","follow":"follow","max-snippet":"max-snippet:-1","max-image-preview":"max-image-preview:large","max-video-preview":"max-video-preview:-1"},"og_locale":"pt_PT","og_type":"article","og_title":"Trump prev\u00ea conflito em Cuba ap\u00f3s guerra no Ir\u00e3o - Portal Tela Portugal","og_description":"O presidente dos Estados Unidos afirmou que, ap\u00f3s a guerra do Ir\u00e3o, Cuba ser\u00e1 o pr\u00f3ximo alvo do \u201cgrande ex\u00e9rcito\u201d que diz ter constru\u00eddo, sem indicar se haver\u00e1 invas\u00e3o ou bombardeamento. O secret\u00e1rio de Estado, Marco Rubio, disse que Cuba precisa de mudar a sua economia e que isso n\u00e3o ocorre sem uma transforma\u00e7\u00e3o do sistema de governo. Washington tem procurado debilitar a economia cubana atrav\u00e9s de um bloqueio ao tr\u00e1fego mar\u00edtimo que dificulta o abastecimento de petr\u00f3leo ao pa\u00eds. Rubio sustenta que a crise energ\u00e9tica em Cuba n\u00e3o resulta de um bloqueio naval norte-americano, alegando que \u201cn\u00e3o h\u00e1 bloqueio naval em torno de Cuba\u201d e que o pa\u00eds enfrenta apag\u00f5es por falta de combust\u00edvel. Analistas citados na not\u00edcia apontam que, al\u00e9m do embargo, h\u00e1 obst\u00e1culos internos na economia cubana que limitam a competitividade e a integra\u00e7\u00e3o no mercado global.","og_url":"https:\/\/portaltela.pt\/noticias\/2026\/03\/28\/trump-preve-conflito-em-cuba-apos-guerra-no-irao\/","og_site_name":"Portal Tela Portugal","article_published_time":"2026-03-28T14:13:00+00:00","author":"Telinha","twitter_card":"summary_large_image","twitter_misc":{"Escrito por":"Telinha","Tempo estimado de leitura":"2 minutos"},"schema":{"@context":"https:\/\/schema.org","@graph":[{"@type":"Article","@id":"https:\/\/portaltela.pt\/noticias\/2026\/03\/28\/trump-preve-conflito-em-cuba-apos-guerra-no-irao\/#article","isPartOf":{"@id":"https:\/\/portaltela.pt\/noticias\/2026\/03\/28\/trump-preve-conflito-em-cuba-apos-guerra-no-irao\/"},"author":{"name":"Telinha","@id":"https:\/\/portaltela.pt\/#\/schema\/person\/c4278d4a6028830caff9ee44b42d32ed"},"headline":"Trump prev\u00ea conflito em Cuba ap\u00f3s guerra no Ir\u00e3o","datePublished":"2026-03-28T14:13:00+00:00","mainEntityOfPage":{"@id":"https:\/\/portaltela.pt\/noticias\/2026\/03\/28\/trump-preve-conflito-em-cuba-apos-guerra-no-irao\/"},"wordCount":430,"image":{"@id":"https:\/\/portaltela.pt\/noticias\/2026\/03\/28\/trump-preve-conflito-em-cuba-apos-guerra-no-irao\/#primaryimage"},"thumbnailUrl":"https:\/\/portaltela.pt\/s.01k8rhncp4jt1\/2026\/03\/2077637.jpg","keywords":["Cuba","embargo econ\u00f4mico","Estados Unidos","guerra","pol\u00edtica internacional","san\u00e7\u00f5es internacionais"],"articleSection":["Geopol\u00edtica","Internacional"],"inLanguage":"pt-PT"},{"@type":"WebPage","@id":"https:\/\/portaltela.pt\/noticias\/2026\/03\/28\/trump-preve-conflito-em-cuba-apos-guerra-no-irao\/","url":"https:\/\/portaltela.pt\/noticias\/2026\/03\/28\/trump-preve-conflito-em-cuba-apos-guerra-no-irao\/","name":"Trump prev\u00ea conflito em Cuba ap\u00f3s guerra no Ir\u00e3o - Portal Tela Portugal","isPartOf":{"@id":"https:\/\/portaltela.pt\/#website"},"primaryImageOfPage":{"@id":"https:\/\/portaltela.pt\/noticias\/2026\/03\/28\/trump-preve-conflito-em-cuba-apos-guerra-no-irao\/#primaryimage"},"image":{"@id":"https:\/\/portaltela.pt\/noticias\/2026\/03\/28\/trump-preve-conflito-em-cuba-apos-guerra-no-irao\/#primaryimage"},"thumbnailUrl":"https:\/\/portaltela.pt\/s.01k8rhncp4jt1\/2026\/03\/2077637.jpg","datePublished":"2026-03-28T14:13:00+00:00","author":{"@id":"https:\/\/portaltela.pt\/#\/schema\/person\/c4278d4a6028830caff9ee44b42d32ed"},"breadcrumb":{"@id":"https:\/\/portaltela.pt\/noticias\/2026\/03\/28\/trump-preve-conflito-em-cuba-apos-guerra-no-irao\/#breadcrumb"},"inLanguage":"pt-PT","potentialAction":[{"@type":"ReadAction","target":["https:\/\/portaltela.pt\/noticias\/2026\/03\/28\/trump-preve-conflito-em-cuba-apos-guerra-no-irao\/"]}]},{"@type":"ImageObject","inLanguage":"pt-PT","@id":"https:\/\/portaltela.pt\/noticias\/2026\/03\/28\/trump-preve-conflito-em-cuba-apos-guerra-no-irao\/#primaryimage","url":"https:\/\/portaltela.pt\/s.01k8rhncp4jt1\/2026\/03\/2077637.jpg","contentUrl":"https:\/\/portaltela.pt\/s.01k8rhncp4jt1\/2026\/03\/2077637.jpg","width":796,"height":448,"caption":"Lixo acumulado em Havana. Sem combust\u00edvel, os servi\u00e7os de limpeza n\u00e3o t\u00eam como recolher o lixo nas ruas"},{"@type":"BreadcrumbList","@id":"https:\/\/portaltela.pt\/noticias\/2026\/03\/28\/trump-preve-conflito-em-cuba-apos-guerra-no-irao\/#breadcrumb","itemListElement":[{"@type":"ListItem","position":1,"name":"In\u00edcio","item":"https:\/\/portaltela.pt\/"},{"@type":"ListItem","position":2,"name":"Trump prev\u00ea conflito em Cuba ap\u00f3s guerra no Ir\u00e3o"}]},{"@type":"WebSite","@id":"https:\/\/portaltela.pt\/#website","url":"https:\/\/portaltela.pt\/","name":"Portal Tela Portugal","description":"","potentialAction":[{"@type":"SearchAction","target":{"@type":"EntryPoint","urlTemplate":"https:\/\/portaltela.pt\/?s={search_term_string}"},"query-input":{"@type":"PropertyValueSpecification","valueRequired":true,"valueName":"search_term_string"}}],"inLanguage":"pt-PT"},{"@type":"Person","@id":"https:\/\/portaltela.pt\/#\/schema\/person\/c4278d4a6028830caff9ee44b42d32ed","name":"Telinha","image":{"@type":"ImageObject","inLanguage":"pt-PT","@id":"https:\/\/portaltela.pt\/s.01k8rhncp4jt1\/2025\/11\/talking-bot-125x125.png","url":"https:\/\/portaltela.pt\/s.01k8rhncp4jt1\/2025\/11\/talking-bot-125x125.png","contentUrl":"https:\/\/portaltela.pt\/s.01k8rhncp4jt1\/2025\/11\/talking-bot-125x125.png","caption":"Telinha"},"sameAs":["https:\/\/portaltela.pt\/"],"url":"https:\/\/portaltela.pt\/por\/367410592786\/"}]}},"_links":{"self":[{"href":"https:\/\/portaltela.pt\/api\/wp\/v2\/posts\/424977","targetHints":{"allow":["GET"]}}],"collection":[{"href":"https:\/\/portaltela.pt\/api\/wp\/v2\/posts"}],"about":[{"href":"https:\/\/portaltela.pt\/api\/wp\/v2\/types\/post"}],"author":[{"embeddable":true,"href":"https:\/\/portaltela.pt\/api\/wp\/v2\/users\/2"}],"replies":[{"embeddable":true,"href":"https:\/\/portaltela.pt\/api\/wp\/v2\/comments?post=424977"}],"version-history":[{"count":0,"href":"https:\/\/portaltela.pt\/api\/wp\/v2\/posts\/424977\/revisions"}],"wp:featuredmedia":[{"embeddable":true,"href":"https:\/\/portaltela.pt\/api\/wp\/v2\/media\/424979"}],"wp:attachment":[{"href":"https:\/\/portaltela.pt\/api\/wp\/v2\/media?parent=424977"}],"wp:term":[{"taxonomy":"category","embeddable":true,"href":"https:\/\/portaltela.pt\/api\/wp\/v2\/categories?post=424977"},{"taxonomy":"post_tag","embeddable":true,"href":"https:\/\/portaltela.pt\/api\/wp\/v2\/tags?post=424977"}],"curies":[{"name":"wp","href":"https:\/\/api.w.org\/{rel}","templated":true}]}}