{"id":424967,"date":"2026-03-28T11:10:52","date_gmt":"2026-03-28T14:10:52","guid":{"rendered":"https:\/\/portaltela.pt\/noticias\/2026\/03\/28\/verstappen-em-polemica-com-jornalista-afirma-saber-quem-tem-boas-intencoes\/"},"modified":"2026-03-28T11:10:52","modified_gmt":"2026-03-28T14:10:52","slug":"verstappen-em-polemica-com-jornalista-afirma-saber-quem-tem-boas-intencoes","status":"publish","type":"post","link":"https:\/\/portaltela.pt\/desporto\/futebol\/2026\/03\/28\/verstappen-em-polemica-com-jornalista-afirma-saber-quem-tem-boas-intencoes\/","title":{"rendered":"Verstappen em pol\u00e9mica com jornalista; afirma saber quem tem boas inten\u00e7\u00f5es"},"content":{"rendered":"<p>Max Verstappen expulsou o jornalista Giles Richards, do The Guardian, da confer\u00eancia de antevis\u00e3o ao GP do Jap\u00e3o, ap\u00f3s uma pergunta relacionada a um incidente com George Russell no GP de Espanha.<\/p>\n<p>O piloto da Red Bull justificou a a\u00e7\u00e3o com base numa repetida pergunta feita no ano anterior e numa rea\u00e7\u00e3o que considerou provocadora, descrevendo o comportamento do rep\u00f3rter como desrespeitoso. Afirmou ainda que, na F\u00f3rmula 1, sabe distinguir inten\u00e7\u00f5es positivas de negativas.<\/p>\n<p>A entrevista para a ViaPlay acompanhou a divulga\u00e7\u00e3o oficial do epis\u00f3dio, que ocorreu numa confer\u00eancia realizada \u00e0 v\u00e9spera da corrida que se disputa de madrugada em territ\u00f3rio japon\u00eas. Verstappen explicou que prefere manter o foco no evento e n\u00e3o tolerar abordagens que julga mal-intencionadas.<\/p>\n<p>Contexto do incidente<\/p>\n<p>Verstappen mencionou que j\u00e1 respondeu v\u00e1rias vezes \u00e0 pergunta sobre o tema com Russell, referindo que o momento em que Richards riu durante a sess\u00e3o evidenciou para ele a aus\u00eancia de respeito. O piloto destacou que o riso foi percebido como provocat\u00f3rio e refor\u00e7ou a necessidade de manter o profissionalismo nas entrevistas.<\/p>\n","protected":false},"excerpt":{"rendered":"<ul>\n<li>Verstappen explicou \u00e0 ViaPlay o motivo de ter convidado Giles Richards, do The Guardian, a abandonar a confer\u00eancia de antevis\u00e3o ao GP do Jap\u00e3o.<\/li>\n<li>A a\u00e7\u00e3o ocorreu ap\u00f3s a jornalista ter colocado uma pergunta sobre o incidente com George Russell no GP de Espanha, numa entrevista repetida ao longo do ano.<\/li>\n<li>O piloto disse que a risada da jornalista mostrou uma falta de respeito, e que, se n\u00e3o h\u00e1 respeito, n\u00e3o h\u00e1 motivo para retribuir.<\/li>\n<li>Ressalvou que est\u00e1 na F\u00f3rmula 1 h\u00e1 tempo suficiente para saber quem tem boas inten\u00e7\u00f5es e quem tem m\u00e1s inten\u00e7\u00f5es.<\/li>\n<li>O epis\u00f3dio aconteceu durante a confer\u00eancia de antevis\u00e3o ao GP do Jap\u00e3o, disputado na madrugada de domingo.<\/li>\n<\/ul>\n","protected":false},"author":2,"featured_media":424968,"comment_status":"closed","ping_status":"closed","sticky":false,"template":"","format":"standard","meta":{"footnotes":""},"categories":[21,24],"tags":[1650,7028,152,3833,5707,3789],"class_list":["post-424967","post","type-post","status-publish","format-standard","has-post-thumbnail","hentry","category-desporto","category-futebol","tag-conferencia","tag-declaracoes","tag-desporto","tag-f1","tag-jornalistas","tag-provocacoes"],"yoast_head":"<!-- This site is optimized with the Yoast SEO plugin v27.2 - https:\/\/yoast.com\/product\/yoast-seo-wordpress\/ -->\n<title>Verstappen em pol\u00e9mica com jornalista; afirma saber quem tem boas inten\u00e7\u00f5es - Portal Tela Portugal<\/title>\n<meta name=\"robots\" content=\"index, follow, max-snippet:-1, max-image-preview:large, max-video-preview:-1\" \/>\n<meta property=\"og:locale\" content=\"pt_PT\" \/>\n<meta property=\"og:type\" content=\"article\" \/>\n<meta property=\"og:title\" content=\"Verstappen em pol\u00e9mica com jornalista; afirma saber quem tem boas inten\u00e7\u00f5es - Portal Tela Portugal\" \/>\n<meta property=\"og:description\" content=\"Verstappen explicou \u00e0 ViaPlay o motivo de ter convidado Giles Richards, do The Guardian, a abandonar a confer\u00eancia de antevis\u00e3o ao GP do Jap\u00e3o. A a\u00e7\u00e3o ocorreu ap\u00f3s a jornalista ter colocado uma pergunta sobre o incidente com George Russell no GP de Espanha, numa entrevista repetida ao longo do ano. O piloto disse que a risada da jornalista mostrou uma falta de respeito, e que, se n\u00e3o h\u00e1 respeito, n\u00e3o h\u00e1 motivo para retribuir. Ressalvou que est\u00e1 na F\u00f3rmula 1 h\u00e1 tempo suficiente para saber quem tem boas inten\u00e7\u00f5es e quem tem m\u00e1s inten\u00e7\u00f5es. O epis\u00f3dio aconteceu durante a confer\u00eancia de antevis\u00e3o ao GP do Jap\u00e3o, disputado na madrugada de domingo.\" \/>\n<meta property=\"og:url\" content=\"https:\/\/portaltela.pt\/noticias\/2026\/03\/28\/verstappen-em-polemica-com-jornalista-afirma-saber-quem-tem-boas-intencoes\/\" \/>\n<meta property=\"og:site_name\" content=\"Portal Tela Portugal\" \/>\n<meta property=\"article:published_time\" content=\"2026-03-28T14:10:52+00:00\" \/>\n<meta name=\"author\" content=\"Telinha\" \/>\n<meta name=\"twitter:card\" content=\"summary_large_image\" \/>\n<meta name=\"twitter:label1\" content=\"Escrito por\" \/>\n\t<meta name=\"twitter:data1\" content=\"Telinha\" \/>\n\t<meta name=\"twitter:label2\" content=\"Tempo estimado de leitura\" \/>\n\t<meta name=\"twitter:data2\" content=\"1 minuto\" \/>\n<script type=\"application\/ld+json\" class=\"yoast-schema-graph\">{\"@context\":\"https:\/\/schema.org\",\"@graph\":[{\"@type\":\"Article\",\"@id\":\"https:\/\/portaltela.pt\/noticias\/2026\/03\/28\/verstappen-em-polemica-com-jornalista-afirma-saber-quem-tem-boas-intencoes\/#article\",\"isPartOf\":{\"@id\":\"https:\/\/portaltela.pt\/noticias\/2026\/03\/28\/verstappen-em-polemica-com-jornalista-afirma-saber-quem-tem-boas-intencoes\/\"},\"author\":{\"name\":\"Telinha\",\"@id\":\"https:\/\/portaltela.pt\/#\/schema\/person\/c4278d4a6028830caff9ee44b42d32ed\"},\"headline\":\"Verstappen em pol\u00e9mica com jornalista; afirma saber quem tem boas inten\u00e7\u00f5es\",\"datePublished\":\"2026-03-28T14:10:52+00:00\",\"mainEntityOfPage\":{\"@id\":\"https:\/\/portaltela.pt\/noticias\/2026\/03\/28\/verstappen-em-polemica-com-jornalista-afirma-saber-quem-tem-boas-intencoes\/\"},\"wordCount\":204,\"image\":{\"@id\":\"https:\/\/portaltela.pt\/noticias\/2026\/03\/28\/verstappen-em-polemica-com-jornalista-afirma-saber-quem-tem-boas-intencoes\/#primaryimage\"},\"thumbnailUrl\":\"https:\/\/portaltela.pt\/s.01k8rhncp4jt1\/2026\/03\/img_293x165uu2026-03-28-14-08-43-2429838.jpg\",\"keywords\":[\"confer\u00eancia\",\"declara\u00e7\u00f5es\",\"desporto\",\"F1\",\"jornalistas\",\"provoca\u00e7\u00f5es\"],\"articleSection\":[\"Desporto\",\"Futebol\"],\"inLanguage\":\"pt-PT\"},{\"@type\":\"WebPage\",\"@id\":\"https:\/\/portaltela.pt\/noticias\/2026\/03\/28\/verstappen-em-polemica-com-jornalista-afirma-saber-quem-tem-boas-intencoes\/\",\"url\":\"https:\/\/portaltela.pt\/noticias\/2026\/03\/28\/verstappen-em-polemica-com-jornalista-afirma-saber-quem-tem-boas-intencoes\/\",\"name\":\"Verstappen em pol\u00e9mica com jornalista; afirma saber quem tem boas inten\u00e7\u00f5es - Portal Tela Portugal\",\"isPartOf\":{\"@id\":\"https:\/\/portaltela.pt\/#website\"},\"primaryImageOfPage\":{\"@id\":\"https:\/\/portaltela.pt\/noticias\/2026\/03\/28\/verstappen-em-polemica-com-jornalista-afirma-saber-quem-tem-boas-intencoes\/#primaryimage\"},\"image\":{\"@id\":\"https:\/\/portaltela.pt\/noticias\/2026\/03\/28\/verstappen-em-polemica-com-jornalista-afirma-saber-quem-tem-boas-intencoes\/#primaryimage\"},\"thumbnailUrl\":\"https:\/\/portaltela.pt\/s.01k8rhncp4jt1\/2026\/03\/img_293x165uu2026-03-28-14-08-43-2429838.jpg\",\"datePublished\":\"2026-03-28T14:10:52+00:00\",\"author\":{\"@id\":\"https:\/\/portaltela.pt\/#\/schema\/person\/c4278d4a6028830caff9ee44b42d32ed\"},\"breadcrumb\":{\"@id\":\"https:\/\/portaltela.pt\/noticias\/2026\/03\/28\/verstappen-em-polemica-com-jornalista-afirma-saber-quem-tem-boas-intencoes\/#breadcrumb\"},\"inLanguage\":\"pt-PT\",\"potentialAction\":[{\"@type\":\"ReadAction\",\"target\":[\"https:\/\/portaltela.pt\/noticias\/2026\/03\/28\/verstappen-em-polemica-com-jornalista-afirma-saber-quem-tem-boas-intencoes\/\"]}]},{\"@type\":\"ImageObject\",\"inLanguage\":\"pt-PT\",\"@id\":\"https:\/\/portaltela.pt\/noticias\/2026\/03\/28\/verstappen-em-polemica-com-jornalista-afirma-saber-quem-tem-boas-intencoes\/#primaryimage\",\"url\":\"https:\/\/portaltela.pt\/s.01k8rhncp4jt1\/2026\/03\/img_293x165uu2026-03-28-14-08-43-2429838.jpg\",\"contentUrl\":\"https:\/\/portaltela.pt\/s.01k8rhncp4jt1\/2026\/03\/img_293x165uu2026-03-28-14-08-43-2429838.jpg\",\"width\":796,\"height\":448,\"caption\":\"Max Verstappen no paddock durante a primeira sess\u00e3o de treinos livres para o GP do Jap\u00e3o\"},{\"@type\":\"BreadcrumbList\",\"@id\":\"https:\/\/portaltela.pt\/noticias\/2026\/03\/28\/verstappen-em-polemica-com-jornalista-afirma-saber-quem-tem-boas-intencoes\/#breadcrumb\",\"itemListElement\":[{\"@type\":\"ListItem\",\"position\":1,\"name\":\"In\u00edcio\",\"item\":\"https:\/\/portaltela.pt\/\"},{\"@type\":\"ListItem\",\"position\":2,\"name\":\"Verstappen em pol\u00e9mica com jornalista; afirma saber quem tem boas inten\u00e7\u00f5es\"}]},{\"@type\":\"WebSite\",\"@id\":\"https:\/\/portaltela.pt\/#website\",\"url\":\"https:\/\/portaltela.pt\/\",\"name\":\"Portal Tela Portugal\",\"description\":\"\",\"potentialAction\":[{\"@type\":\"SearchAction\",\"target\":{\"@type\":\"EntryPoint\",\"urlTemplate\":\"https:\/\/portaltela.pt\/?s={search_term_string}\"},\"query-input\":{\"@type\":\"PropertyValueSpecification\",\"valueRequired\":true,\"valueName\":\"search_term_string\"}}],\"inLanguage\":\"pt-PT\"},{\"@type\":\"Person\",\"@id\":\"https:\/\/portaltela.pt\/#\/schema\/person\/c4278d4a6028830caff9ee44b42d32ed\",\"name\":\"Telinha\",\"image\":{\"@type\":\"ImageObject\",\"inLanguage\":\"pt-PT\",\"@id\":\"https:\/\/portaltela.pt\/s.01k8rhncp4jt1\/2025\/11\/talking-bot-125x125.png\",\"url\":\"https:\/\/portaltela.pt\/s.01k8rhncp4jt1\/2025\/11\/talking-bot-125x125.png\",\"contentUrl\":\"https:\/\/portaltela.pt\/s.01k8rhncp4jt1\/2025\/11\/talking-bot-125x125.png\",\"caption\":\"Telinha\"},\"sameAs\":[\"https:\/\/portaltela.pt\/\"],\"url\":\"https:\/\/portaltela.pt\/por\/367410592786\/\"}]}<\/script>\n<!-- \/ Yoast SEO plugin. -->","yoast_head_json":{"title":"Verstappen em pol\u00e9mica com jornalista; afirma saber quem tem boas inten\u00e7\u00f5es - Portal Tela Portugal","robots":{"index":"index","follow":"follow","max-snippet":"max-snippet:-1","max-image-preview":"max-image-preview:large","max-video-preview":"max-video-preview:-1"},"og_locale":"pt_PT","og_type":"article","og_title":"Verstappen em pol\u00e9mica com jornalista; afirma saber quem tem boas inten\u00e7\u00f5es - Portal Tela Portugal","og_description":"Verstappen explicou \u00e0 ViaPlay o motivo de ter convidado Giles Richards, do The Guardian, a abandonar a confer\u00eancia de antevis\u00e3o ao GP do Jap\u00e3o. A a\u00e7\u00e3o ocorreu ap\u00f3s a jornalista ter colocado uma pergunta sobre o incidente com George Russell no GP de Espanha, numa entrevista repetida ao longo do ano. O piloto disse que a risada da jornalista mostrou uma falta de respeito, e que, se n\u00e3o h\u00e1 respeito, n\u00e3o h\u00e1 motivo para retribuir. Ressalvou que est\u00e1 na F\u00f3rmula 1 h\u00e1 tempo suficiente para saber quem tem boas inten\u00e7\u00f5es e quem tem m\u00e1s inten\u00e7\u00f5es. O epis\u00f3dio aconteceu durante a confer\u00eancia de antevis\u00e3o ao GP do Jap\u00e3o, disputado na madrugada de domingo.","og_url":"https:\/\/portaltela.pt\/noticias\/2026\/03\/28\/verstappen-em-polemica-com-jornalista-afirma-saber-quem-tem-boas-intencoes\/","og_site_name":"Portal Tela Portugal","article_published_time":"2026-03-28T14:10:52+00:00","author":"Telinha","twitter_card":"summary_large_image","twitter_misc":{"Escrito por":"Telinha","Tempo estimado de leitura":"1 minuto"},"schema":{"@context":"https:\/\/schema.org","@graph":[{"@type":"Article","@id":"https:\/\/portaltela.pt\/noticias\/2026\/03\/28\/verstappen-em-polemica-com-jornalista-afirma-saber-quem-tem-boas-intencoes\/#article","isPartOf":{"@id":"https:\/\/portaltela.pt\/noticias\/2026\/03\/28\/verstappen-em-polemica-com-jornalista-afirma-saber-quem-tem-boas-intencoes\/"},"author":{"name":"Telinha","@id":"https:\/\/portaltela.pt\/#\/schema\/person\/c4278d4a6028830caff9ee44b42d32ed"},"headline":"Verstappen em pol\u00e9mica com jornalista; afirma saber quem tem boas inten\u00e7\u00f5es","datePublished":"2026-03-28T14:10:52+00:00","mainEntityOfPage":{"@id":"https:\/\/portaltela.pt\/noticias\/2026\/03\/28\/verstappen-em-polemica-com-jornalista-afirma-saber-quem-tem-boas-intencoes\/"},"wordCount":204,"image":{"@id":"https:\/\/portaltela.pt\/noticias\/2026\/03\/28\/verstappen-em-polemica-com-jornalista-afirma-saber-quem-tem-boas-intencoes\/#primaryimage"},"thumbnailUrl":"https:\/\/portaltela.pt\/s.01k8rhncp4jt1\/2026\/03\/img_293x165uu2026-03-28-14-08-43-2429838.jpg","keywords":["confer\u00eancia","declara\u00e7\u00f5es","desporto","F1","jornalistas","provoca\u00e7\u00f5es"],"articleSection":["Desporto","Futebol"],"inLanguage":"pt-PT"},{"@type":"WebPage","@id":"https:\/\/portaltela.pt\/noticias\/2026\/03\/28\/verstappen-em-polemica-com-jornalista-afirma-saber-quem-tem-boas-intencoes\/","url":"https:\/\/portaltela.pt\/noticias\/2026\/03\/28\/verstappen-em-polemica-com-jornalista-afirma-saber-quem-tem-boas-intencoes\/","name":"Verstappen em pol\u00e9mica com jornalista; afirma saber quem tem boas inten\u00e7\u00f5es - Portal Tela Portugal","isPartOf":{"@id":"https:\/\/portaltela.pt\/#website"},"primaryImageOfPage":{"@id":"https:\/\/portaltela.pt\/noticias\/2026\/03\/28\/verstappen-em-polemica-com-jornalista-afirma-saber-quem-tem-boas-intencoes\/#primaryimage"},"image":{"@id":"https:\/\/portaltela.pt\/noticias\/2026\/03\/28\/verstappen-em-polemica-com-jornalista-afirma-saber-quem-tem-boas-intencoes\/#primaryimage"},"thumbnailUrl":"https:\/\/portaltela.pt\/s.01k8rhncp4jt1\/2026\/03\/img_293x165uu2026-03-28-14-08-43-2429838.jpg","datePublished":"2026-03-28T14:10:52+00:00","author":{"@id":"https:\/\/portaltela.pt\/#\/schema\/person\/c4278d4a6028830caff9ee44b42d32ed"},"breadcrumb":{"@id":"https:\/\/portaltela.pt\/noticias\/2026\/03\/28\/verstappen-em-polemica-com-jornalista-afirma-saber-quem-tem-boas-intencoes\/#breadcrumb"},"inLanguage":"pt-PT","potentialAction":[{"@type":"ReadAction","target":["https:\/\/portaltela.pt\/noticias\/2026\/03\/28\/verstappen-em-polemica-com-jornalista-afirma-saber-quem-tem-boas-intencoes\/"]}]},{"@type":"ImageObject","inLanguage":"pt-PT","@id":"https:\/\/portaltela.pt\/noticias\/2026\/03\/28\/verstappen-em-polemica-com-jornalista-afirma-saber-quem-tem-boas-intencoes\/#primaryimage","url":"https:\/\/portaltela.pt\/s.01k8rhncp4jt1\/2026\/03\/img_293x165uu2026-03-28-14-08-43-2429838.jpg","contentUrl":"https:\/\/portaltela.pt\/s.01k8rhncp4jt1\/2026\/03\/img_293x165uu2026-03-28-14-08-43-2429838.jpg","width":796,"height":448,"caption":"Max Verstappen no paddock durante a primeira sess\u00e3o de treinos livres para o GP do Jap\u00e3o"},{"@type":"BreadcrumbList","@id":"https:\/\/portaltela.pt\/noticias\/2026\/03\/28\/verstappen-em-polemica-com-jornalista-afirma-saber-quem-tem-boas-intencoes\/#breadcrumb","itemListElement":[{"@type":"ListItem","position":1,"name":"In\u00edcio","item":"https:\/\/portaltela.pt\/"},{"@type":"ListItem","position":2,"name":"Verstappen em pol\u00e9mica com jornalista; afirma saber quem tem boas inten\u00e7\u00f5es"}]},{"@type":"WebSite","@id":"https:\/\/portaltela.pt\/#website","url":"https:\/\/portaltela.pt\/","name":"Portal Tela Portugal","description":"","potentialAction":[{"@type":"SearchAction","target":{"@type":"EntryPoint","urlTemplate":"https:\/\/portaltela.pt\/?s={search_term_string}"},"query-input":{"@type":"PropertyValueSpecification","valueRequired":true,"valueName":"search_term_string"}}],"inLanguage":"pt-PT"},{"@type":"Person","@id":"https:\/\/portaltela.pt\/#\/schema\/person\/c4278d4a6028830caff9ee44b42d32ed","name":"Telinha","image":{"@type":"ImageObject","inLanguage":"pt-PT","@id":"https:\/\/portaltela.pt\/s.01k8rhncp4jt1\/2025\/11\/talking-bot-125x125.png","url":"https:\/\/portaltela.pt\/s.01k8rhncp4jt1\/2025\/11\/talking-bot-125x125.png","contentUrl":"https:\/\/portaltela.pt\/s.01k8rhncp4jt1\/2025\/11\/talking-bot-125x125.png","caption":"Telinha"},"sameAs":["https:\/\/portaltela.pt\/"],"url":"https:\/\/portaltela.pt\/por\/367410592786\/"}]}},"_links":{"self":[{"href":"https:\/\/portaltela.pt\/api\/wp\/v2\/posts\/424967","targetHints":{"allow":["GET"]}}],"collection":[{"href":"https:\/\/portaltela.pt\/api\/wp\/v2\/posts"}],"about":[{"href":"https:\/\/portaltela.pt\/api\/wp\/v2\/types\/post"}],"author":[{"embeddable":true,"href":"https:\/\/portaltela.pt\/api\/wp\/v2\/users\/2"}],"replies":[{"embeddable":true,"href":"https:\/\/portaltela.pt\/api\/wp\/v2\/comments?post=424967"}],"version-history":[{"count":0,"href":"https:\/\/portaltela.pt\/api\/wp\/v2\/posts\/424967\/revisions"}],"wp:featuredmedia":[{"embeddable":true,"href":"https:\/\/portaltela.pt\/api\/wp\/v2\/media\/424968"}],"wp:attachment":[{"href":"https:\/\/portaltela.pt\/api\/wp\/v2\/media?parent=424967"}],"wp:term":[{"taxonomy":"category","embeddable":true,"href":"https:\/\/portaltela.pt\/api\/wp\/v2\/categories?post=424967"},{"taxonomy":"post_tag","embeddable":true,"href":"https:\/\/portaltela.pt\/api\/wp\/v2\/tags?post=424967"}],"curies":[{"name":"wp","href":"https:\/\/api.w.org\/{rel}","templated":true}]}}