{"id":424960,"date":"2026-03-28T11:11:00","date_gmt":"2026-03-28T14:11:00","guid":{"rendered":"https:\/\/portaltela.pt\/noticias\/2026\/03\/28\/dois-mortos-num-acidente-rodoviario-na-ericeira\/"},"modified":"2026-03-28T11:11:00","modified_gmt":"2026-03-28T14:11:00","slug":"dois-mortos-num-acidente-rodoviario-na-ericeira","status":"publish","type":"post","link":"https:\/\/portaltela.pt\/acidentes\/2026\/03\/28\/dois-mortos-num-acidente-rodoviario-na-ericeira\/","title":{"rendered":"Dois mortos num acidente rodovi\u00e1rio na Ericeira"},"content":{"rendered":"<p>Duas pessoas morreram num acidente rodovi\u00e1rio ocorrido na Ericeira, na manh\u00e3 deste s\u00e1bado. Um ferido leve foi registado, segundo os Bombeiros Volunt\u00e1rios da Ericeira, que estiveram no local.<\/p>\n<p>Para al\u00e9m dos bombeiros, estiveram presentes duas Viaturas M\u00e9dicas de Emerg\u00eancia e Reanima\u00e7\u00e3o (VMER). O alerta foi dado pelas 06h00 e as equipas asseguraram o atendimento m\u00e9dico inicial.<\/p>\n<p>A GNR tamb\u00e9m foi acionada e deve coordenar as dilig\u00eancias de inqu\u00e9rito e a gest\u00e3o do tr\u00e2nsito na \u00e1rea.<\/p>\n<p>As causas do acidente est\u00e3o a ser apuradas pelas autoridades competentes, que dever\u00e3o divulgar mais detalhes assim que estiverem dispon\u00edveis.<\/p>\n","protected":false},"excerpt":{"rendered":"<ul>\n<li>Dois mortos num acidente rodovi\u00e1rio na Ericeira, na manh\u00e3 deste s\u00e1bado.<\/li>\n<li>H\u00e1 ainda um ferido leve a registar, segundo os Bombeiros Volunt\u00e1rios da Ericeira.<\/li>\n<li>Para o local foram acionadas duas Viaturas M\u00e9dicas de Emerg\u00eancia e Reanima\u00e7\u00e3o (VMER).<\/li>\n<li>O alerta foi dado pela manh\u00e3, \u00e0s 06h00.<\/li>\n<li>Uma equipa da Guarda Nacional Republicana (GNR) tamb\u00e9m foi acionada.<\/li>\n<\/ul>\n","protected":false},"author":2,"featured_media":424962,"comment_status":"closed","ping_status":"closed","sticky":false,"template":"","format":"standard","meta":{"footnotes":""},"categories":[6849],"tags":[4169,4351,2174,3449,1380,4462],"class_list":["post-424960","post","type-post","status-publish","format-standard","has-post-thumbnail","hentry","category-acidentes","tag-acidente-rodoviario","tag-bombeiros-voluntarios","tag-ericeira","tag-feridos","tag-gnr","tag-vmer"],"yoast_head":"<!-- This site is optimized with the Yoast SEO plugin v27.2 - https:\/\/yoast.com\/product\/yoast-seo-wordpress\/ -->\n<title>Dois mortos num acidente rodovi\u00e1rio na Ericeira - Portal Tela Portugal<\/title>\n<meta name=\"robots\" content=\"index, follow, max-snippet:-1, max-image-preview:large, max-video-preview:-1\" \/>\n<meta property=\"og:locale\" content=\"pt_PT\" \/>\n<meta property=\"og:type\" content=\"article\" \/>\n<meta property=\"og:title\" content=\"Dois mortos num acidente rodovi\u00e1rio na Ericeira - Portal Tela Portugal\" \/>\n<meta property=\"og:description\" content=\"Dois mortos num acidente rodovi\u00e1rio na Ericeira, na manh\u00e3 deste s\u00e1bado. H\u00e1 ainda um ferido leve a registar, segundo os Bombeiros Volunt\u00e1rios da Ericeira. Para o local foram acionadas duas Viaturas M\u00e9dicas de Emerg\u00eancia e Reanima\u00e7\u00e3o (VMER). O alerta foi dado pela manh\u00e3, \u00e0s 06h00. Uma equipa da Guarda Nacional Republicana (GNR) tamb\u00e9m foi acionada.\" \/>\n<meta property=\"og:url\" content=\"https:\/\/portaltela.pt\/noticias\/2026\/03\/28\/dois-mortos-num-acidente-rodoviario-na-ericeira\/\" \/>\n<meta property=\"og:site_name\" content=\"Portal Tela Portugal\" \/>\n<meta property=\"article:published_time\" content=\"2026-03-28T14:11:00+00:00\" \/>\n<meta name=\"author\" content=\"Telinha\" \/>\n<meta name=\"twitter:card\" content=\"summary_large_image\" \/>\n<meta name=\"twitter:label1\" content=\"Escrito por\" \/>\n\t<meta name=\"twitter:data1\" content=\"Telinha\" \/>\n\t<meta name=\"twitter:label2\" content=\"Tempo estimado de leitura\" \/>\n\t<meta name=\"twitter:data2\" content=\"1 minuto\" \/>\n<script type=\"application\/ld+json\" class=\"yoast-schema-graph\">{\"@context\":\"https:\/\/schema.org\",\"@graph\":[{\"@type\":\"Article\",\"@id\":\"https:\/\/portaltela.pt\/noticias\/2026\/03\/28\/dois-mortos-num-acidente-rodoviario-na-ericeira\/#article\",\"isPartOf\":{\"@id\":\"https:\/\/portaltela.pt\/noticias\/2026\/03\/28\/dois-mortos-num-acidente-rodoviario-na-ericeira\/\"},\"author\":{\"name\":\"Telinha\",\"@id\":\"https:\/\/portaltela.pt\/#\/schema\/person\/c4278d4a6028830caff9ee44b42d32ed\"},\"headline\":\"Dois mortos num acidente rodovi\u00e1rio na Ericeira\",\"datePublished\":\"2026-03-28T14:11:00+00:00\",\"mainEntityOfPage\":{\"@id\":\"https:\/\/portaltela.pt\/noticias\/2026\/03\/28\/dois-mortos-num-acidente-rodoviario-na-ericeira\/\"},\"wordCount\":119,\"image\":{\"@id\":\"https:\/\/portaltela.pt\/noticias\/2026\/03\/28\/dois-mortos-num-acidente-rodoviario-na-ericeira\/#primaryimage\"},\"thumbnailUrl\":\"https:\/\/portaltela.pt\/s.01k8rhncp4jt1\/2026\/03\/img_1500x1000uu2016-06-04-16-09-00-541238.jpg\",\"keywords\":[\"acidente rodovi\u00e1rio\",\"Bombeiros Volunt\u00e1rios\",\"Ericeira\",\"feridos\",\"GNR\",\"VMER\"],\"articleSection\":[\"Acidentes\"],\"inLanguage\":\"pt-PT\"},{\"@type\":\"WebPage\",\"@id\":\"https:\/\/portaltela.pt\/noticias\/2026\/03\/28\/dois-mortos-num-acidente-rodoviario-na-ericeira\/\",\"url\":\"https:\/\/portaltela.pt\/noticias\/2026\/03\/28\/dois-mortos-num-acidente-rodoviario-na-ericeira\/\",\"name\":\"Dois mortos num acidente rodovi\u00e1rio na Ericeira - Portal Tela Portugal\",\"isPartOf\":{\"@id\":\"https:\/\/portaltela.pt\/#website\"},\"primaryImageOfPage\":{\"@id\":\"https:\/\/portaltela.pt\/noticias\/2026\/03\/28\/dois-mortos-num-acidente-rodoviario-na-ericeira\/#primaryimage\"},\"image\":{\"@id\":\"https:\/\/portaltela.pt\/noticias\/2026\/03\/28\/dois-mortos-num-acidente-rodoviario-na-ericeira\/#primaryimage\"},\"thumbnailUrl\":\"https:\/\/portaltela.pt\/s.01k8rhncp4jt1\/2026\/03\/img_1500x1000uu2016-06-04-16-09-00-541238.jpg\",\"datePublished\":\"2026-03-28T14:11:00+00:00\",\"author\":{\"@id\":\"https:\/\/portaltela.pt\/#\/schema\/person\/c4278d4a6028830caff9ee44b42d32ed\"},\"breadcrumb\":{\"@id\":\"https:\/\/portaltela.pt\/noticias\/2026\/03\/28\/dois-mortos-num-acidente-rodoviario-na-ericeira\/#breadcrumb\"},\"inLanguage\":\"pt-PT\",\"potentialAction\":[{\"@type\":\"ReadAction\",\"target\":[\"https:\/\/portaltela.pt\/noticias\/2026\/03\/28\/dois-mortos-num-acidente-rodoviario-na-ericeira\/\"]}]},{\"@type\":\"ImageObject\",\"inLanguage\":\"pt-PT\",\"@id\":\"https:\/\/portaltela.pt\/noticias\/2026\/03\/28\/dois-mortos-num-acidente-rodoviario-na-ericeira\/#primaryimage\",\"url\":\"https:\/\/portaltela.pt\/s.01k8rhncp4jt1\/2026\/03\/img_1500x1000uu2016-06-04-16-09-00-541238.jpg\",\"contentUrl\":\"https:\/\/portaltela.pt\/s.01k8rhncp4jt1\/2026\/03\/img_1500x1000uu2016-06-04-16-09-00-541238.jpg\",\"width\":796,\"height\":448,\"caption\":\"VMER, INEM\"},{\"@type\":\"BreadcrumbList\",\"@id\":\"https:\/\/portaltela.pt\/noticias\/2026\/03\/28\/dois-mortos-num-acidente-rodoviario-na-ericeira\/#breadcrumb\",\"itemListElement\":[{\"@type\":\"ListItem\",\"position\":1,\"name\":\"In\u00edcio\",\"item\":\"https:\/\/portaltela.pt\/\"},{\"@type\":\"ListItem\",\"position\":2,\"name\":\"Dois mortos num acidente rodovi\u00e1rio na Ericeira\"}]},{\"@type\":\"WebSite\",\"@id\":\"https:\/\/portaltela.pt\/#website\",\"url\":\"https:\/\/portaltela.pt\/\",\"name\":\"Portal Tela Portugal\",\"description\":\"\",\"potentialAction\":[{\"@type\":\"SearchAction\",\"target\":{\"@type\":\"EntryPoint\",\"urlTemplate\":\"https:\/\/portaltela.pt\/?s={search_term_string}\"},\"query-input\":{\"@type\":\"PropertyValueSpecification\",\"valueRequired\":true,\"valueName\":\"search_term_string\"}}],\"inLanguage\":\"pt-PT\"},{\"@type\":\"Person\",\"@id\":\"https:\/\/portaltela.pt\/#\/schema\/person\/c4278d4a6028830caff9ee44b42d32ed\",\"name\":\"Telinha\",\"image\":{\"@type\":\"ImageObject\",\"inLanguage\":\"pt-PT\",\"@id\":\"https:\/\/portaltela.pt\/s.01k8rhncp4jt1\/2025\/11\/talking-bot-125x125.png\",\"url\":\"https:\/\/portaltela.pt\/s.01k8rhncp4jt1\/2025\/11\/talking-bot-125x125.png\",\"contentUrl\":\"https:\/\/portaltela.pt\/s.01k8rhncp4jt1\/2025\/11\/talking-bot-125x125.png\",\"caption\":\"Telinha\"},\"sameAs\":[\"https:\/\/portaltela.pt\/\"],\"url\":\"https:\/\/portaltela.pt\/por\/367410592786\/\"}]}<\/script>\n<!-- \/ Yoast SEO plugin. -->","yoast_head_json":{"title":"Dois mortos num acidente rodovi\u00e1rio na Ericeira - Portal Tela Portugal","robots":{"index":"index","follow":"follow","max-snippet":"max-snippet:-1","max-image-preview":"max-image-preview:large","max-video-preview":"max-video-preview:-1"},"og_locale":"pt_PT","og_type":"article","og_title":"Dois mortos num acidente rodovi\u00e1rio na Ericeira - Portal Tela Portugal","og_description":"Dois mortos num acidente rodovi\u00e1rio na Ericeira, na manh\u00e3 deste s\u00e1bado. H\u00e1 ainda um ferido leve a registar, segundo os Bombeiros Volunt\u00e1rios da Ericeira. Para o local foram acionadas duas Viaturas M\u00e9dicas de Emerg\u00eancia e Reanima\u00e7\u00e3o (VMER). O alerta foi dado pela manh\u00e3, \u00e0s 06h00. Uma equipa da Guarda Nacional Republicana (GNR) tamb\u00e9m foi acionada.","og_url":"https:\/\/portaltela.pt\/noticias\/2026\/03\/28\/dois-mortos-num-acidente-rodoviario-na-ericeira\/","og_site_name":"Portal Tela Portugal","article_published_time":"2026-03-28T14:11:00+00:00","author":"Telinha","twitter_card":"summary_large_image","twitter_misc":{"Escrito por":"Telinha","Tempo estimado de leitura":"1 minuto"},"schema":{"@context":"https:\/\/schema.org","@graph":[{"@type":"Article","@id":"https:\/\/portaltela.pt\/noticias\/2026\/03\/28\/dois-mortos-num-acidente-rodoviario-na-ericeira\/#article","isPartOf":{"@id":"https:\/\/portaltela.pt\/noticias\/2026\/03\/28\/dois-mortos-num-acidente-rodoviario-na-ericeira\/"},"author":{"name":"Telinha","@id":"https:\/\/portaltela.pt\/#\/schema\/person\/c4278d4a6028830caff9ee44b42d32ed"},"headline":"Dois mortos num acidente rodovi\u00e1rio na Ericeira","datePublished":"2026-03-28T14:11:00+00:00","mainEntityOfPage":{"@id":"https:\/\/portaltela.pt\/noticias\/2026\/03\/28\/dois-mortos-num-acidente-rodoviario-na-ericeira\/"},"wordCount":119,"image":{"@id":"https:\/\/portaltela.pt\/noticias\/2026\/03\/28\/dois-mortos-num-acidente-rodoviario-na-ericeira\/#primaryimage"},"thumbnailUrl":"https:\/\/portaltela.pt\/s.01k8rhncp4jt1\/2026\/03\/img_1500x1000uu2016-06-04-16-09-00-541238.jpg","keywords":["acidente rodovi\u00e1rio","Bombeiros Volunt\u00e1rios","Ericeira","feridos","GNR","VMER"],"articleSection":["Acidentes"],"inLanguage":"pt-PT"},{"@type":"WebPage","@id":"https:\/\/portaltela.pt\/noticias\/2026\/03\/28\/dois-mortos-num-acidente-rodoviario-na-ericeira\/","url":"https:\/\/portaltela.pt\/noticias\/2026\/03\/28\/dois-mortos-num-acidente-rodoviario-na-ericeira\/","name":"Dois mortos num acidente rodovi\u00e1rio na Ericeira - Portal Tela Portugal","isPartOf":{"@id":"https:\/\/portaltela.pt\/#website"},"primaryImageOfPage":{"@id":"https:\/\/portaltela.pt\/noticias\/2026\/03\/28\/dois-mortos-num-acidente-rodoviario-na-ericeira\/#primaryimage"},"image":{"@id":"https:\/\/portaltela.pt\/noticias\/2026\/03\/28\/dois-mortos-num-acidente-rodoviario-na-ericeira\/#primaryimage"},"thumbnailUrl":"https:\/\/portaltela.pt\/s.01k8rhncp4jt1\/2026\/03\/img_1500x1000uu2016-06-04-16-09-00-541238.jpg","datePublished":"2026-03-28T14:11:00+00:00","author":{"@id":"https:\/\/portaltela.pt\/#\/schema\/person\/c4278d4a6028830caff9ee44b42d32ed"},"breadcrumb":{"@id":"https:\/\/portaltela.pt\/noticias\/2026\/03\/28\/dois-mortos-num-acidente-rodoviario-na-ericeira\/#breadcrumb"},"inLanguage":"pt-PT","potentialAction":[{"@type":"ReadAction","target":["https:\/\/portaltela.pt\/noticias\/2026\/03\/28\/dois-mortos-num-acidente-rodoviario-na-ericeira\/"]}]},{"@type":"ImageObject","inLanguage":"pt-PT","@id":"https:\/\/portaltela.pt\/noticias\/2026\/03\/28\/dois-mortos-num-acidente-rodoviario-na-ericeira\/#primaryimage","url":"https:\/\/portaltela.pt\/s.01k8rhncp4jt1\/2026\/03\/img_1500x1000uu2016-06-04-16-09-00-541238.jpg","contentUrl":"https:\/\/portaltela.pt\/s.01k8rhncp4jt1\/2026\/03\/img_1500x1000uu2016-06-04-16-09-00-541238.jpg","width":796,"height":448,"caption":"VMER, INEM"},{"@type":"BreadcrumbList","@id":"https:\/\/portaltela.pt\/noticias\/2026\/03\/28\/dois-mortos-num-acidente-rodoviario-na-ericeira\/#breadcrumb","itemListElement":[{"@type":"ListItem","position":1,"name":"In\u00edcio","item":"https:\/\/portaltela.pt\/"},{"@type":"ListItem","position":2,"name":"Dois mortos num acidente rodovi\u00e1rio na Ericeira"}]},{"@type":"WebSite","@id":"https:\/\/portaltela.pt\/#website","url":"https:\/\/portaltela.pt\/","name":"Portal Tela Portugal","description":"","potentialAction":[{"@type":"SearchAction","target":{"@type":"EntryPoint","urlTemplate":"https:\/\/portaltela.pt\/?s={search_term_string}"},"query-input":{"@type":"PropertyValueSpecification","valueRequired":true,"valueName":"search_term_string"}}],"inLanguage":"pt-PT"},{"@type":"Person","@id":"https:\/\/portaltela.pt\/#\/schema\/person\/c4278d4a6028830caff9ee44b42d32ed","name":"Telinha","image":{"@type":"ImageObject","inLanguage":"pt-PT","@id":"https:\/\/portaltela.pt\/s.01k8rhncp4jt1\/2025\/11\/talking-bot-125x125.png","url":"https:\/\/portaltela.pt\/s.01k8rhncp4jt1\/2025\/11\/talking-bot-125x125.png","contentUrl":"https:\/\/portaltela.pt\/s.01k8rhncp4jt1\/2025\/11\/talking-bot-125x125.png","caption":"Telinha"},"sameAs":["https:\/\/portaltela.pt\/"],"url":"https:\/\/portaltela.pt\/por\/367410592786\/"}]}},"_links":{"self":[{"href":"https:\/\/portaltela.pt\/api\/wp\/v2\/posts\/424960","targetHints":{"allow":["GET"]}}],"collection":[{"href":"https:\/\/portaltela.pt\/api\/wp\/v2\/posts"}],"about":[{"href":"https:\/\/portaltela.pt\/api\/wp\/v2\/types\/post"}],"author":[{"embeddable":true,"href":"https:\/\/portaltela.pt\/api\/wp\/v2\/users\/2"}],"replies":[{"embeddable":true,"href":"https:\/\/portaltela.pt\/api\/wp\/v2\/comments?post=424960"}],"version-history":[{"count":0,"href":"https:\/\/portaltela.pt\/api\/wp\/v2\/posts\/424960\/revisions"}],"wp:featuredmedia":[{"embeddable":true,"href":"https:\/\/portaltela.pt\/api\/wp\/v2\/media\/424962"}],"wp:attachment":[{"href":"https:\/\/portaltela.pt\/api\/wp\/v2\/media?parent=424960"}],"wp:term":[{"taxonomy":"category","embeddable":true,"href":"https:\/\/portaltela.pt\/api\/wp\/v2\/categories?post=424960"},{"taxonomy":"post_tag","embeddable":true,"href":"https:\/\/portaltela.pt\/api\/wp\/v2\/tags?post=424960"}],"curies":[{"name":"wp","href":"https:\/\/api.w.org\/{rel}","templated":true}]}}