{"id":424952,"date":"2026-03-28T10:38:00","date_gmt":"2026-03-28T13:38:00","guid":{"rendered":"https:\/\/portaltela.pt\/noticias\/2026\/03\/28\/vinte-e-dois-migrantes-morrem-ao-largo-da-costa-grega-apos-seis-dias-no-mar\/"},"modified":"2026-03-28T10:38:00","modified_gmt":"2026-03-28T13:38:00","slug":"vinte-e-dois-migrantes-morrem-ao-largo-da-costa-grega-apos-seis-dias-no-mar","status":"publish","type":"post","link":"https:\/\/portaltela.pt\/internacionais\/2026\/03\/28\/vinte-e-dois-migrantes-morrem-ao-largo-da-costa-grega-apos-seis-dias-no-mar\/","title":{"rendered":"Vinte e dois migrantes morrem ao largo da costa grega ap\u00f3s seis dias no mar"},"content":{"rendered":"<p>Vinte e dois migrantes morreram ao largo da costa grega depois de seis dias no mar, num bote de borracha, segundo a guarda costeira. O resgate ocorreu junto \u00e0 ilha de Creta, quando um navio da Frontex recuperou 26 pessoas.<\/p>\n<p>A guarda costeira indicou que os passageiros perderam o sentido de orienta\u00e7\u00e3o e permaneceram sem \u00e1gua nem comida durante todo o percurso. Os migrantes resgatados relataram que 22 pessoas morreram no mar e que os corpos foram atirados \u00e0 \u00e1gua por ordem de um traficante.<\/p>\n<h3>Detalhes do incidente<\/h3>\n<p>As informa\u00e7\u00f5es indicam uma travessia prolongada no Mediterr\u00e2neo, associada a redes de tr\u00e1fico de pessoas. Aguardam-se relatos adicionais das autoridades sobre as identidades e nacionalidades dos migrantes e sobre eventuais investiga\u00e7\u00f5es relacionadas.<\/p>\n<p>Este tipo de trajeto tem sido uma constante na rota para a Europa, com a Gr\u00e9cia a receber um grande volume de entradas vindas de v\u00e1rias regi\u00f5es. O pa\u00eds tem aumentado a vigil\u00e2ncia nas fronteiras e refor\u00e7ado patrulhas mar\u00edtimas nos \u00faltimos anos.<\/p>\n","protected":false},"excerpt":{"rendered":"<ul>\n<li>A guarda costeira grega informou que 22 migrantes morreram ao largo da costa da Gr\u00e9cia, ap\u00f3s seis dias no mar num bote de borracha; 26 pessoas foram resgatadas por um navio da Frontex ao largo da ilha de Creta.<\/li>\n<li>Os migrantes resgatados disseram \u00e0s autoridades que os corpos foram atirados \u00e0 \u00e1gua por ordem de um traficante.<\/li>\n<li>Durante a travessia, os passageiros perderam o sentido de orienta\u00e7\u00e3o e permaneceram no mar durante seis dias sem \u00e1gua nem comida.<\/li>\n<li>A Gr\u00e9cia \u00e9 uma porta de entrada para migrantes do M\u00e9dio Oriente, \u00c1frica e \u00c1sia e esteve na linha da frente da crise migrat\u00f3ria europeia em 2015-2016.<\/li>\n<li>Desde ent\u00e3o tem endurecido a legisla\u00e7\u00e3o e refor\u00e7ado as fronteiras, mas muitos continuam a tentar atravessar o mar Mediterr\u00e2neo.<\/li>\n<\/ul>\n","protected":false},"author":2,"featured_media":424956,"comment_status":"closed","ping_status":"closed","sticky":false,"template":"","format":"standard","meta":{"footnotes":""},"categories":[6912],"tags":[5747,3137,6691,1678,5974,473],"class_list":["post-424952","post","type-post","status-publish","format-standard","has-post-thumbnail","hentry","category-internacionais","tag-ajuda-humanitaria","tag-grecia","tag-migracao-internacional","tag-migrantes","tag-salvamento-maritimo","tag-trafico-de-pessoas"],"yoast_head":"<!-- This site is optimized with the Yoast SEO plugin v27.2 - https:\/\/yoast.com\/product\/yoast-seo-wordpress\/ -->\n<title>Vinte e dois migrantes morrem ao largo da costa grega ap\u00f3s seis dias no mar - Portal Tela Portugal<\/title>\n<meta name=\"robots\" content=\"index, follow, max-snippet:-1, max-image-preview:large, max-video-preview:-1\" \/>\n<meta property=\"og:locale\" content=\"pt_PT\" \/>\n<meta property=\"og:type\" content=\"article\" \/>\n<meta property=\"og:title\" content=\"Vinte e dois migrantes morrem ao largo da costa grega ap\u00f3s seis dias no mar - Portal Tela Portugal\" \/>\n<meta property=\"og:description\" content=\"A guarda costeira grega informou que 22 migrantes morreram ao largo da costa da Gr\u00e9cia, ap\u00f3s seis dias no mar num bote de borracha; 26 pessoas foram resgatadas por um navio da Frontex ao largo da ilha de Creta. Os migrantes resgatados disseram \u00e0s autoridades que os corpos foram atirados \u00e0 \u00e1gua por ordem de um traficante. Durante a travessia, os passageiros perderam o sentido de orienta\u00e7\u00e3o e permaneceram no mar durante seis dias sem \u00e1gua nem comida. A Gr\u00e9cia \u00e9 uma porta de entrada para migrantes do M\u00e9dio Oriente, \u00c1frica e \u00c1sia e esteve na linha da frente da crise migrat\u00f3ria europeia em 2015-2016. Desde ent\u00e3o tem endurecido a legisla\u00e7\u00e3o e refor\u00e7ado as fronteiras, mas muitos continuam a tentar atravessar o mar Mediterr\u00e2neo.\" \/>\n<meta property=\"og:url\" content=\"https:\/\/portaltela.pt\/noticias\/2026\/03\/28\/vinte-e-dois-migrantes-morrem-ao-largo-da-costa-grega-apos-seis-dias-no-mar\/\" \/>\n<meta property=\"og:site_name\" content=\"Portal Tela Portugal\" \/>\n<meta property=\"article:published_time\" content=\"2026-03-28T13:38:00+00:00\" \/>\n<meta name=\"author\" content=\"Telinha\" \/>\n<meta name=\"twitter:card\" content=\"summary_large_image\" \/>\n<meta name=\"twitter:label1\" content=\"Escrito por\" \/>\n\t<meta name=\"twitter:data1\" content=\"Telinha\" \/>\n\t<meta name=\"twitter:label2\" content=\"Tempo estimado de leitura\" \/>\n\t<meta name=\"twitter:data2\" content=\"1 minuto\" \/>\n<script type=\"application\/ld+json\" class=\"yoast-schema-graph\">{\"@context\":\"https:\/\/schema.org\",\"@graph\":[{\"@type\":\"Article\",\"@id\":\"https:\/\/portaltela.pt\/noticias\/2026\/03\/28\/vinte-e-dois-migrantes-morrem-ao-largo-da-costa-grega-apos-seis-dias-no-mar\/#article\",\"isPartOf\":{\"@id\":\"https:\/\/portaltela.pt\/noticias\/2026\/03\/28\/vinte-e-dois-migrantes-morrem-ao-largo-da-costa-grega-apos-seis-dias-no-mar\/\"},\"author\":{\"name\":\"Telinha\",\"@id\":\"https:\/\/portaltela.pt\/#\/schema\/person\/c4278d4a6028830caff9ee44b42d32ed\"},\"headline\":\"Vinte e dois migrantes morrem ao largo da costa grega ap\u00f3s seis dias no mar\",\"datePublished\":\"2026-03-28T13:38:00+00:00\",\"mainEntityOfPage\":{\"@id\":\"https:\/\/portaltela.pt\/noticias\/2026\/03\/28\/vinte-e-dois-migrantes-morrem-ao-largo-da-costa-grega-apos-seis-dias-no-mar\/\"},\"wordCount\":186,\"image\":{\"@id\":\"https:\/\/portaltela.pt\/noticias\/2026\/03\/28\/vinte-e-dois-migrantes-morrem-ao-largo-da-costa-grega-apos-seis-dias-no-mar\/#primaryimage\"},\"thumbnailUrl\":\"https:\/\/portaltela.pt\/s.01k8rhncp4jt1\/2026\/03\/2077635.jpg\",\"keywords\":[\"ajuda humanit\u00e1ria\",\"Gr\u00e9cia\",\"migra\u00e7\u00e3o internacional\",\"migrantes\",\"Salvamento Mar\u00edtimo\",\"tr\u00e1fico de pessoas\"],\"articleSection\":[\"Internacionais\"],\"inLanguage\":\"pt-PT\"},{\"@type\":\"WebPage\",\"@id\":\"https:\/\/portaltela.pt\/noticias\/2026\/03\/28\/vinte-e-dois-migrantes-morrem-ao-largo-da-costa-grega-apos-seis-dias-no-mar\/\",\"url\":\"https:\/\/portaltela.pt\/noticias\/2026\/03\/28\/vinte-e-dois-migrantes-morrem-ao-largo-da-costa-grega-apos-seis-dias-no-mar\/\",\"name\":\"Vinte e dois migrantes morrem ao largo da costa grega ap\u00f3s seis dias no mar - Portal Tela Portugal\",\"isPartOf\":{\"@id\":\"https:\/\/portaltela.pt\/#website\"},\"primaryImageOfPage\":{\"@id\":\"https:\/\/portaltela.pt\/noticias\/2026\/03\/28\/vinte-e-dois-migrantes-morrem-ao-largo-da-costa-grega-apos-seis-dias-no-mar\/#primaryimage\"},\"image\":{\"@id\":\"https:\/\/portaltela.pt\/noticias\/2026\/03\/28\/vinte-e-dois-migrantes-morrem-ao-largo-da-costa-grega-apos-seis-dias-no-mar\/#primaryimage\"},\"thumbnailUrl\":\"https:\/\/portaltela.pt\/s.01k8rhncp4jt1\/2026\/03\/2077635.jpg\",\"datePublished\":\"2026-03-28T13:38:00+00:00\",\"author\":{\"@id\":\"https:\/\/portaltela.pt\/#\/schema\/person\/c4278d4a6028830caff9ee44b42d32ed\"},\"breadcrumb\":{\"@id\":\"https:\/\/portaltela.pt\/noticias\/2026\/03\/28\/vinte-e-dois-migrantes-morrem-ao-largo-da-costa-grega-apos-seis-dias-no-mar\/#breadcrumb\"},\"inLanguage\":\"pt-PT\",\"potentialAction\":[{\"@type\":\"ReadAction\",\"target\":[\"https:\/\/portaltela.pt\/noticias\/2026\/03\/28\/vinte-e-dois-migrantes-morrem-ao-largo-da-costa-grega-apos-seis-dias-no-mar\/\"]}]},{\"@type\":\"ImageObject\",\"inLanguage\":\"pt-PT\",\"@id\":\"https:\/\/portaltela.pt\/noticias\/2026\/03\/28\/vinte-e-dois-migrantes-morrem-ao-largo-da-costa-grega-apos-seis-dias-no-mar\/#primaryimage\",\"url\":\"https:\/\/portaltela.pt\/s.01k8rhncp4jt1\/2026\/03\/2077635.jpg\",\"contentUrl\":\"https:\/\/portaltela.pt\/s.01k8rhncp4jt1\/2026\/03\/2077635.jpg\",\"width\":796,\"height\":448,\"caption\":\"Imigrantes paquistaneses remam no seu bote sem motor, \u00e0 deriva, entre a Gr\u00e9cia e a Turquia, na madrugada de 30 de Maio de 2015. Dez anos depois, h\u00e1 quem continue a lan\u00e7ar-se ao Mediterr\u00e2neo num bote de borracha\"},{\"@type\":\"BreadcrumbList\",\"@id\":\"https:\/\/portaltela.pt\/noticias\/2026\/03\/28\/vinte-e-dois-migrantes-morrem-ao-largo-da-costa-grega-apos-seis-dias-no-mar\/#breadcrumb\",\"itemListElement\":[{\"@type\":\"ListItem\",\"position\":1,\"name\":\"In\u00edcio\",\"item\":\"https:\/\/portaltela.pt\/\"},{\"@type\":\"ListItem\",\"position\":2,\"name\":\"Vinte e dois migrantes morrem ao largo da costa grega ap\u00f3s seis dias no mar\"}]},{\"@type\":\"WebSite\",\"@id\":\"https:\/\/portaltela.pt\/#website\",\"url\":\"https:\/\/portaltela.pt\/\",\"name\":\"Portal Tela Portugal\",\"description\":\"\",\"potentialAction\":[{\"@type\":\"SearchAction\",\"target\":{\"@type\":\"EntryPoint\",\"urlTemplate\":\"https:\/\/portaltela.pt\/?s={search_term_string}\"},\"query-input\":{\"@type\":\"PropertyValueSpecification\",\"valueRequired\":true,\"valueName\":\"search_term_string\"}}],\"inLanguage\":\"pt-PT\"},{\"@type\":\"Person\",\"@id\":\"https:\/\/portaltela.pt\/#\/schema\/person\/c4278d4a6028830caff9ee44b42d32ed\",\"name\":\"Telinha\",\"image\":{\"@type\":\"ImageObject\",\"inLanguage\":\"pt-PT\",\"@id\":\"https:\/\/portaltela.pt\/s.01k8rhncp4jt1\/2025\/11\/talking-bot-125x125.png\",\"url\":\"https:\/\/portaltela.pt\/s.01k8rhncp4jt1\/2025\/11\/talking-bot-125x125.png\",\"contentUrl\":\"https:\/\/portaltela.pt\/s.01k8rhncp4jt1\/2025\/11\/talking-bot-125x125.png\",\"caption\":\"Telinha\"},\"sameAs\":[\"https:\/\/portaltela.pt\/\"],\"url\":\"https:\/\/portaltela.pt\/por\/367410592786\/\"}]}<\/script>\n<!-- \/ Yoast SEO plugin. -->","yoast_head_json":{"title":"Vinte e dois migrantes morrem ao largo da costa grega ap\u00f3s seis dias no mar - Portal Tela Portugal","robots":{"index":"index","follow":"follow","max-snippet":"max-snippet:-1","max-image-preview":"max-image-preview:large","max-video-preview":"max-video-preview:-1"},"og_locale":"pt_PT","og_type":"article","og_title":"Vinte e dois migrantes morrem ao largo da costa grega ap\u00f3s seis dias no mar - Portal Tela Portugal","og_description":"A guarda costeira grega informou que 22 migrantes morreram ao largo da costa da Gr\u00e9cia, ap\u00f3s seis dias no mar num bote de borracha; 26 pessoas foram resgatadas por um navio da Frontex ao largo da ilha de Creta. Os migrantes resgatados disseram \u00e0s autoridades que os corpos foram atirados \u00e0 \u00e1gua por ordem de um traficante. Durante a travessia, os passageiros perderam o sentido de orienta\u00e7\u00e3o e permaneceram no mar durante seis dias sem \u00e1gua nem comida. A Gr\u00e9cia \u00e9 uma porta de entrada para migrantes do M\u00e9dio Oriente, \u00c1frica e \u00c1sia e esteve na linha da frente da crise migrat\u00f3ria europeia em 2015-2016. Desde ent\u00e3o tem endurecido a legisla\u00e7\u00e3o e refor\u00e7ado as fronteiras, mas muitos continuam a tentar atravessar o mar Mediterr\u00e2neo.","og_url":"https:\/\/portaltela.pt\/noticias\/2026\/03\/28\/vinte-e-dois-migrantes-morrem-ao-largo-da-costa-grega-apos-seis-dias-no-mar\/","og_site_name":"Portal Tela Portugal","article_published_time":"2026-03-28T13:38:00+00:00","author":"Telinha","twitter_card":"summary_large_image","twitter_misc":{"Escrito por":"Telinha","Tempo estimado de leitura":"1 minuto"},"schema":{"@context":"https:\/\/schema.org","@graph":[{"@type":"Article","@id":"https:\/\/portaltela.pt\/noticias\/2026\/03\/28\/vinte-e-dois-migrantes-morrem-ao-largo-da-costa-grega-apos-seis-dias-no-mar\/#article","isPartOf":{"@id":"https:\/\/portaltela.pt\/noticias\/2026\/03\/28\/vinte-e-dois-migrantes-morrem-ao-largo-da-costa-grega-apos-seis-dias-no-mar\/"},"author":{"name":"Telinha","@id":"https:\/\/portaltela.pt\/#\/schema\/person\/c4278d4a6028830caff9ee44b42d32ed"},"headline":"Vinte e dois migrantes morrem ao largo da costa grega ap\u00f3s seis dias no mar","datePublished":"2026-03-28T13:38:00+00:00","mainEntityOfPage":{"@id":"https:\/\/portaltela.pt\/noticias\/2026\/03\/28\/vinte-e-dois-migrantes-morrem-ao-largo-da-costa-grega-apos-seis-dias-no-mar\/"},"wordCount":186,"image":{"@id":"https:\/\/portaltela.pt\/noticias\/2026\/03\/28\/vinte-e-dois-migrantes-morrem-ao-largo-da-costa-grega-apos-seis-dias-no-mar\/#primaryimage"},"thumbnailUrl":"https:\/\/portaltela.pt\/s.01k8rhncp4jt1\/2026\/03\/2077635.jpg","keywords":["ajuda humanit\u00e1ria","Gr\u00e9cia","migra\u00e7\u00e3o internacional","migrantes","Salvamento Mar\u00edtimo","tr\u00e1fico de pessoas"],"articleSection":["Internacionais"],"inLanguage":"pt-PT"},{"@type":"WebPage","@id":"https:\/\/portaltela.pt\/noticias\/2026\/03\/28\/vinte-e-dois-migrantes-morrem-ao-largo-da-costa-grega-apos-seis-dias-no-mar\/","url":"https:\/\/portaltela.pt\/noticias\/2026\/03\/28\/vinte-e-dois-migrantes-morrem-ao-largo-da-costa-grega-apos-seis-dias-no-mar\/","name":"Vinte e dois migrantes morrem ao largo da costa grega ap\u00f3s seis dias no mar - Portal Tela Portugal","isPartOf":{"@id":"https:\/\/portaltela.pt\/#website"},"primaryImageOfPage":{"@id":"https:\/\/portaltela.pt\/noticias\/2026\/03\/28\/vinte-e-dois-migrantes-morrem-ao-largo-da-costa-grega-apos-seis-dias-no-mar\/#primaryimage"},"image":{"@id":"https:\/\/portaltela.pt\/noticias\/2026\/03\/28\/vinte-e-dois-migrantes-morrem-ao-largo-da-costa-grega-apos-seis-dias-no-mar\/#primaryimage"},"thumbnailUrl":"https:\/\/portaltela.pt\/s.01k8rhncp4jt1\/2026\/03\/2077635.jpg","datePublished":"2026-03-28T13:38:00+00:00","author":{"@id":"https:\/\/portaltela.pt\/#\/schema\/person\/c4278d4a6028830caff9ee44b42d32ed"},"breadcrumb":{"@id":"https:\/\/portaltela.pt\/noticias\/2026\/03\/28\/vinte-e-dois-migrantes-morrem-ao-largo-da-costa-grega-apos-seis-dias-no-mar\/#breadcrumb"},"inLanguage":"pt-PT","potentialAction":[{"@type":"ReadAction","target":["https:\/\/portaltela.pt\/noticias\/2026\/03\/28\/vinte-e-dois-migrantes-morrem-ao-largo-da-costa-grega-apos-seis-dias-no-mar\/"]}]},{"@type":"ImageObject","inLanguage":"pt-PT","@id":"https:\/\/portaltela.pt\/noticias\/2026\/03\/28\/vinte-e-dois-migrantes-morrem-ao-largo-da-costa-grega-apos-seis-dias-no-mar\/#primaryimage","url":"https:\/\/portaltela.pt\/s.01k8rhncp4jt1\/2026\/03\/2077635.jpg","contentUrl":"https:\/\/portaltela.pt\/s.01k8rhncp4jt1\/2026\/03\/2077635.jpg","width":796,"height":448,"caption":"Imigrantes paquistaneses remam no seu bote sem motor, \u00e0 deriva, entre a Gr\u00e9cia e a Turquia, na madrugada de 30 de Maio de 2015. Dez anos depois, h\u00e1 quem continue a lan\u00e7ar-se ao Mediterr\u00e2neo num bote de borracha"},{"@type":"BreadcrumbList","@id":"https:\/\/portaltela.pt\/noticias\/2026\/03\/28\/vinte-e-dois-migrantes-morrem-ao-largo-da-costa-grega-apos-seis-dias-no-mar\/#breadcrumb","itemListElement":[{"@type":"ListItem","position":1,"name":"In\u00edcio","item":"https:\/\/portaltela.pt\/"},{"@type":"ListItem","position":2,"name":"Vinte e dois migrantes morrem ao largo da costa grega ap\u00f3s seis dias no mar"}]},{"@type":"WebSite","@id":"https:\/\/portaltela.pt\/#website","url":"https:\/\/portaltela.pt\/","name":"Portal Tela Portugal","description":"","potentialAction":[{"@type":"SearchAction","target":{"@type":"EntryPoint","urlTemplate":"https:\/\/portaltela.pt\/?s={search_term_string}"},"query-input":{"@type":"PropertyValueSpecification","valueRequired":true,"valueName":"search_term_string"}}],"inLanguage":"pt-PT"},{"@type":"Person","@id":"https:\/\/portaltela.pt\/#\/schema\/person\/c4278d4a6028830caff9ee44b42d32ed","name":"Telinha","image":{"@type":"ImageObject","inLanguage":"pt-PT","@id":"https:\/\/portaltela.pt\/s.01k8rhncp4jt1\/2025\/11\/talking-bot-125x125.png","url":"https:\/\/portaltela.pt\/s.01k8rhncp4jt1\/2025\/11\/talking-bot-125x125.png","contentUrl":"https:\/\/portaltela.pt\/s.01k8rhncp4jt1\/2025\/11\/talking-bot-125x125.png","caption":"Telinha"},"sameAs":["https:\/\/portaltela.pt\/"],"url":"https:\/\/portaltela.pt\/por\/367410592786\/"}]}},"_links":{"self":[{"href":"https:\/\/portaltela.pt\/api\/wp\/v2\/posts\/424952","targetHints":{"allow":["GET"]}}],"collection":[{"href":"https:\/\/portaltela.pt\/api\/wp\/v2\/posts"}],"about":[{"href":"https:\/\/portaltela.pt\/api\/wp\/v2\/types\/post"}],"author":[{"embeddable":true,"href":"https:\/\/portaltela.pt\/api\/wp\/v2\/users\/2"}],"replies":[{"embeddable":true,"href":"https:\/\/portaltela.pt\/api\/wp\/v2\/comments?post=424952"}],"version-history":[{"count":0,"href":"https:\/\/portaltela.pt\/api\/wp\/v2\/posts\/424952\/revisions"}],"wp:featuredmedia":[{"embeddable":true,"href":"https:\/\/portaltela.pt\/api\/wp\/v2\/media\/424956"}],"wp:attachment":[{"href":"https:\/\/portaltela.pt\/api\/wp\/v2\/media?parent=424952"}],"wp:term":[{"taxonomy":"category","embeddable":true,"href":"https:\/\/portaltela.pt\/api\/wp\/v2\/categories?post=424952"},{"taxonomy":"post_tag","embeddable":true,"href":"https:\/\/portaltela.pt\/api\/wp\/v2\/tags?post=424952"}],"curies":[{"name":"wp","href":"https:\/\/api.w.org\/{rel}","templated":true}]}}