{"id":424950,"date":"2026-03-28T11:00:00","date_gmt":"2026-03-28T14:00:00","guid":{"rendered":"https:\/\/portaltela.pt\/noticias\/2026\/03\/28\/joana-vasconcelos-leva-maternidade-sonho-e-surrealismo-a-franca\/"},"modified":"2026-03-28T11:00:00","modified_gmt":"2026-03-28T14:00:00","slug":"joana-vasconcelos-leva-maternidade-sonho-e-surrealismo-a-franca","status":"publish","type":"post","link":"https:\/\/portaltela.pt\/noticias\/2026\/03\/28\/joana-vasconcelos-leva-maternidade-sonho-e-surrealismo-a-franca\/","title":{"rendered":"Joana Vasconcelos leva maternidade, sonho e surrealismo a Fran\u00e7a"},"content":{"rendered":"<p>Joana Vasconcelos, artista portuguesa, apresenta neste ver\u00e3o dois projetos em Fran\u00e7a, em Marselha e em Villefranche-sur-Mer. As exposi\u00e7\u00f5es centram-se nos temas da maternidade, do sonho e do surrealismo, numa leitura que cruza artesanato, cultura popular e cr\u00edtica social.<\/p>\n<p>A primeira mostra \u00e9 uma exposi\u00e7\u00e3o coletiva denominada Bonnes M\u00e8res, inaugurada a meio de maio no Museu das Civiliza\u00e7\u00f5es da Europa e do Mediterr\u00e2neo, em Marselha, e fica patente at\u00e9 agosto de 2026. A curadoria re\u00fane v\u00e1rias perspetivas sobre a maternidade, com Joana a contribuir com a sua linguagem que funde o \u00edntimo e o grandioso.<\/p>\n<p>Paralelamente, a artista prepara L Absurde et le Reve, uma exposi\u00e7\u00e3o de ver\u00e3o em Villefranche-sur-Mer, entre junho e outubro de 2026. O projeto \u00e9 uma colabora\u00e7\u00e3o com o escultor belga Arne Quinze, e resulta numa experi\u00eancia imersiva pautada pela rela\u00e7\u00e3o entre surrealismo, natureza e imagina\u00e7\u00e3o po\u00e9tica.<\/p>\n<p>Joana Vasconcelos reafirma que o ponto de partida das obras \u00e9 conceptual e emocional, avan\u00e7ando apenas quando a pe\u00e7a tem significado. A materializa\u00e7\u00e3o ocorre posteriormente, com escalas monumentais a emergirem a partir do quotidiano, como na s\u00e9rie Valqu\u00edrias.<\/p>\n<p>Nascida em 1971, a artista tem uma carreira de mais de tr\u00eas d\u00e9cadas, marcada pela descontextualiza\u00e7\u00e3o de objetos do quotidiano e pela apropria\u00e7\u00e3o do artesanato tradicional para temas como identidade, g\u00e9nero e mem\u00f3ria cultural.<\/p>\n<p>Vasconcelos representou Portugal na Bienal de Veneza em 2013, com uma embarca\u00e7\u00e3o de cacilheiro decorado com azulejos. Foi a primeira mulher a expor no Pal\u00e1cio de Versalhes com uma mostra individual e tem presen\u00e7a em institui\u00e7\u00f5es como o Museu Guggenheim Bilbao e as Galerias Uffizi.<\/p>\n","protected":false},"excerpt":{"rendered":"<ul>\n<li>Joana Vasconcelos vai apresentar duas exposi\u00e7\u00f5es em Fran\u00e7a neste ver\u00e3o: em Marselha, na exposi\u00e7\u00e3o coletiva &#8220;Bonnes M\u00e8res&#8221; no Museu das Civiliza\u00e7\u00f5es da Europa e do Mediterr\u00e2neo, at\u00e9 ao final de agosto de 2026; e em Villefranche-sur-Mer, &#8220;L&#8217;Absurde et le R\u00eave&#8221;, de junho a outubro de 2026, em parceria com o escultor belga Arne Quinze.<\/li>\n<li>Os temas centrais s\u00e3o maternidade, sonho e surrealismo, com a artista a fundir artesanato, cultura popular e cr\u00edtica social, explorando identidade, g\u00e9nero, mem\u00f3ria coletiva e heran\u00e7a cultural, numa est\u00e9tica marcadamente barroca.<\/li>\n<li>Em Marselha, a exposi\u00e7\u00e3o coletiva coloca Joana em di\u00e1logo com outros artistas, ligando o \u00edntimo ao espetacular, o dom\u00e9stico ao arquitet\u00f3nico.<\/li>\n<li>Em Villefranche-sur-Mer, a mostra imersiva envolve o di\u00e1logo entre surrealismo, natureza e imagina\u00e7\u00e3o po\u00e9tica, resultado de colabora\u00e7\u00e3o com Arne Quinze.<\/li>\n<li>A carreira de mais de tr\u00eas d\u00e9cadas de Joana Vasconcelos \u00e9 marcada pela transforma\u00e7\u00e3o de objetos quotidianos em instala\u00e7\u00f5es monumentais, com participa\u00e7\u00f5es em Veneza (2013) e exposi\u00e7\u00f5es em Versailles, Guggenheim Bilbao, Uffizi e outras institui\u00e7\u00f5es.<\/li>\n<\/ul>\n","protected":false},"author":2,"featured_media":424954,"comment_status":"closed","ping_status":"closed","sticky":false,"template":"","format":"standard","meta":{"footnotes":""},"categories":[7375,1],"tags":[70,1856,115,5751,1014,3064],"class_list":["post-424950","post","type-post","status-publish","format-standard","has-post-thumbnail","hentry","category-cultura","category-noticias","tag-arte","tag-franca","tag-maternidade","tag-museus-e-arquivos","tag-portugal","tag-surrealismo"],"yoast_head":"<!-- This site is optimized with the Yoast SEO plugin v27.2 - https:\/\/yoast.com\/product\/yoast-seo-wordpress\/ -->\n<title>Joana Vasconcelos leva maternidade, sonho e surrealismo a Fran\u00e7a - Portal Tela Portugal<\/title>\n<meta name=\"robots\" content=\"index, follow, max-snippet:-1, max-image-preview:large, max-video-preview:-1\" \/>\n<meta property=\"og:locale\" content=\"pt_PT\" \/>\n<meta property=\"og:type\" content=\"article\" \/>\n<meta property=\"og:title\" content=\"Joana Vasconcelos leva maternidade, sonho e surrealismo a Fran\u00e7a - Portal Tela Portugal\" \/>\n<meta property=\"og:description\" content=\"Joana Vasconcelos vai apresentar duas exposi\u00e7\u00f5es em Fran\u00e7a neste ver\u00e3o: em Marselha, na exposi\u00e7\u00e3o coletiva &quot;Bonnes M\u00e8res&quot; no Museu das Civiliza\u00e7\u00f5es da Europa e do Mediterr\u00e2neo, at\u00e9 ao final de agosto de 2026; e em Villefranche-sur-Mer, &quot;L&#039;Absurde et le R\u00eave&quot;, de junho a outubro de 2026, em parceria com o escultor belga Arne Quinze. Os temas centrais s\u00e3o maternidade, sonho e surrealismo, com a artista a fundir artesanato, cultura popular e cr\u00edtica social, explorando identidade, g\u00e9nero, mem\u00f3ria coletiva e heran\u00e7a cultural, numa est\u00e9tica marcadamente barroca. Em Marselha, a exposi\u00e7\u00e3o coletiva coloca Joana em di\u00e1logo com outros artistas, ligando o \u00edntimo ao espetacular, o dom\u00e9stico ao arquitet\u00f3nico. Em Villefranche-sur-Mer, a mostra imersiva envolve o di\u00e1logo entre surrealismo, natureza e imagina\u00e7\u00e3o po\u00e9tica, resultado de colabora\u00e7\u00e3o com Arne Quinze. A carreira de mais de tr\u00eas d\u00e9cadas de Joana Vasconcelos \u00e9 marcada pela transforma\u00e7\u00e3o de objetos quotidianos em instala\u00e7\u00f5es monumentais, com participa\u00e7\u00f5es em Veneza (2013) e exposi\u00e7\u00f5es em Versailles, Guggenheim Bilbao, Uffizi e outras institui\u00e7\u00f5es.\" \/>\n<meta property=\"og:url\" content=\"https:\/\/portaltela.pt\/noticias\/2026\/03\/28\/joana-vasconcelos-leva-maternidade-sonho-e-surrealismo-a-franca\/\" \/>\n<meta property=\"og:site_name\" content=\"Portal Tela Portugal\" \/>\n<meta property=\"article:published_time\" content=\"2026-03-28T14:00:00+00:00\" \/>\n<meta name=\"author\" content=\"Telinha\" \/>\n<meta name=\"twitter:card\" content=\"summary_large_image\" \/>\n<meta name=\"twitter:label1\" content=\"Escrito por\" \/>\n\t<meta name=\"twitter:data1\" content=\"Telinha\" \/>\n\t<meta name=\"twitter:label2\" content=\"Tempo estimado de leitura\" \/>\n\t<meta name=\"twitter:data2\" content=\"1 minuto\" \/>\n<script type=\"application\/ld+json\" class=\"yoast-schema-graph\">{\"@context\":\"https:\/\/schema.org\",\"@graph\":[{\"@type\":\"Article\",\"@id\":\"https:\/\/portaltela.pt\/noticias\/2026\/03\/28\/joana-vasconcelos-leva-maternidade-sonho-e-surrealismo-a-franca\/#article\",\"isPartOf\":{\"@id\":\"https:\/\/portaltela.pt\/noticias\/2026\/03\/28\/joana-vasconcelos-leva-maternidade-sonho-e-surrealismo-a-franca\/\"},\"author\":{\"name\":\"Telinha\",\"@id\":\"https:\/\/portaltela.pt\/#\/schema\/person\/c4278d4a6028830caff9ee44b42d32ed\"},\"headline\":\"Joana Vasconcelos leva maternidade, sonho e surrealismo a Fran\u00e7a\",\"datePublished\":\"2026-03-28T14:00:00+00:00\",\"mainEntityOfPage\":{\"@id\":\"https:\/\/portaltela.pt\/noticias\/2026\/03\/28\/joana-vasconcelos-leva-maternidade-sonho-e-surrealismo-a-franca\/\"},\"wordCount\":292,\"image\":{\"@id\":\"https:\/\/portaltela.pt\/noticias\/2026\/03\/28\/joana-vasconcelos-leva-maternidade-sonho-e-surrealismo-a-franca\/#primaryimage\"},\"thumbnailUrl\":\"https:\/\/portaltela.pt\/s.01k8rhncp4jt1\/2026\/03\/image-1666.jpg\",\"keywords\":[\"arte\",\"Fran\u00e7a\",\"maternidade\",\"museus e arquivos\",\"Portugal\",\"surrealismo\"],\"articleSection\":[\"Cultura\",\"Not\u00edcias\"],\"inLanguage\":\"pt-PT\"},{\"@type\":\"WebPage\",\"@id\":\"https:\/\/portaltela.pt\/noticias\/2026\/03\/28\/joana-vasconcelos-leva-maternidade-sonho-e-surrealismo-a-franca\/\",\"url\":\"https:\/\/portaltela.pt\/noticias\/2026\/03\/28\/joana-vasconcelos-leva-maternidade-sonho-e-surrealismo-a-franca\/\",\"name\":\"Joana Vasconcelos leva maternidade, sonho e surrealismo a Fran\u00e7a - Portal Tela Portugal\",\"isPartOf\":{\"@id\":\"https:\/\/portaltela.pt\/#website\"},\"primaryImageOfPage\":{\"@id\":\"https:\/\/portaltela.pt\/noticias\/2026\/03\/28\/joana-vasconcelos-leva-maternidade-sonho-e-surrealismo-a-franca\/#primaryimage\"},\"image\":{\"@id\":\"https:\/\/portaltela.pt\/noticias\/2026\/03\/28\/joana-vasconcelos-leva-maternidade-sonho-e-surrealismo-a-franca\/#primaryimage\"},\"thumbnailUrl\":\"https:\/\/portaltela.pt\/s.01k8rhncp4jt1\/2026\/03\/image-1666.jpg\",\"datePublished\":\"2026-03-28T14:00:00+00:00\",\"author\":{\"@id\":\"https:\/\/portaltela.pt\/#\/schema\/person\/c4278d4a6028830caff9ee44b42d32ed\"},\"breadcrumb\":{\"@id\":\"https:\/\/portaltela.pt\/noticias\/2026\/03\/28\/joana-vasconcelos-leva-maternidade-sonho-e-surrealismo-a-franca\/#breadcrumb\"},\"inLanguage\":\"pt-PT\",\"potentialAction\":[{\"@type\":\"ReadAction\",\"target\":[\"https:\/\/portaltela.pt\/noticias\/2026\/03\/28\/joana-vasconcelos-leva-maternidade-sonho-e-surrealismo-a-franca\/\"]}]},{\"@type\":\"ImageObject\",\"inLanguage\":\"pt-PT\",\"@id\":\"https:\/\/portaltela.pt\/noticias\/2026\/03\/28\/joana-vasconcelos-leva-maternidade-sonho-e-surrealismo-a-franca\/#primaryimage\",\"url\":\"https:\/\/portaltela.pt\/s.01k8rhncp4jt1\/2026\/03\/image-1666.jpg\",\"contentUrl\":\"https:\/\/portaltela.pt\/s.01k8rhncp4jt1\/2026\/03\/image-1666.jpg\",\"width\":796,\"height\":448,\"caption\":\"Joana Vasconcelos\"},{\"@type\":\"BreadcrumbList\",\"@id\":\"https:\/\/portaltela.pt\/noticias\/2026\/03\/28\/joana-vasconcelos-leva-maternidade-sonho-e-surrealismo-a-franca\/#breadcrumb\",\"itemListElement\":[{\"@type\":\"ListItem\",\"position\":1,\"name\":\"In\u00edcio\",\"item\":\"https:\/\/portaltela.pt\/\"},{\"@type\":\"ListItem\",\"position\":2,\"name\":\"Joana Vasconcelos leva maternidade, sonho e surrealismo a Fran\u00e7a\"}]},{\"@type\":\"WebSite\",\"@id\":\"https:\/\/portaltela.pt\/#website\",\"url\":\"https:\/\/portaltela.pt\/\",\"name\":\"Portal Tela Portugal\",\"description\":\"\",\"potentialAction\":[{\"@type\":\"SearchAction\",\"target\":{\"@type\":\"EntryPoint\",\"urlTemplate\":\"https:\/\/portaltela.pt\/?s={search_term_string}\"},\"query-input\":{\"@type\":\"PropertyValueSpecification\",\"valueRequired\":true,\"valueName\":\"search_term_string\"}}],\"inLanguage\":\"pt-PT\"},{\"@type\":\"Person\",\"@id\":\"https:\/\/portaltela.pt\/#\/schema\/person\/c4278d4a6028830caff9ee44b42d32ed\",\"name\":\"Telinha\",\"image\":{\"@type\":\"ImageObject\",\"inLanguage\":\"pt-PT\",\"@id\":\"https:\/\/portaltela.pt\/s.01k8rhncp4jt1\/2025\/11\/talking-bot-125x125.png\",\"url\":\"https:\/\/portaltela.pt\/s.01k8rhncp4jt1\/2025\/11\/talking-bot-125x125.png\",\"contentUrl\":\"https:\/\/portaltela.pt\/s.01k8rhncp4jt1\/2025\/11\/talking-bot-125x125.png\",\"caption\":\"Telinha\"},\"sameAs\":[\"https:\/\/portaltela.pt\/\"],\"url\":\"https:\/\/portaltela.pt\/por\/367410592786\/\"}]}<\/script>\n<!-- \/ Yoast SEO plugin. -->","yoast_head_json":{"title":"Joana Vasconcelos leva maternidade, sonho e surrealismo a Fran\u00e7a - Portal Tela Portugal","robots":{"index":"index","follow":"follow","max-snippet":"max-snippet:-1","max-image-preview":"max-image-preview:large","max-video-preview":"max-video-preview:-1"},"og_locale":"pt_PT","og_type":"article","og_title":"Joana Vasconcelos leva maternidade, sonho e surrealismo a Fran\u00e7a - Portal Tela Portugal","og_description":"Joana Vasconcelos vai apresentar duas exposi\u00e7\u00f5es em Fran\u00e7a neste ver\u00e3o: em Marselha, na exposi\u00e7\u00e3o coletiva \"Bonnes M\u00e8res\" no Museu das Civiliza\u00e7\u00f5es da Europa e do Mediterr\u00e2neo, at\u00e9 ao final de agosto de 2026; e em Villefranche-sur-Mer, \"L'Absurde et le R\u00eave\", de junho a outubro de 2026, em parceria com o escultor belga Arne Quinze. Os temas centrais s\u00e3o maternidade, sonho e surrealismo, com a artista a fundir artesanato, cultura popular e cr\u00edtica social, explorando identidade, g\u00e9nero, mem\u00f3ria coletiva e heran\u00e7a cultural, numa est\u00e9tica marcadamente barroca. Em Marselha, a exposi\u00e7\u00e3o coletiva coloca Joana em di\u00e1logo com outros artistas, ligando o \u00edntimo ao espetacular, o dom\u00e9stico ao arquitet\u00f3nico. Em Villefranche-sur-Mer, a mostra imersiva envolve o di\u00e1logo entre surrealismo, natureza e imagina\u00e7\u00e3o po\u00e9tica, resultado de colabora\u00e7\u00e3o com Arne Quinze. A carreira de mais de tr\u00eas d\u00e9cadas de Joana Vasconcelos \u00e9 marcada pela transforma\u00e7\u00e3o de objetos quotidianos em instala\u00e7\u00f5es monumentais, com participa\u00e7\u00f5es em Veneza (2013) e exposi\u00e7\u00f5es em Versailles, Guggenheim Bilbao, Uffizi e outras institui\u00e7\u00f5es.","og_url":"https:\/\/portaltela.pt\/noticias\/2026\/03\/28\/joana-vasconcelos-leva-maternidade-sonho-e-surrealismo-a-franca\/","og_site_name":"Portal Tela Portugal","article_published_time":"2026-03-28T14:00:00+00:00","author":"Telinha","twitter_card":"summary_large_image","twitter_misc":{"Escrito por":"Telinha","Tempo estimado de leitura":"1 minuto"},"schema":{"@context":"https:\/\/schema.org","@graph":[{"@type":"Article","@id":"https:\/\/portaltela.pt\/noticias\/2026\/03\/28\/joana-vasconcelos-leva-maternidade-sonho-e-surrealismo-a-franca\/#article","isPartOf":{"@id":"https:\/\/portaltela.pt\/noticias\/2026\/03\/28\/joana-vasconcelos-leva-maternidade-sonho-e-surrealismo-a-franca\/"},"author":{"name":"Telinha","@id":"https:\/\/portaltela.pt\/#\/schema\/person\/c4278d4a6028830caff9ee44b42d32ed"},"headline":"Joana Vasconcelos leva maternidade, sonho e surrealismo a Fran\u00e7a","datePublished":"2026-03-28T14:00:00+00:00","mainEntityOfPage":{"@id":"https:\/\/portaltela.pt\/noticias\/2026\/03\/28\/joana-vasconcelos-leva-maternidade-sonho-e-surrealismo-a-franca\/"},"wordCount":292,"image":{"@id":"https:\/\/portaltela.pt\/noticias\/2026\/03\/28\/joana-vasconcelos-leva-maternidade-sonho-e-surrealismo-a-franca\/#primaryimage"},"thumbnailUrl":"https:\/\/portaltela.pt\/s.01k8rhncp4jt1\/2026\/03\/image-1666.jpg","keywords":["arte","Fran\u00e7a","maternidade","museus e arquivos","Portugal","surrealismo"],"articleSection":["Cultura","Not\u00edcias"],"inLanguage":"pt-PT"},{"@type":"WebPage","@id":"https:\/\/portaltela.pt\/noticias\/2026\/03\/28\/joana-vasconcelos-leva-maternidade-sonho-e-surrealismo-a-franca\/","url":"https:\/\/portaltela.pt\/noticias\/2026\/03\/28\/joana-vasconcelos-leva-maternidade-sonho-e-surrealismo-a-franca\/","name":"Joana Vasconcelos leva maternidade, sonho e surrealismo a Fran\u00e7a - Portal Tela Portugal","isPartOf":{"@id":"https:\/\/portaltela.pt\/#website"},"primaryImageOfPage":{"@id":"https:\/\/portaltela.pt\/noticias\/2026\/03\/28\/joana-vasconcelos-leva-maternidade-sonho-e-surrealismo-a-franca\/#primaryimage"},"image":{"@id":"https:\/\/portaltela.pt\/noticias\/2026\/03\/28\/joana-vasconcelos-leva-maternidade-sonho-e-surrealismo-a-franca\/#primaryimage"},"thumbnailUrl":"https:\/\/portaltela.pt\/s.01k8rhncp4jt1\/2026\/03\/image-1666.jpg","datePublished":"2026-03-28T14:00:00+00:00","author":{"@id":"https:\/\/portaltela.pt\/#\/schema\/person\/c4278d4a6028830caff9ee44b42d32ed"},"breadcrumb":{"@id":"https:\/\/portaltela.pt\/noticias\/2026\/03\/28\/joana-vasconcelos-leva-maternidade-sonho-e-surrealismo-a-franca\/#breadcrumb"},"inLanguage":"pt-PT","potentialAction":[{"@type":"ReadAction","target":["https:\/\/portaltela.pt\/noticias\/2026\/03\/28\/joana-vasconcelos-leva-maternidade-sonho-e-surrealismo-a-franca\/"]}]},{"@type":"ImageObject","inLanguage":"pt-PT","@id":"https:\/\/portaltela.pt\/noticias\/2026\/03\/28\/joana-vasconcelos-leva-maternidade-sonho-e-surrealismo-a-franca\/#primaryimage","url":"https:\/\/portaltela.pt\/s.01k8rhncp4jt1\/2026\/03\/image-1666.jpg","contentUrl":"https:\/\/portaltela.pt\/s.01k8rhncp4jt1\/2026\/03\/image-1666.jpg","width":796,"height":448,"caption":"Joana Vasconcelos"},{"@type":"BreadcrumbList","@id":"https:\/\/portaltela.pt\/noticias\/2026\/03\/28\/joana-vasconcelos-leva-maternidade-sonho-e-surrealismo-a-franca\/#breadcrumb","itemListElement":[{"@type":"ListItem","position":1,"name":"In\u00edcio","item":"https:\/\/portaltela.pt\/"},{"@type":"ListItem","position":2,"name":"Joana Vasconcelos leva maternidade, sonho e surrealismo a Fran\u00e7a"}]},{"@type":"WebSite","@id":"https:\/\/portaltela.pt\/#website","url":"https:\/\/portaltela.pt\/","name":"Portal Tela Portugal","description":"","potentialAction":[{"@type":"SearchAction","target":{"@type":"EntryPoint","urlTemplate":"https:\/\/portaltela.pt\/?s={search_term_string}"},"query-input":{"@type":"PropertyValueSpecification","valueRequired":true,"valueName":"search_term_string"}}],"inLanguage":"pt-PT"},{"@type":"Person","@id":"https:\/\/portaltela.pt\/#\/schema\/person\/c4278d4a6028830caff9ee44b42d32ed","name":"Telinha","image":{"@type":"ImageObject","inLanguage":"pt-PT","@id":"https:\/\/portaltela.pt\/s.01k8rhncp4jt1\/2025\/11\/talking-bot-125x125.png","url":"https:\/\/portaltela.pt\/s.01k8rhncp4jt1\/2025\/11\/talking-bot-125x125.png","contentUrl":"https:\/\/portaltela.pt\/s.01k8rhncp4jt1\/2025\/11\/talking-bot-125x125.png","caption":"Telinha"},"sameAs":["https:\/\/portaltela.pt\/"],"url":"https:\/\/portaltela.pt\/por\/367410592786\/"}]}},"_links":{"self":[{"href":"https:\/\/portaltela.pt\/api\/wp\/v2\/posts\/424950","targetHints":{"allow":["GET"]}}],"collection":[{"href":"https:\/\/portaltela.pt\/api\/wp\/v2\/posts"}],"about":[{"href":"https:\/\/portaltela.pt\/api\/wp\/v2\/types\/post"}],"author":[{"embeddable":true,"href":"https:\/\/portaltela.pt\/api\/wp\/v2\/users\/2"}],"replies":[{"embeddable":true,"href":"https:\/\/portaltela.pt\/api\/wp\/v2\/comments?post=424950"}],"version-history":[{"count":0,"href":"https:\/\/portaltela.pt\/api\/wp\/v2\/posts\/424950\/revisions"}],"wp:featuredmedia":[{"embeddable":true,"href":"https:\/\/portaltela.pt\/api\/wp\/v2\/media\/424954"}],"wp:attachment":[{"href":"https:\/\/portaltela.pt\/api\/wp\/v2\/media?parent=424950"}],"wp:term":[{"taxonomy":"category","embeddable":true,"href":"https:\/\/portaltela.pt\/api\/wp\/v2\/categories?post=424950"},{"taxonomy":"post_tag","embeddable":true,"href":"https:\/\/portaltela.pt\/api\/wp\/v2\/tags?post=424950"}],"curies":[{"name":"wp","href":"https:\/\/api.w.org\/{rel}","templated":true}]}}