{"id":424944,"date":"2026-03-28T10:39:26","date_gmt":"2026-03-28T13:39:26","guid":{"rendered":"https:\/\/portaltela.pt\/noticias\/2026\/03\/28\/governo-pretende-concluir-ate-30-de-junho-os-processos-de-apoio-as-habitacoes\/"},"modified":"2026-03-28T10:39:26","modified_gmt":"2026-03-28T13:39:26","slug":"governo-pretende-concluir-ate-30-de-junho-os-processos-de-apoio-as-habitacoes","status":"publish","type":"post","link":"https:\/\/portaltela.pt\/sociedade\/2026\/03\/28\/governo-pretende-concluir-ate-30-de-junho-os-processos-de-apoio-as-habitacoes\/","title":{"rendered":"Governo pretende concluir at\u00e9 30 de junho os processos de apoio \u00e0s habita\u00e7\u00f5es"},"content":{"rendered":"<p>O Governo anunciou em Pombal que pretende concluir at\u00e9 30 de junho os processos de apoio financeiro \u00e0s habita\u00e7\u00f5es afetadas pela tempestade Kristin. A medida visa acelerar a entrega de verbas aos propriet\u00e1rios com casas danificadas.<\/p>\n<p>Segundo o ministro da Economia e da Coes\u00e3o Territorial, Manuel Castro de Almeida, h\u00e1 atraso no pagamento e pretende-se acelerar o processo. O compromisso \u00e9 terminar as a\u00e7\u00f5es at\u00e9 ao final de junho.<\/p>\n<p>Da an\u00e1lise realizada, existem 30 mil candidaturas apresentadas, das quais apenas 3.200 j\u00e1 foram decididas, equivalentes a pouco mais de 10%. Est\u00e3o pagos quatro milh\u00f5es de euros, apesar de existirem 250 milh\u00f5es de euros dispon\u00edveis nas CCDR do Centro e de Lisboa e Vale do Tejo.<\/p>\n","protected":false},"excerpt":{"rendered":"<ul>\n<li>O Governo quer concluir at\u00e9 ao dia 30 de junho os processos de apoio financeiro \u00e0s habita\u00e7\u00f5es afetadas pela tempestade Kristin.<\/li>\n<li>O compromisso foi anunciado pelo ministro da Economia e da Coes\u00e3o Territorial, Manuel Castro de Almeida, que destacou o objetivo de acelerar o processo.<\/li>\n<li>O governante reconheceu o atraso e recordou que j\u00e1 passaram dois meses desde a passagem da tempestade Kristin.<\/li>\n<li>Das trinta mil candidaturas apresentadas, apenas tr\u00eas mil duzentas j\u00e1 est\u00e3o decididas, pouco mais de dez por cento.<\/li>\n<li>Existem 250 milh\u00f5es de euros dispon\u00edveis nas regi\u00f5es da Comiss\u00e3o de Coordena\u00e7\u00e3o e Desenvolvimento Regional do Centro e de Lisboa e Vale do Tejo, mas apenas quatro milh\u00f5es de euros foram j\u00e1 pagos.<\/li>\n<\/ul>\n","protected":false},"author":2,"featured_media":424946,"comment_status":"closed","ping_status":"closed","sticky":false,"template":"","format":"standard","meta":{"footnotes":""},"categories":[7384,6871],"tags":[6115,4687,5387,150,981,2075],"class_list":["post-424944","post","type-post","status-publish","format-standard","has-post-thumbnail","hentry","category-curiosidades","category-sociedade","tag-_economia","tag-calamidade-publica","tag-ccdr-centro","tag-habitacao","tag-lisboa","tag-pombal"],"yoast_head":"<!-- This site is optimized with the Yoast SEO plugin v27.2 - https:\/\/yoast.com\/product\/yoast-seo-wordpress\/ -->\n<title>Governo pretende concluir at\u00e9 30 de junho os processos de apoio \u00e0s habita\u00e7\u00f5es - Portal Tela Portugal<\/title>\n<meta name=\"robots\" content=\"index, follow, max-snippet:-1, max-image-preview:large, max-video-preview:-1\" \/>\n<meta property=\"og:locale\" content=\"pt_PT\" \/>\n<meta property=\"og:type\" content=\"article\" \/>\n<meta property=\"og:title\" content=\"Governo pretende concluir at\u00e9 30 de junho os processos de apoio \u00e0s habita\u00e7\u00f5es - Portal Tela Portugal\" \/>\n<meta property=\"og:description\" content=\"O Governo quer concluir at\u00e9 ao dia 30 de junho os processos de apoio financeiro \u00e0s habita\u00e7\u00f5es afetadas pela tempestade Kristin. O compromisso foi anunciado pelo ministro da Economia e da Coes\u00e3o Territorial, Manuel Castro de Almeida, que destacou o objetivo de acelerar o processo. O governante reconheceu o atraso e recordou que j\u00e1 passaram dois meses desde a passagem da tempestade Kristin. Das trinta mil candidaturas apresentadas, apenas tr\u00eas mil duzentas j\u00e1 est\u00e3o decididas, pouco mais de dez por cento. Existem 250 milh\u00f5es de euros dispon\u00edveis nas regi\u00f5es da Comiss\u00e3o de Coordena\u00e7\u00e3o e Desenvolvimento Regional do Centro e de Lisboa e Vale do Tejo, mas apenas quatro milh\u00f5es de euros foram j\u00e1 pagos.\" \/>\n<meta property=\"og:url\" content=\"https:\/\/portaltela.pt\/noticias\/2026\/03\/28\/governo-pretende-concluir-ate-30-de-junho-os-processos-de-apoio-as-habitacoes\/\" \/>\n<meta property=\"og:site_name\" content=\"Portal Tela Portugal\" \/>\n<meta property=\"article:published_time\" content=\"2026-03-28T13:39:26+00:00\" \/>\n<meta name=\"author\" content=\"Telinha\" \/>\n<meta name=\"twitter:card\" content=\"summary_large_image\" \/>\n<meta name=\"twitter:label1\" content=\"Escrito por\" \/>\n\t<meta name=\"twitter:data1\" content=\"Telinha\" \/>\n\t<meta name=\"twitter:label2\" content=\"Tempo estimado de leitura\" \/>\n\t<meta name=\"twitter:data2\" content=\"1 minuto\" \/>\n<script type=\"application\/ld+json\" class=\"yoast-schema-graph\">{\"@context\":\"https:\/\/schema.org\",\"@graph\":[{\"@type\":\"Article\",\"@id\":\"https:\/\/portaltela.pt\/noticias\/2026\/03\/28\/governo-pretende-concluir-ate-30-de-junho-os-processos-de-apoio-as-habitacoes\/#article\",\"isPartOf\":{\"@id\":\"https:\/\/portaltela.pt\/noticias\/2026\/03\/28\/governo-pretende-concluir-ate-30-de-junho-os-processos-de-apoio-as-habitacoes\/\"},\"author\":{\"name\":\"Telinha\",\"@id\":\"https:\/\/portaltela.pt\/#\/schema\/person\/c4278d4a6028830caff9ee44b42d32ed\"},\"headline\":\"Governo pretende concluir at\u00e9 30 de junho os processos de apoio \u00e0s habita\u00e7\u00f5es\",\"datePublished\":\"2026-03-28T13:39:26+00:00\",\"mainEntityOfPage\":{\"@id\":\"https:\/\/portaltela.pt\/noticias\/2026\/03\/28\/governo-pretende-concluir-ate-30-de-junho-os-processos-de-apoio-as-habitacoes\/\"},\"wordCount\":131,\"image\":{\"@id\":\"https:\/\/portaltela.pt\/noticias\/2026\/03\/28\/governo-pretende-concluir-ate-30-de-junho-os-processos-de-apoio-as-habitacoes\/#primaryimage\"},\"thumbnailUrl\":\"https:\/\/portaltela.pt\/s.01k8rhncp4jt1\/2026\/03\/img_1280x721uu2015-02-09-17-25-00-434722.jpg\",\"keywords\":[\"_economia\",\"calamidade p\u00fablica\",\"CCDR Centro\",\"habita\u00e7\u00e3o\",\"Lisboa\",\"Pombal\"],\"articleSection\":[\"Curiosidades\",\"Sociedade\"],\"inLanguage\":\"pt-PT\"},{\"@type\":\"WebPage\",\"@id\":\"https:\/\/portaltela.pt\/noticias\/2026\/03\/28\/governo-pretende-concluir-ate-30-de-junho-os-processos-de-apoio-as-habitacoes\/\",\"url\":\"https:\/\/portaltela.pt\/noticias\/2026\/03\/28\/governo-pretende-concluir-ate-30-de-junho-os-processos-de-apoio-as-habitacoes\/\",\"name\":\"Governo pretende concluir at\u00e9 30 de junho os processos de apoio \u00e0s habita\u00e7\u00f5es - Portal Tela Portugal\",\"isPartOf\":{\"@id\":\"https:\/\/portaltela.pt\/#website\"},\"primaryImageOfPage\":{\"@id\":\"https:\/\/portaltela.pt\/noticias\/2026\/03\/28\/governo-pretende-concluir-ate-30-de-junho-os-processos-de-apoio-as-habitacoes\/#primaryimage\"},\"image\":{\"@id\":\"https:\/\/portaltela.pt\/noticias\/2026\/03\/28\/governo-pretende-concluir-ate-30-de-junho-os-processos-de-apoio-as-habitacoes\/#primaryimage\"},\"thumbnailUrl\":\"https:\/\/portaltela.pt\/s.01k8rhncp4jt1\/2026\/03\/img_1280x721uu2015-02-09-17-25-00-434722.jpg\",\"datePublished\":\"2026-03-28T13:39:26+00:00\",\"author\":{\"@id\":\"https:\/\/portaltela.pt\/#\/schema\/person\/c4278d4a6028830caff9ee44b42d32ed\"},\"breadcrumb\":{\"@id\":\"https:\/\/portaltela.pt\/noticias\/2026\/03\/28\/governo-pretende-concluir-ate-30-de-junho-os-processos-de-apoio-as-habitacoes\/#breadcrumb\"},\"inLanguage\":\"pt-PT\",\"potentialAction\":[{\"@type\":\"ReadAction\",\"target\":[\"https:\/\/portaltela.pt\/noticias\/2026\/03\/28\/governo-pretende-concluir-ate-30-de-junho-os-processos-de-apoio-as-habitacoes\/\"]}]},{\"@type\":\"ImageObject\",\"inLanguage\":\"pt-PT\",\"@id\":\"https:\/\/portaltela.pt\/noticias\/2026\/03\/28\/governo-pretende-concluir-ate-30-de-junho-os-processos-de-apoio-as-habitacoes\/#primaryimage\",\"url\":\"https:\/\/portaltela.pt\/s.01k8rhncp4jt1\/2026\/03\/img_1280x721uu2015-02-09-17-25-00-434722.jpg\",\"contentUrl\":\"https:\/\/portaltela.pt\/s.01k8rhncp4jt1\/2026\/03\/img_1280x721uu2015-02-09-17-25-00-434722.jpg\",\"width\":796,\"height\":448,\"caption\":\"Manuel Castro Almeida\"},{\"@type\":\"BreadcrumbList\",\"@id\":\"https:\/\/portaltela.pt\/noticias\/2026\/03\/28\/governo-pretende-concluir-ate-30-de-junho-os-processos-de-apoio-as-habitacoes\/#breadcrumb\",\"itemListElement\":[{\"@type\":\"ListItem\",\"position\":1,\"name\":\"In\u00edcio\",\"item\":\"https:\/\/portaltela.pt\/\"},{\"@type\":\"ListItem\",\"position\":2,\"name\":\"Governo pretende concluir at\u00e9 30 de junho os processos de apoio \u00e0s habita\u00e7\u00f5es\"}]},{\"@type\":\"WebSite\",\"@id\":\"https:\/\/portaltela.pt\/#website\",\"url\":\"https:\/\/portaltela.pt\/\",\"name\":\"Portal Tela Portugal\",\"description\":\"\",\"potentialAction\":[{\"@type\":\"SearchAction\",\"target\":{\"@type\":\"EntryPoint\",\"urlTemplate\":\"https:\/\/portaltela.pt\/?s={search_term_string}\"},\"query-input\":{\"@type\":\"PropertyValueSpecification\",\"valueRequired\":true,\"valueName\":\"search_term_string\"}}],\"inLanguage\":\"pt-PT\"},{\"@type\":\"Person\",\"@id\":\"https:\/\/portaltela.pt\/#\/schema\/person\/c4278d4a6028830caff9ee44b42d32ed\",\"name\":\"Telinha\",\"image\":{\"@type\":\"ImageObject\",\"inLanguage\":\"pt-PT\",\"@id\":\"https:\/\/portaltela.pt\/s.01k8rhncp4jt1\/2025\/11\/talking-bot-125x125.png\",\"url\":\"https:\/\/portaltela.pt\/s.01k8rhncp4jt1\/2025\/11\/talking-bot-125x125.png\",\"contentUrl\":\"https:\/\/portaltela.pt\/s.01k8rhncp4jt1\/2025\/11\/talking-bot-125x125.png\",\"caption\":\"Telinha\"},\"sameAs\":[\"https:\/\/portaltela.pt\/\"],\"url\":\"https:\/\/portaltela.pt\/por\/367410592786\/\"}]}<\/script>\n<!-- \/ Yoast SEO plugin. -->","yoast_head_json":{"title":"Governo pretende concluir at\u00e9 30 de junho os processos de apoio \u00e0s habita\u00e7\u00f5es - Portal Tela Portugal","robots":{"index":"index","follow":"follow","max-snippet":"max-snippet:-1","max-image-preview":"max-image-preview:large","max-video-preview":"max-video-preview:-1"},"og_locale":"pt_PT","og_type":"article","og_title":"Governo pretende concluir at\u00e9 30 de junho os processos de apoio \u00e0s habita\u00e7\u00f5es - Portal Tela Portugal","og_description":"O Governo quer concluir at\u00e9 ao dia 30 de junho os processos de apoio financeiro \u00e0s habita\u00e7\u00f5es afetadas pela tempestade Kristin. O compromisso foi anunciado pelo ministro da Economia e da Coes\u00e3o Territorial, Manuel Castro de Almeida, que destacou o objetivo de acelerar o processo. O governante reconheceu o atraso e recordou que j\u00e1 passaram dois meses desde a passagem da tempestade Kristin. Das trinta mil candidaturas apresentadas, apenas tr\u00eas mil duzentas j\u00e1 est\u00e3o decididas, pouco mais de dez por cento. Existem 250 milh\u00f5es de euros dispon\u00edveis nas regi\u00f5es da Comiss\u00e3o de Coordena\u00e7\u00e3o e Desenvolvimento Regional do Centro e de Lisboa e Vale do Tejo, mas apenas quatro milh\u00f5es de euros foram j\u00e1 pagos.","og_url":"https:\/\/portaltela.pt\/noticias\/2026\/03\/28\/governo-pretende-concluir-ate-30-de-junho-os-processos-de-apoio-as-habitacoes\/","og_site_name":"Portal Tela Portugal","article_published_time":"2026-03-28T13:39:26+00:00","author":"Telinha","twitter_card":"summary_large_image","twitter_misc":{"Escrito por":"Telinha","Tempo estimado de leitura":"1 minuto"},"schema":{"@context":"https:\/\/schema.org","@graph":[{"@type":"Article","@id":"https:\/\/portaltela.pt\/noticias\/2026\/03\/28\/governo-pretende-concluir-ate-30-de-junho-os-processos-de-apoio-as-habitacoes\/#article","isPartOf":{"@id":"https:\/\/portaltela.pt\/noticias\/2026\/03\/28\/governo-pretende-concluir-ate-30-de-junho-os-processos-de-apoio-as-habitacoes\/"},"author":{"name":"Telinha","@id":"https:\/\/portaltela.pt\/#\/schema\/person\/c4278d4a6028830caff9ee44b42d32ed"},"headline":"Governo pretende concluir at\u00e9 30 de junho os processos de apoio \u00e0s habita\u00e7\u00f5es","datePublished":"2026-03-28T13:39:26+00:00","mainEntityOfPage":{"@id":"https:\/\/portaltela.pt\/noticias\/2026\/03\/28\/governo-pretende-concluir-ate-30-de-junho-os-processos-de-apoio-as-habitacoes\/"},"wordCount":131,"image":{"@id":"https:\/\/portaltela.pt\/noticias\/2026\/03\/28\/governo-pretende-concluir-ate-30-de-junho-os-processos-de-apoio-as-habitacoes\/#primaryimage"},"thumbnailUrl":"https:\/\/portaltela.pt\/s.01k8rhncp4jt1\/2026\/03\/img_1280x721uu2015-02-09-17-25-00-434722.jpg","keywords":["_economia","calamidade p\u00fablica","CCDR Centro","habita\u00e7\u00e3o","Lisboa","Pombal"],"articleSection":["Curiosidades","Sociedade"],"inLanguage":"pt-PT"},{"@type":"WebPage","@id":"https:\/\/portaltela.pt\/noticias\/2026\/03\/28\/governo-pretende-concluir-ate-30-de-junho-os-processos-de-apoio-as-habitacoes\/","url":"https:\/\/portaltela.pt\/noticias\/2026\/03\/28\/governo-pretende-concluir-ate-30-de-junho-os-processos-de-apoio-as-habitacoes\/","name":"Governo pretende concluir at\u00e9 30 de junho os processos de apoio \u00e0s habita\u00e7\u00f5es - Portal Tela Portugal","isPartOf":{"@id":"https:\/\/portaltela.pt\/#website"},"primaryImageOfPage":{"@id":"https:\/\/portaltela.pt\/noticias\/2026\/03\/28\/governo-pretende-concluir-ate-30-de-junho-os-processos-de-apoio-as-habitacoes\/#primaryimage"},"image":{"@id":"https:\/\/portaltela.pt\/noticias\/2026\/03\/28\/governo-pretende-concluir-ate-30-de-junho-os-processos-de-apoio-as-habitacoes\/#primaryimage"},"thumbnailUrl":"https:\/\/portaltela.pt\/s.01k8rhncp4jt1\/2026\/03\/img_1280x721uu2015-02-09-17-25-00-434722.jpg","datePublished":"2026-03-28T13:39:26+00:00","author":{"@id":"https:\/\/portaltela.pt\/#\/schema\/person\/c4278d4a6028830caff9ee44b42d32ed"},"breadcrumb":{"@id":"https:\/\/portaltela.pt\/noticias\/2026\/03\/28\/governo-pretende-concluir-ate-30-de-junho-os-processos-de-apoio-as-habitacoes\/#breadcrumb"},"inLanguage":"pt-PT","potentialAction":[{"@type":"ReadAction","target":["https:\/\/portaltela.pt\/noticias\/2026\/03\/28\/governo-pretende-concluir-ate-30-de-junho-os-processos-de-apoio-as-habitacoes\/"]}]},{"@type":"ImageObject","inLanguage":"pt-PT","@id":"https:\/\/portaltela.pt\/noticias\/2026\/03\/28\/governo-pretende-concluir-ate-30-de-junho-os-processos-de-apoio-as-habitacoes\/#primaryimage","url":"https:\/\/portaltela.pt\/s.01k8rhncp4jt1\/2026\/03\/img_1280x721uu2015-02-09-17-25-00-434722.jpg","contentUrl":"https:\/\/portaltela.pt\/s.01k8rhncp4jt1\/2026\/03\/img_1280x721uu2015-02-09-17-25-00-434722.jpg","width":796,"height":448,"caption":"Manuel Castro Almeida"},{"@type":"BreadcrumbList","@id":"https:\/\/portaltela.pt\/noticias\/2026\/03\/28\/governo-pretende-concluir-ate-30-de-junho-os-processos-de-apoio-as-habitacoes\/#breadcrumb","itemListElement":[{"@type":"ListItem","position":1,"name":"In\u00edcio","item":"https:\/\/portaltela.pt\/"},{"@type":"ListItem","position":2,"name":"Governo pretende concluir at\u00e9 30 de junho os processos de apoio \u00e0s habita\u00e7\u00f5es"}]},{"@type":"WebSite","@id":"https:\/\/portaltela.pt\/#website","url":"https:\/\/portaltela.pt\/","name":"Portal Tela Portugal","description":"","potentialAction":[{"@type":"SearchAction","target":{"@type":"EntryPoint","urlTemplate":"https:\/\/portaltela.pt\/?s={search_term_string}"},"query-input":{"@type":"PropertyValueSpecification","valueRequired":true,"valueName":"search_term_string"}}],"inLanguage":"pt-PT"},{"@type":"Person","@id":"https:\/\/portaltela.pt\/#\/schema\/person\/c4278d4a6028830caff9ee44b42d32ed","name":"Telinha","image":{"@type":"ImageObject","inLanguage":"pt-PT","@id":"https:\/\/portaltela.pt\/s.01k8rhncp4jt1\/2025\/11\/talking-bot-125x125.png","url":"https:\/\/portaltela.pt\/s.01k8rhncp4jt1\/2025\/11\/talking-bot-125x125.png","contentUrl":"https:\/\/portaltela.pt\/s.01k8rhncp4jt1\/2025\/11\/talking-bot-125x125.png","caption":"Telinha"},"sameAs":["https:\/\/portaltela.pt\/"],"url":"https:\/\/portaltela.pt\/por\/367410592786\/"}]}},"_links":{"self":[{"href":"https:\/\/portaltela.pt\/api\/wp\/v2\/posts\/424944","targetHints":{"allow":["GET"]}}],"collection":[{"href":"https:\/\/portaltela.pt\/api\/wp\/v2\/posts"}],"about":[{"href":"https:\/\/portaltela.pt\/api\/wp\/v2\/types\/post"}],"author":[{"embeddable":true,"href":"https:\/\/portaltela.pt\/api\/wp\/v2\/users\/2"}],"replies":[{"embeddable":true,"href":"https:\/\/portaltela.pt\/api\/wp\/v2\/comments?post=424944"}],"version-history":[{"count":0,"href":"https:\/\/portaltela.pt\/api\/wp\/v2\/posts\/424944\/revisions"}],"wp:featuredmedia":[{"embeddable":true,"href":"https:\/\/portaltela.pt\/api\/wp\/v2\/media\/424946"}],"wp:attachment":[{"href":"https:\/\/portaltela.pt\/api\/wp\/v2\/media?parent=424944"}],"wp:term":[{"taxonomy":"category","embeddable":true,"href":"https:\/\/portaltela.pt\/api\/wp\/v2\/categories?post=424944"},{"taxonomy":"post_tag","embeddable":true,"href":"https:\/\/portaltela.pt\/api\/wp\/v2\/tags?post=424944"}],"curies":[{"name":"wp","href":"https:\/\/api.w.org\/{rel}","templated":true}]}}