{"id":424937,"date":"2026-03-28T10:18:40","date_gmt":"2026-03-28T13:18:40","guid":{"rendered":"https:\/\/portaltela.pt\/noticias\/2026\/03\/28\/ex-primeiro-ministro-sueco-alerta-para-a-protecao-do-sns\/"},"modified":"2026-03-28T10:18:40","modified_gmt":"2026-03-28T13:18:40","slug":"ex-primeiro-ministro-sueco-alerta-para-a-protecao-do-sns","status":"publish","type":"post","link":"https:\/\/portaltela.pt\/internacionais\/2026\/03\/28\/ex-primeiro-ministro-sueco-alerta-para-a-protecao-do-sns\/","title":{"rendered":"Ex-primeiro-ministro sueco alerta para a prote\u00e7\u00e3o do SNS"},"content":{"rendered":"<p>O ex-primeiro-ministro sueco Stefan L\u00f6fven alertou, no s\u00e1bado, para a prote\u00e7\u00e3o do Sistema Nacional de Sa\u00fade (SNS) contra interesses privados. A mensagem foi proferida no per\u00edodo de abertura do segundo dia do 25.\u00ba Congresso Nacional do PS.<\/p>\n<p>L\u00f6fven elogiou Ant\u00f3nio Jos\u00e9 Seguro pela vit\u00f3ria nas elei\u00e7\u00f5es presidenciais, dizendo que isso demonstra a for\u00e7a institucional e a confian\u00e7a dos cidad\u00e3os. Afirmou que a democracia ainda prevalece e que o medo n\u00e3o \u00e9 a resposta.<\/p>\n<p>O sueco voltou a destacar que o PS, sob a lideran\u00e7a de Jos\u00e9 Lu\u00eds Carneiro, permanece uma for\u00e7a pol\u00edtica dedicada \u00e0 melhoria de vida, \u00e0 democracia e \u00e0 justi\u00e7a social. Frisou que a habita\u00e7\u00e3o, o custo de vida e a sa\u00fade universal s\u00e3o prioridades da esquerda.<\/p>\n<h3>Prioridades para o SNS e a Europa<\/h3>\n<p>O antigo l\u00edder sueco defendeu que a habita\u00e7\u00e3o \u00e9 uma necessidade humana e n\u00e3o um luxo, tal como uma pol\u00edtica que liga o social, econ\u00f3mico e clim\u00e1ticas. Conclamou a tornar a casa acess\u00edvel a jovens por toda a Europa.<\/p>\n<p>Quanto ao custo de vida, L\u00f6fven disse que o partido progressista deve apoiar os trabalhadores, refor\u00e7ar sal\u00e1rios e prote\u00e7\u00e3o social, e enfrentar as causas profundas do aumento de custos.<\/p>\n<p>Por fim, lembrou a import\u00e2ncia de manter a sa\u00fade como direito universal. Indicou que privatiza\u00e7\u00f5es afetam a qualidade do SNS e pediu aos portugueses para proteger o sistema p\u00fablico, para que n\u00e3o seja dif\u00edcil reconstru\u00ed-lo no futuro.<\/p>\n","protected":false},"excerpt":{"rendered":"<ul>\n<li>Stefan L\u00f6fven, ex-primeiro-ministro sueco, pediu proteger o SNS dos interesses privados e viu na vit\u00f3ria de Ant\u00f3nio Jos\u00e9 Seguro uma li\u00e7\u00e3o para a Europa.<\/li>\n<li>No 25.\u00ba Congresso Nacional do PS, elogiou a lideran\u00e7a de Jos\u00e9 Lu\u00eds Carneiro e a for\u00e7a da democracia em Portugal.<\/li>\n<li>Definiu tr\u00eas prioridades da esquerda: habita\u00e7\u00e3o acess\u00edvel, custo de vida controlado e um sistema de sa\u00fade eficiente e universal.<\/li>\n<li>Afirmou que a habita\u00e7\u00e3o \u00e9 uma necessidade humana, n\u00e3o um luxo, e que os jovens europeus precisam de casa pr\u00f3pria.<\/li>\n<li>Alertou para o risco de privatiza\u00e7\u00f5es no sistema de sa\u00fade e pediu aos portugueses para proteger o Sistema Nacional de Sa\u00fade.<\/li>\n<\/ul>\n","protected":false},"author":2,"featured_media":424940,"comment_status":"closed","ping_status":"closed","sticky":false,"template":"","format":"standard","meta":{"footnotes":""},"categories":[6912],"tags":[2795,4408,150,6571,172,271],"class_list":["post-424937","post","type-post","status-publish","format-standard","has-post-thumbnail","hentry","category-internacionais","tag-democracia","tag-direitos-sociais","tag-habitacao","tag-privatizacoes","tag-saude","tag-saude-publica"],"yoast_head":"<!-- This site is optimized with the Yoast SEO plugin v27.2 - https:\/\/yoast.com\/product\/yoast-seo-wordpress\/ -->\n<title>Ex-primeiro-ministro sueco alerta para a prote\u00e7\u00e3o do SNS - Portal Tela Portugal<\/title>\n<meta name=\"robots\" content=\"index, follow, max-snippet:-1, max-image-preview:large, max-video-preview:-1\" \/>\n<meta property=\"og:locale\" content=\"pt_PT\" \/>\n<meta property=\"og:type\" content=\"article\" \/>\n<meta property=\"og:title\" content=\"Ex-primeiro-ministro sueco alerta para a prote\u00e7\u00e3o do SNS - Portal Tela Portugal\" \/>\n<meta property=\"og:description\" content=\"Stefan L\u00f6fven, ex-primeiro-ministro sueco, pediu proteger o SNS dos interesses privados e viu na vit\u00f3ria de Ant\u00f3nio Jos\u00e9 Seguro uma li\u00e7\u00e3o para a Europa. No 25.\u00ba Congresso Nacional do PS, elogiou a lideran\u00e7a de Jos\u00e9 Lu\u00eds Carneiro e a for\u00e7a da democracia em Portugal. Definiu tr\u00eas prioridades da esquerda: habita\u00e7\u00e3o acess\u00edvel, custo de vida controlado e um sistema de sa\u00fade eficiente e universal. Afirmou que a habita\u00e7\u00e3o \u00e9 uma necessidade humana, n\u00e3o um luxo, e que os jovens europeus precisam de casa pr\u00f3pria. Alertou para o risco de privatiza\u00e7\u00f5es no sistema de sa\u00fade e pediu aos portugueses para proteger o Sistema Nacional de Sa\u00fade.\" \/>\n<meta property=\"og:url\" content=\"https:\/\/portaltela.pt\/noticias\/2026\/03\/28\/ex-primeiro-ministro-sueco-alerta-para-a-protecao-do-sns\/\" \/>\n<meta property=\"og:site_name\" content=\"Portal Tela Portugal\" \/>\n<meta property=\"article:published_time\" content=\"2026-03-28T13:18:40+00:00\" \/>\n<meta name=\"author\" content=\"Telinha\" \/>\n<meta name=\"twitter:card\" content=\"summary_large_image\" \/>\n<meta name=\"twitter:label1\" content=\"Escrito por\" \/>\n\t<meta name=\"twitter:data1\" content=\"Telinha\" \/>\n\t<meta name=\"twitter:label2\" content=\"Tempo estimado de leitura\" \/>\n\t<meta name=\"twitter:data2\" content=\"1 minuto\" \/>\n<script type=\"application\/ld+json\" class=\"yoast-schema-graph\">{\"@context\":\"https:\/\/schema.org\",\"@graph\":[{\"@type\":\"Article\",\"@id\":\"https:\/\/portaltela.pt\/noticias\/2026\/03\/28\/ex-primeiro-ministro-sueco-alerta-para-a-protecao-do-sns\/#article\",\"isPartOf\":{\"@id\":\"https:\/\/portaltela.pt\/noticias\/2026\/03\/28\/ex-primeiro-ministro-sueco-alerta-para-a-protecao-do-sns\/\"},\"author\":{\"name\":\"Telinha\",\"@id\":\"https:\/\/portaltela.pt\/#\/schema\/person\/c4278d4a6028830caff9ee44b42d32ed\"},\"headline\":\"Ex-primeiro-ministro sueco alerta para a prote\u00e7\u00e3o do SNS\",\"datePublished\":\"2026-03-28T13:18:40+00:00\",\"mainEntityOfPage\":{\"@id\":\"https:\/\/portaltela.pt\/noticias\/2026\/03\/28\/ex-primeiro-ministro-sueco-alerta-para-a-protecao-do-sns\/\"},\"wordCount\":273,\"image\":{\"@id\":\"https:\/\/portaltela.pt\/noticias\/2026\/03\/28\/ex-primeiro-ministro-sueco-alerta-para-a-protecao-do-sns\/#primaryimage\"},\"thumbnailUrl\":\"https:\/\/portaltela.pt\/s.01k8rhncp4jt1\/2026\/03\/img_1500x1000uu2017-07-27-11-40-00-653046.jpg\",\"keywords\":[\"democracia\",\"direitos sociais\",\"habita\u00e7\u00e3o\",\"privatiza\u00e7\u00f5es\",\"sa\u00fade\",\"sa\u00fade p\u00fablica\"],\"articleSection\":[\"Internacionais\"],\"inLanguage\":\"pt-PT\"},{\"@type\":\"WebPage\",\"@id\":\"https:\/\/portaltela.pt\/noticias\/2026\/03\/28\/ex-primeiro-ministro-sueco-alerta-para-a-protecao-do-sns\/\",\"url\":\"https:\/\/portaltela.pt\/noticias\/2026\/03\/28\/ex-primeiro-ministro-sueco-alerta-para-a-protecao-do-sns\/\",\"name\":\"Ex-primeiro-ministro sueco alerta para a prote\u00e7\u00e3o do SNS - Portal Tela Portugal\",\"isPartOf\":{\"@id\":\"https:\/\/portaltela.pt\/#website\"},\"primaryImageOfPage\":{\"@id\":\"https:\/\/portaltela.pt\/noticias\/2026\/03\/28\/ex-primeiro-ministro-sueco-alerta-para-a-protecao-do-sns\/#primaryimage\"},\"image\":{\"@id\":\"https:\/\/portaltela.pt\/noticias\/2026\/03\/28\/ex-primeiro-ministro-sueco-alerta-para-a-protecao-do-sns\/#primaryimage\"},\"thumbnailUrl\":\"https:\/\/portaltela.pt\/s.01k8rhncp4jt1\/2026\/03\/img_1500x1000uu2017-07-27-11-40-00-653046.jpg\",\"datePublished\":\"2026-03-28T13:18:40+00:00\",\"author\":{\"@id\":\"https:\/\/portaltela.pt\/#\/schema\/person\/c4278d4a6028830caff9ee44b42d32ed\"},\"breadcrumb\":{\"@id\":\"https:\/\/portaltela.pt\/noticias\/2026\/03\/28\/ex-primeiro-ministro-sueco-alerta-para-a-protecao-do-sns\/#breadcrumb\"},\"inLanguage\":\"pt-PT\",\"potentialAction\":[{\"@type\":\"ReadAction\",\"target\":[\"https:\/\/portaltela.pt\/noticias\/2026\/03\/28\/ex-primeiro-ministro-sueco-alerta-para-a-protecao-do-sns\/\"]}]},{\"@type\":\"ImageObject\",\"inLanguage\":\"pt-PT\",\"@id\":\"https:\/\/portaltela.pt\/noticias\/2026\/03\/28\/ex-primeiro-ministro-sueco-alerta-para-a-protecao-do-sns\/#primaryimage\",\"url\":\"https:\/\/portaltela.pt\/s.01k8rhncp4jt1\/2026\/03\/img_1500x1000uu2017-07-27-11-40-00-653046.jpg\",\"contentUrl\":\"https:\/\/portaltela.pt\/s.01k8rhncp4jt1\/2026\/03\/img_1500x1000uu2017-07-27-11-40-00-653046.jpg\",\"width\":796,\"height\":448,\"caption\":\"Stefan Lofven, ex-primeiro ministro da Su\u00e9cia\"},{\"@type\":\"BreadcrumbList\",\"@id\":\"https:\/\/portaltela.pt\/noticias\/2026\/03\/28\/ex-primeiro-ministro-sueco-alerta-para-a-protecao-do-sns\/#breadcrumb\",\"itemListElement\":[{\"@type\":\"ListItem\",\"position\":1,\"name\":\"In\u00edcio\",\"item\":\"https:\/\/portaltela.pt\/\"},{\"@type\":\"ListItem\",\"position\":2,\"name\":\"Ex-primeiro-ministro sueco alerta para a prote\u00e7\u00e3o do SNS\"}]},{\"@type\":\"WebSite\",\"@id\":\"https:\/\/portaltela.pt\/#website\",\"url\":\"https:\/\/portaltela.pt\/\",\"name\":\"Portal Tela Portugal\",\"description\":\"\",\"potentialAction\":[{\"@type\":\"SearchAction\",\"target\":{\"@type\":\"EntryPoint\",\"urlTemplate\":\"https:\/\/portaltela.pt\/?s={search_term_string}\"},\"query-input\":{\"@type\":\"PropertyValueSpecification\",\"valueRequired\":true,\"valueName\":\"search_term_string\"}}],\"inLanguage\":\"pt-PT\"},{\"@type\":\"Person\",\"@id\":\"https:\/\/portaltela.pt\/#\/schema\/person\/c4278d4a6028830caff9ee44b42d32ed\",\"name\":\"Telinha\",\"image\":{\"@type\":\"ImageObject\",\"inLanguage\":\"pt-PT\",\"@id\":\"https:\/\/portaltela.pt\/s.01k8rhncp4jt1\/2025\/11\/talking-bot-125x125.png\",\"url\":\"https:\/\/portaltela.pt\/s.01k8rhncp4jt1\/2025\/11\/talking-bot-125x125.png\",\"contentUrl\":\"https:\/\/portaltela.pt\/s.01k8rhncp4jt1\/2025\/11\/talking-bot-125x125.png\",\"caption\":\"Telinha\"},\"sameAs\":[\"https:\/\/portaltela.pt\/\"],\"url\":\"https:\/\/portaltela.pt\/por\/367410592786\/\"}]}<\/script>\n<!-- \/ Yoast SEO plugin. -->","yoast_head_json":{"title":"Ex-primeiro-ministro sueco alerta para a prote\u00e7\u00e3o do SNS - Portal Tela Portugal","robots":{"index":"index","follow":"follow","max-snippet":"max-snippet:-1","max-image-preview":"max-image-preview:large","max-video-preview":"max-video-preview:-1"},"og_locale":"pt_PT","og_type":"article","og_title":"Ex-primeiro-ministro sueco alerta para a prote\u00e7\u00e3o do SNS - Portal Tela Portugal","og_description":"Stefan L\u00f6fven, ex-primeiro-ministro sueco, pediu proteger o SNS dos interesses privados e viu na vit\u00f3ria de Ant\u00f3nio Jos\u00e9 Seguro uma li\u00e7\u00e3o para a Europa. No 25.\u00ba Congresso Nacional do PS, elogiou a lideran\u00e7a de Jos\u00e9 Lu\u00eds Carneiro e a for\u00e7a da democracia em Portugal. Definiu tr\u00eas prioridades da esquerda: habita\u00e7\u00e3o acess\u00edvel, custo de vida controlado e um sistema de sa\u00fade eficiente e universal. Afirmou que a habita\u00e7\u00e3o \u00e9 uma necessidade humana, n\u00e3o um luxo, e que os jovens europeus precisam de casa pr\u00f3pria. Alertou para o risco de privatiza\u00e7\u00f5es no sistema de sa\u00fade e pediu aos portugueses para proteger o Sistema Nacional de Sa\u00fade.","og_url":"https:\/\/portaltela.pt\/noticias\/2026\/03\/28\/ex-primeiro-ministro-sueco-alerta-para-a-protecao-do-sns\/","og_site_name":"Portal Tela Portugal","article_published_time":"2026-03-28T13:18:40+00:00","author":"Telinha","twitter_card":"summary_large_image","twitter_misc":{"Escrito por":"Telinha","Tempo estimado de leitura":"1 minuto"},"schema":{"@context":"https:\/\/schema.org","@graph":[{"@type":"Article","@id":"https:\/\/portaltela.pt\/noticias\/2026\/03\/28\/ex-primeiro-ministro-sueco-alerta-para-a-protecao-do-sns\/#article","isPartOf":{"@id":"https:\/\/portaltela.pt\/noticias\/2026\/03\/28\/ex-primeiro-ministro-sueco-alerta-para-a-protecao-do-sns\/"},"author":{"name":"Telinha","@id":"https:\/\/portaltela.pt\/#\/schema\/person\/c4278d4a6028830caff9ee44b42d32ed"},"headline":"Ex-primeiro-ministro sueco alerta para a prote\u00e7\u00e3o do SNS","datePublished":"2026-03-28T13:18:40+00:00","mainEntityOfPage":{"@id":"https:\/\/portaltela.pt\/noticias\/2026\/03\/28\/ex-primeiro-ministro-sueco-alerta-para-a-protecao-do-sns\/"},"wordCount":273,"image":{"@id":"https:\/\/portaltela.pt\/noticias\/2026\/03\/28\/ex-primeiro-ministro-sueco-alerta-para-a-protecao-do-sns\/#primaryimage"},"thumbnailUrl":"https:\/\/portaltela.pt\/s.01k8rhncp4jt1\/2026\/03\/img_1500x1000uu2017-07-27-11-40-00-653046.jpg","keywords":["democracia","direitos sociais","habita\u00e7\u00e3o","privatiza\u00e7\u00f5es","sa\u00fade","sa\u00fade p\u00fablica"],"articleSection":["Internacionais"],"inLanguage":"pt-PT"},{"@type":"WebPage","@id":"https:\/\/portaltela.pt\/noticias\/2026\/03\/28\/ex-primeiro-ministro-sueco-alerta-para-a-protecao-do-sns\/","url":"https:\/\/portaltela.pt\/noticias\/2026\/03\/28\/ex-primeiro-ministro-sueco-alerta-para-a-protecao-do-sns\/","name":"Ex-primeiro-ministro sueco alerta para a prote\u00e7\u00e3o do SNS - Portal Tela Portugal","isPartOf":{"@id":"https:\/\/portaltela.pt\/#website"},"primaryImageOfPage":{"@id":"https:\/\/portaltela.pt\/noticias\/2026\/03\/28\/ex-primeiro-ministro-sueco-alerta-para-a-protecao-do-sns\/#primaryimage"},"image":{"@id":"https:\/\/portaltela.pt\/noticias\/2026\/03\/28\/ex-primeiro-ministro-sueco-alerta-para-a-protecao-do-sns\/#primaryimage"},"thumbnailUrl":"https:\/\/portaltela.pt\/s.01k8rhncp4jt1\/2026\/03\/img_1500x1000uu2017-07-27-11-40-00-653046.jpg","datePublished":"2026-03-28T13:18:40+00:00","author":{"@id":"https:\/\/portaltela.pt\/#\/schema\/person\/c4278d4a6028830caff9ee44b42d32ed"},"breadcrumb":{"@id":"https:\/\/portaltela.pt\/noticias\/2026\/03\/28\/ex-primeiro-ministro-sueco-alerta-para-a-protecao-do-sns\/#breadcrumb"},"inLanguage":"pt-PT","potentialAction":[{"@type":"ReadAction","target":["https:\/\/portaltela.pt\/noticias\/2026\/03\/28\/ex-primeiro-ministro-sueco-alerta-para-a-protecao-do-sns\/"]}]},{"@type":"ImageObject","inLanguage":"pt-PT","@id":"https:\/\/portaltela.pt\/noticias\/2026\/03\/28\/ex-primeiro-ministro-sueco-alerta-para-a-protecao-do-sns\/#primaryimage","url":"https:\/\/portaltela.pt\/s.01k8rhncp4jt1\/2026\/03\/img_1500x1000uu2017-07-27-11-40-00-653046.jpg","contentUrl":"https:\/\/portaltela.pt\/s.01k8rhncp4jt1\/2026\/03\/img_1500x1000uu2017-07-27-11-40-00-653046.jpg","width":796,"height":448,"caption":"Stefan Lofven, ex-primeiro ministro da Su\u00e9cia"},{"@type":"BreadcrumbList","@id":"https:\/\/portaltela.pt\/noticias\/2026\/03\/28\/ex-primeiro-ministro-sueco-alerta-para-a-protecao-do-sns\/#breadcrumb","itemListElement":[{"@type":"ListItem","position":1,"name":"In\u00edcio","item":"https:\/\/portaltela.pt\/"},{"@type":"ListItem","position":2,"name":"Ex-primeiro-ministro sueco alerta para a prote\u00e7\u00e3o do SNS"}]},{"@type":"WebSite","@id":"https:\/\/portaltela.pt\/#website","url":"https:\/\/portaltela.pt\/","name":"Portal Tela Portugal","description":"","potentialAction":[{"@type":"SearchAction","target":{"@type":"EntryPoint","urlTemplate":"https:\/\/portaltela.pt\/?s={search_term_string}"},"query-input":{"@type":"PropertyValueSpecification","valueRequired":true,"valueName":"search_term_string"}}],"inLanguage":"pt-PT"},{"@type":"Person","@id":"https:\/\/portaltela.pt\/#\/schema\/person\/c4278d4a6028830caff9ee44b42d32ed","name":"Telinha","image":{"@type":"ImageObject","inLanguage":"pt-PT","@id":"https:\/\/portaltela.pt\/s.01k8rhncp4jt1\/2025\/11\/talking-bot-125x125.png","url":"https:\/\/portaltela.pt\/s.01k8rhncp4jt1\/2025\/11\/talking-bot-125x125.png","contentUrl":"https:\/\/portaltela.pt\/s.01k8rhncp4jt1\/2025\/11\/talking-bot-125x125.png","caption":"Telinha"},"sameAs":["https:\/\/portaltela.pt\/"],"url":"https:\/\/portaltela.pt\/por\/367410592786\/"}]}},"_links":{"self":[{"href":"https:\/\/portaltela.pt\/api\/wp\/v2\/posts\/424937","targetHints":{"allow":["GET"]}}],"collection":[{"href":"https:\/\/portaltela.pt\/api\/wp\/v2\/posts"}],"about":[{"href":"https:\/\/portaltela.pt\/api\/wp\/v2\/types\/post"}],"author":[{"embeddable":true,"href":"https:\/\/portaltela.pt\/api\/wp\/v2\/users\/2"}],"replies":[{"embeddable":true,"href":"https:\/\/portaltela.pt\/api\/wp\/v2\/comments?post=424937"}],"version-history":[{"count":0,"href":"https:\/\/portaltela.pt\/api\/wp\/v2\/posts\/424937\/revisions"}],"wp:featuredmedia":[{"embeddable":true,"href":"https:\/\/portaltela.pt\/api\/wp\/v2\/media\/424940"}],"wp:attachment":[{"href":"https:\/\/portaltela.pt\/api\/wp\/v2\/media?parent=424937"}],"wp:term":[{"taxonomy":"category","embeddable":true,"href":"https:\/\/portaltela.pt\/api\/wp\/v2\/categories?post=424937"},{"taxonomy":"post_tag","embeddable":true,"href":"https:\/\/portaltela.pt\/api\/wp\/v2\/tags?post=424937"}],"curies":[{"name":"wp","href":"https:\/\/api.w.org\/{rel}","templated":true}]}}