{"id":424932,"date":"2026-03-28T10:25:50","date_gmt":"2026-03-28T13:25:50","guid":{"rendered":"https:\/\/portaltela.pt\/noticias\/2026\/03\/28\/portugal-falha-apuramento-ao-euro-sub-17-e-arrisca-presenca-no-mundial\/"},"modified":"2026-03-28T10:25:50","modified_gmt":"2026-03-28T13:25:50","slug":"portugal-falha-apuramento-ao-euro-sub-17-e-arrisca-presenca-no-mundial","status":"publish","type":"post","link":"https:\/\/portaltela.pt\/desporto\/futebol\/2026\/03\/28\/portugal-falha-apuramento-ao-euro-sub-17-e-arrisca-presenca-no-mundial\/","title":{"rendered":"Portugal falha apuramento ao Euro sub-17 e arrisca presen\u00e7a no Mundial"},"content":{"rendered":"<p>Portugal falhou o apuramento para o Europeu de sub-17 na segunda ronda de qualifica\u00e7\u00e3o, ao perder com a Rom\u00e9nia por 1-0. O jogo realizou-se na fase de grupos e o golo surgiu aos 34 minutos, de Darius Tripon.<\/p>\n<p>A derrota, soma-se \u00e0 derrota na jornada inaugural frente \u00e0 anfitri\u00e3 It\u00e1lia (3-2), e coloca o Campe\u00e3o Europeu e Mundial fora do Europeu que se realiza na Est\u00f3nia entre 25 de maio e 7 de junho. O objetivo passa pela qualifica\u00e7\u00e3o para o Mundial no Qatar, em novembro.<\/p>\n<h3>Situa\u00e7\u00e3o no grupo<\/h3>\n<p>O grupo A2 \u00e9 liderado pela Rom\u00e9nia, com seis pontos, seguida pela It\u00e1lia com tr\u00eas. Portugal continua sem pontos ap\u00f3s duas jornadas, tornando a passagem \u00e0s fases finais improv\u00e1vel, mesmo que venham a vencer na \u00faltima ronda. A It\u00e1lia encara j\u00e1 a Isl\u00e2ndia no desafio seguinte.<\/p>\n","protected":false},"excerpt":{"rendered":"<ul>\n<li>A sele\u00e7\u00e3o nacional de sub-17, orientada por Jos\u00e9 Lima, perdeu com a Rom\u00e9nia por 1-0 na segunda jornada do grupo A2, golo de Darius Tripon aos 34 minutos.<\/li>\n<li>Foi a segunda derrota no grupo, ap\u00f3s a derrota na jornada inaugural diante da It\u00e1lia, por 3-2.<\/li>\n<li>Portugal fica com zero pontos e est\u00e1 j\u00e1 fora do Europeu de sub-17 da Est\u00f3nia, que se realiza entre 25 de maio e 7 de junho.<\/li>\n<li>O Mundial da categoria, previsto para novembro no Qatar, continua em risco, j\u00e1 que apenas os sete vencedores dos grupos e os quatro melhores segundos v\u00e3o \u00e0 competi\u00e7\u00e3o.<\/li>\n<li>No grupo, a Rom\u00e9nia lidera com seis pontos, a It\u00e1lia tem tr\u00eas, e Portugal pode chegar a no m\u00e1ximo tr\u00eas pontos na \u00faltima jornada, dependente de resultados improv\u00e1veis.<\/li>\n<\/ul>\n","protected":false},"author":2,"featured_media":424936,"comment_status":"closed","ping_status":"closed","sticky":false,"template":"","format":"standard","meta":{"footnotes":""},"categories":[21,24],"tags":[3486,32,3338,1014,2057,3212],"class_list":["post-424932","post","type-post","status-publish","format-standard","has-post-thumbnail","hentry","category-desporto","category-futebol","tag-estonia","tag-futebol","tag-futebol-internacional","tag-portugal","tag-selecao-nacional","tag-selecoes-internacionais"],"yoast_head":"<!-- This site is optimized with the Yoast SEO plugin v27.2 - https:\/\/yoast.com\/product\/yoast-seo-wordpress\/ -->\n<title>Portugal falha apuramento ao Euro sub-17 e arrisca presen\u00e7a no Mundial - Portal Tela Portugal<\/title>\n<meta name=\"robots\" content=\"index, follow, max-snippet:-1, max-image-preview:large, max-video-preview:-1\" \/>\n<meta property=\"og:locale\" content=\"pt_PT\" \/>\n<meta property=\"og:type\" content=\"article\" \/>\n<meta property=\"og:title\" content=\"Portugal falha apuramento ao Euro sub-17 e arrisca presen\u00e7a no Mundial - Portal Tela Portugal\" \/>\n<meta property=\"og:description\" content=\"A sele\u00e7\u00e3o nacional de sub-17, orientada por Jos\u00e9 Lima, perdeu com a Rom\u00e9nia por 1-0 na segunda jornada do grupo A2, golo de Darius Tripon aos 34 minutos. Foi a segunda derrota no grupo, ap\u00f3s a derrota na jornada inaugural diante da It\u00e1lia, por 3-2. Portugal fica com zero pontos e est\u00e1 j\u00e1 fora do Europeu de sub-17 da Est\u00f3nia, que se realiza entre 25 de maio e 7 de junho. O Mundial da categoria, previsto para novembro no Qatar, continua em risco, j\u00e1 que apenas os sete vencedores dos grupos e os quatro melhores segundos v\u00e3o \u00e0 competi\u00e7\u00e3o. No grupo, a Rom\u00e9nia lidera com seis pontos, a It\u00e1lia tem tr\u00eas, e Portugal pode chegar a no m\u00e1ximo tr\u00eas pontos na \u00faltima jornada, dependente de resultados improv\u00e1veis.\" \/>\n<meta property=\"og:url\" content=\"https:\/\/portaltela.pt\/noticias\/2026\/03\/28\/portugal-falha-apuramento-ao-euro-sub-17-e-arrisca-presenca-no-mundial\/\" \/>\n<meta property=\"og:site_name\" content=\"Portal Tela Portugal\" \/>\n<meta property=\"article:published_time\" content=\"2026-03-28T13:25:50+00:00\" \/>\n<meta name=\"author\" content=\"Telinha\" \/>\n<meta name=\"twitter:card\" content=\"summary_large_image\" \/>\n<meta name=\"twitter:label1\" content=\"Escrito por\" \/>\n\t<meta name=\"twitter:data1\" content=\"Telinha\" \/>\n\t<meta name=\"twitter:label2\" content=\"Tempo estimado de leitura\" \/>\n\t<meta name=\"twitter:data2\" content=\"1 minuto\" \/>\n<script type=\"application\/ld+json\" class=\"yoast-schema-graph\">{\"@context\":\"https:\/\/schema.org\",\"@graph\":[{\"@type\":\"Article\",\"@id\":\"https:\/\/portaltela.pt\/noticias\/2026\/03\/28\/portugal-falha-apuramento-ao-euro-sub-17-e-arrisca-presenca-no-mundial\/#article\",\"isPartOf\":{\"@id\":\"https:\/\/portaltela.pt\/noticias\/2026\/03\/28\/portugal-falha-apuramento-ao-euro-sub-17-e-arrisca-presenca-no-mundial\/\"},\"author\":{\"name\":\"Telinha\",\"@id\":\"https:\/\/portaltela.pt\/#\/schema\/person\/c4278d4a6028830caff9ee44b42d32ed\"},\"headline\":\"Portugal falha apuramento ao Euro sub-17 e arrisca presen\u00e7a no Mundial\",\"datePublished\":\"2026-03-28T13:25:50+00:00\",\"mainEntityOfPage\":{\"@id\":\"https:\/\/portaltela.pt\/noticias\/2026\/03\/28\/portugal-falha-apuramento-ao-euro-sub-17-e-arrisca-presenca-no-mundial\/\"},\"wordCount\":155,\"image\":{\"@id\":\"https:\/\/portaltela.pt\/noticias\/2026\/03\/28\/portugal-falha-apuramento-ao-euro-sub-17-e-arrisca-presenca-no-mundial\/#primaryimage\"},\"thumbnailUrl\":\"https:\/\/portaltela.pt\/s.01k8rhncp4jt1\/2026\/03\/img_920x518uu2026-03-28-13-25-12-2429825.jpg\",\"keywords\":[\"Est\u00f3nia\",\"futebol\",\"futebol internacional\",\"Portugal\",\"Sele\u00e7\u00e3o Nacional\",\"sele\u00e7\u00f5es internacionais\"],\"articleSection\":[\"Desporto\",\"Futebol\"],\"inLanguage\":\"pt-PT\"},{\"@type\":\"WebPage\",\"@id\":\"https:\/\/portaltela.pt\/noticias\/2026\/03\/28\/portugal-falha-apuramento-ao-euro-sub-17-e-arrisca-presenca-no-mundial\/\",\"url\":\"https:\/\/portaltela.pt\/noticias\/2026\/03\/28\/portugal-falha-apuramento-ao-euro-sub-17-e-arrisca-presenca-no-mundial\/\",\"name\":\"Portugal falha apuramento ao Euro sub-17 e arrisca presen\u00e7a no Mundial - Portal Tela Portugal\",\"isPartOf\":{\"@id\":\"https:\/\/portaltela.pt\/#website\"},\"primaryImageOfPage\":{\"@id\":\"https:\/\/portaltela.pt\/noticias\/2026\/03\/28\/portugal-falha-apuramento-ao-euro-sub-17-e-arrisca-presenca-no-mundial\/#primaryimage\"},\"image\":{\"@id\":\"https:\/\/portaltela.pt\/noticias\/2026\/03\/28\/portugal-falha-apuramento-ao-euro-sub-17-e-arrisca-presenca-no-mundial\/#primaryimage\"},\"thumbnailUrl\":\"https:\/\/portaltela.pt\/s.01k8rhncp4jt1\/2026\/03\/img_920x518uu2026-03-28-13-25-12-2429825.jpg\",\"datePublished\":\"2026-03-28T13:25:50+00:00\",\"author\":{\"@id\":\"https:\/\/portaltela.pt\/#\/schema\/person\/c4278d4a6028830caff9ee44b42d32ed\"},\"breadcrumb\":{\"@id\":\"https:\/\/portaltela.pt\/noticias\/2026\/03\/28\/portugal-falha-apuramento-ao-euro-sub-17-e-arrisca-presenca-no-mundial\/#breadcrumb\"},\"inLanguage\":\"pt-PT\",\"potentialAction\":[{\"@type\":\"ReadAction\",\"target\":[\"https:\/\/portaltela.pt\/noticias\/2026\/03\/28\/portugal-falha-apuramento-ao-euro-sub-17-e-arrisca-presenca-no-mundial\/\"]}]},{\"@type\":\"ImageObject\",\"inLanguage\":\"pt-PT\",\"@id\":\"https:\/\/portaltela.pt\/noticias\/2026\/03\/28\/portugal-falha-apuramento-ao-euro-sub-17-e-arrisca-presenca-no-mundial\/#primaryimage\",\"url\":\"https:\/\/portaltela.pt\/s.01k8rhncp4jt1\/2026\/03\/img_920x518uu2026-03-28-13-25-12-2429825.jpg\",\"contentUrl\":\"https:\/\/portaltela.pt\/s.01k8rhncp4jt1\/2026\/03\/img_920x518uu2026-03-28-13-25-12-2429825.jpg\",\"width\":796,\"height\":448,\"caption\":\"Portugal tem zero pontos e est\u00e1 j\u00e1 fora do Europeu da Est\u00f3nia\"},{\"@type\":\"BreadcrumbList\",\"@id\":\"https:\/\/portaltela.pt\/noticias\/2026\/03\/28\/portugal-falha-apuramento-ao-euro-sub-17-e-arrisca-presenca-no-mundial\/#breadcrumb\",\"itemListElement\":[{\"@type\":\"ListItem\",\"position\":1,\"name\":\"In\u00edcio\",\"item\":\"https:\/\/portaltela.pt\/\"},{\"@type\":\"ListItem\",\"position\":2,\"name\":\"Portugal falha apuramento ao Euro sub-17 e arrisca presen\u00e7a no Mundial\"}]},{\"@type\":\"WebSite\",\"@id\":\"https:\/\/portaltela.pt\/#website\",\"url\":\"https:\/\/portaltela.pt\/\",\"name\":\"Portal Tela Portugal\",\"description\":\"\",\"potentialAction\":[{\"@type\":\"SearchAction\",\"target\":{\"@type\":\"EntryPoint\",\"urlTemplate\":\"https:\/\/portaltela.pt\/?s={search_term_string}\"},\"query-input\":{\"@type\":\"PropertyValueSpecification\",\"valueRequired\":true,\"valueName\":\"search_term_string\"}}],\"inLanguage\":\"pt-PT\"},{\"@type\":\"Person\",\"@id\":\"https:\/\/portaltela.pt\/#\/schema\/person\/c4278d4a6028830caff9ee44b42d32ed\",\"name\":\"Telinha\",\"image\":{\"@type\":\"ImageObject\",\"inLanguage\":\"pt-PT\",\"@id\":\"https:\/\/portaltela.pt\/s.01k8rhncp4jt1\/2025\/11\/talking-bot-125x125.png\",\"url\":\"https:\/\/portaltela.pt\/s.01k8rhncp4jt1\/2025\/11\/talking-bot-125x125.png\",\"contentUrl\":\"https:\/\/portaltela.pt\/s.01k8rhncp4jt1\/2025\/11\/talking-bot-125x125.png\",\"caption\":\"Telinha\"},\"sameAs\":[\"https:\/\/portaltela.pt\/\"],\"url\":\"https:\/\/portaltela.pt\/por\/367410592786\/\"}]}<\/script>\n<!-- \/ Yoast SEO plugin. -->","yoast_head_json":{"title":"Portugal falha apuramento ao Euro sub-17 e arrisca presen\u00e7a no Mundial - Portal Tela Portugal","robots":{"index":"index","follow":"follow","max-snippet":"max-snippet:-1","max-image-preview":"max-image-preview:large","max-video-preview":"max-video-preview:-1"},"og_locale":"pt_PT","og_type":"article","og_title":"Portugal falha apuramento ao Euro sub-17 e arrisca presen\u00e7a no Mundial - Portal Tela Portugal","og_description":"A sele\u00e7\u00e3o nacional de sub-17, orientada por Jos\u00e9 Lima, perdeu com a Rom\u00e9nia por 1-0 na segunda jornada do grupo A2, golo de Darius Tripon aos 34 minutos. Foi a segunda derrota no grupo, ap\u00f3s a derrota na jornada inaugural diante da It\u00e1lia, por 3-2. Portugal fica com zero pontos e est\u00e1 j\u00e1 fora do Europeu de sub-17 da Est\u00f3nia, que se realiza entre 25 de maio e 7 de junho. O Mundial da categoria, previsto para novembro no Qatar, continua em risco, j\u00e1 que apenas os sete vencedores dos grupos e os quatro melhores segundos v\u00e3o \u00e0 competi\u00e7\u00e3o. No grupo, a Rom\u00e9nia lidera com seis pontos, a It\u00e1lia tem tr\u00eas, e Portugal pode chegar a no m\u00e1ximo tr\u00eas pontos na \u00faltima jornada, dependente de resultados improv\u00e1veis.","og_url":"https:\/\/portaltela.pt\/noticias\/2026\/03\/28\/portugal-falha-apuramento-ao-euro-sub-17-e-arrisca-presenca-no-mundial\/","og_site_name":"Portal Tela Portugal","article_published_time":"2026-03-28T13:25:50+00:00","author":"Telinha","twitter_card":"summary_large_image","twitter_misc":{"Escrito por":"Telinha","Tempo estimado de leitura":"1 minuto"},"schema":{"@context":"https:\/\/schema.org","@graph":[{"@type":"Article","@id":"https:\/\/portaltela.pt\/noticias\/2026\/03\/28\/portugal-falha-apuramento-ao-euro-sub-17-e-arrisca-presenca-no-mundial\/#article","isPartOf":{"@id":"https:\/\/portaltela.pt\/noticias\/2026\/03\/28\/portugal-falha-apuramento-ao-euro-sub-17-e-arrisca-presenca-no-mundial\/"},"author":{"name":"Telinha","@id":"https:\/\/portaltela.pt\/#\/schema\/person\/c4278d4a6028830caff9ee44b42d32ed"},"headline":"Portugal falha apuramento ao Euro sub-17 e arrisca presen\u00e7a no Mundial","datePublished":"2026-03-28T13:25:50+00:00","mainEntityOfPage":{"@id":"https:\/\/portaltela.pt\/noticias\/2026\/03\/28\/portugal-falha-apuramento-ao-euro-sub-17-e-arrisca-presenca-no-mundial\/"},"wordCount":155,"image":{"@id":"https:\/\/portaltela.pt\/noticias\/2026\/03\/28\/portugal-falha-apuramento-ao-euro-sub-17-e-arrisca-presenca-no-mundial\/#primaryimage"},"thumbnailUrl":"https:\/\/portaltela.pt\/s.01k8rhncp4jt1\/2026\/03\/img_920x518uu2026-03-28-13-25-12-2429825.jpg","keywords":["Est\u00f3nia","futebol","futebol internacional","Portugal","Sele\u00e7\u00e3o Nacional","sele\u00e7\u00f5es internacionais"],"articleSection":["Desporto","Futebol"],"inLanguage":"pt-PT"},{"@type":"WebPage","@id":"https:\/\/portaltela.pt\/noticias\/2026\/03\/28\/portugal-falha-apuramento-ao-euro-sub-17-e-arrisca-presenca-no-mundial\/","url":"https:\/\/portaltela.pt\/noticias\/2026\/03\/28\/portugal-falha-apuramento-ao-euro-sub-17-e-arrisca-presenca-no-mundial\/","name":"Portugal falha apuramento ao Euro sub-17 e arrisca presen\u00e7a no Mundial - Portal Tela Portugal","isPartOf":{"@id":"https:\/\/portaltela.pt\/#website"},"primaryImageOfPage":{"@id":"https:\/\/portaltela.pt\/noticias\/2026\/03\/28\/portugal-falha-apuramento-ao-euro-sub-17-e-arrisca-presenca-no-mundial\/#primaryimage"},"image":{"@id":"https:\/\/portaltela.pt\/noticias\/2026\/03\/28\/portugal-falha-apuramento-ao-euro-sub-17-e-arrisca-presenca-no-mundial\/#primaryimage"},"thumbnailUrl":"https:\/\/portaltela.pt\/s.01k8rhncp4jt1\/2026\/03\/img_920x518uu2026-03-28-13-25-12-2429825.jpg","datePublished":"2026-03-28T13:25:50+00:00","author":{"@id":"https:\/\/portaltela.pt\/#\/schema\/person\/c4278d4a6028830caff9ee44b42d32ed"},"breadcrumb":{"@id":"https:\/\/portaltela.pt\/noticias\/2026\/03\/28\/portugal-falha-apuramento-ao-euro-sub-17-e-arrisca-presenca-no-mundial\/#breadcrumb"},"inLanguage":"pt-PT","potentialAction":[{"@type":"ReadAction","target":["https:\/\/portaltela.pt\/noticias\/2026\/03\/28\/portugal-falha-apuramento-ao-euro-sub-17-e-arrisca-presenca-no-mundial\/"]}]},{"@type":"ImageObject","inLanguage":"pt-PT","@id":"https:\/\/portaltela.pt\/noticias\/2026\/03\/28\/portugal-falha-apuramento-ao-euro-sub-17-e-arrisca-presenca-no-mundial\/#primaryimage","url":"https:\/\/portaltela.pt\/s.01k8rhncp4jt1\/2026\/03\/img_920x518uu2026-03-28-13-25-12-2429825.jpg","contentUrl":"https:\/\/portaltela.pt\/s.01k8rhncp4jt1\/2026\/03\/img_920x518uu2026-03-28-13-25-12-2429825.jpg","width":796,"height":448,"caption":"Portugal tem zero pontos e est\u00e1 j\u00e1 fora do Europeu da Est\u00f3nia"},{"@type":"BreadcrumbList","@id":"https:\/\/portaltela.pt\/noticias\/2026\/03\/28\/portugal-falha-apuramento-ao-euro-sub-17-e-arrisca-presenca-no-mundial\/#breadcrumb","itemListElement":[{"@type":"ListItem","position":1,"name":"In\u00edcio","item":"https:\/\/portaltela.pt\/"},{"@type":"ListItem","position":2,"name":"Portugal falha apuramento ao Euro sub-17 e arrisca presen\u00e7a no Mundial"}]},{"@type":"WebSite","@id":"https:\/\/portaltela.pt\/#website","url":"https:\/\/portaltela.pt\/","name":"Portal Tela Portugal","description":"","potentialAction":[{"@type":"SearchAction","target":{"@type":"EntryPoint","urlTemplate":"https:\/\/portaltela.pt\/?s={search_term_string}"},"query-input":{"@type":"PropertyValueSpecification","valueRequired":true,"valueName":"search_term_string"}}],"inLanguage":"pt-PT"},{"@type":"Person","@id":"https:\/\/portaltela.pt\/#\/schema\/person\/c4278d4a6028830caff9ee44b42d32ed","name":"Telinha","image":{"@type":"ImageObject","inLanguage":"pt-PT","@id":"https:\/\/portaltela.pt\/s.01k8rhncp4jt1\/2025\/11\/talking-bot-125x125.png","url":"https:\/\/portaltela.pt\/s.01k8rhncp4jt1\/2025\/11\/talking-bot-125x125.png","contentUrl":"https:\/\/portaltela.pt\/s.01k8rhncp4jt1\/2025\/11\/talking-bot-125x125.png","caption":"Telinha"},"sameAs":["https:\/\/portaltela.pt\/"],"url":"https:\/\/portaltela.pt\/por\/367410592786\/"}]}},"_links":{"self":[{"href":"https:\/\/portaltela.pt\/api\/wp\/v2\/posts\/424932","targetHints":{"allow":["GET"]}}],"collection":[{"href":"https:\/\/portaltela.pt\/api\/wp\/v2\/posts"}],"about":[{"href":"https:\/\/portaltela.pt\/api\/wp\/v2\/types\/post"}],"author":[{"embeddable":true,"href":"https:\/\/portaltela.pt\/api\/wp\/v2\/users\/2"}],"replies":[{"embeddable":true,"href":"https:\/\/portaltela.pt\/api\/wp\/v2\/comments?post=424932"}],"version-history":[{"count":0,"href":"https:\/\/portaltela.pt\/api\/wp\/v2\/posts\/424932\/revisions"}],"wp:featuredmedia":[{"embeddable":true,"href":"https:\/\/portaltela.pt\/api\/wp\/v2\/media\/424936"}],"wp:attachment":[{"href":"https:\/\/portaltela.pt\/api\/wp\/v2\/media?parent=424932"}],"wp:term":[{"taxonomy":"category","embeddable":true,"href":"https:\/\/portaltela.pt\/api\/wp\/v2\/categories?post=424932"},{"taxonomy":"post_tag","embeddable":true,"href":"https:\/\/portaltela.pt\/api\/wp\/v2\/tags?post=424932"}],"curies":[{"name":"wp","href":"https:\/\/api.w.org\/{rel}","templated":true}]}}