{"id":424920,"date":"2026-03-28T10:00:00","date_gmt":"2026-03-28T13:00:00","guid":{"rendered":"https:\/\/portaltela.pt\/noticias\/2026\/03\/28\/cientistas-investigam-ampliar-apoio-a-pessoas-com-demencia-e-cuidadores\/"},"modified":"2026-03-28T10:00:00","modified_gmt":"2026-03-28T13:00:00","slug":"cientistas-investigam-ampliar-apoio-a-pessoas-com-demencia-e-cuidadores","status":"publish","type":"post","link":"https:\/\/portaltela.pt\/saude\/2026\/03\/28\/cientistas-investigam-ampliar-apoio-a-pessoas-com-demencia-e-cuidadores\/","title":{"rendered":"Cientistas investigam ampliar apoio a pessoas com dem\u00eancia e cuidadores"},"content":{"rendered":"<p>Em Portugal, estima-se que em 2050 haja cerca de 358 mil pessoas com dem\u00eancia, o que exige repensar os cuidados domicili\u00e1rios e as redes de apoio a doentes e cuidadores. O dado surge num contexto de envelhecimento population.<\/p>\n<p>O estudo em foco \u00e9 promovido pelo projecto PATEO \u2013 Pessoas com Autonomia, Tecto, Espa\u00e7o e Oportunidade. O objetivo \u00e9 explorar formas de diversificar o apoio a quem vive com dem\u00eancia e a quem presta assist\u00eancia diariamente.<\/p>\n<p>Marcelo Mendon\u00e7a, neurologista da Funda\u00e7\u00e3o Champalimaud, destaca que o envelhecimento acarreta doen\u00e7as neurodegenerativas e de movimento, para as quais as respostas atuais s\u00e3o insuficientes. O projecto pretende identificar solu\u00e7\u00f5es mais eficazes e acess\u00edveis.<\/p>\n<p>A iniciativa assinala a import\u00e2ncia de reorganizar servi\u00e7os e estruturas de apoio, ajustando-os \u00e0s necessidades reais de doentes e cuidadores, com foco na melhoria da qualidade de vida e da autonomia em casa.<\/p>\n","protected":false},"excerpt":{"rendered":"<ul>\n<li>Em 2050, cerca de 358 mil portugueses ter\u00e3o algum tipo de dem\u00eancia.<\/li>\n<li>Peritos alertam para a necessidade de reorganizar os cuidados domicili\u00e1rios e as estruturas de apoio aos doentes e cuidadores.<\/li>\n<li>Marcelo Mendon\u00e7a, neurologista da Funda\u00e7\u00e3o Champalimaud, integra o projecto PATEO (Pessoas com Autonomia, Tecto, Espa\u00e7o e Oportunidade).<\/li>\n<li>O objectivo \u00e9 estudar como diversificar o apoio \u00e0s pessoas com dem\u00eancia e aos seus cuidadores.<\/li>\n<li>O envelhecimento da popula\u00e7\u00e3o aumenta as doen\u00e7as do movimento e neurodegenerativas, incluindo a dem\u00eancia, cujas respostas atuais s\u00e3o consideradas insuficientes.<\/li>\n<\/ul>\n","protected":false},"author":2,"featured_media":424922,"comment_status":"closed","ping_status":"closed","sticky":false,"template":"","format":"standard","meta":{"footnotes":""},"categories":[1,6745],"tags":[5780,5371,268,2788,2736,1014],"class_list":["post-424920","post","type-post","status-publish","format-standard","has-post-thumbnail","hentry","category-noticias","category-saude","tag-cuidadores","tag-cuidados-de-saude","tag-demencia","tag-envelhecimento","tag-idosos","tag-portugal"],"yoast_head":"<!-- This site is optimized with the Yoast SEO plugin v27.2 - https:\/\/yoast.com\/product\/yoast-seo-wordpress\/ -->\n<title>Cientistas investigam ampliar apoio a pessoas com dem\u00eancia e cuidadores - Portal Tela Portugal<\/title>\n<meta name=\"robots\" content=\"index, follow, max-snippet:-1, max-image-preview:large, max-video-preview:-1\" \/>\n<meta property=\"og:locale\" content=\"pt_PT\" \/>\n<meta property=\"og:type\" content=\"article\" \/>\n<meta property=\"og:title\" content=\"Cientistas investigam ampliar apoio a pessoas com dem\u00eancia e cuidadores - Portal Tela Portugal\" \/>\n<meta property=\"og:description\" content=\"Em 2050, cerca de 358 mil portugueses ter\u00e3o algum tipo de dem\u00eancia. Peritos alertam para a necessidade de reorganizar os cuidados domicili\u00e1rios e as estruturas de apoio aos doentes e cuidadores. Marcelo Mendon\u00e7a, neurologista da Funda\u00e7\u00e3o Champalimaud, integra o projecto PATEO (Pessoas com Autonomia, Tecto, Espa\u00e7o e Oportunidade). O objectivo \u00e9 estudar como diversificar o apoio \u00e0s pessoas com dem\u00eancia e aos seus cuidadores. O envelhecimento da popula\u00e7\u00e3o aumenta as doen\u00e7as do movimento e neurodegenerativas, incluindo a dem\u00eancia, cujas respostas atuais s\u00e3o consideradas insuficientes.\" \/>\n<meta property=\"og:url\" content=\"https:\/\/portaltela.pt\/noticias\/2026\/03\/28\/cientistas-investigam-ampliar-apoio-a-pessoas-com-demencia-e-cuidadores\/\" \/>\n<meta property=\"og:site_name\" content=\"Portal Tela Portugal\" \/>\n<meta property=\"article:published_time\" content=\"2026-03-28T13:00:00+00:00\" \/>\n<meta name=\"author\" content=\"Telinha\" \/>\n<meta name=\"twitter:card\" content=\"summary_large_image\" \/>\n<meta name=\"twitter:label1\" content=\"Escrito por\" \/>\n\t<meta name=\"twitter:data1\" content=\"Telinha\" \/>\n\t<meta name=\"twitter:label2\" content=\"Tempo estimado de leitura\" \/>\n\t<meta name=\"twitter:data2\" content=\"1 minuto\" \/>\n<script type=\"application\/ld+json\" class=\"yoast-schema-graph\">{\"@context\":\"https:\/\/schema.org\",\"@graph\":[{\"@type\":\"Article\",\"@id\":\"https:\/\/portaltela.pt\/noticias\/2026\/03\/28\/cientistas-investigam-ampliar-apoio-a-pessoas-com-demencia-e-cuidadores\/#article\",\"isPartOf\":{\"@id\":\"https:\/\/portaltela.pt\/noticias\/2026\/03\/28\/cientistas-investigam-ampliar-apoio-a-pessoas-com-demencia-e-cuidadores\/\"},\"author\":{\"name\":\"Telinha\",\"@id\":\"https:\/\/portaltela.pt\/#\/schema\/person\/c4278d4a6028830caff9ee44b42d32ed\"},\"headline\":\"Cientistas investigam ampliar apoio a pessoas com dem\u00eancia e cuidadores\",\"datePublished\":\"2026-03-28T13:00:00+00:00\",\"mainEntityOfPage\":{\"@id\":\"https:\/\/portaltela.pt\/noticias\/2026\/03\/28\/cientistas-investigam-ampliar-apoio-a-pessoas-com-demencia-e-cuidadores\/\"},\"wordCount\":160,\"image\":{\"@id\":\"https:\/\/portaltela.pt\/noticias\/2026\/03\/28\/cientistas-investigam-ampliar-apoio-a-pessoas-com-demencia-e-cuidadores\/#primaryimage\"},\"thumbnailUrl\":\"https:\/\/portaltela.pt\/s.01k8rhncp4jt1\/2026\/03\/2077477.jpg\",\"keywords\":[\"cuidadores\",\"cuidados de sa\u00fade\",\"dem\u00eancia\",\"envelhecimento\",\"idosos\",\"Portugal\"],\"articleSection\":[\"Not\u00edcias\",\"Sa\u00fade\"],\"inLanguage\":\"pt-PT\"},{\"@type\":\"WebPage\",\"@id\":\"https:\/\/portaltela.pt\/noticias\/2026\/03\/28\/cientistas-investigam-ampliar-apoio-a-pessoas-com-demencia-e-cuidadores\/\",\"url\":\"https:\/\/portaltela.pt\/noticias\/2026\/03\/28\/cientistas-investigam-ampliar-apoio-a-pessoas-com-demencia-e-cuidadores\/\",\"name\":\"Cientistas investigam ampliar apoio a pessoas com dem\u00eancia e cuidadores - Portal Tela Portugal\",\"isPartOf\":{\"@id\":\"https:\/\/portaltela.pt\/#website\"},\"primaryImageOfPage\":{\"@id\":\"https:\/\/portaltela.pt\/noticias\/2026\/03\/28\/cientistas-investigam-ampliar-apoio-a-pessoas-com-demencia-e-cuidadores\/#primaryimage\"},\"image\":{\"@id\":\"https:\/\/portaltela.pt\/noticias\/2026\/03\/28\/cientistas-investigam-ampliar-apoio-a-pessoas-com-demencia-e-cuidadores\/#primaryimage\"},\"thumbnailUrl\":\"https:\/\/portaltela.pt\/s.01k8rhncp4jt1\/2026\/03\/2077477.jpg\",\"datePublished\":\"2026-03-28T13:00:00+00:00\",\"author\":{\"@id\":\"https:\/\/portaltela.pt\/#\/schema\/person\/c4278d4a6028830caff9ee44b42d32ed\"},\"breadcrumb\":{\"@id\":\"https:\/\/portaltela.pt\/noticias\/2026\/03\/28\/cientistas-investigam-ampliar-apoio-a-pessoas-com-demencia-e-cuidadores\/#breadcrumb\"},\"inLanguage\":\"pt-PT\",\"potentialAction\":[{\"@type\":\"ReadAction\",\"target\":[\"https:\/\/portaltela.pt\/noticias\/2026\/03\/28\/cientistas-investigam-ampliar-apoio-a-pessoas-com-demencia-e-cuidadores\/\"]}]},{\"@type\":\"ImageObject\",\"inLanguage\":\"pt-PT\",\"@id\":\"https:\/\/portaltela.pt\/noticias\/2026\/03\/28\/cientistas-investigam-ampliar-apoio-a-pessoas-com-demencia-e-cuidadores\/#primaryimage\",\"url\":\"https:\/\/portaltela.pt\/s.01k8rhncp4jt1\/2026\/03\/2077477.jpg\",\"contentUrl\":\"https:\/\/portaltela.pt\/s.01k8rhncp4jt1\/2026\/03\/2077477.jpg\",\"width\":796,\"height\":448,\"caption\":\"A doen\u00e7a de Alzheimer \u00e9 o tipo mais comum de dem\u00eancia\"},{\"@type\":\"BreadcrumbList\",\"@id\":\"https:\/\/portaltela.pt\/noticias\/2026\/03\/28\/cientistas-investigam-ampliar-apoio-a-pessoas-com-demencia-e-cuidadores\/#breadcrumb\",\"itemListElement\":[{\"@type\":\"ListItem\",\"position\":1,\"name\":\"In\u00edcio\",\"item\":\"https:\/\/portaltela.pt\/\"},{\"@type\":\"ListItem\",\"position\":2,\"name\":\"Cientistas investigam ampliar apoio a pessoas com dem\u00eancia e cuidadores\"}]},{\"@type\":\"WebSite\",\"@id\":\"https:\/\/portaltela.pt\/#website\",\"url\":\"https:\/\/portaltela.pt\/\",\"name\":\"Portal Tela Portugal\",\"description\":\"\",\"potentialAction\":[{\"@type\":\"SearchAction\",\"target\":{\"@type\":\"EntryPoint\",\"urlTemplate\":\"https:\/\/portaltela.pt\/?s={search_term_string}\"},\"query-input\":{\"@type\":\"PropertyValueSpecification\",\"valueRequired\":true,\"valueName\":\"search_term_string\"}}],\"inLanguage\":\"pt-PT\"},{\"@type\":\"Person\",\"@id\":\"https:\/\/portaltela.pt\/#\/schema\/person\/c4278d4a6028830caff9ee44b42d32ed\",\"name\":\"Telinha\",\"image\":{\"@type\":\"ImageObject\",\"inLanguage\":\"pt-PT\",\"@id\":\"https:\/\/portaltela.pt\/s.01k8rhncp4jt1\/2025\/11\/talking-bot-125x125.png\",\"url\":\"https:\/\/portaltela.pt\/s.01k8rhncp4jt1\/2025\/11\/talking-bot-125x125.png\",\"contentUrl\":\"https:\/\/portaltela.pt\/s.01k8rhncp4jt1\/2025\/11\/talking-bot-125x125.png\",\"caption\":\"Telinha\"},\"sameAs\":[\"https:\/\/portaltela.pt\/\"],\"url\":\"https:\/\/portaltela.pt\/por\/367410592786\/\"}]}<\/script>\n<!-- \/ Yoast SEO plugin. -->","yoast_head_json":{"title":"Cientistas investigam ampliar apoio a pessoas com dem\u00eancia e cuidadores - Portal Tela Portugal","robots":{"index":"index","follow":"follow","max-snippet":"max-snippet:-1","max-image-preview":"max-image-preview:large","max-video-preview":"max-video-preview:-1"},"og_locale":"pt_PT","og_type":"article","og_title":"Cientistas investigam ampliar apoio a pessoas com dem\u00eancia e cuidadores - Portal Tela Portugal","og_description":"Em 2050, cerca de 358 mil portugueses ter\u00e3o algum tipo de dem\u00eancia. Peritos alertam para a necessidade de reorganizar os cuidados domicili\u00e1rios e as estruturas de apoio aos doentes e cuidadores. Marcelo Mendon\u00e7a, neurologista da Funda\u00e7\u00e3o Champalimaud, integra o projecto PATEO (Pessoas com Autonomia, Tecto, Espa\u00e7o e Oportunidade). O objectivo \u00e9 estudar como diversificar o apoio \u00e0s pessoas com dem\u00eancia e aos seus cuidadores. O envelhecimento da popula\u00e7\u00e3o aumenta as doen\u00e7as do movimento e neurodegenerativas, incluindo a dem\u00eancia, cujas respostas atuais s\u00e3o consideradas insuficientes.","og_url":"https:\/\/portaltela.pt\/noticias\/2026\/03\/28\/cientistas-investigam-ampliar-apoio-a-pessoas-com-demencia-e-cuidadores\/","og_site_name":"Portal Tela Portugal","article_published_time":"2026-03-28T13:00:00+00:00","author":"Telinha","twitter_card":"summary_large_image","twitter_misc":{"Escrito por":"Telinha","Tempo estimado de leitura":"1 minuto"},"schema":{"@context":"https:\/\/schema.org","@graph":[{"@type":"Article","@id":"https:\/\/portaltela.pt\/noticias\/2026\/03\/28\/cientistas-investigam-ampliar-apoio-a-pessoas-com-demencia-e-cuidadores\/#article","isPartOf":{"@id":"https:\/\/portaltela.pt\/noticias\/2026\/03\/28\/cientistas-investigam-ampliar-apoio-a-pessoas-com-demencia-e-cuidadores\/"},"author":{"name":"Telinha","@id":"https:\/\/portaltela.pt\/#\/schema\/person\/c4278d4a6028830caff9ee44b42d32ed"},"headline":"Cientistas investigam ampliar apoio a pessoas com dem\u00eancia e cuidadores","datePublished":"2026-03-28T13:00:00+00:00","mainEntityOfPage":{"@id":"https:\/\/portaltela.pt\/noticias\/2026\/03\/28\/cientistas-investigam-ampliar-apoio-a-pessoas-com-demencia-e-cuidadores\/"},"wordCount":160,"image":{"@id":"https:\/\/portaltela.pt\/noticias\/2026\/03\/28\/cientistas-investigam-ampliar-apoio-a-pessoas-com-demencia-e-cuidadores\/#primaryimage"},"thumbnailUrl":"https:\/\/portaltela.pt\/s.01k8rhncp4jt1\/2026\/03\/2077477.jpg","keywords":["cuidadores","cuidados de sa\u00fade","dem\u00eancia","envelhecimento","idosos","Portugal"],"articleSection":["Not\u00edcias","Sa\u00fade"],"inLanguage":"pt-PT"},{"@type":"WebPage","@id":"https:\/\/portaltela.pt\/noticias\/2026\/03\/28\/cientistas-investigam-ampliar-apoio-a-pessoas-com-demencia-e-cuidadores\/","url":"https:\/\/portaltela.pt\/noticias\/2026\/03\/28\/cientistas-investigam-ampliar-apoio-a-pessoas-com-demencia-e-cuidadores\/","name":"Cientistas investigam ampliar apoio a pessoas com dem\u00eancia e cuidadores - Portal Tela Portugal","isPartOf":{"@id":"https:\/\/portaltela.pt\/#website"},"primaryImageOfPage":{"@id":"https:\/\/portaltela.pt\/noticias\/2026\/03\/28\/cientistas-investigam-ampliar-apoio-a-pessoas-com-demencia-e-cuidadores\/#primaryimage"},"image":{"@id":"https:\/\/portaltela.pt\/noticias\/2026\/03\/28\/cientistas-investigam-ampliar-apoio-a-pessoas-com-demencia-e-cuidadores\/#primaryimage"},"thumbnailUrl":"https:\/\/portaltela.pt\/s.01k8rhncp4jt1\/2026\/03\/2077477.jpg","datePublished":"2026-03-28T13:00:00+00:00","author":{"@id":"https:\/\/portaltela.pt\/#\/schema\/person\/c4278d4a6028830caff9ee44b42d32ed"},"breadcrumb":{"@id":"https:\/\/portaltela.pt\/noticias\/2026\/03\/28\/cientistas-investigam-ampliar-apoio-a-pessoas-com-demencia-e-cuidadores\/#breadcrumb"},"inLanguage":"pt-PT","potentialAction":[{"@type":"ReadAction","target":["https:\/\/portaltela.pt\/noticias\/2026\/03\/28\/cientistas-investigam-ampliar-apoio-a-pessoas-com-demencia-e-cuidadores\/"]}]},{"@type":"ImageObject","inLanguage":"pt-PT","@id":"https:\/\/portaltela.pt\/noticias\/2026\/03\/28\/cientistas-investigam-ampliar-apoio-a-pessoas-com-demencia-e-cuidadores\/#primaryimage","url":"https:\/\/portaltela.pt\/s.01k8rhncp4jt1\/2026\/03\/2077477.jpg","contentUrl":"https:\/\/portaltela.pt\/s.01k8rhncp4jt1\/2026\/03\/2077477.jpg","width":796,"height":448,"caption":"A doen\u00e7a de Alzheimer \u00e9 o tipo mais comum de dem\u00eancia"},{"@type":"BreadcrumbList","@id":"https:\/\/portaltela.pt\/noticias\/2026\/03\/28\/cientistas-investigam-ampliar-apoio-a-pessoas-com-demencia-e-cuidadores\/#breadcrumb","itemListElement":[{"@type":"ListItem","position":1,"name":"In\u00edcio","item":"https:\/\/portaltela.pt\/"},{"@type":"ListItem","position":2,"name":"Cientistas investigam ampliar apoio a pessoas com dem\u00eancia e cuidadores"}]},{"@type":"WebSite","@id":"https:\/\/portaltela.pt\/#website","url":"https:\/\/portaltela.pt\/","name":"Portal Tela Portugal","description":"","potentialAction":[{"@type":"SearchAction","target":{"@type":"EntryPoint","urlTemplate":"https:\/\/portaltela.pt\/?s={search_term_string}"},"query-input":{"@type":"PropertyValueSpecification","valueRequired":true,"valueName":"search_term_string"}}],"inLanguage":"pt-PT"},{"@type":"Person","@id":"https:\/\/portaltela.pt\/#\/schema\/person\/c4278d4a6028830caff9ee44b42d32ed","name":"Telinha","image":{"@type":"ImageObject","inLanguage":"pt-PT","@id":"https:\/\/portaltela.pt\/s.01k8rhncp4jt1\/2025\/11\/talking-bot-125x125.png","url":"https:\/\/portaltela.pt\/s.01k8rhncp4jt1\/2025\/11\/talking-bot-125x125.png","contentUrl":"https:\/\/portaltela.pt\/s.01k8rhncp4jt1\/2025\/11\/talking-bot-125x125.png","caption":"Telinha"},"sameAs":["https:\/\/portaltela.pt\/"],"url":"https:\/\/portaltela.pt\/por\/367410592786\/"}]}},"_links":{"self":[{"href":"https:\/\/portaltela.pt\/api\/wp\/v2\/posts\/424920","targetHints":{"allow":["GET"]}}],"collection":[{"href":"https:\/\/portaltela.pt\/api\/wp\/v2\/posts"}],"about":[{"href":"https:\/\/portaltela.pt\/api\/wp\/v2\/types\/post"}],"author":[{"embeddable":true,"href":"https:\/\/portaltela.pt\/api\/wp\/v2\/users\/2"}],"replies":[{"embeddable":true,"href":"https:\/\/portaltela.pt\/api\/wp\/v2\/comments?post=424920"}],"version-history":[{"count":0,"href":"https:\/\/portaltela.pt\/api\/wp\/v2\/posts\/424920\/revisions"}],"wp:featuredmedia":[{"embeddable":true,"href":"https:\/\/portaltela.pt\/api\/wp\/v2\/media\/424922"}],"wp:attachment":[{"href":"https:\/\/portaltela.pt\/api\/wp\/v2\/media?parent=424920"}],"wp:term":[{"taxonomy":"category","embeddable":true,"href":"https:\/\/portaltela.pt\/api\/wp\/v2\/categories?post=424920"},{"taxonomy":"post_tag","embeddable":true,"href":"https:\/\/portaltela.pt\/api\/wp\/v2\/tags?post=424920"}],"curies":[{"name":"wp","href":"https:\/\/api.w.org\/{rel}","templated":true}]}}