{"id":424915,"date":"2026-03-28T09:47:31","date_gmt":"2026-03-28T12:47:31","guid":{"rendered":"https:\/\/portaltela.pt\/noticias\/2026\/03\/28\/presidente-alerta-para-ameacas-a-ordem-internacional-e-defende-reforco-militar\/"},"modified":"2026-03-28T09:47:31","modified_gmt":"2026-03-28T12:47:31","slug":"presidente-alerta-para-ameacas-a-ordem-internacional-e-defende-reforco-militar","status":"publish","type":"post","link":"https:\/\/portaltela.pt\/seguranca\/2026\/03\/28\/presidente-alerta-para-ameacas-a-ordem-internacional-e-defende-reforco-militar\/","title":{"rendered":"Presidente alerta para amea\u00e7as \u00e0 ordem internacional e defende refor\u00e7o militar"},"content":{"rendered":"<p>Ant\u00f3nio Jos\u00e9 Seguro, Presidente da Rep\u00fablica, alertou para amea\u00e7as \u00e0 ordem internacional durante a cerim\u00f3nia de apresenta\u00e7\u00e3o das For\u00e7as Armadas, em Santar\u00e9m. O chefe de Estado destacou um per\u00edodo de muta\u00e7\u00f5es profundas no cen\u00e1rio global e o impacto da guerra na Ucr\u00e2nia na perce\u00e7\u00e3o da seguran\u00e7a.<\/p>\n<p>O Presidente afirmou que o mundo vive um quadro din\u00e2mico de risco acrescido, exigindo aos Estados medidas compat\u00edveis com a defesa e a salvaguarda da soberania nacional. Em Santar\u00e9m, refor\u00e7ou a necessidade de alinhamento com a UE e a NATO.<\/p>\n<p>A not\u00edcia avan\u00e7a para a necessidade de refor\u00e7o das capacidades militares, com investimento, moderniza\u00e7\u00e3o e participa\u00e7\u00e3o da ind\u00fastria nacional. Seguro defendeu um sistema de aplica\u00e7\u00e3o dual que fortale\u00e7a \u00e1reas tecnol\u00f3gicas estrat\u00e9gicas de Portugal.<\/p>\n<p>Segundo o Chefe de Estado-Maior, a moderniza\u00e7\u00e3o deve ser s\u00e9ria e equilibrada, articulando-se com outras necessidades nacionais, especialmente nas \u00e1reas sociais, mantendo a prontid\u00e3o das For\u00e7as Armadas.<\/p>\n<p>O discurso enfatizou que o investimento na Defesa deve ser inteligente, envolvendo a ind\u00fastria local e gerando emprego qualificado, contribuindo para o sistema cient\u00edfico do pa\u00eds e para a riqueza nacional.<\/p>\n<p>Seguro dedicou parte do discurso aos recursos humanos, entendendo essencial tornar a carreira militar mais atrativa, com previsibilidade, dignidade e valoriza\u00e7\u00e3o dos profissionais.<\/p>\n<p>O Presidente sublinhou a import\u00e2ncia de manter quadros est\u00e1veis e motivados, refor\u00e7ando que n\u00e3o h\u00e1 For\u00e7as Armadas sem recursos humanos, pilares da democracia e da ordem constitucional.<\/p>\n<p>Antes de abordar seguran\u00e7a, o chefe de Estado real\u00e7ou a escolha de Santar\u00e9m como palco da cerim\u00f3nia, destacando o simbolismo da cidade e o legado de Salgueiro Maia.<\/p>\n<p>Por fim, afirmou a relev\u00e2ncia das miss\u00f5es portuguesas no estrangeiro sob bandeiras da NATO, UE, ONU e CPLP, considerando as For\u00e7as Armadas um vetor fundamental da pol\u00edtica externa de Portugal.<\/p>\n<h3>Contexto estrat\u00e9gico e impacto<\/h3>\n<p>A defesa nacional foi apresentada como prioridade no atual quadro internacional, com foco no refor\u00e7o da capacidade tecnol\u00f3gica, industrial e humana das For\u00e7as Armadas, alinhado com compromissos internacionais.<\/p>\n","protected":false},"excerpt":{"rendered":"<ul>\n<li>Em Santar\u00e9m, durante a cerim\u00f3nia de apresenta\u00e7\u00e3o das For\u00e7as Armadas, o Presidente da Rep\u00fablica alertou para amea\u00e7as \u00e0 ordem internacional e defendeu o refor\u00e7o das capacidades militares.<\/li>\n<li>Afirmou que o mundo atravessa um per\u00edodo de muta\u00e7\u00f5es profundas e que a guerra na Ucr\u00e2nia alterou a perce\u00e7\u00e3o da seguran\u00e7a coletiva, exigindo medidas de defesa e salvaguarda da soberania nacional.<\/li>\n<li>Portugal deve acompanhar os compromissos da Uni\u00e3o Europeia e da NATO com investimento, moderniza\u00e7\u00e3o e refor\u00e7o de capacidades, mantendo um n\u00edvel de prontid\u00e3o sem precedentes.<\/li>\n<li>A moderniza\u00e7\u00e3o deve envolver a ind\u00fastria nacional, gerar emprego qualificado e estimular a inova\u00e7\u00e3o tecnol\u00f3gica, promovendo um sistema de aplica\u00e7\u00e3o dual ao servi\u00e7o de Portugal.<\/li>\n<li>Considerou imperativo tornar a carreira militar mais atrativa para os jovens, garantindo previsibilidade e dignidade aos militares, e salientou o papel das for\u00e7as portuguesas em miss\u00f5es no estrangeiro no \u00e2mbito da NATO, UE, ONU e CPLP.<\/li>\n<\/ul>\n","protected":false},"author":2,"featured_media":424918,"comment_status":"closed","ping_status":"closed","sticky":false,"template":"","format":"standard","meta":{"footnotes":""},"categories":[1,6779],"tags":[3566,6574,1779,5123,898,2055],"class_list":["post-424915","post","type-post","status-publish","format-standard","has-post-thumbnail","hentry","category-noticias","category-seguranca","tag-cplp","tag-defesa","tag-forcas-armadas","tag-onu","tag-santarem","tag-uniao-europeia"],"yoast_head":"<!-- This site is optimized with the Yoast SEO plugin v27.2 - https:\/\/yoast.com\/product\/yoast-seo-wordpress\/ -->\n<title>Presidente alerta para amea\u00e7as \u00e0 ordem internacional e defende refor\u00e7o militar - Portal Tela Portugal<\/title>\n<meta name=\"robots\" content=\"index, follow, max-snippet:-1, max-image-preview:large, max-video-preview:-1\" \/>\n<meta property=\"og:locale\" content=\"pt_PT\" \/>\n<meta property=\"og:type\" content=\"article\" \/>\n<meta property=\"og:title\" content=\"Presidente alerta para amea\u00e7as \u00e0 ordem internacional e defende refor\u00e7o militar - Portal Tela Portugal\" \/>\n<meta property=\"og:description\" content=\"Em Santar\u00e9m, durante a cerim\u00f3nia de apresenta\u00e7\u00e3o das For\u00e7as Armadas, o Presidente da Rep\u00fablica alertou para amea\u00e7as \u00e0 ordem internacional e defendeu o refor\u00e7o das capacidades militares. Afirmou que o mundo atravessa um per\u00edodo de muta\u00e7\u00f5es profundas e que a guerra na Ucr\u00e2nia alterou a perce\u00e7\u00e3o da seguran\u00e7a coletiva, exigindo medidas de defesa e salvaguarda da soberania nacional. Portugal deve acompanhar os compromissos da Uni\u00e3o Europeia e da NATO com investimento, moderniza\u00e7\u00e3o e refor\u00e7o de capacidades, mantendo um n\u00edvel de prontid\u00e3o sem precedentes. A moderniza\u00e7\u00e3o deve envolver a ind\u00fastria nacional, gerar emprego qualificado e estimular a inova\u00e7\u00e3o tecnol\u00f3gica, promovendo um sistema de aplica\u00e7\u00e3o dual ao servi\u00e7o de Portugal. Considerou imperativo tornar a carreira militar mais atrativa para os jovens, garantindo previsibilidade e dignidade aos militares, e salientou o papel das for\u00e7as portuguesas em miss\u00f5es no estrangeiro no \u00e2mbito da NATO, UE, ONU e CPLP.\" \/>\n<meta property=\"og:url\" content=\"https:\/\/portaltela.pt\/noticias\/2026\/03\/28\/presidente-alerta-para-ameacas-a-ordem-internacional-e-defende-reforco-militar\/\" \/>\n<meta property=\"og:site_name\" content=\"Portal Tela Portugal\" \/>\n<meta property=\"article:published_time\" content=\"2026-03-28T12:47:31+00:00\" \/>\n<meta name=\"author\" content=\"Telinha\" \/>\n<meta name=\"twitter:card\" content=\"summary_large_image\" \/>\n<meta name=\"twitter:label1\" content=\"Escrito por\" \/>\n\t<meta name=\"twitter:data1\" content=\"Telinha\" \/>\n\t<meta name=\"twitter:label2\" content=\"Tempo estimado de leitura\" \/>\n\t<meta name=\"twitter:data2\" content=\"2 minutos\" \/>\n<script type=\"application\/ld+json\" class=\"yoast-schema-graph\">{\"@context\":\"https:\/\/schema.org\",\"@graph\":[{\"@type\":\"Article\",\"@id\":\"https:\/\/portaltela.pt\/noticias\/2026\/03\/28\/presidente-alerta-para-ameacas-a-ordem-internacional-e-defende-reforco-militar\/#article\",\"isPartOf\":{\"@id\":\"https:\/\/portaltela.pt\/noticias\/2026\/03\/28\/presidente-alerta-para-ameacas-a-ordem-internacional-e-defende-reforco-militar\/\"},\"author\":{\"name\":\"Telinha\",\"@id\":\"https:\/\/portaltela.pt\/#\/schema\/person\/c4278d4a6028830caff9ee44b42d32ed\"},\"headline\":\"Presidente alerta para amea\u00e7as \u00e0 ordem internacional e defende refor\u00e7o militar\",\"datePublished\":\"2026-03-28T12:47:31+00:00\",\"mainEntityOfPage\":{\"@id\":\"https:\/\/portaltela.pt\/noticias\/2026\/03\/28\/presidente-alerta-para-ameacas-a-ordem-internacional-e-defende-reforco-militar\/\"},\"wordCount\":380,\"image\":{\"@id\":\"https:\/\/portaltela.pt\/noticias\/2026\/03\/28\/presidente-alerta-para-ameacas-a-ordem-internacional-e-defende-reforco-militar\/#primaryimage\"},\"thumbnailUrl\":\"https:\/\/portaltela.pt\/s.01k8rhncp4jt1\/2026\/03\/img_1280x721uu2026-01-31-19-25-27-2263831.jpg\",\"keywords\":[\"CPLP\",\"defesa\",\"For\u00e7as Armadas\",\"ONU\",\"Santar\u00e9m\",\"Uni\u00e3o Europeia\"],\"articleSection\":[\"Not\u00edcias\",\"Seguran\u00e7a\"],\"inLanguage\":\"pt-PT\"},{\"@type\":\"WebPage\",\"@id\":\"https:\/\/portaltela.pt\/noticias\/2026\/03\/28\/presidente-alerta-para-ameacas-a-ordem-internacional-e-defende-reforco-militar\/\",\"url\":\"https:\/\/portaltela.pt\/noticias\/2026\/03\/28\/presidente-alerta-para-ameacas-a-ordem-internacional-e-defende-reforco-militar\/\",\"name\":\"Presidente alerta para amea\u00e7as \u00e0 ordem internacional e defende refor\u00e7o militar - Portal Tela Portugal\",\"isPartOf\":{\"@id\":\"https:\/\/portaltela.pt\/#website\"},\"primaryImageOfPage\":{\"@id\":\"https:\/\/portaltela.pt\/noticias\/2026\/03\/28\/presidente-alerta-para-ameacas-a-ordem-internacional-e-defende-reforco-militar\/#primaryimage\"},\"image\":{\"@id\":\"https:\/\/portaltela.pt\/noticias\/2026\/03\/28\/presidente-alerta-para-ameacas-a-ordem-internacional-e-defende-reforco-militar\/#primaryimage\"},\"thumbnailUrl\":\"https:\/\/portaltela.pt\/s.01k8rhncp4jt1\/2026\/03\/img_1280x721uu2026-01-31-19-25-27-2263831.jpg\",\"datePublished\":\"2026-03-28T12:47:31+00:00\",\"author\":{\"@id\":\"https:\/\/portaltela.pt\/#\/schema\/person\/c4278d4a6028830caff9ee44b42d32ed\"},\"breadcrumb\":{\"@id\":\"https:\/\/portaltela.pt\/noticias\/2026\/03\/28\/presidente-alerta-para-ameacas-a-ordem-internacional-e-defende-reforco-militar\/#breadcrumb\"},\"inLanguage\":\"pt-PT\",\"potentialAction\":[{\"@type\":\"ReadAction\",\"target\":[\"https:\/\/portaltela.pt\/noticias\/2026\/03\/28\/presidente-alerta-para-ameacas-a-ordem-internacional-e-defende-reforco-militar\/\"]}]},{\"@type\":\"ImageObject\",\"inLanguage\":\"pt-PT\",\"@id\":\"https:\/\/portaltela.pt\/noticias\/2026\/03\/28\/presidente-alerta-para-ameacas-a-ordem-internacional-e-defende-reforco-militar\/#primaryimage\",\"url\":\"https:\/\/portaltela.pt\/s.01k8rhncp4jt1\/2026\/03\/img_1280x721uu2026-01-31-19-25-27-2263831.jpg\",\"contentUrl\":\"https:\/\/portaltela.pt\/s.01k8rhncp4jt1\/2026\/03\/img_1280x721uu2026-01-31-19-25-27-2263831.jpg\",\"width\":796,\"height\":448,\"caption\":\"Ant\u00f3nio Jos\u00e9 Seguro\"},{\"@type\":\"BreadcrumbList\",\"@id\":\"https:\/\/portaltela.pt\/noticias\/2026\/03\/28\/presidente-alerta-para-ameacas-a-ordem-internacional-e-defende-reforco-militar\/#breadcrumb\",\"itemListElement\":[{\"@type\":\"ListItem\",\"position\":1,\"name\":\"In\u00edcio\",\"item\":\"https:\/\/portaltela.pt\/\"},{\"@type\":\"ListItem\",\"position\":2,\"name\":\"Presidente alerta para amea\u00e7as \u00e0 ordem internacional e defende refor\u00e7o militar\"}]},{\"@type\":\"WebSite\",\"@id\":\"https:\/\/portaltela.pt\/#website\",\"url\":\"https:\/\/portaltela.pt\/\",\"name\":\"Portal Tela Portugal\",\"description\":\"\",\"potentialAction\":[{\"@type\":\"SearchAction\",\"target\":{\"@type\":\"EntryPoint\",\"urlTemplate\":\"https:\/\/portaltela.pt\/?s={search_term_string}\"},\"query-input\":{\"@type\":\"PropertyValueSpecification\",\"valueRequired\":true,\"valueName\":\"search_term_string\"}}],\"inLanguage\":\"pt-PT\"},{\"@type\":\"Person\",\"@id\":\"https:\/\/portaltela.pt\/#\/schema\/person\/c4278d4a6028830caff9ee44b42d32ed\",\"name\":\"Telinha\",\"image\":{\"@type\":\"ImageObject\",\"inLanguage\":\"pt-PT\",\"@id\":\"https:\/\/portaltela.pt\/s.01k8rhncp4jt1\/2025\/11\/talking-bot-125x125.png\",\"url\":\"https:\/\/portaltela.pt\/s.01k8rhncp4jt1\/2025\/11\/talking-bot-125x125.png\",\"contentUrl\":\"https:\/\/portaltela.pt\/s.01k8rhncp4jt1\/2025\/11\/talking-bot-125x125.png\",\"caption\":\"Telinha\"},\"sameAs\":[\"https:\/\/portaltela.pt\/\"],\"url\":\"https:\/\/portaltela.pt\/por\/367410592786\/\"}]}<\/script>\n<!-- \/ Yoast SEO plugin. -->","yoast_head_json":{"title":"Presidente alerta para amea\u00e7as \u00e0 ordem internacional e defende refor\u00e7o militar - Portal Tela Portugal","robots":{"index":"index","follow":"follow","max-snippet":"max-snippet:-1","max-image-preview":"max-image-preview:large","max-video-preview":"max-video-preview:-1"},"og_locale":"pt_PT","og_type":"article","og_title":"Presidente alerta para amea\u00e7as \u00e0 ordem internacional e defende refor\u00e7o militar - Portal Tela Portugal","og_description":"Em Santar\u00e9m, durante a cerim\u00f3nia de apresenta\u00e7\u00e3o das For\u00e7as Armadas, o Presidente da Rep\u00fablica alertou para amea\u00e7as \u00e0 ordem internacional e defendeu o refor\u00e7o das capacidades militares. Afirmou que o mundo atravessa um per\u00edodo de muta\u00e7\u00f5es profundas e que a guerra na Ucr\u00e2nia alterou a perce\u00e7\u00e3o da seguran\u00e7a coletiva, exigindo medidas de defesa e salvaguarda da soberania nacional. Portugal deve acompanhar os compromissos da Uni\u00e3o Europeia e da NATO com investimento, moderniza\u00e7\u00e3o e refor\u00e7o de capacidades, mantendo um n\u00edvel de prontid\u00e3o sem precedentes. A moderniza\u00e7\u00e3o deve envolver a ind\u00fastria nacional, gerar emprego qualificado e estimular a inova\u00e7\u00e3o tecnol\u00f3gica, promovendo um sistema de aplica\u00e7\u00e3o dual ao servi\u00e7o de Portugal. Considerou imperativo tornar a carreira militar mais atrativa para os jovens, garantindo previsibilidade e dignidade aos militares, e salientou o papel das for\u00e7as portuguesas em miss\u00f5es no estrangeiro no \u00e2mbito da NATO, UE, ONU e CPLP.","og_url":"https:\/\/portaltela.pt\/noticias\/2026\/03\/28\/presidente-alerta-para-ameacas-a-ordem-internacional-e-defende-reforco-militar\/","og_site_name":"Portal Tela Portugal","article_published_time":"2026-03-28T12:47:31+00:00","author":"Telinha","twitter_card":"summary_large_image","twitter_misc":{"Escrito por":"Telinha","Tempo estimado de leitura":"2 minutos"},"schema":{"@context":"https:\/\/schema.org","@graph":[{"@type":"Article","@id":"https:\/\/portaltela.pt\/noticias\/2026\/03\/28\/presidente-alerta-para-ameacas-a-ordem-internacional-e-defende-reforco-militar\/#article","isPartOf":{"@id":"https:\/\/portaltela.pt\/noticias\/2026\/03\/28\/presidente-alerta-para-ameacas-a-ordem-internacional-e-defende-reforco-militar\/"},"author":{"name":"Telinha","@id":"https:\/\/portaltela.pt\/#\/schema\/person\/c4278d4a6028830caff9ee44b42d32ed"},"headline":"Presidente alerta para amea\u00e7as \u00e0 ordem internacional e defende refor\u00e7o militar","datePublished":"2026-03-28T12:47:31+00:00","mainEntityOfPage":{"@id":"https:\/\/portaltela.pt\/noticias\/2026\/03\/28\/presidente-alerta-para-ameacas-a-ordem-internacional-e-defende-reforco-militar\/"},"wordCount":380,"image":{"@id":"https:\/\/portaltela.pt\/noticias\/2026\/03\/28\/presidente-alerta-para-ameacas-a-ordem-internacional-e-defende-reforco-militar\/#primaryimage"},"thumbnailUrl":"https:\/\/portaltela.pt\/s.01k8rhncp4jt1\/2026\/03\/img_1280x721uu2026-01-31-19-25-27-2263831.jpg","keywords":["CPLP","defesa","For\u00e7as Armadas","ONU","Santar\u00e9m","Uni\u00e3o Europeia"],"articleSection":["Not\u00edcias","Seguran\u00e7a"],"inLanguage":"pt-PT"},{"@type":"WebPage","@id":"https:\/\/portaltela.pt\/noticias\/2026\/03\/28\/presidente-alerta-para-ameacas-a-ordem-internacional-e-defende-reforco-militar\/","url":"https:\/\/portaltela.pt\/noticias\/2026\/03\/28\/presidente-alerta-para-ameacas-a-ordem-internacional-e-defende-reforco-militar\/","name":"Presidente alerta para amea\u00e7as \u00e0 ordem internacional e defende refor\u00e7o militar - Portal Tela Portugal","isPartOf":{"@id":"https:\/\/portaltela.pt\/#website"},"primaryImageOfPage":{"@id":"https:\/\/portaltela.pt\/noticias\/2026\/03\/28\/presidente-alerta-para-ameacas-a-ordem-internacional-e-defende-reforco-militar\/#primaryimage"},"image":{"@id":"https:\/\/portaltela.pt\/noticias\/2026\/03\/28\/presidente-alerta-para-ameacas-a-ordem-internacional-e-defende-reforco-militar\/#primaryimage"},"thumbnailUrl":"https:\/\/portaltela.pt\/s.01k8rhncp4jt1\/2026\/03\/img_1280x721uu2026-01-31-19-25-27-2263831.jpg","datePublished":"2026-03-28T12:47:31+00:00","author":{"@id":"https:\/\/portaltela.pt\/#\/schema\/person\/c4278d4a6028830caff9ee44b42d32ed"},"breadcrumb":{"@id":"https:\/\/portaltela.pt\/noticias\/2026\/03\/28\/presidente-alerta-para-ameacas-a-ordem-internacional-e-defende-reforco-militar\/#breadcrumb"},"inLanguage":"pt-PT","potentialAction":[{"@type":"ReadAction","target":["https:\/\/portaltela.pt\/noticias\/2026\/03\/28\/presidente-alerta-para-ameacas-a-ordem-internacional-e-defende-reforco-militar\/"]}]},{"@type":"ImageObject","inLanguage":"pt-PT","@id":"https:\/\/portaltela.pt\/noticias\/2026\/03\/28\/presidente-alerta-para-ameacas-a-ordem-internacional-e-defende-reforco-militar\/#primaryimage","url":"https:\/\/portaltela.pt\/s.01k8rhncp4jt1\/2026\/03\/img_1280x721uu2026-01-31-19-25-27-2263831.jpg","contentUrl":"https:\/\/portaltela.pt\/s.01k8rhncp4jt1\/2026\/03\/img_1280x721uu2026-01-31-19-25-27-2263831.jpg","width":796,"height":448,"caption":"Ant\u00f3nio Jos\u00e9 Seguro"},{"@type":"BreadcrumbList","@id":"https:\/\/portaltela.pt\/noticias\/2026\/03\/28\/presidente-alerta-para-ameacas-a-ordem-internacional-e-defende-reforco-militar\/#breadcrumb","itemListElement":[{"@type":"ListItem","position":1,"name":"In\u00edcio","item":"https:\/\/portaltela.pt\/"},{"@type":"ListItem","position":2,"name":"Presidente alerta para amea\u00e7as \u00e0 ordem internacional e defende refor\u00e7o militar"}]},{"@type":"WebSite","@id":"https:\/\/portaltela.pt\/#website","url":"https:\/\/portaltela.pt\/","name":"Portal Tela Portugal","description":"","potentialAction":[{"@type":"SearchAction","target":{"@type":"EntryPoint","urlTemplate":"https:\/\/portaltela.pt\/?s={search_term_string}"},"query-input":{"@type":"PropertyValueSpecification","valueRequired":true,"valueName":"search_term_string"}}],"inLanguage":"pt-PT"},{"@type":"Person","@id":"https:\/\/portaltela.pt\/#\/schema\/person\/c4278d4a6028830caff9ee44b42d32ed","name":"Telinha","image":{"@type":"ImageObject","inLanguage":"pt-PT","@id":"https:\/\/portaltela.pt\/s.01k8rhncp4jt1\/2025\/11\/talking-bot-125x125.png","url":"https:\/\/portaltela.pt\/s.01k8rhncp4jt1\/2025\/11\/talking-bot-125x125.png","contentUrl":"https:\/\/portaltela.pt\/s.01k8rhncp4jt1\/2025\/11\/talking-bot-125x125.png","caption":"Telinha"},"sameAs":["https:\/\/portaltela.pt\/"],"url":"https:\/\/portaltela.pt\/por\/367410592786\/"}]}},"_links":{"self":[{"href":"https:\/\/portaltela.pt\/api\/wp\/v2\/posts\/424915","targetHints":{"allow":["GET"]}}],"collection":[{"href":"https:\/\/portaltela.pt\/api\/wp\/v2\/posts"}],"about":[{"href":"https:\/\/portaltela.pt\/api\/wp\/v2\/types\/post"}],"author":[{"embeddable":true,"href":"https:\/\/portaltela.pt\/api\/wp\/v2\/users\/2"}],"replies":[{"embeddable":true,"href":"https:\/\/portaltela.pt\/api\/wp\/v2\/comments?post=424915"}],"version-history":[{"count":0,"href":"https:\/\/portaltela.pt\/api\/wp\/v2\/posts\/424915\/revisions"}],"wp:featuredmedia":[{"embeddable":true,"href":"https:\/\/portaltela.pt\/api\/wp\/v2\/media\/424918"}],"wp:attachment":[{"href":"https:\/\/portaltela.pt\/api\/wp\/v2\/media?parent=424915"}],"wp:term":[{"taxonomy":"category","embeddable":true,"href":"https:\/\/portaltela.pt\/api\/wp\/v2\/categories?post=424915"},{"taxonomy":"post_tag","embeddable":true,"href":"https:\/\/portaltela.pt\/api\/wp\/v2\/tags?post=424915"}],"curies":[{"name":"wp","href":"https:\/\/api.w.org\/{rel}","templated":true}]}}