{"id":424914,"date":"2026-03-28T09:58:00","date_gmt":"2026-03-28T12:58:00","guid":{"rendered":"https:\/\/portaltela.pt\/noticias\/2026\/03\/28\/consumidores-da-feira-de-valongo-denunciam-subida-de-precos-de-bens-essenciais\/"},"modified":"2026-03-28T09:58:00","modified_gmt":"2026-03-28T12:58:00","slug":"consumidores-da-feira-de-valongo-denunciam-subida-de-precos-de-bens-essenciais","status":"publish","type":"post","link":"https:\/\/portaltela.pt\/noticias\/economia\/2026\/03\/28\/consumidores-da-feira-de-valongo-denunciam-subida-de-precos-de-bens-essenciais\/","title":{"rendered":"Consumidores da Feira de Valongo denunciam subida de pre\u00e7os de bens essenciais"},"content":{"rendered":"<p>Na Feira de Valongo, consumidores denunciaram nesta segunda-feira o aumento dos pre\u00e7os de bens de primeira necessidade, como frutas, legumes e produtos de mercearia. A subida \u00e9 considerada significativa nos \u00faltimos meses, afetando o acesso a produtos essenciais.<\/p>\n<p>Al\u00e9m disso, alguns participantes apontaram que o agravamento se verifica tamb\u00e9m ao n\u00edvel das rendas, o que agrava o peso financeiro nas fam\u00edlias. O facto de haver mais despesas faz com que o or\u00e7amento fique cada vez mais apertado.<\/p>\n<p>Os vendedores presentes explicaram que os aumentos devem-se a custos de produ\u00e7\u00e3o e de transporte, bem como \u00e0 infla\u00e7\u00e3o em Portugal. Garantiram que tentam manter os pre\u00e7os o mais est\u00e1veis poss\u00edvel, apesar das press\u00f5es econ\u00f3micas.<\/p>\n<h3>Causas dos aumentos<\/h3>\n<p>Os lojistas destacaram que a subida dos custos operacionais n\u00e3o pode ser apenas absorvida, o que leva a ajustes pontuais nos produtos. A tens\u00e3o entre custo e pre\u00e7o de venda continua a influenciar a disponibilidade de itens b\u00e1sicos.<\/p>\n<h3>Rea\u00e7\u00e3o dos consumidores<\/h3>\n<p>Os moradores da zona aguardam uma estabiliza\u00e7\u00e3o dos pre\u00e7os nos pr\u00f3ximos meses para reduzir o impacto econ\u00f3mico nas fam\u00edlias. A feira continua a funcionar, com comerciantes a acompanhar de perto a evolu\u00e7\u00e3o do mercado.<\/p>\n","protected":false},"excerpt":{"rendered":"<ul>\n<li>Na Feira de Valongo, consumidores dizem que os pre\u00e7os de bens de primeira necessidade \u2014 como frutas, legumes e produtos de mercearia \u2014 subiram nos \u00faltimos meses.<\/li>\n<li>Al\u00e9m disso, apontam para o aumento das rendas das casas, o que agrava as dificuldades econ\u00f3micas de muitas fam\u00edlias.<\/li>\n<li>Os vendedores explicam que os aumentos devem-se aos custos de produ\u00e7\u00e3o e de transporte, bem como \u00e0 infla\u00e7\u00e3o, tentando manter os pre\u00e7os acess\u00edveis.<\/li>\n<li>Os consumidores mostram preocupa\u00e7\u00e3o com o or\u00e7amento familiar e com o equil\u00edbrio das contas diante dos aumentos.<\/li>\n<li>A comunidade espera uma estabiliza\u00e7\u00e3o dos pre\u00e7os nos pr\u00f3ximos meses para aliviar a press\u00e3o financeira.<\/li>\n<\/ul>\n","protected":false},"author":2,"featured_media":424917,"comment_status":"closed","ping_status":"closed","sticky":false,"template":"","format":"standard","meta":{"footnotes":""},"categories":[2,6850],"tags":[86,4991,28,1676,1014,1244],"class_list":["post-424914","post","type-post","status-publish","format-standard","has-post-thumbnail","hentry","category-economia","category-financas","tag-alimentacao","tag-consumo","tag-economia","tag-inflacao","tag-portugal","tag-valongo"],"yoast_head":"<!-- This site is optimized with the Yoast SEO plugin v27.2 - https:\/\/yoast.com\/product\/yoast-seo-wordpress\/ -->\n<title>Consumidores da Feira de Valongo denunciam subida de pre\u00e7os de bens essenciais - Portal Tela Portugal<\/title>\n<meta name=\"robots\" content=\"index, follow, max-snippet:-1, max-image-preview:large, max-video-preview:-1\" \/>\n<meta property=\"og:locale\" content=\"pt_PT\" \/>\n<meta property=\"og:type\" content=\"article\" \/>\n<meta property=\"og:title\" content=\"Consumidores da Feira de Valongo denunciam subida de pre\u00e7os de bens essenciais - Portal Tela Portugal\" \/>\n<meta property=\"og:description\" content=\"Na Feira de Valongo, consumidores dizem que os pre\u00e7os de bens de primeira necessidade \u2014 como frutas, legumes e produtos de mercearia \u2014 subiram nos \u00faltimos meses. Al\u00e9m disso, apontam para o aumento das rendas das casas, o que agrava as dificuldades econ\u00f3micas de muitas fam\u00edlias. Os vendedores explicam que os aumentos devem-se aos custos de produ\u00e7\u00e3o e de transporte, bem como \u00e0 infla\u00e7\u00e3o, tentando manter os pre\u00e7os acess\u00edveis. Os consumidores mostram preocupa\u00e7\u00e3o com o or\u00e7amento familiar e com o equil\u00edbrio das contas diante dos aumentos. A comunidade espera uma estabiliza\u00e7\u00e3o dos pre\u00e7os nos pr\u00f3ximos meses para aliviar a press\u00e3o financeira.\" \/>\n<meta property=\"og:url\" content=\"https:\/\/portaltela.pt\/noticias\/2026\/03\/28\/consumidores-da-feira-de-valongo-denunciam-subida-de-precos-de-bens-essenciais\/\" \/>\n<meta property=\"og:site_name\" content=\"Portal Tela Portugal\" \/>\n<meta property=\"article:published_time\" content=\"2026-03-28T12:58:00+00:00\" \/>\n<meta name=\"author\" content=\"Telinha\" \/>\n<meta name=\"twitter:card\" content=\"summary_large_image\" \/>\n<meta name=\"twitter:label1\" content=\"Escrito por\" \/>\n\t<meta name=\"twitter:data1\" content=\"Telinha\" \/>\n\t<meta name=\"twitter:label2\" content=\"Tempo estimado de leitura\" \/>\n\t<meta name=\"twitter:data2\" content=\"1 minuto\" \/>\n<script type=\"application\/ld+json\" class=\"yoast-schema-graph\">{\"@context\":\"https:\/\/schema.org\",\"@graph\":[{\"@type\":\"Article\",\"@id\":\"https:\/\/portaltela.pt\/noticias\/2026\/03\/28\/consumidores-da-feira-de-valongo-denunciam-subida-de-precos-de-bens-essenciais\/#article\",\"isPartOf\":{\"@id\":\"https:\/\/portaltela.pt\/noticias\/2026\/03\/28\/consumidores-da-feira-de-valongo-denunciam-subida-de-precos-de-bens-essenciais\/\"},\"author\":{\"name\":\"Telinha\",\"@id\":\"https:\/\/portaltela.pt\/#\/schema\/person\/c4278d4a6028830caff9ee44b42d32ed\"},\"headline\":\"Consumidores da Feira de Valongo denunciam subida de pre\u00e7os de bens essenciais\",\"datePublished\":\"2026-03-28T12:58:00+00:00\",\"mainEntityOfPage\":{\"@id\":\"https:\/\/portaltela.pt\/noticias\/2026\/03\/28\/consumidores-da-feira-de-valongo-denunciam-subida-de-precos-de-bens-essenciais\/\"},\"wordCount\":225,\"image\":{\"@id\":\"https:\/\/portaltela.pt\/noticias\/2026\/03\/28\/consumidores-da-feira-de-valongo-denunciam-subida-de-precos-de-bens-essenciais\/#primaryimage\"},\"thumbnailUrl\":\"https:\/\/portaltela.pt\/s.01k8rhncp4jt1\/2026\/03\/img_1280x722uu2026-03-28-12-54-23-2275244.jpg\",\"keywords\":[\"alimenta\u00e7\u00e3o\",\"consumo\",\"economia\",\"infla\u00e7\u00e3o\",\"Portugal\",\"Valongo\"],\"articleSection\":[\"Economia\",\"Finan\u00e7as\"],\"inLanguage\":\"pt-PT\"},{\"@type\":\"WebPage\",\"@id\":\"https:\/\/portaltela.pt\/noticias\/2026\/03\/28\/consumidores-da-feira-de-valongo-denunciam-subida-de-precos-de-bens-essenciais\/\",\"url\":\"https:\/\/portaltela.pt\/noticias\/2026\/03\/28\/consumidores-da-feira-de-valongo-denunciam-subida-de-precos-de-bens-essenciais\/\",\"name\":\"Consumidores da Feira de Valongo denunciam subida de pre\u00e7os de bens essenciais - Portal Tela Portugal\",\"isPartOf\":{\"@id\":\"https:\/\/portaltela.pt\/#website\"},\"primaryImageOfPage\":{\"@id\":\"https:\/\/portaltela.pt\/noticias\/2026\/03\/28\/consumidores-da-feira-de-valongo-denunciam-subida-de-precos-de-bens-essenciais\/#primaryimage\"},\"image\":{\"@id\":\"https:\/\/portaltela.pt\/noticias\/2026\/03\/28\/consumidores-da-feira-de-valongo-denunciam-subida-de-precos-de-bens-essenciais\/#primaryimage\"},\"thumbnailUrl\":\"https:\/\/portaltela.pt\/s.01k8rhncp4jt1\/2026\/03\/img_1280x722uu2026-03-28-12-54-23-2275244.jpg\",\"datePublished\":\"2026-03-28T12:58:00+00:00\",\"author\":{\"@id\":\"https:\/\/portaltela.pt\/#\/schema\/person\/c4278d4a6028830caff9ee44b42d32ed\"},\"breadcrumb\":{\"@id\":\"https:\/\/portaltela.pt\/noticias\/2026\/03\/28\/consumidores-da-feira-de-valongo-denunciam-subida-de-precos-de-bens-essenciais\/#breadcrumb\"},\"inLanguage\":\"pt-PT\",\"potentialAction\":[{\"@type\":\"ReadAction\",\"target\":[\"https:\/\/portaltela.pt\/noticias\/2026\/03\/28\/consumidores-da-feira-de-valongo-denunciam-subida-de-precos-de-bens-essenciais\/\"]}]},{\"@type\":\"ImageObject\",\"inLanguage\":\"pt-PT\",\"@id\":\"https:\/\/portaltela.pt\/noticias\/2026\/03\/28\/consumidores-da-feira-de-valongo-denunciam-subida-de-precos-de-bens-essenciais\/#primaryimage\",\"url\":\"https:\/\/portaltela.pt\/s.01k8rhncp4jt1\/2026\/03\/img_1280x722uu2026-03-28-12-54-23-2275244.jpg\",\"contentUrl\":\"https:\/\/portaltela.pt\/s.01k8rhncp4jt1\/2026\/03\/img_1280x722uu2026-03-28-12-54-23-2275244.jpg\",\"width\":796,\"height\":448,\"caption\":\"Consumidores na Feira de Valongo queixam-se do aumento dos pre\u00e7os nos bens de primeira necessidade\"},{\"@type\":\"BreadcrumbList\",\"@id\":\"https:\/\/portaltela.pt\/noticias\/2026\/03\/28\/consumidores-da-feira-de-valongo-denunciam-subida-de-precos-de-bens-essenciais\/#breadcrumb\",\"itemListElement\":[{\"@type\":\"ListItem\",\"position\":1,\"name\":\"In\u00edcio\",\"item\":\"https:\/\/portaltela.pt\/\"},{\"@type\":\"ListItem\",\"position\":2,\"name\":\"Consumidores da Feira de Valongo denunciam subida de pre\u00e7os de bens essenciais\"}]},{\"@type\":\"WebSite\",\"@id\":\"https:\/\/portaltela.pt\/#website\",\"url\":\"https:\/\/portaltela.pt\/\",\"name\":\"Portal Tela Portugal\",\"description\":\"\",\"potentialAction\":[{\"@type\":\"SearchAction\",\"target\":{\"@type\":\"EntryPoint\",\"urlTemplate\":\"https:\/\/portaltela.pt\/?s={search_term_string}\"},\"query-input\":{\"@type\":\"PropertyValueSpecification\",\"valueRequired\":true,\"valueName\":\"search_term_string\"}}],\"inLanguage\":\"pt-PT\"},{\"@type\":\"Person\",\"@id\":\"https:\/\/portaltela.pt\/#\/schema\/person\/c4278d4a6028830caff9ee44b42d32ed\",\"name\":\"Telinha\",\"image\":{\"@type\":\"ImageObject\",\"inLanguage\":\"pt-PT\",\"@id\":\"https:\/\/portaltela.pt\/s.01k8rhncp4jt1\/2025\/11\/talking-bot-125x125.png\",\"url\":\"https:\/\/portaltela.pt\/s.01k8rhncp4jt1\/2025\/11\/talking-bot-125x125.png\",\"contentUrl\":\"https:\/\/portaltela.pt\/s.01k8rhncp4jt1\/2025\/11\/talking-bot-125x125.png\",\"caption\":\"Telinha\"},\"sameAs\":[\"https:\/\/portaltela.pt\/\"],\"url\":\"https:\/\/portaltela.pt\/por\/367410592786\/\"}]}<\/script>\n<!-- \/ Yoast SEO plugin. -->","yoast_head_json":{"title":"Consumidores da Feira de Valongo denunciam subida de pre\u00e7os de bens essenciais - Portal Tela Portugal","robots":{"index":"index","follow":"follow","max-snippet":"max-snippet:-1","max-image-preview":"max-image-preview:large","max-video-preview":"max-video-preview:-1"},"og_locale":"pt_PT","og_type":"article","og_title":"Consumidores da Feira de Valongo denunciam subida de pre\u00e7os de bens essenciais - Portal Tela Portugal","og_description":"Na Feira de Valongo, consumidores dizem que os pre\u00e7os de bens de primeira necessidade \u2014 como frutas, legumes e produtos de mercearia \u2014 subiram nos \u00faltimos meses. Al\u00e9m disso, apontam para o aumento das rendas das casas, o que agrava as dificuldades econ\u00f3micas de muitas fam\u00edlias. Os vendedores explicam que os aumentos devem-se aos custos de produ\u00e7\u00e3o e de transporte, bem como \u00e0 infla\u00e7\u00e3o, tentando manter os pre\u00e7os acess\u00edveis. Os consumidores mostram preocupa\u00e7\u00e3o com o or\u00e7amento familiar e com o equil\u00edbrio das contas diante dos aumentos. A comunidade espera uma estabiliza\u00e7\u00e3o dos pre\u00e7os nos pr\u00f3ximos meses para aliviar a press\u00e3o financeira.","og_url":"https:\/\/portaltela.pt\/noticias\/2026\/03\/28\/consumidores-da-feira-de-valongo-denunciam-subida-de-precos-de-bens-essenciais\/","og_site_name":"Portal Tela Portugal","article_published_time":"2026-03-28T12:58:00+00:00","author":"Telinha","twitter_card":"summary_large_image","twitter_misc":{"Escrito por":"Telinha","Tempo estimado de leitura":"1 minuto"},"schema":{"@context":"https:\/\/schema.org","@graph":[{"@type":"Article","@id":"https:\/\/portaltela.pt\/noticias\/2026\/03\/28\/consumidores-da-feira-de-valongo-denunciam-subida-de-precos-de-bens-essenciais\/#article","isPartOf":{"@id":"https:\/\/portaltela.pt\/noticias\/2026\/03\/28\/consumidores-da-feira-de-valongo-denunciam-subida-de-precos-de-bens-essenciais\/"},"author":{"name":"Telinha","@id":"https:\/\/portaltela.pt\/#\/schema\/person\/c4278d4a6028830caff9ee44b42d32ed"},"headline":"Consumidores da Feira de Valongo denunciam subida de pre\u00e7os de bens essenciais","datePublished":"2026-03-28T12:58:00+00:00","mainEntityOfPage":{"@id":"https:\/\/portaltela.pt\/noticias\/2026\/03\/28\/consumidores-da-feira-de-valongo-denunciam-subida-de-precos-de-bens-essenciais\/"},"wordCount":225,"image":{"@id":"https:\/\/portaltela.pt\/noticias\/2026\/03\/28\/consumidores-da-feira-de-valongo-denunciam-subida-de-precos-de-bens-essenciais\/#primaryimage"},"thumbnailUrl":"https:\/\/portaltela.pt\/s.01k8rhncp4jt1\/2026\/03\/img_1280x722uu2026-03-28-12-54-23-2275244.jpg","keywords":["alimenta\u00e7\u00e3o","consumo","economia","infla\u00e7\u00e3o","Portugal","Valongo"],"articleSection":["Economia","Finan\u00e7as"],"inLanguage":"pt-PT"},{"@type":"WebPage","@id":"https:\/\/portaltela.pt\/noticias\/2026\/03\/28\/consumidores-da-feira-de-valongo-denunciam-subida-de-precos-de-bens-essenciais\/","url":"https:\/\/portaltela.pt\/noticias\/2026\/03\/28\/consumidores-da-feira-de-valongo-denunciam-subida-de-precos-de-bens-essenciais\/","name":"Consumidores da Feira de Valongo denunciam subida de pre\u00e7os de bens essenciais - Portal Tela Portugal","isPartOf":{"@id":"https:\/\/portaltela.pt\/#website"},"primaryImageOfPage":{"@id":"https:\/\/portaltela.pt\/noticias\/2026\/03\/28\/consumidores-da-feira-de-valongo-denunciam-subida-de-precos-de-bens-essenciais\/#primaryimage"},"image":{"@id":"https:\/\/portaltela.pt\/noticias\/2026\/03\/28\/consumidores-da-feira-de-valongo-denunciam-subida-de-precos-de-bens-essenciais\/#primaryimage"},"thumbnailUrl":"https:\/\/portaltela.pt\/s.01k8rhncp4jt1\/2026\/03\/img_1280x722uu2026-03-28-12-54-23-2275244.jpg","datePublished":"2026-03-28T12:58:00+00:00","author":{"@id":"https:\/\/portaltela.pt\/#\/schema\/person\/c4278d4a6028830caff9ee44b42d32ed"},"breadcrumb":{"@id":"https:\/\/portaltela.pt\/noticias\/2026\/03\/28\/consumidores-da-feira-de-valongo-denunciam-subida-de-precos-de-bens-essenciais\/#breadcrumb"},"inLanguage":"pt-PT","potentialAction":[{"@type":"ReadAction","target":["https:\/\/portaltela.pt\/noticias\/2026\/03\/28\/consumidores-da-feira-de-valongo-denunciam-subida-de-precos-de-bens-essenciais\/"]}]},{"@type":"ImageObject","inLanguage":"pt-PT","@id":"https:\/\/portaltela.pt\/noticias\/2026\/03\/28\/consumidores-da-feira-de-valongo-denunciam-subida-de-precos-de-bens-essenciais\/#primaryimage","url":"https:\/\/portaltela.pt\/s.01k8rhncp4jt1\/2026\/03\/img_1280x722uu2026-03-28-12-54-23-2275244.jpg","contentUrl":"https:\/\/portaltela.pt\/s.01k8rhncp4jt1\/2026\/03\/img_1280x722uu2026-03-28-12-54-23-2275244.jpg","width":796,"height":448,"caption":"Consumidores na Feira de Valongo queixam-se do aumento dos pre\u00e7os nos bens de primeira necessidade"},{"@type":"BreadcrumbList","@id":"https:\/\/portaltela.pt\/noticias\/2026\/03\/28\/consumidores-da-feira-de-valongo-denunciam-subida-de-precos-de-bens-essenciais\/#breadcrumb","itemListElement":[{"@type":"ListItem","position":1,"name":"In\u00edcio","item":"https:\/\/portaltela.pt\/"},{"@type":"ListItem","position":2,"name":"Consumidores da Feira de Valongo denunciam subida de pre\u00e7os de bens essenciais"}]},{"@type":"WebSite","@id":"https:\/\/portaltela.pt\/#website","url":"https:\/\/portaltela.pt\/","name":"Portal Tela Portugal","description":"","potentialAction":[{"@type":"SearchAction","target":{"@type":"EntryPoint","urlTemplate":"https:\/\/portaltela.pt\/?s={search_term_string}"},"query-input":{"@type":"PropertyValueSpecification","valueRequired":true,"valueName":"search_term_string"}}],"inLanguage":"pt-PT"},{"@type":"Person","@id":"https:\/\/portaltela.pt\/#\/schema\/person\/c4278d4a6028830caff9ee44b42d32ed","name":"Telinha","image":{"@type":"ImageObject","inLanguage":"pt-PT","@id":"https:\/\/portaltela.pt\/s.01k8rhncp4jt1\/2025\/11\/talking-bot-125x125.png","url":"https:\/\/portaltela.pt\/s.01k8rhncp4jt1\/2025\/11\/talking-bot-125x125.png","contentUrl":"https:\/\/portaltela.pt\/s.01k8rhncp4jt1\/2025\/11\/talking-bot-125x125.png","caption":"Telinha"},"sameAs":["https:\/\/portaltela.pt\/"],"url":"https:\/\/portaltela.pt\/por\/367410592786\/"}]}},"_links":{"self":[{"href":"https:\/\/portaltela.pt\/api\/wp\/v2\/posts\/424914","targetHints":{"allow":["GET"]}}],"collection":[{"href":"https:\/\/portaltela.pt\/api\/wp\/v2\/posts"}],"about":[{"href":"https:\/\/portaltela.pt\/api\/wp\/v2\/types\/post"}],"author":[{"embeddable":true,"href":"https:\/\/portaltela.pt\/api\/wp\/v2\/users\/2"}],"replies":[{"embeddable":true,"href":"https:\/\/portaltela.pt\/api\/wp\/v2\/comments?post=424914"}],"version-history":[{"count":0,"href":"https:\/\/portaltela.pt\/api\/wp\/v2\/posts\/424914\/revisions"}],"wp:featuredmedia":[{"embeddable":true,"href":"https:\/\/portaltela.pt\/api\/wp\/v2\/media\/424917"}],"wp:attachment":[{"href":"https:\/\/portaltela.pt\/api\/wp\/v2\/media?parent=424914"}],"wp:term":[{"taxonomy":"category","embeddable":true,"href":"https:\/\/portaltela.pt\/api\/wp\/v2\/categories?post=424914"},{"taxonomy":"post_tag","embeddable":true,"href":"https:\/\/portaltela.pt\/api\/wp\/v2\/tags?post=424914"}],"curies":[{"name":"wp","href":"https:\/\/api.w.org\/{rel}","templated":true}]}}