{"id":424912,"date":"2026-03-28T09:56:44","date_gmt":"2026-03-28T12:56:44","guid":{"rendered":"https:\/\/portaltela.pt\/noticias\/2026\/03\/28\/proprietarios-agricolas-em-sines-preocupados-com-subida-dos-combustiveis\/"},"modified":"2026-03-28T09:56:44","modified_gmt":"2026-03-28T12:56:44","slug":"proprietarios-agricolas-em-sines-preocupados-com-subida-dos-combustiveis","status":"publish","type":"post","link":"https:\/\/portaltela.pt\/noticias\/economia\/2026\/03\/28\/proprietarios-agricolas-em-sines-preocupados-com-subida-dos-combustiveis\/","title":{"rendered":"Propriet\u00e1rios agr\u00edcolas em Sines preocupados com subida dos combust\u00edveis"},"content":{"rendered":"<p>A subida dos combust\u00edveis est\u00e1 a colocar press\u00e3o sobre os propriet\u00e1rios de m\u00e1quinas agr\u00edcolas em Sines. Segundo os agricultores, o aumento de custos compromete a gest\u00e3o di\u00e1ria das explora\u00e7\u00f5es e a rentabilidade.<\/p>\n<p>Os donos de campos de cultivo apontam que os apoios do Governo n\u00e3o chegam para compensar o peso financeiro atual. Consideram as medidas p\u00fablicas insuficientes para mitigar o impacto do aumento dos pre\u00e7os dos combust\u00edveis.<\/p>\n<p>H\u00e1 preocupa\u00e7\u00e3o entre os produtores locais de que o custo de opera\u00e7\u00e3o das m\u00e1quinas possa reduzir a produ\u00e7\u00e3o na regi\u00e3o. Mesmo com estrat\u00e9gias de redu\u00e7\u00e3o de consumo, a press\u00e3o financeira persiste.<\/p>\n<h3>Impacto econ\u00f3mico local<\/h3>\n<p>Os agricultores continuam a trabalhar, procurando solu\u00e7\u00f5es para limitar os efeitos do incremento dos combust\u00edveis. A esperan\u00e7a recai em medidas governamentais mais eficazes para o setor.<\/p>\n<p>A situa\u00e7\u00e3o em Sines espelha um desafio mais amplo, que se repete em v\u00e1rias regi\u00f5es do pa\u00eds, afetando a viabilidade de muitas explora\u00e7\u00f5es agr\u00edcolas ligadas \u00e0 maquinaria pesadas.<\/p>\n","protected":false},"excerpt":{"rendered":"<ul>\n<li>A subida dos combust\u00edveis preocupa propriet\u00e1rios agr\u00edcolas em Sines, dificultando a gest\u00e3o do dia a dia das explora\u00e7\u00f5es.<\/li>\n<li>Agricultores afirmam que os apoios do Governo s\u00e3o insuficientes para compensar o aumento dos custos com combust\u00edvel.<\/li>\n<li>Consideram os apoios governamentais como uma \u201cgota de \u00e1gua no oceano\u201d face ao peso financeiro que enfrentam.<\/li>\n<li>H\u00e1 preocupa\u00e7\u00e3o de que o aumento de custos leve \u00e0 diminui\u00e7\u00e3o da produ\u00e7\u00e3o na regi\u00e3o, devido \u00e0 heavy depend\u00eancia de m\u00e1quinas que consomem muito combust\u00edvel.<\/li>\n<li>Mesmo com as dificuldades, os agricultores seguem a trabalhar e procuram solu\u00e7\u00f5es, mantendo a esperan\u00e7a em medidas mais eficazes do Governo para o setor.<\/li>\n<\/ul>\n","protected":false},"author":2,"featured_media":424916,"comment_status":"closed","ping_status":"closed","sticky":false,"template":"","format":"standard","meta":{"footnotes":""},"categories":[2,6871],"tags":[179,883,7465,28,174,1892],"class_list":["post-424912","post","type-post","status-publish","format-standard","has-post-thumbnail","hentry","category-economia","category-sociedade","tag-agricultura","tag-alentejo","tag-combustiveis","tag-economia","tag-energia","tag-sines"],"yoast_head":"<!-- This site is optimized with the Yoast SEO plugin v27.2 - https:\/\/yoast.com\/product\/yoast-seo-wordpress\/ -->\n<title>Propriet\u00e1rios agr\u00edcolas em Sines preocupados com subida dos combust\u00edveis - Portal Tela Portugal<\/title>\n<meta name=\"robots\" content=\"index, follow, max-snippet:-1, max-image-preview:large, max-video-preview:-1\" \/>\n<meta property=\"og:locale\" content=\"pt_PT\" \/>\n<meta property=\"og:type\" content=\"article\" \/>\n<meta property=\"og:title\" content=\"Propriet\u00e1rios agr\u00edcolas em Sines preocupados com subida dos combust\u00edveis - Portal Tela Portugal\" \/>\n<meta property=\"og:description\" content=\"A subida dos combust\u00edveis preocupa propriet\u00e1rios agr\u00edcolas em Sines, dificultando a gest\u00e3o do dia a dia das explora\u00e7\u00f5es. Agricultores afirmam que os apoios do Governo s\u00e3o insuficientes para compensar o aumento dos custos com combust\u00edvel. Consideram os apoios governamentais como uma \u201cgota de \u00e1gua no oceano\u201d face ao peso financeiro que enfrentam. H\u00e1 preocupa\u00e7\u00e3o de que o aumento de custos leve \u00e0 diminui\u00e7\u00e3o da produ\u00e7\u00e3o na regi\u00e3o, devido \u00e0 heavy depend\u00eancia de m\u00e1quinas que consomem muito combust\u00edvel. Mesmo com as dificuldades, os agricultores seguem a trabalhar e procuram solu\u00e7\u00f5es, mantendo a esperan\u00e7a em medidas mais eficazes do Governo para o setor.\" \/>\n<meta property=\"og:url\" content=\"https:\/\/portaltela.pt\/noticias\/2026\/03\/28\/proprietarios-agricolas-em-sines-preocupados-com-subida-dos-combustiveis\/\" \/>\n<meta property=\"og:site_name\" content=\"Portal Tela Portugal\" \/>\n<meta property=\"article:published_time\" content=\"2026-03-28T12:56:44+00:00\" \/>\n<meta name=\"author\" content=\"Telinha\" \/>\n<meta name=\"twitter:card\" content=\"summary_large_image\" \/>\n<meta name=\"twitter:label1\" content=\"Escrito por\" \/>\n\t<meta name=\"twitter:data1\" content=\"Telinha\" \/>\n\t<meta name=\"twitter:label2\" content=\"Tempo estimado de leitura\" \/>\n\t<meta name=\"twitter:data2\" content=\"1 minuto\" \/>\n<script type=\"application\/ld+json\" class=\"yoast-schema-graph\">{\"@context\":\"https:\/\/schema.org\",\"@graph\":[{\"@type\":\"Article\",\"@id\":\"https:\/\/portaltela.pt\/noticias\/2026\/03\/28\/proprietarios-agricolas-em-sines-preocupados-com-subida-dos-combustiveis\/#article\",\"isPartOf\":{\"@id\":\"https:\/\/portaltela.pt\/noticias\/2026\/03\/28\/proprietarios-agricolas-em-sines-preocupados-com-subida-dos-combustiveis\/\"},\"author\":{\"name\":\"Telinha\",\"@id\":\"https:\/\/portaltela.pt\/#\/schema\/person\/c4278d4a6028830caff9ee44b42d32ed\"},\"headline\":\"Propriet\u00e1rios agr\u00edcolas em Sines preocupados com subida dos combust\u00edveis\",\"datePublished\":\"2026-03-28T12:56:44+00:00\",\"mainEntityOfPage\":{\"@id\":\"https:\/\/portaltela.pt\/noticias\/2026\/03\/28\/proprietarios-agricolas-em-sines-preocupados-com-subida-dos-combustiveis\/\"},\"wordCount\":196,\"image\":{\"@id\":\"https:\/\/portaltela.pt\/noticias\/2026\/03\/28\/proprietarios-agricolas-em-sines-preocupados-com-subida-dos-combustiveis\/#primaryimage\"},\"thumbnailUrl\":\"https:\/\/portaltela.pt\/s.01k8rhncp4jt1\/2026\/03\/img_1280x722uu2026-03-28-12-50-49-2275243.jpg\",\"keywords\":[\"agricultura\",\"Alentejo\",\"combust\u00edveis\",\"economia\",\"energia\",\"Sines\"],\"articleSection\":[\"Economia\",\"Sociedade\"],\"inLanguage\":\"pt-PT\"},{\"@type\":\"WebPage\",\"@id\":\"https:\/\/portaltela.pt\/noticias\/2026\/03\/28\/proprietarios-agricolas-em-sines-preocupados-com-subida-dos-combustiveis\/\",\"url\":\"https:\/\/portaltela.pt\/noticias\/2026\/03\/28\/proprietarios-agricolas-em-sines-preocupados-com-subida-dos-combustiveis\/\",\"name\":\"Propriet\u00e1rios agr\u00edcolas em Sines preocupados com subida dos combust\u00edveis - Portal Tela Portugal\",\"isPartOf\":{\"@id\":\"https:\/\/portaltela.pt\/#website\"},\"primaryImageOfPage\":{\"@id\":\"https:\/\/portaltela.pt\/noticias\/2026\/03\/28\/proprietarios-agricolas-em-sines-preocupados-com-subida-dos-combustiveis\/#primaryimage\"},\"image\":{\"@id\":\"https:\/\/portaltela.pt\/noticias\/2026\/03\/28\/proprietarios-agricolas-em-sines-preocupados-com-subida-dos-combustiveis\/#primaryimage\"},\"thumbnailUrl\":\"https:\/\/portaltela.pt\/s.01k8rhncp4jt1\/2026\/03\/img_1280x722uu2026-03-28-12-50-49-2275243.jpg\",\"datePublished\":\"2026-03-28T12:56:44+00:00\",\"author\":{\"@id\":\"https:\/\/portaltela.pt\/#\/schema\/person\/c4278d4a6028830caff9ee44b42d32ed\"},\"breadcrumb\":{\"@id\":\"https:\/\/portaltela.pt\/noticias\/2026\/03\/28\/proprietarios-agricolas-em-sines-preocupados-com-subida-dos-combustiveis\/#breadcrumb\"},\"inLanguage\":\"pt-PT\",\"potentialAction\":[{\"@type\":\"ReadAction\",\"target\":[\"https:\/\/portaltela.pt\/noticias\/2026\/03\/28\/proprietarios-agricolas-em-sines-preocupados-com-subida-dos-combustiveis\/\"]}]},{\"@type\":\"ImageObject\",\"inLanguage\":\"pt-PT\",\"@id\":\"https:\/\/portaltela.pt\/noticias\/2026\/03\/28\/proprietarios-agricolas-em-sines-preocupados-com-subida-dos-combustiveis\/#primaryimage\",\"url\":\"https:\/\/portaltela.pt\/s.01k8rhncp4jt1\/2026\/03\/img_1280x722uu2026-03-28-12-50-49-2275243.jpg\",\"contentUrl\":\"https:\/\/portaltela.pt\/s.01k8rhncp4jt1\/2026\/03\/img_1280x722uu2026-03-28-12-50-49-2275243.jpg\",\"width\":796,\"height\":448,\"caption\":\"Legenda da imagem principal\"},{\"@type\":\"BreadcrumbList\",\"@id\":\"https:\/\/portaltela.pt\/noticias\/2026\/03\/28\/proprietarios-agricolas-em-sines-preocupados-com-subida-dos-combustiveis\/#breadcrumb\",\"itemListElement\":[{\"@type\":\"ListItem\",\"position\":1,\"name\":\"In\u00edcio\",\"item\":\"https:\/\/portaltela.pt\/\"},{\"@type\":\"ListItem\",\"position\":2,\"name\":\"Propriet\u00e1rios agr\u00edcolas em Sines preocupados com subida dos combust\u00edveis\"}]},{\"@type\":\"WebSite\",\"@id\":\"https:\/\/portaltela.pt\/#website\",\"url\":\"https:\/\/portaltela.pt\/\",\"name\":\"Portal Tela Portugal\",\"description\":\"\",\"potentialAction\":[{\"@type\":\"SearchAction\",\"target\":{\"@type\":\"EntryPoint\",\"urlTemplate\":\"https:\/\/portaltela.pt\/?s={search_term_string}\"},\"query-input\":{\"@type\":\"PropertyValueSpecification\",\"valueRequired\":true,\"valueName\":\"search_term_string\"}}],\"inLanguage\":\"pt-PT\"},{\"@type\":\"Person\",\"@id\":\"https:\/\/portaltela.pt\/#\/schema\/person\/c4278d4a6028830caff9ee44b42d32ed\",\"name\":\"Telinha\",\"image\":{\"@type\":\"ImageObject\",\"inLanguage\":\"pt-PT\",\"@id\":\"https:\/\/portaltela.pt\/s.01k8rhncp4jt1\/2025\/11\/talking-bot-125x125.png\",\"url\":\"https:\/\/portaltela.pt\/s.01k8rhncp4jt1\/2025\/11\/talking-bot-125x125.png\",\"contentUrl\":\"https:\/\/portaltela.pt\/s.01k8rhncp4jt1\/2025\/11\/talking-bot-125x125.png\",\"caption\":\"Telinha\"},\"sameAs\":[\"https:\/\/portaltela.pt\/\"],\"url\":\"https:\/\/portaltela.pt\/por\/367410592786\/\"}]}<\/script>\n<!-- \/ Yoast SEO plugin. -->","yoast_head_json":{"title":"Propriet\u00e1rios agr\u00edcolas em Sines preocupados com subida dos combust\u00edveis - Portal Tela Portugal","robots":{"index":"index","follow":"follow","max-snippet":"max-snippet:-1","max-image-preview":"max-image-preview:large","max-video-preview":"max-video-preview:-1"},"og_locale":"pt_PT","og_type":"article","og_title":"Propriet\u00e1rios agr\u00edcolas em Sines preocupados com subida dos combust\u00edveis - Portal Tela Portugal","og_description":"A subida dos combust\u00edveis preocupa propriet\u00e1rios agr\u00edcolas em Sines, dificultando a gest\u00e3o do dia a dia das explora\u00e7\u00f5es. Agricultores afirmam que os apoios do Governo s\u00e3o insuficientes para compensar o aumento dos custos com combust\u00edvel. Consideram os apoios governamentais como uma \u201cgota de \u00e1gua no oceano\u201d face ao peso financeiro que enfrentam. H\u00e1 preocupa\u00e7\u00e3o de que o aumento de custos leve \u00e0 diminui\u00e7\u00e3o da produ\u00e7\u00e3o na regi\u00e3o, devido \u00e0 heavy depend\u00eancia de m\u00e1quinas que consomem muito combust\u00edvel. Mesmo com as dificuldades, os agricultores seguem a trabalhar e procuram solu\u00e7\u00f5es, mantendo a esperan\u00e7a em medidas mais eficazes do Governo para o setor.","og_url":"https:\/\/portaltela.pt\/noticias\/2026\/03\/28\/proprietarios-agricolas-em-sines-preocupados-com-subida-dos-combustiveis\/","og_site_name":"Portal Tela Portugal","article_published_time":"2026-03-28T12:56:44+00:00","author":"Telinha","twitter_card":"summary_large_image","twitter_misc":{"Escrito por":"Telinha","Tempo estimado de leitura":"1 minuto"},"schema":{"@context":"https:\/\/schema.org","@graph":[{"@type":"Article","@id":"https:\/\/portaltela.pt\/noticias\/2026\/03\/28\/proprietarios-agricolas-em-sines-preocupados-com-subida-dos-combustiveis\/#article","isPartOf":{"@id":"https:\/\/portaltela.pt\/noticias\/2026\/03\/28\/proprietarios-agricolas-em-sines-preocupados-com-subida-dos-combustiveis\/"},"author":{"name":"Telinha","@id":"https:\/\/portaltela.pt\/#\/schema\/person\/c4278d4a6028830caff9ee44b42d32ed"},"headline":"Propriet\u00e1rios agr\u00edcolas em Sines preocupados com subida dos combust\u00edveis","datePublished":"2026-03-28T12:56:44+00:00","mainEntityOfPage":{"@id":"https:\/\/portaltela.pt\/noticias\/2026\/03\/28\/proprietarios-agricolas-em-sines-preocupados-com-subida-dos-combustiveis\/"},"wordCount":196,"image":{"@id":"https:\/\/portaltela.pt\/noticias\/2026\/03\/28\/proprietarios-agricolas-em-sines-preocupados-com-subida-dos-combustiveis\/#primaryimage"},"thumbnailUrl":"https:\/\/portaltela.pt\/s.01k8rhncp4jt1\/2026\/03\/img_1280x722uu2026-03-28-12-50-49-2275243.jpg","keywords":["agricultura","Alentejo","combust\u00edveis","economia","energia","Sines"],"articleSection":["Economia","Sociedade"],"inLanguage":"pt-PT"},{"@type":"WebPage","@id":"https:\/\/portaltela.pt\/noticias\/2026\/03\/28\/proprietarios-agricolas-em-sines-preocupados-com-subida-dos-combustiveis\/","url":"https:\/\/portaltela.pt\/noticias\/2026\/03\/28\/proprietarios-agricolas-em-sines-preocupados-com-subida-dos-combustiveis\/","name":"Propriet\u00e1rios agr\u00edcolas em Sines preocupados com subida dos combust\u00edveis - Portal Tela Portugal","isPartOf":{"@id":"https:\/\/portaltela.pt\/#website"},"primaryImageOfPage":{"@id":"https:\/\/portaltela.pt\/noticias\/2026\/03\/28\/proprietarios-agricolas-em-sines-preocupados-com-subida-dos-combustiveis\/#primaryimage"},"image":{"@id":"https:\/\/portaltela.pt\/noticias\/2026\/03\/28\/proprietarios-agricolas-em-sines-preocupados-com-subida-dos-combustiveis\/#primaryimage"},"thumbnailUrl":"https:\/\/portaltela.pt\/s.01k8rhncp4jt1\/2026\/03\/img_1280x722uu2026-03-28-12-50-49-2275243.jpg","datePublished":"2026-03-28T12:56:44+00:00","author":{"@id":"https:\/\/portaltela.pt\/#\/schema\/person\/c4278d4a6028830caff9ee44b42d32ed"},"breadcrumb":{"@id":"https:\/\/portaltela.pt\/noticias\/2026\/03\/28\/proprietarios-agricolas-em-sines-preocupados-com-subida-dos-combustiveis\/#breadcrumb"},"inLanguage":"pt-PT","potentialAction":[{"@type":"ReadAction","target":["https:\/\/portaltela.pt\/noticias\/2026\/03\/28\/proprietarios-agricolas-em-sines-preocupados-com-subida-dos-combustiveis\/"]}]},{"@type":"ImageObject","inLanguage":"pt-PT","@id":"https:\/\/portaltela.pt\/noticias\/2026\/03\/28\/proprietarios-agricolas-em-sines-preocupados-com-subida-dos-combustiveis\/#primaryimage","url":"https:\/\/portaltela.pt\/s.01k8rhncp4jt1\/2026\/03\/img_1280x722uu2026-03-28-12-50-49-2275243.jpg","contentUrl":"https:\/\/portaltela.pt\/s.01k8rhncp4jt1\/2026\/03\/img_1280x722uu2026-03-28-12-50-49-2275243.jpg","width":796,"height":448,"caption":"Legenda da imagem principal"},{"@type":"BreadcrumbList","@id":"https:\/\/portaltela.pt\/noticias\/2026\/03\/28\/proprietarios-agricolas-em-sines-preocupados-com-subida-dos-combustiveis\/#breadcrumb","itemListElement":[{"@type":"ListItem","position":1,"name":"In\u00edcio","item":"https:\/\/portaltela.pt\/"},{"@type":"ListItem","position":2,"name":"Propriet\u00e1rios agr\u00edcolas em Sines preocupados com subida dos combust\u00edveis"}]},{"@type":"WebSite","@id":"https:\/\/portaltela.pt\/#website","url":"https:\/\/portaltela.pt\/","name":"Portal Tela Portugal","description":"","potentialAction":[{"@type":"SearchAction","target":{"@type":"EntryPoint","urlTemplate":"https:\/\/portaltela.pt\/?s={search_term_string}"},"query-input":{"@type":"PropertyValueSpecification","valueRequired":true,"valueName":"search_term_string"}}],"inLanguage":"pt-PT"},{"@type":"Person","@id":"https:\/\/portaltela.pt\/#\/schema\/person\/c4278d4a6028830caff9ee44b42d32ed","name":"Telinha","image":{"@type":"ImageObject","inLanguage":"pt-PT","@id":"https:\/\/portaltela.pt\/s.01k8rhncp4jt1\/2025\/11\/talking-bot-125x125.png","url":"https:\/\/portaltela.pt\/s.01k8rhncp4jt1\/2025\/11\/talking-bot-125x125.png","contentUrl":"https:\/\/portaltela.pt\/s.01k8rhncp4jt1\/2025\/11\/talking-bot-125x125.png","caption":"Telinha"},"sameAs":["https:\/\/portaltela.pt\/"],"url":"https:\/\/portaltela.pt\/por\/367410592786\/"}]}},"_links":{"self":[{"href":"https:\/\/portaltela.pt\/api\/wp\/v2\/posts\/424912","targetHints":{"allow":["GET"]}}],"collection":[{"href":"https:\/\/portaltela.pt\/api\/wp\/v2\/posts"}],"about":[{"href":"https:\/\/portaltela.pt\/api\/wp\/v2\/types\/post"}],"author":[{"embeddable":true,"href":"https:\/\/portaltela.pt\/api\/wp\/v2\/users\/2"}],"replies":[{"embeddable":true,"href":"https:\/\/portaltela.pt\/api\/wp\/v2\/comments?post=424912"}],"version-history":[{"count":0,"href":"https:\/\/portaltela.pt\/api\/wp\/v2\/posts\/424912\/revisions"}],"wp:featuredmedia":[{"embeddable":true,"href":"https:\/\/portaltela.pt\/api\/wp\/v2\/media\/424916"}],"wp:attachment":[{"href":"https:\/\/portaltela.pt\/api\/wp\/v2\/media?parent=424912"}],"wp:term":[{"taxonomy":"category","embeddable":true,"href":"https:\/\/portaltela.pt\/api\/wp\/v2\/categories?post=424912"},{"taxonomy":"post_tag","embeddable":true,"href":"https:\/\/portaltela.pt\/api\/wp\/v2\/tags?post=424912"}],"curies":[{"name":"wp","href":"https:\/\/api.w.org\/{rel}","templated":true}]}}