{"id":424904,"date":"2026-03-28T10:00:36","date_gmt":"2026-03-28T13:00:36","guid":{"rendered":"https:\/\/portaltela.pt\/noticias\/2026\/03\/28\/tres-homens-encapuzados-assaltam-loja-de-roupa-em-felgueiras\/"},"modified":"2026-03-28T10:00:36","modified_gmt":"2026-03-28T13:00:36","slug":"tres-homens-encapuzados-assaltam-loja-de-roupa-em-felgueiras","status":"publish","type":"post","link":"https:\/\/portaltela.pt\/crime\/2026\/03\/28\/tres-homens-encapuzados-assaltam-loja-de-roupa-em-felgueiras\/","title":{"rendered":"Tr\u00eas homens encapuzados assaltam loja de roupa em Felgueiras"},"content":{"rendered":"<p>O assalto ocorreu numa loja de roupa em Felgueiras, protagonizado por tr\u00eas homens encapuzados. A opera\u00e7\u00e3o durou dois minutos e meio. Os suspeitos ainda n\u00e3o foram identificados e n\u00e3o foram divulgados os motivos.<\/p>\n<p>A a\u00e7\u00e3o foi registada por videovigil\u00e2ncia, que est\u00e1 a ser analisada pelas autoridades. A investiga\u00e7\u00e3o est\u00e1 em curso para identificar os indiv\u00edduos e apurar o valor alegadamente furtado.<\/p>\n<h3>Investiga\u00e7\u00e3o em curso<\/h3>\n<p>As autoridades confirmam que n\u00e3o h\u00e1 informa\u00e7\u00f5es sobre feridos ou danos significativos. O caso fica aos cuidados da pol\u00edcia, que deve avan\u00e7ar com o recuo de testemunhas e a recolha de provas.<\/p>\n","protected":false},"excerpt":{"rendered":"<ul>\n<li>Tr\u00eas encapuzados assaltaram uma loja de roupa em Felgueiras.<\/li>\n<li>O assalto durou dois minutos e meio.<\/li>\n<li>Os suspeitos ainda n\u00e3o foram identificados.<\/li>\n<li>N\u00e3o foram divulgadas informa\u00e7\u00f5es adicionais sobre feridos ou danos.<\/li>\n<\/ul>\n","protected":false},"author":2,"featured_media":424907,"comment_status":"closed","ping_status":"closed","sticky":false,"template":"","format":"standard","meta":{"footnotes":""},"categories":[6907],"tags":[5674,2210,3418,203,250,2234],"class_list":["post-424904","post","type-post","status-publish","format-standard","has-post-thumbnail","hentry","category-crime","tag-assaltos","tag-felgueiras","tag-policia-de-seguranca-publica","tag-roubo","tag-seguranca-publica","tag-videovigilancia"],"yoast_head":"<!-- This site is optimized with the Yoast SEO plugin v27.2 - https:\/\/yoast.com\/product\/yoast-seo-wordpress\/ -->\n<title>Tr\u00eas homens encapuzados assaltam loja de roupa em Felgueiras - Portal Tela Portugal<\/title>\n<meta name=\"robots\" content=\"index, follow, max-snippet:-1, max-image-preview:large, max-video-preview:-1\" \/>\n<meta property=\"og:locale\" content=\"pt_PT\" \/>\n<meta property=\"og:type\" content=\"article\" \/>\n<meta property=\"og:title\" content=\"Tr\u00eas homens encapuzados assaltam loja de roupa em Felgueiras - Portal Tela Portugal\" \/>\n<meta property=\"og:description\" content=\"Tr\u00eas encapuzados assaltaram uma loja de roupa em Felgueiras. O assalto durou dois minutos e meio. Os suspeitos ainda n\u00e3o foram identificados. N\u00e3o foram divulgadas informa\u00e7\u00f5es adicionais sobre feridos ou danos.\" \/>\n<meta property=\"og:url\" content=\"https:\/\/portaltela.pt\/noticias\/2026\/03\/28\/tres-homens-encapuzados-assaltam-loja-de-roupa-em-felgueiras\/\" \/>\n<meta property=\"og:site_name\" content=\"Portal Tela Portugal\" \/>\n<meta property=\"article:published_time\" content=\"2026-03-28T13:00:36+00:00\" \/>\n<meta name=\"author\" content=\"Telinha\" \/>\n<meta name=\"twitter:card\" content=\"summary_large_image\" \/>\n<meta name=\"twitter:label1\" content=\"Escrito por\" \/>\n\t<meta name=\"twitter:data1\" content=\"Telinha\" \/>\n\t<meta name=\"twitter:label2\" content=\"Tempo estimado de leitura\" \/>\n\t<meta name=\"twitter:data2\" content=\"1 minuto\" \/>\n<script type=\"application\/ld+json\" class=\"yoast-schema-graph\">{\"@context\":\"https:\/\/schema.org\",\"@graph\":[{\"@type\":\"Article\",\"@id\":\"https:\/\/portaltela.pt\/noticias\/2026\/03\/28\/tres-homens-encapuzados-assaltam-loja-de-roupa-em-felgueiras\/#article\",\"isPartOf\":{\"@id\":\"https:\/\/portaltela.pt\/noticias\/2026\/03\/28\/tres-homens-encapuzados-assaltam-loja-de-roupa-em-felgueiras\/\"},\"author\":{\"name\":\"Telinha\",\"@id\":\"https:\/\/portaltela.pt\/#\/schema\/person\/c4278d4a6028830caff9ee44b42d32ed\"},\"headline\":\"Tr\u00eas homens encapuzados assaltam loja de roupa em Felgueiras\",\"datePublished\":\"2026-03-28T13:00:36+00:00\",\"mainEntityOfPage\":{\"@id\":\"https:\/\/portaltela.pt\/noticias\/2026\/03\/28\/tres-homens-encapuzados-assaltam-loja-de-roupa-em-felgueiras\/\"},\"wordCount\":119,\"image\":{\"@id\":\"https:\/\/portaltela.pt\/noticias\/2026\/03\/28\/tres-homens-encapuzados-assaltam-loja-de-roupa-em-felgueiras\/#primaryimage\"},\"thumbnailUrl\":\"https:\/\/portaltela.pt\/s.01k8rhncp4jt1\/2026\/03\/img_1280x722uu2026-03-28-12-59-51-2275245.jpg\",\"keywords\":[\"assaltos\",\"Felgueiras\",\"Pol\u00edcia de Seguran\u00e7a P\u00fablica\",\"roubo\",\"seguran\u00e7a p\u00fablica\",\"videovigil\u00e2ncia\"],\"articleSection\":[\"Crime\"],\"inLanguage\":\"pt-PT\"},{\"@type\":\"WebPage\",\"@id\":\"https:\/\/portaltela.pt\/noticias\/2026\/03\/28\/tres-homens-encapuzados-assaltam-loja-de-roupa-em-felgueiras\/\",\"url\":\"https:\/\/portaltela.pt\/noticias\/2026\/03\/28\/tres-homens-encapuzados-assaltam-loja-de-roupa-em-felgueiras\/\",\"name\":\"Tr\u00eas homens encapuzados assaltam loja de roupa em Felgueiras - Portal Tela Portugal\",\"isPartOf\":{\"@id\":\"https:\/\/portaltela.pt\/#website\"},\"primaryImageOfPage\":{\"@id\":\"https:\/\/portaltela.pt\/noticias\/2026\/03\/28\/tres-homens-encapuzados-assaltam-loja-de-roupa-em-felgueiras\/#primaryimage\"},\"image\":{\"@id\":\"https:\/\/portaltela.pt\/noticias\/2026\/03\/28\/tres-homens-encapuzados-assaltam-loja-de-roupa-em-felgueiras\/#primaryimage\"},\"thumbnailUrl\":\"https:\/\/portaltela.pt\/s.01k8rhncp4jt1\/2026\/03\/img_1280x722uu2026-03-28-12-59-51-2275245.jpg\",\"datePublished\":\"2026-03-28T13:00:36+00:00\",\"author\":{\"@id\":\"https:\/\/portaltela.pt\/#\/schema\/person\/c4278d4a6028830caff9ee44b42d32ed\"},\"breadcrumb\":{\"@id\":\"https:\/\/portaltela.pt\/noticias\/2026\/03\/28\/tres-homens-encapuzados-assaltam-loja-de-roupa-em-felgueiras\/#breadcrumb\"},\"inLanguage\":\"pt-PT\",\"potentialAction\":[{\"@type\":\"ReadAction\",\"target\":[\"https:\/\/portaltela.pt\/noticias\/2026\/03\/28\/tres-homens-encapuzados-assaltam-loja-de-roupa-em-felgueiras\/\"]}]},{\"@type\":\"ImageObject\",\"inLanguage\":\"pt-PT\",\"@id\":\"https:\/\/portaltela.pt\/noticias\/2026\/03\/28\/tres-homens-encapuzados-assaltam-loja-de-roupa-em-felgueiras\/#primaryimage\",\"url\":\"https:\/\/portaltela.pt\/s.01k8rhncp4jt1\/2026\/03\/img_1280x722uu2026-03-28-12-59-51-2275245.jpg\",\"contentUrl\":\"https:\/\/portaltela.pt\/s.01k8rhncp4jt1\/2026\/03\/img_1280x722uu2026-03-28-12-59-51-2275245.jpg\",\"width\":796,\"height\":448,\"caption\":\"Photo\"},{\"@type\":\"BreadcrumbList\",\"@id\":\"https:\/\/portaltela.pt\/noticias\/2026\/03\/28\/tres-homens-encapuzados-assaltam-loja-de-roupa-em-felgueiras\/#breadcrumb\",\"itemListElement\":[{\"@type\":\"ListItem\",\"position\":1,\"name\":\"In\u00edcio\",\"item\":\"https:\/\/portaltela.pt\/\"},{\"@type\":\"ListItem\",\"position\":2,\"name\":\"Tr\u00eas homens encapuzados assaltam loja de roupa em Felgueiras\"}]},{\"@type\":\"WebSite\",\"@id\":\"https:\/\/portaltela.pt\/#website\",\"url\":\"https:\/\/portaltela.pt\/\",\"name\":\"Portal Tela Portugal\",\"description\":\"\",\"potentialAction\":[{\"@type\":\"SearchAction\",\"target\":{\"@type\":\"EntryPoint\",\"urlTemplate\":\"https:\/\/portaltela.pt\/?s={search_term_string}\"},\"query-input\":{\"@type\":\"PropertyValueSpecification\",\"valueRequired\":true,\"valueName\":\"search_term_string\"}}],\"inLanguage\":\"pt-PT\"},{\"@type\":\"Person\",\"@id\":\"https:\/\/portaltela.pt\/#\/schema\/person\/c4278d4a6028830caff9ee44b42d32ed\",\"name\":\"Telinha\",\"image\":{\"@type\":\"ImageObject\",\"inLanguage\":\"pt-PT\",\"@id\":\"https:\/\/portaltela.pt\/s.01k8rhncp4jt1\/2025\/11\/talking-bot-125x125.png\",\"url\":\"https:\/\/portaltela.pt\/s.01k8rhncp4jt1\/2025\/11\/talking-bot-125x125.png\",\"contentUrl\":\"https:\/\/portaltela.pt\/s.01k8rhncp4jt1\/2025\/11\/talking-bot-125x125.png\",\"caption\":\"Telinha\"},\"sameAs\":[\"https:\/\/portaltela.pt\/\"],\"url\":\"https:\/\/portaltela.pt\/por\/367410592786\/\"}]}<\/script>\n<!-- \/ Yoast SEO plugin. -->","yoast_head_json":{"title":"Tr\u00eas homens encapuzados assaltam loja de roupa em Felgueiras - Portal Tela Portugal","robots":{"index":"index","follow":"follow","max-snippet":"max-snippet:-1","max-image-preview":"max-image-preview:large","max-video-preview":"max-video-preview:-1"},"og_locale":"pt_PT","og_type":"article","og_title":"Tr\u00eas homens encapuzados assaltam loja de roupa em Felgueiras - Portal Tela Portugal","og_description":"Tr\u00eas encapuzados assaltaram uma loja de roupa em Felgueiras. O assalto durou dois minutos e meio. Os suspeitos ainda n\u00e3o foram identificados. N\u00e3o foram divulgadas informa\u00e7\u00f5es adicionais sobre feridos ou danos.","og_url":"https:\/\/portaltela.pt\/noticias\/2026\/03\/28\/tres-homens-encapuzados-assaltam-loja-de-roupa-em-felgueiras\/","og_site_name":"Portal Tela Portugal","article_published_time":"2026-03-28T13:00:36+00:00","author":"Telinha","twitter_card":"summary_large_image","twitter_misc":{"Escrito por":"Telinha","Tempo estimado de leitura":"1 minuto"},"schema":{"@context":"https:\/\/schema.org","@graph":[{"@type":"Article","@id":"https:\/\/portaltela.pt\/noticias\/2026\/03\/28\/tres-homens-encapuzados-assaltam-loja-de-roupa-em-felgueiras\/#article","isPartOf":{"@id":"https:\/\/portaltela.pt\/noticias\/2026\/03\/28\/tres-homens-encapuzados-assaltam-loja-de-roupa-em-felgueiras\/"},"author":{"name":"Telinha","@id":"https:\/\/portaltela.pt\/#\/schema\/person\/c4278d4a6028830caff9ee44b42d32ed"},"headline":"Tr\u00eas homens encapuzados assaltam loja de roupa em Felgueiras","datePublished":"2026-03-28T13:00:36+00:00","mainEntityOfPage":{"@id":"https:\/\/portaltela.pt\/noticias\/2026\/03\/28\/tres-homens-encapuzados-assaltam-loja-de-roupa-em-felgueiras\/"},"wordCount":119,"image":{"@id":"https:\/\/portaltela.pt\/noticias\/2026\/03\/28\/tres-homens-encapuzados-assaltam-loja-de-roupa-em-felgueiras\/#primaryimage"},"thumbnailUrl":"https:\/\/portaltela.pt\/s.01k8rhncp4jt1\/2026\/03\/img_1280x722uu2026-03-28-12-59-51-2275245.jpg","keywords":["assaltos","Felgueiras","Pol\u00edcia de Seguran\u00e7a P\u00fablica","roubo","seguran\u00e7a p\u00fablica","videovigil\u00e2ncia"],"articleSection":["Crime"],"inLanguage":"pt-PT"},{"@type":"WebPage","@id":"https:\/\/portaltela.pt\/noticias\/2026\/03\/28\/tres-homens-encapuzados-assaltam-loja-de-roupa-em-felgueiras\/","url":"https:\/\/portaltela.pt\/noticias\/2026\/03\/28\/tres-homens-encapuzados-assaltam-loja-de-roupa-em-felgueiras\/","name":"Tr\u00eas homens encapuzados assaltam loja de roupa em Felgueiras - Portal Tela Portugal","isPartOf":{"@id":"https:\/\/portaltela.pt\/#website"},"primaryImageOfPage":{"@id":"https:\/\/portaltela.pt\/noticias\/2026\/03\/28\/tres-homens-encapuzados-assaltam-loja-de-roupa-em-felgueiras\/#primaryimage"},"image":{"@id":"https:\/\/portaltela.pt\/noticias\/2026\/03\/28\/tres-homens-encapuzados-assaltam-loja-de-roupa-em-felgueiras\/#primaryimage"},"thumbnailUrl":"https:\/\/portaltela.pt\/s.01k8rhncp4jt1\/2026\/03\/img_1280x722uu2026-03-28-12-59-51-2275245.jpg","datePublished":"2026-03-28T13:00:36+00:00","author":{"@id":"https:\/\/portaltela.pt\/#\/schema\/person\/c4278d4a6028830caff9ee44b42d32ed"},"breadcrumb":{"@id":"https:\/\/portaltela.pt\/noticias\/2026\/03\/28\/tres-homens-encapuzados-assaltam-loja-de-roupa-em-felgueiras\/#breadcrumb"},"inLanguage":"pt-PT","potentialAction":[{"@type":"ReadAction","target":["https:\/\/portaltela.pt\/noticias\/2026\/03\/28\/tres-homens-encapuzados-assaltam-loja-de-roupa-em-felgueiras\/"]}]},{"@type":"ImageObject","inLanguage":"pt-PT","@id":"https:\/\/portaltela.pt\/noticias\/2026\/03\/28\/tres-homens-encapuzados-assaltam-loja-de-roupa-em-felgueiras\/#primaryimage","url":"https:\/\/portaltela.pt\/s.01k8rhncp4jt1\/2026\/03\/img_1280x722uu2026-03-28-12-59-51-2275245.jpg","contentUrl":"https:\/\/portaltela.pt\/s.01k8rhncp4jt1\/2026\/03\/img_1280x722uu2026-03-28-12-59-51-2275245.jpg","width":796,"height":448,"caption":"Photo"},{"@type":"BreadcrumbList","@id":"https:\/\/portaltela.pt\/noticias\/2026\/03\/28\/tres-homens-encapuzados-assaltam-loja-de-roupa-em-felgueiras\/#breadcrumb","itemListElement":[{"@type":"ListItem","position":1,"name":"In\u00edcio","item":"https:\/\/portaltela.pt\/"},{"@type":"ListItem","position":2,"name":"Tr\u00eas homens encapuzados assaltam loja de roupa em Felgueiras"}]},{"@type":"WebSite","@id":"https:\/\/portaltela.pt\/#website","url":"https:\/\/portaltela.pt\/","name":"Portal Tela Portugal","description":"","potentialAction":[{"@type":"SearchAction","target":{"@type":"EntryPoint","urlTemplate":"https:\/\/portaltela.pt\/?s={search_term_string}"},"query-input":{"@type":"PropertyValueSpecification","valueRequired":true,"valueName":"search_term_string"}}],"inLanguage":"pt-PT"},{"@type":"Person","@id":"https:\/\/portaltela.pt\/#\/schema\/person\/c4278d4a6028830caff9ee44b42d32ed","name":"Telinha","image":{"@type":"ImageObject","inLanguage":"pt-PT","@id":"https:\/\/portaltela.pt\/s.01k8rhncp4jt1\/2025\/11\/talking-bot-125x125.png","url":"https:\/\/portaltela.pt\/s.01k8rhncp4jt1\/2025\/11\/talking-bot-125x125.png","contentUrl":"https:\/\/portaltela.pt\/s.01k8rhncp4jt1\/2025\/11\/talking-bot-125x125.png","caption":"Telinha"},"sameAs":["https:\/\/portaltela.pt\/"],"url":"https:\/\/portaltela.pt\/por\/367410592786\/"}]}},"_links":{"self":[{"href":"https:\/\/portaltela.pt\/api\/wp\/v2\/posts\/424904","targetHints":{"allow":["GET"]}}],"collection":[{"href":"https:\/\/portaltela.pt\/api\/wp\/v2\/posts"}],"about":[{"href":"https:\/\/portaltela.pt\/api\/wp\/v2\/types\/post"}],"author":[{"embeddable":true,"href":"https:\/\/portaltela.pt\/api\/wp\/v2\/users\/2"}],"replies":[{"embeddable":true,"href":"https:\/\/portaltela.pt\/api\/wp\/v2\/comments?post=424904"}],"version-history":[{"count":0,"href":"https:\/\/portaltela.pt\/api\/wp\/v2\/posts\/424904\/revisions"}],"wp:featuredmedia":[{"embeddable":true,"href":"https:\/\/portaltela.pt\/api\/wp\/v2\/media\/424907"}],"wp:attachment":[{"href":"https:\/\/portaltela.pt\/api\/wp\/v2\/media?parent=424904"}],"wp:term":[{"taxonomy":"category","embeddable":true,"href":"https:\/\/portaltela.pt\/api\/wp\/v2\/categories?post=424904"},{"taxonomy":"post_tag","embeddable":true,"href":"https:\/\/portaltela.pt\/api\/wp\/v2\/tags?post=424904"}],"curies":[{"name":"wp","href":"https:\/\/api.w.org\/{rel}","templated":true}]}}