{"id":424900,"date":"2026-03-28T09:30:00","date_gmt":"2026-03-28T12:30:00","guid":{"rendered":"https:\/\/portaltela.pt\/noticias\/2026\/03\/28\/escultura-junto-ao-autodromo-internacional-do-algarve-homenageia-o-fundador\/"},"modified":"2026-03-28T09:30:00","modified_gmt":"2026-03-28T12:30:00","slug":"escultura-junto-ao-autodromo-internacional-do-algarve-homenageia-o-fundador","status":"publish","type":"post","link":"https:\/\/portaltela.pt\/noticias\/2026\/03\/28\/escultura-junto-ao-autodromo-internacional-do-algarve-homenageia-o-fundador\/","title":{"rendered":"Escultura junto ao Aut\u00f3dromo Internacional do Algarve homenageia o fundador"},"content":{"rendered":"<p>Foi instalada uma escultura junto ao Aut\u00f3dromo Internacional do Algarve para homenagear o fundador do recinto. A iniciativa visa reconhecer a figura central na cria\u00e7\u00e3o e desenvolvimento do espa\u00e7o desportivo.<\/p>\n<p>As informa\u00e7\u00f5es dispon\u00edveis n\u00e3o detalham a data exata da instala\u00e7\u00e3o nem o calend\u00e1rio de inaugura\u00e7\u00e3o, pois o conte\u00fado integral est\u00e1 protegido por subscri\u00e7\u00e3o. O que se sabe, at\u00e9 ao momento, \u00e9 o objetivo da pe\u00e7a.<\/p>\n<p>Os respons\u00e1veis pela instala\u00e7\u00e3o n\u00e3o divulgaram, publicamente, quem participou na conce\u00e7\u00e3o ou na coloca\u00e7\u00e3o da obra, limitando-se a confirmar a fun\u00e7\u00e3o da escultura como tributo ao fundador.<\/p>\n<p>Localizado no Algarve, o Aut\u00f3dromo continua a ser um polo de refer\u00eancia no automobilismo nacional. A homenagem enfatiza o papel do seu fundador na hist\u00f3ria do espa\u00e7o e no impulso dado ao desporto motorizado na regi\u00e3o.<\/p>\n<p>Limitaram-se a esclarecer que a pe\u00e7a serve para eternizar a mem\u00f3ria do fundador e destacar a import\u00e2ncia do legado no contexto do aut\u00f3dromo. Mais detalhes devem ser disponibilizados pelos organizadores em momentos futuros.<\/p>\n","protected":false},"excerpt":{"rendered":"<ul>\n<li>Uma escultura junto ao Aut\u00f3dromo Internacional do Algarve presta homenagem ao fundador.<\/li>\n<li>A homenagem est\u00e1 localizada junto ao aut\u00f3dromo, no Algarve.<\/li>\n<li>O conte\u00fado completo da not\u00edcia est\u00e1 dispon\u00edvel apenas para subscritores.<\/li>\n<li>O artigo n\u00e3o apresenta detalhes adicionais no texto dispon\u00edvel.<\/li>\n<\/ul>\n","protected":false},"author":2,"featured_media":424901,"comment_status":"closed","ping_status":"closed","sticky":false,"template":"","format":"standard","meta":{"footnotes":""},"categories":[7375,1],"tags":[928,2371,152,249,1014],"class_list":["post-424900","post","type-post","status-publish","format-standard","has-post-thumbnail","hentry","category-cultura","category-noticias","tag-algarve","tag-automoveis","tag-desporto","tag-escultura","tag-portugal"],"yoast_head":"<!-- This site is optimized with the Yoast SEO plugin v27.2 - https:\/\/yoast.com\/product\/yoast-seo-wordpress\/ -->\n<title>Escultura junto ao Aut\u00f3dromo Internacional do Algarve homenageia o fundador - Portal Tela Portugal<\/title>\n<meta name=\"robots\" content=\"index, follow, max-snippet:-1, max-image-preview:large, max-video-preview:-1\" \/>\n<meta property=\"og:locale\" content=\"pt_PT\" \/>\n<meta property=\"og:type\" content=\"article\" \/>\n<meta property=\"og:title\" content=\"Escultura junto ao Aut\u00f3dromo Internacional do Algarve homenageia o fundador - Portal Tela Portugal\" \/>\n<meta property=\"og:description\" content=\"Uma escultura junto ao Aut\u00f3dromo Internacional do Algarve presta homenagem ao fundador. A homenagem est\u00e1 localizada junto ao aut\u00f3dromo, no Algarve. O conte\u00fado completo da not\u00edcia est\u00e1 dispon\u00edvel apenas para subscritores. O artigo n\u00e3o apresenta detalhes adicionais no texto dispon\u00edvel.\" \/>\n<meta property=\"og:url\" content=\"https:\/\/portaltela.pt\/noticias\/2026\/03\/28\/escultura-junto-ao-autodromo-internacional-do-algarve-homenageia-o-fundador\/\" \/>\n<meta property=\"og:site_name\" content=\"Portal Tela Portugal\" \/>\n<meta property=\"article:published_time\" content=\"2026-03-28T12:30:00+00:00\" \/>\n<meta name=\"author\" content=\"Telinha\" \/>\n<meta name=\"twitter:card\" content=\"summary_large_image\" \/>\n<meta name=\"twitter:label1\" content=\"Escrito por\" \/>\n\t<meta name=\"twitter:data1\" content=\"Telinha\" \/>\n\t<meta name=\"twitter:label2\" content=\"Tempo estimado de leitura\" \/>\n\t<meta name=\"twitter:data2\" content=\"1 minuto\" \/>\n<script type=\"application\/ld+json\" class=\"yoast-schema-graph\">{\"@context\":\"https:\/\/schema.org\",\"@graph\":[{\"@type\":\"Article\",\"@id\":\"https:\/\/portaltela.pt\/noticias\/2026\/03\/28\/escultura-junto-ao-autodromo-internacional-do-algarve-homenageia-o-fundador\/#article\",\"isPartOf\":{\"@id\":\"https:\/\/portaltela.pt\/noticias\/2026\/03\/28\/escultura-junto-ao-autodromo-internacional-do-algarve-homenageia-o-fundador\/\"},\"author\":{\"name\":\"Telinha\",\"@id\":\"https:\/\/portaltela.pt\/#\/schema\/person\/c4278d4a6028830caff9ee44b42d32ed\"},\"headline\":\"Escultura junto ao Aut\u00f3dromo Internacional do Algarve homenageia o fundador\",\"datePublished\":\"2026-03-28T12:30:00+00:00\",\"mainEntityOfPage\":{\"@id\":\"https:\/\/portaltela.pt\/noticias\/2026\/03\/28\/escultura-junto-ao-autodromo-internacional-do-algarve-homenageia-o-fundador\/\"},\"wordCount\":198,\"image\":{\"@id\":\"https:\/\/portaltela.pt\/noticias\/2026\/03\/28\/escultura-junto-ao-autodromo-internacional-do-algarve-homenageia-o-fundador\/#primaryimage\"},\"thumbnailUrl\":\"https:\/\/portaltela.pt\/s.01k8rhncp4jt1\/2026\/03\/CACHE_780X1200_ANALOG_WATERMARKED_46840952_6690534_28032026105448.jpg\",\"keywords\":[\"Algarve\",\"Autom\u00f3veis\",\"desporto\",\"escultura\",\"Portugal\"],\"articleSection\":[\"Cultura\",\"Not\u00edcias\"],\"inLanguage\":\"pt-PT\"},{\"@type\":\"WebPage\",\"@id\":\"https:\/\/portaltela.pt\/noticias\/2026\/03\/28\/escultura-junto-ao-autodromo-internacional-do-algarve-homenageia-o-fundador\/\",\"url\":\"https:\/\/portaltela.pt\/noticias\/2026\/03\/28\/escultura-junto-ao-autodromo-internacional-do-algarve-homenageia-o-fundador\/\",\"name\":\"Escultura junto ao Aut\u00f3dromo Internacional do Algarve homenageia o fundador - Portal Tela Portugal\",\"isPartOf\":{\"@id\":\"https:\/\/portaltela.pt\/#website\"},\"primaryImageOfPage\":{\"@id\":\"https:\/\/portaltela.pt\/noticias\/2026\/03\/28\/escultura-junto-ao-autodromo-internacional-do-algarve-homenageia-o-fundador\/#primaryimage\"},\"image\":{\"@id\":\"https:\/\/portaltela.pt\/noticias\/2026\/03\/28\/escultura-junto-ao-autodromo-internacional-do-algarve-homenageia-o-fundador\/#primaryimage\"},\"thumbnailUrl\":\"https:\/\/portaltela.pt\/s.01k8rhncp4jt1\/2026\/03\/CACHE_780X1200_ANALOG_WATERMARKED_46840952_6690534_28032026105448.jpg\",\"datePublished\":\"2026-03-28T12:30:00+00:00\",\"author\":{\"@id\":\"https:\/\/portaltela.pt\/#\/schema\/person\/c4278d4a6028830caff9ee44b42d32ed\"},\"breadcrumb\":{\"@id\":\"https:\/\/portaltela.pt\/noticias\/2026\/03\/28\/escultura-junto-ao-autodromo-internacional-do-algarve-homenageia-o-fundador\/#breadcrumb\"},\"inLanguage\":\"pt-PT\",\"potentialAction\":[{\"@type\":\"ReadAction\",\"target\":[\"https:\/\/portaltela.pt\/noticias\/2026\/03\/28\/escultura-junto-ao-autodromo-internacional-do-algarve-homenageia-o-fundador\/\"]}]},{\"@type\":\"ImageObject\",\"inLanguage\":\"pt-PT\",\"@id\":\"https:\/\/portaltela.pt\/noticias\/2026\/03\/28\/escultura-junto-ao-autodromo-internacional-do-algarve-homenageia-o-fundador\/#primaryimage\",\"url\":\"https:\/\/portaltela.pt\/s.01k8rhncp4jt1\/2026\/03\/CACHE_780X1200_ANALOG_WATERMARKED_46840952_6690534_28032026105448.jpg\",\"contentUrl\":\"https:\/\/portaltela.pt\/s.01k8rhncp4jt1\/2026\/03\/CACHE_780X1200_ANALOG_WATERMARKED_46840952_6690534_28032026105448.jpg\",\"width\":796,\"height\":448,\"caption\":\"Escultura junto ao Aut\u00f3dromo Internacional do Algarve homenageia fundador\"},{\"@type\":\"BreadcrumbList\",\"@id\":\"https:\/\/portaltela.pt\/noticias\/2026\/03\/28\/escultura-junto-ao-autodromo-internacional-do-algarve-homenageia-o-fundador\/#breadcrumb\",\"itemListElement\":[{\"@type\":\"ListItem\",\"position\":1,\"name\":\"In\u00edcio\",\"item\":\"https:\/\/portaltela.pt\/\"},{\"@type\":\"ListItem\",\"position\":2,\"name\":\"Escultura junto ao Aut\u00f3dromo Internacional do Algarve homenageia o fundador\"}]},{\"@type\":\"WebSite\",\"@id\":\"https:\/\/portaltela.pt\/#website\",\"url\":\"https:\/\/portaltela.pt\/\",\"name\":\"Portal Tela Portugal\",\"description\":\"\",\"potentialAction\":[{\"@type\":\"SearchAction\",\"target\":{\"@type\":\"EntryPoint\",\"urlTemplate\":\"https:\/\/portaltela.pt\/?s={search_term_string}\"},\"query-input\":{\"@type\":\"PropertyValueSpecification\",\"valueRequired\":true,\"valueName\":\"search_term_string\"}}],\"inLanguage\":\"pt-PT\"},{\"@type\":\"Person\",\"@id\":\"https:\/\/portaltela.pt\/#\/schema\/person\/c4278d4a6028830caff9ee44b42d32ed\",\"name\":\"Telinha\",\"image\":{\"@type\":\"ImageObject\",\"inLanguage\":\"pt-PT\",\"@id\":\"https:\/\/portaltela.pt\/s.01k8rhncp4jt1\/2025\/11\/talking-bot-125x125.png\",\"url\":\"https:\/\/portaltela.pt\/s.01k8rhncp4jt1\/2025\/11\/talking-bot-125x125.png\",\"contentUrl\":\"https:\/\/portaltela.pt\/s.01k8rhncp4jt1\/2025\/11\/talking-bot-125x125.png\",\"caption\":\"Telinha\"},\"sameAs\":[\"https:\/\/portaltela.pt\/\"],\"url\":\"https:\/\/portaltela.pt\/por\/367410592786\/\"}]}<\/script>\n<!-- \/ Yoast SEO plugin. -->","yoast_head_json":{"title":"Escultura junto ao Aut\u00f3dromo Internacional do Algarve homenageia o fundador - Portal Tela Portugal","robots":{"index":"index","follow":"follow","max-snippet":"max-snippet:-1","max-image-preview":"max-image-preview:large","max-video-preview":"max-video-preview:-1"},"og_locale":"pt_PT","og_type":"article","og_title":"Escultura junto ao Aut\u00f3dromo Internacional do Algarve homenageia o fundador - Portal Tela Portugal","og_description":"Uma escultura junto ao Aut\u00f3dromo Internacional do Algarve presta homenagem ao fundador. A homenagem est\u00e1 localizada junto ao aut\u00f3dromo, no Algarve. O conte\u00fado completo da not\u00edcia est\u00e1 dispon\u00edvel apenas para subscritores. O artigo n\u00e3o apresenta detalhes adicionais no texto dispon\u00edvel.","og_url":"https:\/\/portaltela.pt\/noticias\/2026\/03\/28\/escultura-junto-ao-autodromo-internacional-do-algarve-homenageia-o-fundador\/","og_site_name":"Portal Tela Portugal","article_published_time":"2026-03-28T12:30:00+00:00","author":"Telinha","twitter_card":"summary_large_image","twitter_misc":{"Escrito por":"Telinha","Tempo estimado de leitura":"1 minuto"},"schema":{"@context":"https:\/\/schema.org","@graph":[{"@type":"Article","@id":"https:\/\/portaltela.pt\/noticias\/2026\/03\/28\/escultura-junto-ao-autodromo-internacional-do-algarve-homenageia-o-fundador\/#article","isPartOf":{"@id":"https:\/\/portaltela.pt\/noticias\/2026\/03\/28\/escultura-junto-ao-autodromo-internacional-do-algarve-homenageia-o-fundador\/"},"author":{"name":"Telinha","@id":"https:\/\/portaltela.pt\/#\/schema\/person\/c4278d4a6028830caff9ee44b42d32ed"},"headline":"Escultura junto ao Aut\u00f3dromo Internacional do Algarve homenageia o fundador","datePublished":"2026-03-28T12:30:00+00:00","mainEntityOfPage":{"@id":"https:\/\/portaltela.pt\/noticias\/2026\/03\/28\/escultura-junto-ao-autodromo-internacional-do-algarve-homenageia-o-fundador\/"},"wordCount":198,"image":{"@id":"https:\/\/portaltela.pt\/noticias\/2026\/03\/28\/escultura-junto-ao-autodromo-internacional-do-algarve-homenageia-o-fundador\/#primaryimage"},"thumbnailUrl":"https:\/\/portaltela.pt\/s.01k8rhncp4jt1\/2026\/03\/CACHE_780X1200_ANALOG_WATERMARKED_46840952_6690534_28032026105448.jpg","keywords":["Algarve","Autom\u00f3veis","desporto","escultura","Portugal"],"articleSection":["Cultura","Not\u00edcias"],"inLanguage":"pt-PT"},{"@type":"WebPage","@id":"https:\/\/portaltela.pt\/noticias\/2026\/03\/28\/escultura-junto-ao-autodromo-internacional-do-algarve-homenageia-o-fundador\/","url":"https:\/\/portaltela.pt\/noticias\/2026\/03\/28\/escultura-junto-ao-autodromo-internacional-do-algarve-homenageia-o-fundador\/","name":"Escultura junto ao Aut\u00f3dromo Internacional do Algarve homenageia o fundador - Portal Tela Portugal","isPartOf":{"@id":"https:\/\/portaltela.pt\/#website"},"primaryImageOfPage":{"@id":"https:\/\/portaltela.pt\/noticias\/2026\/03\/28\/escultura-junto-ao-autodromo-internacional-do-algarve-homenageia-o-fundador\/#primaryimage"},"image":{"@id":"https:\/\/portaltela.pt\/noticias\/2026\/03\/28\/escultura-junto-ao-autodromo-internacional-do-algarve-homenageia-o-fundador\/#primaryimage"},"thumbnailUrl":"https:\/\/portaltela.pt\/s.01k8rhncp4jt1\/2026\/03\/CACHE_780X1200_ANALOG_WATERMARKED_46840952_6690534_28032026105448.jpg","datePublished":"2026-03-28T12:30:00+00:00","author":{"@id":"https:\/\/portaltela.pt\/#\/schema\/person\/c4278d4a6028830caff9ee44b42d32ed"},"breadcrumb":{"@id":"https:\/\/portaltela.pt\/noticias\/2026\/03\/28\/escultura-junto-ao-autodromo-internacional-do-algarve-homenageia-o-fundador\/#breadcrumb"},"inLanguage":"pt-PT","potentialAction":[{"@type":"ReadAction","target":["https:\/\/portaltela.pt\/noticias\/2026\/03\/28\/escultura-junto-ao-autodromo-internacional-do-algarve-homenageia-o-fundador\/"]}]},{"@type":"ImageObject","inLanguage":"pt-PT","@id":"https:\/\/portaltela.pt\/noticias\/2026\/03\/28\/escultura-junto-ao-autodromo-internacional-do-algarve-homenageia-o-fundador\/#primaryimage","url":"https:\/\/portaltela.pt\/s.01k8rhncp4jt1\/2026\/03\/CACHE_780X1200_ANALOG_WATERMARKED_46840952_6690534_28032026105448.jpg","contentUrl":"https:\/\/portaltela.pt\/s.01k8rhncp4jt1\/2026\/03\/CACHE_780X1200_ANALOG_WATERMARKED_46840952_6690534_28032026105448.jpg","width":796,"height":448,"caption":"Escultura junto ao Aut\u00f3dromo Internacional do Algarve homenageia fundador"},{"@type":"BreadcrumbList","@id":"https:\/\/portaltela.pt\/noticias\/2026\/03\/28\/escultura-junto-ao-autodromo-internacional-do-algarve-homenageia-o-fundador\/#breadcrumb","itemListElement":[{"@type":"ListItem","position":1,"name":"In\u00edcio","item":"https:\/\/portaltela.pt\/"},{"@type":"ListItem","position":2,"name":"Escultura junto ao Aut\u00f3dromo Internacional do Algarve homenageia o fundador"}]},{"@type":"WebSite","@id":"https:\/\/portaltela.pt\/#website","url":"https:\/\/portaltela.pt\/","name":"Portal Tela Portugal","description":"","potentialAction":[{"@type":"SearchAction","target":{"@type":"EntryPoint","urlTemplate":"https:\/\/portaltela.pt\/?s={search_term_string}"},"query-input":{"@type":"PropertyValueSpecification","valueRequired":true,"valueName":"search_term_string"}}],"inLanguage":"pt-PT"},{"@type":"Person","@id":"https:\/\/portaltela.pt\/#\/schema\/person\/c4278d4a6028830caff9ee44b42d32ed","name":"Telinha","image":{"@type":"ImageObject","inLanguage":"pt-PT","@id":"https:\/\/portaltela.pt\/s.01k8rhncp4jt1\/2025\/11\/talking-bot-125x125.png","url":"https:\/\/portaltela.pt\/s.01k8rhncp4jt1\/2025\/11\/talking-bot-125x125.png","contentUrl":"https:\/\/portaltela.pt\/s.01k8rhncp4jt1\/2025\/11\/talking-bot-125x125.png","caption":"Telinha"},"sameAs":["https:\/\/portaltela.pt\/"],"url":"https:\/\/portaltela.pt\/por\/367410592786\/"}]}},"_links":{"self":[{"href":"https:\/\/portaltela.pt\/api\/wp\/v2\/posts\/424900","targetHints":{"allow":["GET"]}}],"collection":[{"href":"https:\/\/portaltela.pt\/api\/wp\/v2\/posts"}],"about":[{"href":"https:\/\/portaltela.pt\/api\/wp\/v2\/types\/post"}],"author":[{"embeddable":true,"href":"https:\/\/portaltela.pt\/api\/wp\/v2\/users\/2"}],"replies":[{"embeddable":true,"href":"https:\/\/portaltela.pt\/api\/wp\/v2\/comments?post=424900"}],"version-history":[{"count":0,"href":"https:\/\/portaltela.pt\/api\/wp\/v2\/posts\/424900\/revisions"}],"wp:featuredmedia":[{"embeddable":true,"href":"https:\/\/portaltela.pt\/api\/wp\/v2\/media\/424901"}],"wp:attachment":[{"href":"https:\/\/portaltela.pt\/api\/wp\/v2\/media?parent=424900"}],"wp:term":[{"taxonomy":"category","embeddable":true,"href":"https:\/\/portaltela.pt\/api\/wp\/v2\/categories?post=424900"},{"taxonomy":"post_tag","embeddable":true,"href":"https:\/\/portaltela.pt\/api\/wp\/v2\/tags?post=424900"}],"curies":[{"name":"wp","href":"https:\/\/api.w.org\/{rel}","templated":true}]}}