{"id":424891,"date":"2026-03-28T09:35:21","date_gmt":"2026-03-28T12:35:21","guid":{"rendered":"https:\/\/portaltela.pt\/noticias\/2026\/03\/28\/derrocada-na-madeira-sera-monitorizada-ao-longo-do-proximo-ano\/"},"modified":"2026-03-28T09:35:21","modified_gmt":"2026-03-28T12:35:21","slug":"derrocada-na-madeira-sera-monitorizada-ao-longo-do-proximo-ano","status":"publish","type":"post","link":"https:\/\/portaltela.pt\/meio-ambiente\/2026\/03\/28\/derrocada-na-madeira-sera-monitorizada-ao-longo-do-proximo-ano\/","title":{"rendered":"Derrocada na Madeira ser\u00e1 monitorizada ao longo do pr\u00f3ximo ano"},"content":{"rendered":"<p>Neste momento, as autoridades da Madeira v\u00e3o monitorizar durante o pr\u00f3ximo ano a movimenta\u00e7\u00e3o de terras numa encosta do Curral das Freiras, ap\u00f3s uma derrocada que n\u00e3o apresenta perigos iminentes. A avalia\u00e7\u00e3o decorre no \u00e2mbito de uma interven\u00e7\u00e3o municipal para avaliar riscos futuros.<\/p>\n<p>O presidente da C\u00e2mara Municipal de C\u00e2mara de Lobos, Celso Bettencourt, afirmou que a prioridade \u00e9 perceber o risco a m\u00e9dio prazo, com base no relat\u00f3rio do Laborat\u00f3rio Regional de Engenharia Civil (LREC). A visita envolveu t\u00e9cnicos do LREC, Prote\u00e7\u00e3o Civil Municipal, Junta de Freguesia e C\u00e2mara.<\/p>\n<p>O fen\u00f3meno ocorreu na sequ\u00eancia de uma derrocada de grandes dimens\u00f5es na Seara Velha, que n\u00e3o provocou v\u00edtimas nem danos a habita\u00e7\u00f5es. Uma fam\u00edlia foi retirada preventivamente, mantendo-se em prote\u00e7\u00e3o at\u00e9 avalia\u00e7\u00e3o.<\/p>\n<h3>Situa\u00e7\u00e3o atual<\/h3>\n<p>O leito da Ribeira dos Socorridos ficou parcialmente obstru\u00eddo, mas sem impedir a passagem de \u00e1gua. O LREC dever\u00e1 enviar, na pr\u00f3xima semana, um relat\u00f3rio sobre o potencial risco de novas derrocadas, especialmente junto a habita\u00e7\u00f5es pr\u00f3ximas.<\/p>\n<p>As autoridades v\u00e3o decidir, com base nesse relat\u00f3rio, se \u00e9 necess\u00e1rio deslocar a fam\u00edlia afetada de forma permanente, caso haja perigo real. Tamb\u00e9m ficar\u00e1 definido se a monitoriza\u00e7\u00e3o continuar\u00e1 a m\u00e9dio e longo prazo e se surgem novas fendas.<\/p>\n<p>A Secretaria Regional de Equipamentos e Infraestruturas instalou um posto de trabalho permanente do LREC na Junta de Freguesia do Curral das Freiras. O objetivo \u00e9 manter vigil\u00e2ncia cont\u00ednua e apoiar as entidades competentes no terreno.<\/p>\n<p>O Servi\u00e7o Regional de Prote\u00e7\u00e3o Civil antecipou a possibilidade de refor\u00e7ar as opera\u00e7\u00f5es, caso se justifique. A monitoriza\u00e7\u00e3o continuar\u00e1 a ser efetuada ao longo do pr\u00f3ximo ano para entender o desenvolvimento da movimenta\u00e7\u00e3o de massa na encosta.<\/p>\n","protected":false},"excerpt":{"rendered":"<ul>\n<li>As autoridades da Madeira v\u00e3o monitorizar durante o pr\u00f3ximo ano a movimenta\u00e7\u00e3o de terras numa encosta do Curral das Freiras, onde ocorreu a derrocada.<\/li>\n<li>A decis\u00e3o sobre deslocar ou n\u00e3o permanentemente a fam\u00edlia que foi retirada de preven\u00e7\u00e3o depende do relat\u00f3rio de avalia\u00e7\u00e3o do Laborat\u00f3rio Regional de Engenharia Civil (LREC).<\/li>\n<li>Atualmente n\u00e3o h\u00e1 perigos iminentes, embora exista movimenta\u00e7\u00e3o de terra e pedras na vertente.<\/li>\n<li>O LREC enviar\u00e1 \u00e0 pr\u00f3xima semana um relat\u00f3rio para aferir se h\u00e1 risco de novas derrocadas, especialmente na \u00e1rea onde existe uma habita\u00e7\u00e3o.<\/li>\n<li>Foi instalado um posto de trabalho permanente do LREC na Junta de Freguesia do Curral das Freiras para acompanhar os trabalhos e apoiar as entidades no terreno.<\/li>\n<\/ul>\n","protected":false},"author":2,"featured_media":424892,"comment_status":"closed","ping_status":"closed","sticky":false,"template":"","format":"standard","meta":{"footnotes":""},"categories":[6725],"tags":[5215,4409,150,859,7587,320],"class_list":["post-424891","post","type-post","status-publish","format-standard","has-post-thumbnail","hentry","category-meio-ambiente","tag-catastrofes-naturais","tag-derrocadas","tag-habitacao","tag-madeira","tag-movimento-de-massa","tag-protecao-civil"],"yoast_head":"<!-- This site is optimized with the Yoast SEO plugin v27.2 - https:\/\/yoast.com\/product\/yoast-seo-wordpress\/ -->\n<title>Derrocada na Madeira ser\u00e1 monitorizada ao longo do pr\u00f3ximo ano - Portal Tela Portugal<\/title>\n<meta name=\"robots\" content=\"index, follow, max-snippet:-1, max-image-preview:large, max-video-preview:-1\" \/>\n<meta property=\"og:locale\" content=\"pt_PT\" \/>\n<meta property=\"og:type\" content=\"article\" \/>\n<meta property=\"og:title\" content=\"Derrocada na Madeira ser\u00e1 monitorizada ao longo do pr\u00f3ximo ano - Portal Tela Portugal\" \/>\n<meta property=\"og:description\" content=\"As autoridades da Madeira v\u00e3o monitorizar durante o pr\u00f3ximo ano a movimenta\u00e7\u00e3o de terras numa encosta do Curral das Freiras, onde ocorreu a derrocada. A decis\u00e3o sobre deslocar ou n\u00e3o permanentemente a fam\u00edlia que foi retirada de preven\u00e7\u00e3o depende do relat\u00f3rio de avalia\u00e7\u00e3o do Laborat\u00f3rio Regional de Engenharia Civil (LREC). Atualmente n\u00e3o h\u00e1 perigos iminentes, embora exista movimenta\u00e7\u00e3o de terra e pedras na vertente. O LREC enviar\u00e1 \u00e0 pr\u00f3xima semana um relat\u00f3rio para aferir se h\u00e1 risco de novas derrocadas, especialmente na \u00e1rea onde existe uma habita\u00e7\u00e3o. Foi instalado um posto de trabalho permanente do LREC na Junta de Freguesia do Curral das Freiras para acompanhar os trabalhos e apoiar as entidades no terreno.\" \/>\n<meta property=\"og:url\" content=\"https:\/\/portaltela.pt\/noticias\/2026\/03\/28\/derrocada-na-madeira-sera-monitorizada-ao-longo-do-proximo-ano\/\" \/>\n<meta property=\"og:site_name\" content=\"Portal Tela Portugal\" \/>\n<meta property=\"article:published_time\" content=\"2026-03-28T12:35:21+00:00\" \/>\n<meta name=\"author\" content=\"Telinha\" \/>\n<meta name=\"twitter:card\" content=\"summary_large_image\" \/>\n<meta name=\"twitter:label1\" content=\"Escrito por\" \/>\n\t<meta name=\"twitter:data1\" content=\"Telinha\" \/>\n\t<meta name=\"twitter:label2\" content=\"Tempo estimado de leitura\" \/>\n\t<meta name=\"twitter:data2\" content=\"2 minutos\" \/>\n<script type=\"application\/ld+json\" class=\"yoast-schema-graph\">{\"@context\":\"https:\/\/schema.org\",\"@graph\":[{\"@type\":\"Article\",\"@id\":\"https:\/\/portaltela.pt\/noticias\/2026\/03\/28\/derrocada-na-madeira-sera-monitorizada-ao-longo-do-proximo-ano\/#article\",\"isPartOf\":{\"@id\":\"https:\/\/portaltela.pt\/noticias\/2026\/03\/28\/derrocada-na-madeira-sera-monitorizada-ao-longo-do-proximo-ano\/\"},\"author\":{\"name\":\"Telinha\",\"@id\":\"https:\/\/portaltela.pt\/#\/schema\/person\/c4278d4a6028830caff9ee44b42d32ed\"},\"headline\":\"Derrocada na Madeira ser\u00e1 monitorizada ao longo do pr\u00f3ximo ano\",\"datePublished\":\"2026-03-28T12:35:21+00:00\",\"mainEntityOfPage\":{\"@id\":\"https:\/\/portaltela.pt\/noticias\/2026\/03\/28\/derrocada-na-madeira-sera-monitorizada-ao-longo-do-proximo-ano\/\"},\"wordCount\":327,\"image\":{\"@id\":\"https:\/\/portaltela.pt\/noticias\/2026\/03\/28\/derrocada-na-madeira-sera-monitorizada-ao-longo-do-proximo-ano\/#primaryimage\"},\"thumbnailUrl\":\"https:\/\/portaltela.pt\/s.01k8rhncp4jt1\/2026\/03\/img_1500x1000uu2026-02-11-15-28-17-2266282.jpg\",\"keywords\":[\"cat\u00e1strofes naturais\",\"derrocadas\",\"habita\u00e7\u00e3o\",\"Madeira\",\"movimento de massa\",\"prote\u00e7\u00e3o civil\"],\"articleSection\":[\"Meio Ambiente\"],\"inLanguage\":\"pt-PT\"},{\"@type\":\"WebPage\",\"@id\":\"https:\/\/portaltela.pt\/noticias\/2026\/03\/28\/derrocada-na-madeira-sera-monitorizada-ao-longo-do-proximo-ano\/\",\"url\":\"https:\/\/portaltela.pt\/noticias\/2026\/03\/28\/derrocada-na-madeira-sera-monitorizada-ao-longo-do-proximo-ano\/\",\"name\":\"Derrocada na Madeira ser\u00e1 monitorizada ao longo do pr\u00f3ximo ano - Portal Tela Portugal\",\"isPartOf\":{\"@id\":\"https:\/\/portaltela.pt\/#website\"},\"primaryImageOfPage\":{\"@id\":\"https:\/\/portaltela.pt\/noticias\/2026\/03\/28\/derrocada-na-madeira-sera-monitorizada-ao-longo-do-proximo-ano\/#primaryimage\"},\"image\":{\"@id\":\"https:\/\/portaltela.pt\/noticias\/2026\/03\/28\/derrocada-na-madeira-sera-monitorizada-ao-longo-do-proximo-ano\/#primaryimage\"},\"thumbnailUrl\":\"https:\/\/portaltela.pt\/s.01k8rhncp4jt1\/2026\/03\/img_1500x1000uu2026-02-11-15-28-17-2266282.jpg\",\"datePublished\":\"2026-03-28T12:35:21+00:00\",\"author\":{\"@id\":\"https:\/\/portaltela.pt\/#\/schema\/person\/c4278d4a6028830caff9ee44b42d32ed\"},\"breadcrumb\":{\"@id\":\"https:\/\/portaltela.pt\/noticias\/2026\/03\/28\/derrocada-na-madeira-sera-monitorizada-ao-longo-do-proximo-ano\/#breadcrumb\"},\"inLanguage\":\"pt-PT\",\"potentialAction\":[{\"@type\":\"ReadAction\",\"target\":[\"https:\/\/portaltela.pt\/noticias\/2026\/03\/28\/derrocada-na-madeira-sera-monitorizada-ao-longo-do-proximo-ano\/\"]}]},{\"@type\":\"ImageObject\",\"inLanguage\":\"pt-PT\",\"@id\":\"https:\/\/portaltela.pt\/noticias\/2026\/03\/28\/derrocada-na-madeira-sera-monitorizada-ao-longo-do-proximo-ano\/#primaryimage\",\"url\":\"https:\/\/portaltela.pt\/s.01k8rhncp4jt1\/2026\/03\/img_1500x1000uu2026-02-11-15-28-17-2266282.jpg\",\"contentUrl\":\"https:\/\/portaltela.pt\/s.01k8rhncp4jt1\/2026\/03\/img_1500x1000uu2026-02-11-15-28-17-2266282.jpg\",\"width\":796,\"height\":448,\"caption\":\"Prote\u00e7\u00e3o Civil\"},{\"@type\":\"BreadcrumbList\",\"@id\":\"https:\/\/portaltela.pt\/noticias\/2026\/03\/28\/derrocada-na-madeira-sera-monitorizada-ao-longo-do-proximo-ano\/#breadcrumb\",\"itemListElement\":[{\"@type\":\"ListItem\",\"position\":1,\"name\":\"In\u00edcio\",\"item\":\"https:\/\/portaltela.pt\/\"},{\"@type\":\"ListItem\",\"position\":2,\"name\":\"Derrocada na Madeira ser\u00e1 monitorizada ao longo do pr\u00f3ximo ano\"}]},{\"@type\":\"WebSite\",\"@id\":\"https:\/\/portaltela.pt\/#website\",\"url\":\"https:\/\/portaltela.pt\/\",\"name\":\"Portal Tela Portugal\",\"description\":\"\",\"potentialAction\":[{\"@type\":\"SearchAction\",\"target\":{\"@type\":\"EntryPoint\",\"urlTemplate\":\"https:\/\/portaltela.pt\/?s={search_term_string}\"},\"query-input\":{\"@type\":\"PropertyValueSpecification\",\"valueRequired\":true,\"valueName\":\"search_term_string\"}}],\"inLanguage\":\"pt-PT\"},{\"@type\":\"Person\",\"@id\":\"https:\/\/portaltela.pt\/#\/schema\/person\/c4278d4a6028830caff9ee44b42d32ed\",\"name\":\"Telinha\",\"image\":{\"@type\":\"ImageObject\",\"inLanguage\":\"pt-PT\",\"@id\":\"https:\/\/portaltela.pt\/s.01k8rhncp4jt1\/2025\/11\/talking-bot-125x125.png\",\"url\":\"https:\/\/portaltela.pt\/s.01k8rhncp4jt1\/2025\/11\/talking-bot-125x125.png\",\"contentUrl\":\"https:\/\/portaltela.pt\/s.01k8rhncp4jt1\/2025\/11\/talking-bot-125x125.png\",\"caption\":\"Telinha\"},\"sameAs\":[\"https:\/\/portaltela.pt\/\"],\"url\":\"https:\/\/portaltela.pt\/por\/367410592786\/\"}]}<\/script>\n<!-- \/ Yoast SEO plugin. -->","yoast_head_json":{"title":"Derrocada na Madeira ser\u00e1 monitorizada ao longo do pr\u00f3ximo ano - Portal Tela Portugal","robots":{"index":"index","follow":"follow","max-snippet":"max-snippet:-1","max-image-preview":"max-image-preview:large","max-video-preview":"max-video-preview:-1"},"og_locale":"pt_PT","og_type":"article","og_title":"Derrocada na Madeira ser\u00e1 monitorizada ao longo do pr\u00f3ximo ano - Portal Tela Portugal","og_description":"As autoridades da Madeira v\u00e3o monitorizar durante o pr\u00f3ximo ano a movimenta\u00e7\u00e3o de terras numa encosta do Curral das Freiras, onde ocorreu a derrocada. A decis\u00e3o sobre deslocar ou n\u00e3o permanentemente a fam\u00edlia que foi retirada de preven\u00e7\u00e3o depende do relat\u00f3rio de avalia\u00e7\u00e3o do Laborat\u00f3rio Regional de Engenharia Civil (LREC). Atualmente n\u00e3o h\u00e1 perigos iminentes, embora exista movimenta\u00e7\u00e3o de terra e pedras na vertente. O LREC enviar\u00e1 \u00e0 pr\u00f3xima semana um relat\u00f3rio para aferir se h\u00e1 risco de novas derrocadas, especialmente na \u00e1rea onde existe uma habita\u00e7\u00e3o. Foi instalado um posto de trabalho permanente do LREC na Junta de Freguesia do Curral das Freiras para acompanhar os trabalhos e apoiar as entidades no terreno.","og_url":"https:\/\/portaltela.pt\/noticias\/2026\/03\/28\/derrocada-na-madeira-sera-monitorizada-ao-longo-do-proximo-ano\/","og_site_name":"Portal Tela Portugal","article_published_time":"2026-03-28T12:35:21+00:00","author":"Telinha","twitter_card":"summary_large_image","twitter_misc":{"Escrito por":"Telinha","Tempo estimado de leitura":"2 minutos"},"schema":{"@context":"https:\/\/schema.org","@graph":[{"@type":"Article","@id":"https:\/\/portaltela.pt\/noticias\/2026\/03\/28\/derrocada-na-madeira-sera-monitorizada-ao-longo-do-proximo-ano\/#article","isPartOf":{"@id":"https:\/\/portaltela.pt\/noticias\/2026\/03\/28\/derrocada-na-madeira-sera-monitorizada-ao-longo-do-proximo-ano\/"},"author":{"name":"Telinha","@id":"https:\/\/portaltela.pt\/#\/schema\/person\/c4278d4a6028830caff9ee44b42d32ed"},"headline":"Derrocada na Madeira ser\u00e1 monitorizada ao longo do pr\u00f3ximo ano","datePublished":"2026-03-28T12:35:21+00:00","mainEntityOfPage":{"@id":"https:\/\/portaltela.pt\/noticias\/2026\/03\/28\/derrocada-na-madeira-sera-monitorizada-ao-longo-do-proximo-ano\/"},"wordCount":327,"image":{"@id":"https:\/\/portaltela.pt\/noticias\/2026\/03\/28\/derrocada-na-madeira-sera-monitorizada-ao-longo-do-proximo-ano\/#primaryimage"},"thumbnailUrl":"https:\/\/portaltela.pt\/s.01k8rhncp4jt1\/2026\/03\/img_1500x1000uu2026-02-11-15-28-17-2266282.jpg","keywords":["cat\u00e1strofes naturais","derrocadas","habita\u00e7\u00e3o","Madeira","movimento de massa","prote\u00e7\u00e3o civil"],"articleSection":["Meio Ambiente"],"inLanguage":"pt-PT"},{"@type":"WebPage","@id":"https:\/\/portaltela.pt\/noticias\/2026\/03\/28\/derrocada-na-madeira-sera-monitorizada-ao-longo-do-proximo-ano\/","url":"https:\/\/portaltela.pt\/noticias\/2026\/03\/28\/derrocada-na-madeira-sera-monitorizada-ao-longo-do-proximo-ano\/","name":"Derrocada na Madeira ser\u00e1 monitorizada ao longo do pr\u00f3ximo ano - Portal Tela Portugal","isPartOf":{"@id":"https:\/\/portaltela.pt\/#website"},"primaryImageOfPage":{"@id":"https:\/\/portaltela.pt\/noticias\/2026\/03\/28\/derrocada-na-madeira-sera-monitorizada-ao-longo-do-proximo-ano\/#primaryimage"},"image":{"@id":"https:\/\/portaltela.pt\/noticias\/2026\/03\/28\/derrocada-na-madeira-sera-monitorizada-ao-longo-do-proximo-ano\/#primaryimage"},"thumbnailUrl":"https:\/\/portaltela.pt\/s.01k8rhncp4jt1\/2026\/03\/img_1500x1000uu2026-02-11-15-28-17-2266282.jpg","datePublished":"2026-03-28T12:35:21+00:00","author":{"@id":"https:\/\/portaltela.pt\/#\/schema\/person\/c4278d4a6028830caff9ee44b42d32ed"},"breadcrumb":{"@id":"https:\/\/portaltela.pt\/noticias\/2026\/03\/28\/derrocada-na-madeira-sera-monitorizada-ao-longo-do-proximo-ano\/#breadcrumb"},"inLanguage":"pt-PT","potentialAction":[{"@type":"ReadAction","target":["https:\/\/portaltela.pt\/noticias\/2026\/03\/28\/derrocada-na-madeira-sera-monitorizada-ao-longo-do-proximo-ano\/"]}]},{"@type":"ImageObject","inLanguage":"pt-PT","@id":"https:\/\/portaltela.pt\/noticias\/2026\/03\/28\/derrocada-na-madeira-sera-monitorizada-ao-longo-do-proximo-ano\/#primaryimage","url":"https:\/\/portaltela.pt\/s.01k8rhncp4jt1\/2026\/03\/img_1500x1000uu2026-02-11-15-28-17-2266282.jpg","contentUrl":"https:\/\/portaltela.pt\/s.01k8rhncp4jt1\/2026\/03\/img_1500x1000uu2026-02-11-15-28-17-2266282.jpg","width":796,"height":448,"caption":"Prote\u00e7\u00e3o Civil"},{"@type":"BreadcrumbList","@id":"https:\/\/portaltela.pt\/noticias\/2026\/03\/28\/derrocada-na-madeira-sera-monitorizada-ao-longo-do-proximo-ano\/#breadcrumb","itemListElement":[{"@type":"ListItem","position":1,"name":"In\u00edcio","item":"https:\/\/portaltela.pt\/"},{"@type":"ListItem","position":2,"name":"Derrocada na Madeira ser\u00e1 monitorizada ao longo do pr\u00f3ximo ano"}]},{"@type":"WebSite","@id":"https:\/\/portaltela.pt\/#website","url":"https:\/\/portaltela.pt\/","name":"Portal Tela Portugal","description":"","potentialAction":[{"@type":"SearchAction","target":{"@type":"EntryPoint","urlTemplate":"https:\/\/portaltela.pt\/?s={search_term_string}"},"query-input":{"@type":"PropertyValueSpecification","valueRequired":true,"valueName":"search_term_string"}}],"inLanguage":"pt-PT"},{"@type":"Person","@id":"https:\/\/portaltela.pt\/#\/schema\/person\/c4278d4a6028830caff9ee44b42d32ed","name":"Telinha","image":{"@type":"ImageObject","inLanguage":"pt-PT","@id":"https:\/\/portaltela.pt\/s.01k8rhncp4jt1\/2025\/11\/talking-bot-125x125.png","url":"https:\/\/portaltela.pt\/s.01k8rhncp4jt1\/2025\/11\/talking-bot-125x125.png","contentUrl":"https:\/\/portaltela.pt\/s.01k8rhncp4jt1\/2025\/11\/talking-bot-125x125.png","caption":"Telinha"},"sameAs":["https:\/\/portaltela.pt\/"],"url":"https:\/\/portaltela.pt\/por\/367410592786\/"}]}},"_links":{"self":[{"href":"https:\/\/portaltela.pt\/api\/wp\/v2\/posts\/424891","targetHints":{"allow":["GET"]}}],"collection":[{"href":"https:\/\/portaltela.pt\/api\/wp\/v2\/posts"}],"about":[{"href":"https:\/\/portaltela.pt\/api\/wp\/v2\/types\/post"}],"author":[{"embeddable":true,"href":"https:\/\/portaltela.pt\/api\/wp\/v2\/users\/2"}],"replies":[{"embeddable":true,"href":"https:\/\/portaltela.pt\/api\/wp\/v2\/comments?post=424891"}],"version-history":[{"count":0,"href":"https:\/\/portaltela.pt\/api\/wp\/v2\/posts\/424891\/revisions"}],"wp:featuredmedia":[{"embeddable":true,"href":"https:\/\/portaltela.pt\/api\/wp\/v2\/media\/424892"}],"wp:attachment":[{"href":"https:\/\/portaltela.pt\/api\/wp\/v2\/media?parent=424891"}],"wp:term":[{"taxonomy":"category","embeddable":true,"href":"https:\/\/portaltela.pt\/api\/wp\/v2\/categories?post=424891"},{"taxonomy":"post_tag","embeddable":true,"href":"https:\/\/portaltela.pt\/api\/wp\/v2\/tags?post=424891"}],"curies":[{"name":"wp","href":"https:\/\/api.w.org\/{rel}","templated":true}]}}