{"id":424872,"date":"2026-03-28T09:04:20","date_gmt":"2026-03-28T12:04:20","guid":{"rendered":"https:\/\/portaltela.pt\/noticias\/2026\/03\/28\/educadora-de-infancia-acusada-de-14-crimes-de-maus-tratos-em-tondela-2\/"},"modified":"2026-03-28T09:04:20","modified_gmt":"2026-03-28T12:04:20","slug":"educadora-de-infancia-acusada-de-14-crimes-de-maus-tratos-em-tondela-2","status":"publish","type":"post","link":"https:\/\/portaltela.pt\/justica\/2026\/03\/28\/educadora-de-infancia-acusada-de-14-crimes-de-maus-tratos-em-tondela-2\/","title":{"rendered":"Educadora de inf\u00e2ncia acusada de 14 crimes de maus-tratos em Tondela"},"content":{"rendered":"<p>Uma educadora de inf\u00e2ncia foi acusada de 14 crimes de maus-tratos a 12 crian\u00e7as com idades entre os tr\u00eas e os cinco anos, num infant\u00e1rio em Tondela. Os feitos teriam ocorrido entre 2017 e 2023, segundo o Minist\u00e9rio P\u00fablico. A arguida, hoje com 64 anos, \u00e9 alvo de um processo-crime e de um inqu\u00e9rito em investiga\u00e7\u00e3o.<\/p>\n<p>A acusa\u00e7\u00e3o descreve m\u00e9todos agressivos e antipedag\u00f3gicos para for\u00e7ar as crian\u00e7as a comerem ou a ficarem em sil\u00eancio, incluindo a priva\u00e7\u00e3o de casa de banho e a lavagem da l\u00edngua com \u00e1gua e sab\u00e3o. As v\u00edtimas eram obrigadas a despirem-se conforme as ordens da educadora, chegando a ficar apenas com pe\u00e7as de roupa interior em algumas situa\u00e7\u00f5es.<\/p>\n<p>Em 2023, foi aberto um processo disciplinar e a educadora foi suspensa por 90 dias pelo Minist\u00e9rio da Educa\u00e7\u00e3o. O MP instaurou o inqu\u00e9rito-crime e a arguida foi transferida para a biblioteca da Escola B\u00e1sica de Tondela, enquanto prossegue a investiga\u00e7\u00e3o.<\/p>\n<h3>Contexto e pr\u00f3ximos passos<\/h3>\n<p>O jornal aguarda atualiza\u00e7\u00f5es oficiais sobre o andamento do inqu\u00e9rito e eventuais dilig\u00eancias adicionais. O Minist\u00e9rio P\u00fablico continuar\u00e1 a avaliar as provas apresentadas pelas autoridades policiais e a gerir o processo judicial.<\/p>\n","protected":false},"excerpt":{"rendered":"<ul>\n<li>Educadora de inf\u00e2ncia, de 64 anos, \u00e9 acusada de catorze crimes de maus-tratos a doze crian\u00e7as com idades entre tr\u00eas e cinco anos, num infant\u00e1rio em Tondela.<\/li>\n<li>Crimes teriam ocorrido entre 2017 e 2023, envolvendo m\u00e9todos agressivos para obrigar as crian\u00e7as a comerem ou ficarem quietas.<\/li>\n<li>Segundo a acusa\u00e7\u00e3o, a educadora obrigava as crian\u00e7as a despir-se, privava-as de irem \u00e0 casa de banho, lavava a l\u00edngua com \u00e1gua e sab\u00e3o e acertava palmadas.<\/li>\n<li>O Minist\u00e9rio P\u00fablico descreve que, ao menor movimento, ordenava que tirassem pe\u00e7as de roupa at\u00e9 ficarem desnudos da parte de cima ou de cuecas e bibas.<\/li>\n<li>Em 2023 foi instaurado um processo disciplinar, a educadora foi suspensa por noventa dias e transferida para a biblioteca da Escola B\u00e1sica de Tondela, enquanto o MP abriu inqu\u00e9rito-crime.<\/li>\n<\/ul>\n","protected":false},"author":2,"featured_media":424876,"comment_status":"closed","ping_status":"closed","sticky":false,"template":"","format":"standard","meta":{"footnotes":""},"categories":[7374,6815],"tags":[147,1698,5869,7487,2613,1005],"class_list":["post-424872","post","type-post","status-publish","format-standard","has-post-thumbnail","hentry","category-criminalidade","category-justica","tag-crime","tag-infantil","tag-maus-tratos","tag-maus-tratos-a-menores","tag-ministerio-publico","tag-tondela"],"yoast_head":"<!-- This site is optimized with the Yoast SEO plugin v27.2 - https:\/\/yoast.com\/product\/yoast-seo-wordpress\/ -->\n<title>Educadora de inf\u00e2ncia acusada de 14 crimes de maus-tratos em Tondela - Portal Tela Portugal<\/title>\n<meta name=\"robots\" content=\"index, follow, max-snippet:-1, max-image-preview:large, max-video-preview:-1\" \/>\n<meta property=\"og:locale\" content=\"pt_PT\" \/>\n<meta property=\"og:type\" content=\"article\" \/>\n<meta property=\"og:title\" content=\"Educadora de inf\u00e2ncia acusada de 14 crimes de maus-tratos em Tondela - Portal Tela Portugal\" \/>\n<meta property=\"og:description\" content=\"Educadora de inf\u00e2ncia, de 64 anos, \u00e9 acusada de catorze crimes de maus-tratos a doze crian\u00e7as com idades entre tr\u00eas e cinco anos, num infant\u00e1rio em Tondela. Crimes teriam ocorrido entre 2017 e 2023, envolvendo m\u00e9todos agressivos para obrigar as crian\u00e7as a comerem ou ficarem quietas. Segundo a acusa\u00e7\u00e3o, a educadora obrigava as crian\u00e7as a despir-se, privava-as de irem \u00e0 casa de banho, lavava a l\u00edngua com \u00e1gua e sab\u00e3o e acertava palmadas. O Minist\u00e9rio P\u00fablico descreve que, ao menor movimento, ordenava que tirassem pe\u00e7as de roupa at\u00e9 ficarem desnudos da parte de cima ou de cuecas e bibas. Em 2023 foi instaurado um processo disciplinar, a educadora foi suspensa por noventa dias e transferida para a biblioteca da Escola B\u00e1sica de Tondela, enquanto o MP abriu inqu\u00e9rito-crime.\" \/>\n<meta property=\"og:url\" content=\"https:\/\/portaltela.pt\/noticias\/2026\/03\/28\/educadora-de-infancia-acusada-de-14-crimes-de-maus-tratos-em-tondela-2\/\" \/>\n<meta property=\"og:site_name\" content=\"Portal Tela Portugal\" \/>\n<meta property=\"article:published_time\" content=\"2026-03-28T12:04:20+00:00\" \/>\n<meta name=\"author\" content=\"Telinha\" \/>\n<meta name=\"twitter:card\" content=\"summary_large_image\" \/>\n<meta name=\"twitter:label1\" content=\"Escrito por\" \/>\n\t<meta name=\"twitter:data1\" content=\"Telinha\" \/>\n\t<meta name=\"twitter:label2\" content=\"Tempo estimado de leitura\" \/>\n\t<meta name=\"twitter:data2\" content=\"1 minuto\" \/>\n<script type=\"application\/ld+json\" class=\"yoast-schema-graph\">{\"@context\":\"https:\/\/schema.org\",\"@graph\":[{\"@type\":\"Article\",\"@id\":\"https:\/\/portaltela.pt\/noticias\/2026\/03\/28\/educadora-de-infancia-acusada-de-14-crimes-de-maus-tratos-em-tondela-2\/#article\",\"isPartOf\":{\"@id\":\"https:\/\/portaltela.pt\/noticias\/2026\/03\/28\/educadora-de-infancia-acusada-de-14-crimes-de-maus-tratos-em-tondela-2\/\"},\"author\":{\"name\":\"Telinha\",\"@id\":\"https:\/\/portaltela.pt\/#\/schema\/person\/c4278d4a6028830caff9ee44b42d32ed\"},\"headline\":\"Educadora de inf\u00e2ncia acusada de 14 crimes de maus-tratos em Tondela\",\"datePublished\":\"2026-03-28T12:04:20+00:00\",\"mainEntityOfPage\":{\"@id\":\"https:\/\/portaltela.pt\/noticias\/2026\/03\/28\/educadora-de-infancia-acusada-de-14-crimes-de-maus-tratos-em-tondela-2\/\"},\"wordCount\":224,\"image\":{\"@id\":\"https:\/\/portaltela.pt\/noticias\/2026\/03\/28\/educadora-de-infancia-acusada-de-14-crimes-de-maus-tratos-em-tondela-2\/#primaryimage\"},\"thumbnailUrl\":\"https:\/\/portaltela.pt\/s.01k8rhncp4jt1\/2026\/03\/img_1280x721uu2023-08-27-20-19-37-1429028.jpg\",\"keywords\":[\"crime\",\"infantil\",\"maus-tratos\",\"maus-tratos a menores\",\"Minist\u00e9rio P\u00fablico\",\"Tondela\"],\"articleSection\":[\"Criminalidade\",\"Justi\u00e7a\"],\"inLanguage\":\"pt-PT\"},{\"@type\":\"WebPage\",\"@id\":\"https:\/\/portaltela.pt\/noticias\/2026\/03\/28\/educadora-de-infancia-acusada-de-14-crimes-de-maus-tratos-em-tondela-2\/\",\"url\":\"https:\/\/portaltela.pt\/noticias\/2026\/03\/28\/educadora-de-infancia-acusada-de-14-crimes-de-maus-tratos-em-tondela-2\/\",\"name\":\"Educadora de inf\u00e2ncia acusada de 14 crimes de maus-tratos em Tondela - Portal Tela Portugal\",\"isPartOf\":{\"@id\":\"https:\/\/portaltela.pt\/#website\"},\"primaryImageOfPage\":{\"@id\":\"https:\/\/portaltela.pt\/noticias\/2026\/03\/28\/educadora-de-infancia-acusada-de-14-crimes-de-maus-tratos-em-tondela-2\/#primaryimage\"},\"image\":{\"@id\":\"https:\/\/portaltela.pt\/noticias\/2026\/03\/28\/educadora-de-infancia-acusada-de-14-crimes-de-maus-tratos-em-tondela-2\/#primaryimage\"},\"thumbnailUrl\":\"https:\/\/portaltela.pt\/s.01k8rhncp4jt1\/2026\/03\/img_1280x721uu2023-08-27-20-19-37-1429028.jpg\",\"datePublished\":\"2026-03-28T12:04:20+00:00\",\"author\":{\"@id\":\"https:\/\/portaltela.pt\/#\/schema\/person\/c4278d4a6028830caff9ee44b42d32ed\"},\"breadcrumb\":{\"@id\":\"https:\/\/portaltela.pt\/noticias\/2026\/03\/28\/educadora-de-infancia-acusada-de-14-crimes-de-maus-tratos-em-tondela-2\/#breadcrumb\"},\"inLanguage\":\"pt-PT\",\"potentialAction\":[{\"@type\":\"ReadAction\",\"target\":[\"https:\/\/portaltela.pt\/noticias\/2026\/03\/28\/educadora-de-infancia-acusada-de-14-crimes-de-maus-tratos-em-tondela-2\/\"]}]},{\"@type\":\"ImageObject\",\"inLanguage\":\"pt-PT\",\"@id\":\"https:\/\/portaltela.pt\/noticias\/2026\/03\/28\/educadora-de-infancia-acusada-de-14-crimes-de-maus-tratos-em-tondela-2\/#primaryimage\",\"url\":\"https:\/\/portaltela.pt\/s.01k8rhncp4jt1\/2026\/03\/img_1280x721uu2023-08-27-20-19-37-1429028.jpg\",\"contentUrl\":\"https:\/\/portaltela.pt\/s.01k8rhncp4jt1\/2026\/03\/img_1280x721uu2023-08-27-20-19-37-1429028.jpg\",\"width\":796,\"height\":448,\"caption\":\"Photo\"},{\"@type\":\"BreadcrumbList\",\"@id\":\"https:\/\/portaltela.pt\/noticias\/2026\/03\/28\/educadora-de-infancia-acusada-de-14-crimes-de-maus-tratos-em-tondela-2\/#breadcrumb\",\"itemListElement\":[{\"@type\":\"ListItem\",\"position\":1,\"name\":\"In\u00edcio\",\"item\":\"https:\/\/portaltela.pt\/\"},{\"@type\":\"ListItem\",\"position\":2,\"name\":\"Educadora de inf\u00e2ncia acusada de 14 crimes de maus-tratos em Tondela\"}]},{\"@type\":\"WebSite\",\"@id\":\"https:\/\/portaltela.pt\/#website\",\"url\":\"https:\/\/portaltela.pt\/\",\"name\":\"Portal Tela Portugal\",\"description\":\"\",\"potentialAction\":[{\"@type\":\"SearchAction\",\"target\":{\"@type\":\"EntryPoint\",\"urlTemplate\":\"https:\/\/portaltela.pt\/?s={search_term_string}\"},\"query-input\":{\"@type\":\"PropertyValueSpecification\",\"valueRequired\":true,\"valueName\":\"search_term_string\"}}],\"inLanguage\":\"pt-PT\"},{\"@type\":\"Person\",\"@id\":\"https:\/\/portaltela.pt\/#\/schema\/person\/c4278d4a6028830caff9ee44b42d32ed\",\"name\":\"Telinha\",\"image\":{\"@type\":\"ImageObject\",\"inLanguage\":\"pt-PT\",\"@id\":\"https:\/\/portaltela.pt\/s.01k8rhncp4jt1\/2025\/11\/talking-bot-125x125.png\",\"url\":\"https:\/\/portaltela.pt\/s.01k8rhncp4jt1\/2025\/11\/talking-bot-125x125.png\",\"contentUrl\":\"https:\/\/portaltela.pt\/s.01k8rhncp4jt1\/2025\/11\/talking-bot-125x125.png\",\"caption\":\"Telinha\"},\"sameAs\":[\"https:\/\/portaltela.pt\/\"],\"url\":\"https:\/\/portaltela.pt\/por\/367410592786\/\"}]}<\/script>\n<!-- \/ Yoast SEO plugin. -->","yoast_head_json":{"title":"Educadora de inf\u00e2ncia acusada de 14 crimes de maus-tratos em Tondela - Portal Tela Portugal","robots":{"index":"index","follow":"follow","max-snippet":"max-snippet:-1","max-image-preview":"max-image-preview:large","max-video-preview":"max-video-preview:-1"},"og_locale":"pt_PT","og_type":"article","og_title":"Educadora de inf\u00e2ncia acusada de 14 crimes de maus-tratos em Tondela - Portal Tela Portugal","og_description":"Educadora de inf\u00e2ncia, de 64 anos, \u00e9 acusada de catorze crimes de maus-tratos a doze crian\u00e7as com idades entre tr\u00eas e cinco anos, num infant\u00e1rio em Tondela. Crimes teriam ocorrido entre 2017 e 2023, envolvendo m\u00e9todos agressivos para obrigar as crian\u00e7as a comerem ou ficarem quietas. Segundo a acusa\u00e7\u00e3o, a educadora obrigava as crian\u00e7as a despir-se, privava-as de irem \u00e0 casa de banho, lavava a l\u00edngua com \u00e1gua e sab\u00e3o e acertava palmadas. O Minist\u00e9rio P\u00fablico descreve que, ao menor movimento, ordenava que tirassem pe\u00e7as de roupa at\u00e9 ficarem desnudos da parte de cima ou de cuecas e bibas. Em 2023 foi instaurado um processo disciplinar, a educadora foi suspensa por noventa dias e transferida para a biblioteca da Escola B\u00e1sica de Tondela, enquanto o MP abriu inqu\u00e9rito-crime.","og_url":"https:\/\/portaltela.pt\/noticias\/2026\/03\/28\/educadora-de-infancia-acusada-de-14-crimes-de-maus-tratos-em-tondela-2\/","og_site_name":"Portal Tela Portugal","article_published_time":"2026-03-28T12:04:20+00:00","author":"Telinha","twitter_card":"summary_large_image","twitter_misc":{"Escrito por":"Telinha","Tempo estimado de leitura":"1 minuto"},"schema":{"@context":"https:\/\/schema.org","@graph":[{"@type":"Article","@id":"https:\/\/portaltela.pt\/noticias\/2026\/03\/28\/educadora-de-infancia-acusada-de-14-crimes-de-maus-tratos-em-tondela-2\/#article","isPartOf":{"@id":"https:\/\/portaltela.pt\/noticias\/2026\/03\/28\/educadora-de-infancia-acusada-de-14-crimes-de-maus-tratos-em-tondela-2\/"},"author":{"name":"Telinha","@id":"https:\/\/portaltela.pt\/#\/schema\/person\/c4278d4a6028830caff9ee44b42d32ed"},"headline":"Educadora de inf\u00e2ncia acusada de 14 crimes de maus-tratos em Tondela","datePublished":"2026-03-28T12:04:20+00:00","mainEntityOfPage":{"@id":"https:\/\/portaltela.pt\/noticias\/2026\/03\/28\/educadora-de-infancia-acusada-de-14-crimes-de-maus-tratos-em-tondela-2\/"},"wordCount":224,"image":{"@id":"https:\/\/portaltela.pt\/noticias\/2026\/03\/28\/educadora-de-infancia-acusada-de-14-crimes-de-maus-tratos-em-tondela-2\/#primaryimage"},"thumbnailUrl":"https:\/\/portaltela.pt\/s.01k8rhncp4jt1\/2026\/03\/img_1280x721uu2023-08-27-20-19-37-1429028.jpg","keywords":["crime","infantil","maus-tratos","maus-tratos a menores","Minist\u00e9rio P\u00fablico","Tondela"],"articleSection":["Criminalidade","Justi\u00e7a"],"inLanguage":"pt-PT"},{"@type":"WebPage","@id":"https:\/\/portaltela.pt\/noticias\/2026\/03\/28\/educadora-de-infancia-acusada-de-14-crimes-de-maus-tratos-em-tondela-2\/","url":"https:\/\/portaltela.pt\/noticias\/2026\/03\/28\/educadora-de-infancia-acusada-de-14-crimes-de-maus-tratos-em-tondela-2\/","name":"Educadora de inf\u00e2ncia acusada de 14 crimes de maus-tratos em Tondela - Portal Tela Portugal","isPartOf":{"@id":"https:\/\/portaltela.pt\/#website"},"primaryImageOfPage":{"@id":"https:\/\/portaltela.pt\/noticias\/2026\/03\/28\/educadora-de-infancia-acusada-de-14-crimes-de-maus-tratos-em-tondela-2\/#primaryimage"},"image":{"@id":"https:\/\/portaltela.pt\/noticias\/2026\/03\/28\/educadora-de-infancia-acusada-de-14-crimes-de-maus-tratos-em-tondela-2\/#primaryimage"},"thumbnailUrl":"https:\/\/portaltela.pt\/s.01k8rhncp4jt1\/2026\/03\/img_1280x721uu2023-08-27-20-19-37-1429028.jpg","datePublished":"2026-03-28T12:04:20+00:00","author":{"@id":"https:\/\/portaltela.pt\/#\/schema\/person\/c4278d4a6028830caff9ee44b42d32ed"},"breadcrumb":{"@id":"https:\/\/portaltela.pt\/noticias\/2026\/03\/28\/educadora-de-infancia-acusada-de-14-crimes-de-maus-tratos-em-tondela-2\/#breadcrumb"},"inLanguage":"pt-PT","potentialAction":[{"@type":"ReadAction","target":["https:\/\/portaltela.pt\/noticias\/2026\/03\/28\/educadora-de-infancia-acusada-de-14-crimes-de-maus-tratos-em-tondela-2\/"]}]},{"@type":"ImageObject","inLanguage":"pt-PT","@id":"https:\/\/portaltela.pt\/noticias\/2026\/03\/28\/educadora-de-infancia-acusada-de-14-crimes-de-maus-tratos-em-tondela-2\/#primaryimage","url":"https:\/\/portaltela.pt\/s.01k8rhncp4jt1\/2026\/03\/img_1280x721uu2023-08-27-20-19-37-1429028.jpg","contentUrl":"https:\/\/portaltela.pt\/s.01k8rhncp4jt1\/2026\/03\/img_1280x721uu2023-08-27-20-19-37-1429028.jpg","width":796,"height":448,"caption":"Photo"},{"@type":"BreadcrumbList","@id":"https:\/\/portaltela.pt\/noticias\/2026\/03\/28\/educadora-de-infancia-acusada-de-14-crimes-de-maus-tratos-em-tondela-2\/#breadcrumb","itemListElement":[{"@type":"ListItem","position":1,"name":"In\u00edcio","item":"https:\/\/portaltela.pt\/"},{"@type":"ListItem","position":2,"name":"Educadora de inf\u00e2ncia acusada de 14 crimes de maus-tratos em Tondela"}]},{"@type":"WebSite","@id":"https:\/\/portaltela.pt\/#website","url":"https:\/\/portaltela.pt\/","name":"Portal Tela Portugal","description":"","potentialAction":[{"@type":"SearchAction","target":{"@type":"EntryPoint","urlTemplate":"https:\/\/portaltela.pt\/?s={search_term_string}"},"query-input":{"@type":"PropertyValueSpecification","valueRequired":true,"valueName":"search_term_string"}}],"inLanguage":"pt-PT"},{"@type":"Person","@id":"https:\/\/portaltela.pt\/#\/schema\/person\/c4278d4a6028830caff9ee44b42d32ed","name":"Telinha","image":{"@type":"ImageObject","inLanguage":"pt-PT","@id":"https:\/\/portaltela.pt\/s.01k8rhncp4jt1\/2025\/11\/talking-bot-125x125.png","url":"https:\/\/portaltela.pt\/s.01k8rhncp4jt1\/2025\/11\/talking-bot-125x125.png","contentUrl":"https:\/\/portaltela.pt\/s.01k8rhncp4jt1\/2025\/11\/talking-bot-125x125.png","caption":"Telinha"},"sameAs":["https:\/\/portaltela.pt\/"],"url":"https:\/\/portaltela.pt\/por\/367410592786\/"}]}},"_links":{"self":[{"href":"https:\/\/portaltela.pt\/api\/wp\/v2\/posts\/424872","targetHints":{"allow":["GET"]}}],"collection":[{"href":"https:\/\/portaltela.pt\/api\/wp\/v2\/posts"}],"about":[{"href":"https:\/\/portaltela.pt\/api\/wp\/v2\/types\/post"}],"author":[{"embeddable":true,"href":"https:\/\/portaltela.pt\/api\/wp\/v2\/users\/2"}],"replies":[{"embeddable":true,"href":"https:\/\/portaltela.pt\/api\/wp\/v2\/comments?post=424872"}],"version-history":[{"count":0,"href":"https:\/\/portaltela.pt\/api\/wp\/v2\/posts\/424872\/revisions"}],"wp:featuredmedia":[{"embeddable":true,"href":"https:\/\/portaltela.pt\/api\/wp\/v2\/media\/424876"}],"wp:attachment":[{"href":"https:\/\/portaltela.pt\/api\/wp\/v2\/media?parent=424872"}],"wp:term":[{"taxonomy":"category","embeddable":true,"href":"https:\/\/portaltela.pt\/api\/wp\/v2\/categories?post=424872"},{"taxonomy":"post_tag","embeddable":true,"href":"https:\/\/portaltela.pt\/api\/wp\/v2\/tags?post=424872"}],"curies":[{"name":"wp","href":"https:\/\/api.w.org\/{rel}","templated":true}]}}