{"id":424861,"date":"2026-03-28T08:45:26","date_gmt":"2026-03-28T11:45:26","guid":{"rendered":"https:\/\/portaltela.pt\/noticias\/2026\/03\/28\/secretario-geral-da-autarquia-de-lisboa-derruba-gradeamento-no-cais-do-sodre-com-viatura\/"},"modified":"2026-03-28T08:45:26","modified_gmt":"2026-03-28T11:45:26","slug":"secretario-geral-da-autarquia-de-lisboa-derruba-gradeamento-no-cais-do-sodre-com-viatura","status":"publish","type":"post","link":"https:\/\/portaltela.pt\/noticias\/2026\/03\/28\/secretario-geral-da-autarquia-de-lisboa-derruba-gradeamento-no-cais-do-sodre-com-viatura\/","title":{"rendered":"Secret\u00e1rio-geral da autarquia de Lisboa derruba gradeamento no Cais do Sodr\u00e9 com viatura"},"content":{"rendered":"<p>O secret\u00e1rio-geral da autarquia de Lisboa esteve envolvido num incidente no Cais do Sodr\u00e9, onde uma viatura de servi\u00e7o ter\u00e1 derrubado gradeamento da cal\u00e7ada. A ocorr\u00eancia aconteceu no local indicado, em Lisboa.<\/p>\n<p>Laplaine Guimar\u00e3es circulava a bordo de um Volkswagen preto, que ter\u00e1 embatido com outro ve\u00edculo. N\u00e3o foram ainda divulgadas informa\u00e7\u00f5es oficiais sobre feridos ou responsabilidades.<\/p>\n<p>O acidente ocorreu a 28 de mar\u00e7o de 2026, pelas 11:45, no Cais do Sodr\u00e9. As circunst\u00e2ncias que levaram ao choque ainda n\u00e3o foram esclarecidas pela autarquia, que est\u00e1 a averiguar o ocorrido.<\/p>\n","protected":false},"excerpt":{"rendered":"<ul>\n<li>O secret\u00e1rio-geral da autarquia de Lisboa ter\u00e1 derrubado o gradeamento de cal\u00e7ada no Cais do Sodr\u00e9 com uma viatura de servi\u00e7o.<\/li>\n<li>Laplaine Guimar\u00e3es viajava num Volkswagen preto que embateu com outro ve\u00edculo.<\/li>\n<li>O incidente ocorreu no Cais do Sodr\u00e9, a 28 de mar\u00e7o de 2026, \u00e0s 11h45.<\/li>\n<li>N\u00e3o foram divulgadas informa\u00e7\u00f5es sobre ferimentos ou danos adicionais.<\/li>\n<li>O texto n\u00e3o especifica responsabilidades nem investiga\u00e7\u00f5es em curso.<\/li>\n<\/ul>\n","protected":false},"author":2,"featured_media":424864,"comment_status":"closed","ping_status":"closed","sticky":false,"template":"","format":"standard","meta":{"footnotes":""},"categories":[6849,1],"tags":[2088,3256,2706,5465,981],"class_list":["post-424861","post","type-post","status-publish","format-standard","has-post-thumbnail","hentry","category-acidentes","category-noticias","tag-acidente-de-viacao","tag-acidentes","tag-autarquias","tag-cais","tag-lisboa"],"yoast_head":"<!-- This site is optimized with the Yoast SEO plugin v27.2 - https:\/\/yoast.com\/product\/yoast-seo-wordpress\/ -->\n<title>Secret\u00e1rio-geral da autarquia de Lisboa derruba gradeamento no Cais do Sodr\u00e9 com viatura - Portal Tela Portugal<\/title>\n<meta name=\"robots\" content=\"index, follow, max-snippet:-1, max-image-preview:large, max-video-preview:-1\" \/>\n<meta property=\"og:locale\" content=\"pt_PT\" \/>\n<meta property=\"og:type\" content=\"article\" \/>\n<meta property=\"og:title\" content=\"Secret\u00e1rio-geral da autarquia de Lisboa derruba gradeamento no Cais do Sodr\u00e9 com viatura - Portal Tela Portugal\" \/>\n<meta property=\"og:description\" content=\"O secret\u00e1rio-geral da autarquia de Lisboa ter\u00e1 derrubado o gradeamento de cal\u00e7ada no Cais do Sodr\u00e9 com uma viatura de servi\u00e7o. Laplaine Guimar\u00e3es viajava num Volkswagen preto que embateu com outro ve\u00edculo. O incidente ocorreu no Cais do Sodr\u00e9, a 28 de mar\u00e7o de 2026, \u00e0s 11h45. N\u00e3o foram divulgadas informa\u00e7\u00f5es sobre ferimentos ou danos adicionais. O texto n\u00e3o especifica responsabilidades nem investiga\u00e7\u00f5es em curso.\" \/>\n<meta property=\"og:url\" content=\"https:\/\/portaltela.pt\/noticias\/2026\/03\/28\/secretario-geral-da-autarquia-de-lisboa-derruba-gradeamento-no-cais-do-sodre-com-viatura\/\" \/>\n<meta property=\"og:site_name\" content=\"Portal Tela Portugal\" \/>\n<meta property=\"article:published_time\" content=\"2026-03-28T11:45:26+00:00\" \/>\n<meta name=\"author\" content=\"Telinha\" \/>\n<meta name=\"twitter:card\" content=\"summary_large_image\" \/>\n<meta name=\"twitter:label1\" content=\"Escrito por\" \/>\n\t<meta name=\"twitter:data1\" content=\"Telinha\" \/>\n<script type=\"application\/ld+json\" class=\"yoast-schema-graph\">{\"@context\":\"https:\/\/schema.org\",\"@graph\":[{\"@type\":\"Article\",\"@id\":\"https:\/\/portaltela.pt\/noticias\/2026\/03\/28\/secretario-geral-da-autarquia-de-lisboa-derruba-gradeamento-no-cais-do-sodre-com-viatura\/#article\",\"isPartOf\":{\"@id\":\"https:\/\/portaltela.pt\/noticias\/2026\/03\/28\/secretario-geral-da-autarquia-de-lisboa-derruba-gradeamento-no-cais-do-sodre-com-viatura\/\"},\"author\":{\"name\":\"Telinha\",\"@id\":\"https:\/\/portaltela.pt\/#\/schema\/person\/c4278d4a6028830caff9ee44b42d32ed\"},\"headline\":\"Secret\u00e1rio-geral da autarquia de Lisboa derruba gradeamento no Cais do Sodr\u00e9 com viatura\",\"datePublished\":\"2026-03-28T11:45:26+00:00\",\"mainEntityOfPage\":{\"@id\":\"https:\/\/portaltela.pt\/noticias\/2026\/03\/28\/secretario-geral-da-autarquia-de-lisboa-derruba-gradeamento-no-cais-do-sodre-com-viatura\/\"},\"wordCount\":112,\"image\":{\"@id\":\"https:\/\/portaltela.pt\/noticias\/2026\/03\/28\/secretario-geral-da-autarquia-de-lisboa-derruba-gradeamento-no-cais-do-sodre-com-viatura\/#primaryimage\"},\"thumbnailUrl\":\"https:\/\/portaltela.pt\/s.01k8rhncp4jt1\/2026\/03\/img_1280x722uu2026-03-24-22-10-19-2274639.jpg\",\"keywords\":[\"acidente de via\u00e7\u00e3o\",\"acidentes\",\"autarquias\",\"Cais\",\"Lisboa\"],\"articleSection\":[\"Acidentes\",\"Not\u00edcias\"],\"inLanguage\":\"pt-PT\"},{\"@type\":\"WebPage\",\"@id\":\"https:\/\/portaltela.pt\/noticias\/2026\/03\/28\/secretario-geral-da-autarquia-de-lisboa-derruba-gradeamento-no-cais-do-sodre-com-viatura\/\",\"url\":\"https:\/\/portaltela.pt\/noticias\/2026\/03\/28\/secretario-geral-da-autarquia-de-lisboa-derruba-gradeamento-no-cais-do-sodre-com-viatura\/\",\"name\":\"Secret\u00e1rio-geral da autarquia de Lisboa derruba gradeamento no Cais do Sodr\u00e9 com viatura - Portal Tela Portugal\",\"isPartOf\":{\"@id\":\"https:\/\/portaltela.pt\/#website\"},\"primaryImageOfPage\":{\"@id\":\"https:\/\/portaltela.pt\/noticias\/2026\/03\/28\/secretario-geral-da-autarquia-de-lisboa-derruba-gradeamento-no-cais-do-sodre-com-viatura\/#primaryimage\"},\"image\":{\"@id\":\"https:\/\/portaltela.pt\/noticias\/2026\/03\/28\/secretario-geral-da-autarquia-de-lisboa-derruba-gradeamento-no-cais-do-sodre-com-viatura\/#primaryimage\"},\"thumbnailUrl\":\"https:\/\/portaltela.pt\/s.01k8rhncp4jt1\/2026\/03\/img_1280x722uu2026-03-24-22-10-19-2274639.jpg\",\"datePublished\":\"2026-03-28T11:45:26+00:00\",\"author\":{\"@id\":\"https:\/\/portaltela.pt\/#\/schema\/person\/c4278d4a6028830caff9ee44b42d32ed\"},\"breadcrumb\":{\"@id\":\"https:\/\/portaltela.pt\/noticias\/2026\/03\/28\/secretario-geral-da-autarquia-de-lisboa-derruba-gradeamento-no-cais-do-sodre-com-viatura\/#breadcrumb\"},\"inLanguage\":\"pt-PT\",\"potentialAction\":[{\"@type\":\"ReadAction\",\"target\":[\"https:\/\/portaltela.pt\/noticias\/2026\/03\/28\/secretario-geral-da-autarquia-de-lisboa-derruba-gradeamento-no-cais-do-sodre-com-viatura\/\"]}]},{\"@type\":\"ImageObject\",\"inLanguage\":\"pt-PT\",\"@id\":\"https:\/\/portaltela.pt\/noticias\/2026\/03\/28\/secretario-geral-da-autarquia-de-lisboa-derruba-gradeamento-no-cais-do-sodre-com-viatura\/#primaryimage\",\"url\":\"https:\/\/portaltela.pt\/s.01k8rhncp4jt1\/2026\/03\/img_1280x722uu2026-03-24-22-10-19-2274639.jpg\",\"contentUrl\":\"https:\/\/portaltela.pt\/s.01k8rhncp4jt1\/2026\/03\/img_1280x722uu2026-03-24-22-10-19-2274639.jpg\",\"width\":796,\"height\":448,\"caption\":\"Laplaine Guimar\u00e3es ia a bordo de um Volkswagen preto que embateu com outro carro.\"},{\"@type\":\"BreadcrumbList\",\"@id\":\"https:\/\/portaltela.pt\/noticias\/2026\/03\/28\/secretario-geral-da-autarquia-de-lisboa-derruba-gradeamento-no-cais-do-sodre-com-viatura\/#breadcrumb\",\"itemListElement\":[{\"@type\":\"ListItem\",\"position\":1,\"name\":\"In\u00edcio\",\"item\":\"https:\/\/portaltela.pt\/\"},{\"@type\":\"ListItem\",\"position\":2,\"name\":\"Secret\u00e1rio-geral da autarquia de Lisboa derruba gradeamento no Cais do Sodr\u00e9 com viatura\"}]},{\"@type\":\"WebSite\",\"@id\":\"https:\/\/portaltela.pt\/#website\",\"url\":\"https:\/\/portaltela.pt\/\",\"name\":\"Portal Tela Portugal\",\"description\":\"\",\"potentialAction\":[{\"@type\":\"SearchAction\",\"target\":{\"@type\":\"EntryPoint\",\"urlTemplate\":\"https:\/\/portaltela.pt\/?s={search_term_string}\"},\"query-input\":{\"@type\":\"PropertyValueSpecification\",\"valueRequired\":true,\"valueName\":\"search_term_string\"}}],\"inLanguage\":\"pt-PT\"},{\"@type\":\"Person\",\"@id\":\"https:\/\/portaltela.pt\/#\/schema\/person\/c4278d4a6028830caff9ee44b42d32ed\",\"name\":\"Telinha\",\"image\":{\"@type\":\"ImageObject\",\"inLanguage\":\"pt-PT\",\"@id\":\"https:\/\/portaltela.pt\/s.01k8rhncp4jt1\/2025\/11\/talking-bot-125x125.png\",\"url\":\"https:\/\/portaltela.pt\/s.01k8rhncp4jt1\/2025\/11\/talking-bot-125x125.png\",\"contentUrl\":\"https:\/\/portaltela.pt\/s.01k8rhncp4jt1\/2025\/11\/talking-bot-125x125.png\",\"caption\":\"Telinha\"},\"sameAs\":[\"https:\/\/portaltela.pt\/\"],\"url\":\"https:\/\/portaltela.pt\/por\/367410592786\/\"}]}<\/script>\n<!-- \/ Yoast SEO plugin. -->","yoast_head_json":{"title":"Secret\u00e1rio-geral da autarquia de Lisboa derruba gradeamento no Cais do Sodr\u00e9 com viatura - Portal Tela Portugal","robots":{"index":"index","follow":"follow","max-snippet":"max-snippet:-1","max-image-preview":"max-image-preview:large","max-video-preview":"max-video-preview:-1"},"og_locale":"pt_PT","og_type":"article","og_title":"Secret\u00e1rio-geral da autarquia de Lisboa derruba gradeamento no Cais do Sodr\u00e9 com viatura - Portal Tela Portugal","og_description":"O secret\u00e1rio-geral da autarquia de Lisboa ter\u00e1 derrubado o gradeamento de cal\u00e7ada no Cais do Sodr\u00e9 com uma viatura de servi\u00e7o. Laplaine Guimar\u00e3es viajava num Volkswagen preto que embateu com outro ve\u00edculo. O incidente ocorreu no Cais do Sodr\u00e9, a 28 de mar\u00e7o de 2026, \u00e0s 11h45. N\u00e3o foram divulgadas informa\u00e7\u00f5es sobre ferimentos ou danos adicionais. O texto n\u00e3o especifica responsabilidades nem investiga\u00e7\u00f5es em curso.","og_url":"https:\/\/portaltela.pt\/noticias\/2026\/03\/28\/secretario-geral-da-autarquia-de-lisboa-derruba-gradeamento-no-cais-do-sodre-com-viatura\/","og_site_name":"Portal Tela Portugal","article_published_time":"2026-03-28T11:45:26+00:00","author":"Telinha","twitter_card":"summary_large_image","twitter_misc":{"Escrito por":"Telinha"},"schema":{"@context":"https:\/\/schema.org","@graph":[{"@type":"Article","@id":"https:\/\/portaltela.pt\/noticias\/2026\/03\/28\/secretario-geral-da-autarquia-de-lisboa-derruba-gradeamento-no-cais-do-sodre-com-viatura\/#article","isPartOf":{"@id":"https:\/\/portaltela.pt\/noticias\/2026\/03\/28\/secretario-geral-da-autarquia-de-lisboa-derruba-gradeamento-no-cais-do-sodre-com-viatura\/"},"author":{"name":"Telinha","@id":"https:\/\/portaltela.pt\/#\/schema\/person\/c4278d4a6028830caff9ee44b42d32ed"},"headline":"Secret\u00e1rio-geral da autarquia de Lisboa derruba gradeamento no Cais do Sodr\u00e9 com viatura","datePublished":"2026-03-28T11:45:26+00:00","mainEntityOfPage":{"@id":"https:\/\/portaltela.pt\/noticias\/2026\/03\/28\/secretario-geral-da-autarquia-de-lisboa-derruba-gradeamento-no-cais-do-sodre-com-viatura\/"},"wordCount":112,"image":{"@id":"https:\/\/portaltela.pt\/noticias\/2026\/03\/28\/secretario-geral-da-autarquia-de-lisboa-derruba-gradeamento-no-cais-do-sodre-com-viatura\/#primaryimage"},"thumbnailUrl":"https:\/\/portaltela.pt\/s.01k8rhncp4jt1\/2026\/03\/img_1280x722uu2026-03-24-22-10-19-2274639.jpg","keywords":["acidente de via\u00e7\u00e3o","acidentes","autarquias","Cais","Lisboa"],"articleSection":["Acidentes","Not\u00edcias"],"inLanguage":"pt-PT"},{"@type":"WebPage","@id":"https:\/\/portaltela.pt\/noticias\/2026\/03\/28\/secretario-geral-da-autarquia-de-lisboa-derruba-gradeamento-no-cais-do-sodre-com-viatura\/","url":"https:\/\/portaltela.pt\/noticias\/2026\/03\/28\/secretario-geral-da-autarquia-de-lisboa-derruba-gradeamento-no-cais-do-sodre-com-viatura\/","name":"Secret\u00e1rio-geral da autarquia de Lisboa derruba gradeamento no Cais do Sodr\u00e9 com viatura - Portal Tela Portugal","isPartOf":{"@id":"https:\/\/portaltela.pt\/#website"},"primaryImageOfPage":{"@id":"https:\/\/portaltela.pt\/noticias\/2026\/03\/28\/secretario-geral-da-autarquia-de-lisboa-derruba-gradeamento-no-cais-do-sodre-com-viatura\/#primaryimage"},"image":{"@id":"https:\/\/portaltela.pt\/noticias\/2026\/03\/28\/secretario-geral-da-autarquia-de-lisboa-derruba-gradeamento-no-cais-do-sodre-com-viatura\/#primaryimage"},"thumbnailUrl":"https:\/\/portaltela.pt\/s.01k8rhncp4jt1\/2026\/03\/img_1280x722uu2026-03-24-22-10-19-2274639.jpg","datePublished":"2026-03-28T11:45:26+00:00","author":{"@id":"https:\/\/portaltela.pt\/#\/schema\/person\/c4278d4a6028830caff9ee44b42d32ed"},"breadcrumb":{"@id":"https:\/\/portaltela.pt\/noticias\/2026\/03\/28\/secretario-geral-da-autarquia-de-lisboa-derruba-gradeamento-no-cais-do-sodre-com-viatura\/#breadcrumb"},"inLanguage":"pt-PT","potentialAction":[{"@type":"ReadAction","target":["https:\/\/portaltela.pt\/noticias\/2026\/03\/28\/secretario-geral-da-autarquia-de-lisboa-derruba-gradeamento-no-cais-do-sodre-com-viatura\/"]}]},{"@type":"ImageObject","inLanguage":"pt-PT","@id":"https:\/\/portaltela.pt\/noticias\/2026\/03\/28\/secretario-geral-da-autarquia-de-lisboa-derruba-gradeamento-no-cais-do-sodre-com-viatura\/#primaryimage","url":"https:\/\/portaltela.pt\/s.01k8rhncp4jt1\/2026\/03\/img_1280x722uu2026-03-24-22-10-19-2274639.jpg","contentUrl":"https:\/\/portaltela.pt\/s.01k8rhncp4jt1\/2026\/03\/img_1280x722uu2026-03-24-22-10-19-2274639.jpg","width":796,"height":448,"caption":"Laplaine Guimar\u00e3es ia a bordo de um Volkswagen preto que embateu com outro carro."},{"@type":"BreadcrumbList","@id":"https:\/\/portaltela.pt\/noticias\/2026\/03\/28\/secretario-geral-da-autarquia-de-lisboa-derruba-gradeamento-no-cais-do-sodre-com-viatura\/#breadcrumb","itemListElement":[{"@type":"ListItem","position":1,"name":"In\u00edcio","item":"https:\/\/portaltela.pt\/"},{"@type":"ListItem","position":2,"name":"Secret\u00e1rio-geral da autarquia de Lisboa derruba gradeamento no Cais do Sodr\u00e9 com viatura"}]},{"@type":"WebSite","@id":"https:\/\/portaltela.pt\/#website","url":"https:\/\/portaltela.pt\/","name":"Portal Tela Portugal","description":"","potentialAction":[{"@type":"SearchAction","target":{"@type":"EntryPoint","urlTemplate":"https:\/\/portaltela.pt\/?s={search_term_string}"},"query-input":{"@type":"PropertyValueSpecification","valueRequired":true,"valueName":"search_term_string"}}],"inLanguage":"pt-PT"},{"@type":"Person","@id":"https:\/\/portaltela.pt\/#\/schema\/person\/c4278d4a6028830caff9ee44b42d32ed","name":"Telinha","image":{"@type":"ImageObject","inLanguage":"pt-PT","@id":"https:\/\/portaltela.pt\/s.01k8rhncp4jt1\/2025\/11\/talking-bot-125x125.png","url":"https:\/\/portaltela.pt\/s.01k8rhncp4jt1\/2025\/11\/talking-bot-125x125.png","contentUrl":"https:\/\/portaltela.pt\/s.01k8rhncp4jt1\/2025\/11\/talking-bot-125x125.png","caption":"Telinha"},"sameAs":["https:\/\/portaltela.pt\/"],"url":"https:\/\/portaltela.pt\/por\/367410592786\/"}]}},"_links":{"self":[{"href":"https:\/\/portaltela.pt\/api\/wp\/v2\/posts\/424861","targetHints":{"allow":["GET"]}}],"collection":[{"href":"https:\/\/portaltela.pt\/api\/wp\/v2\/posts"}],"about":[{"href":"https:\/\/portaltela.pt\/api\/wp\/v2\/types\/post"}],"author":[{"embeddable":true,"href":"https:\/\/portaltela.pt\/api\/wp\/v2\/users\/2"}],"replies":[{"embeddable":true,"href":"https:\/\/portaltela.pt\/api\/wp\/v2\/comments?post=424861"}],"version-history":[{"count":0,"href":"https:\/\/portaltela.pt\/api\/wp\/v2\/posts\/424861\/revisions"}],"wp:featuredmedia":[{"embeddable":true,"href":"https:\/\/portaltela.pt\/api\/wp\/v2\/media\/424864"}],"wp:attachment":[{"href":"https:\/\/portaltela.pt\/api\/wp\/v2\/media?parent=424861"}],"wp:term":[{"taxonomy":"category","embeddable":true,"href":"https:\/\/portaltela.pt\/api\/wp\/v2\/categories?post=424861"},{"taxonomy":"post_tag","embeddable":true,"href":"https:\/\/portaltela.pt\/api\/wp\/v2\/tags?post=424861"}],"curies":[{"name":"wp","href":"https:\/\/api.w.org\/{rel}","templated":true}]}}