{"id":424858,"date":"2026-03-28T09:00:54","date_gmt":"2026-03-28T12:00:54","guid":{"rendered":"https:\/\/portaltela.pt\/noticias\/2026\/03\/28\/violador-procurado-pelo-brasil-detido-ao-tentar-entrar-em-portugal\/"},"modified":"2026-03-28T09:00:54","modified_gmt":"2026-03-28T12:00:54","slug":"violador-procurado-pelo-brasil-detido-ao-tentar-entrar-em-portugal","status":"publish","type":"post","link":"https:\/\/portaltela.pt\/policia\/2026\/03\/28\/violador-procurado-pelo-brasil-detido-ao-tentar-entrar-em-portugal\/","title":{"rendered":"Violador procurado pelo Brasil detido ao tentar entrar em Portugal"},"content":{"rendered":"<p>Um homem de 40 anos, procurado pelo Brasil por crimes de viol\u00eancia, foi detido pela Pol\u00edcia de Seguran\u00e7a P\u00fablica no aeroporto de Lisboa. A deten\u00e7\u00e3o ocorreu enquanto o indiv\u00edduo tentava entrar em Portugal.<\/p>\n<p>Segundo a investiga\u00e7\u00e3o, o suspeito \u00e9 acusado de ter submetido a v\u00edtima a viol\u00eancia f\u00edsica, psicol\u00f3gica e sexual durante v\u00e1rios anos. As autoridades brasileiras emitem um mandado de busca e captura contra o homem.<\/p>\n<p>A PSP confirmou a opera\u00e7\u00e3o no terminal aeroportu\u00e1rio, numa a\u00e7\u00e3o de coopera\u00e7\u00e3o internacional para aenger a um suspeito que se encontrava no territ\u00f3rio nacional. O detido aguarda encaminhamento \u00e0s autoridades competentes.<\/p>\n","protected":false},"excerpt":{"rendered":"<ul>\n<li>Um homem de 40 anos, procurado pelo Brasil, foi detido pela PSP no aeroporto de Lisboa.<\/li>\n<li>A deten\u00e7\u00e3o ocorreu quando tentava entrar em Portugal.<\/li>\n<li>O suspeito \u00e9 acusado de, ao longo de v\u00e1rios anos, sujeitar a mulher a viol\u00eancia f\u00edsica, psicol\u00f3gica e sexual.<\/li>\n<li>A pris\u00e3o foi efetuada pela Pol\u00edcia de Seguran\u00e7a P\u00fablica, em territ\u00f3rio nacional.<\/li>\n<li>O caso envolve uma ordem de captura internacional emitida pelo Brasil.<\/li>\n<\/ul>\n","protected":false},"author":2,"featured_media":424859,"comment_status":"closed","ping_status":"closed","sticky":false,"template":"","format":"standard","meta":{"footnotes":""},"categories":[6907,6781],"tags":[2547,256,147,1014,1381,5892],"class_list":["post-424858","post","type-post","status-publish","format-standard","has-post-thumbnail","hentry","category-crime","category-policia","tag-brasil","tag-cooperacao-internacional","tag-crime","tag-portugal","tag-psp","tag-violencia-sexual"],"yoast_head":"<!-- This site is optimized with the Yoast SEO plugin v27.2 - https:\/\/yoast.com\/product\/yoast-seo-wordpress\/ -->\n<title>Violador procurado pelo Brasil detido ao tentar entrar em Portugal - Portal Tela Portugal<\/title>\n<meta name=\"robots\" content=\"index, follow, max-snippet:-1, max-image-preview:large, max-video-preview:-1\" \/>\n<meta property=\"og:locale\" content=\"pt_PT\" \/>\n<meta property=\"og:type\" content=\"article\" \/>\n<meta property=\"og:title\" content=\"Violador procurado pelo Brasil detido ao tentar entrar em Portugal - Portal Tela Portugal\" \/>\n<meta property=\"og:description\" content=\"Um homem de 40 anos, procurado pelo Brasil, foi detido pela PSP no aeroporto de Lisboa. A deten\u00e7\u00e3o ocorreu quando tentava entrar em Portugal. O suspeito \u00e9 acusado de, ao longo de v\u00e1rios anos, sujeitar a mulher a viol\u00eancia f\u00edsica, psicol\u00f3gica e sexual. A pris\u00e3o foi efetuada pela Pol\u00edcia de Seguran\u00e7a P\u00fablica, em territ\u00f3rio nacional. O caso envolve uma ordem de captura internacional emitida pelo Brasil.\" \/>\n<meta property=\"og:url\" content=\"https:\/\/portaltela.pt\/noticias\/2026\/03\/28\/violador-procurado-pelo-brasil-detido-ao-tentar-entrar-em-portugal\/\" \/>\n<meta property=\"og:site_name\" content=\"Portal Tela Portugal\" \/>\n<meta property=\"article:published_time\" content=\"2026-03-28T12:00:54+00:00\" \/>\n<meta name=\"author\" content=\"Telinha\" \/>\n<meta name=\"twitter:card\" content=\"summary_large_image\" \/>\n<meta name=\"twitter:label1\" content=\"Escrito por\" \/>\n\t<meta name=\"twitter:data1\" content=\"Telinha\" \/>\n\t<meta name=\"twitter:label2\" content=\"Tempo estimado de leitura\" \/>\n\t<meta name=\"twitter:data2\" content=\"1 minuto\" \/>\n<script type=\"application\/ld+json\" class=\"yoast-schema-graph\">{\"@context\":\"https:\/\/schema.org\",\"@graph\":[{\"@type\":\"Article\",\"@id\":\"https:\/\/portaltela.pt\/noticias\/2026\/03\/28\/violador-procurado-pelo-brasil-detido-ao-tentar-entrar-em-portugal\/#article\",\"isPartOf\":{\"@id\":\"https:\/\/portaltela.pt\/noticias\/2026\/03\/28\/violador-procurado-pelo-brasil-detido-ao-tentar-entrar-em-portugal\/\"},\"author\":{\"name\":\"Telinha\",\"@id\":\"https:\/\/portaltela.pt\/#\/schema\/person\/c4278d4a6028830caff9ee44b42d32ed\"},\"headline\":\"Violador procurado pelo Brasil detido ao tentar entrar em Portugal\",\"datePublished\":\"2026-03-28T12:00:54+00:00\",\"mainEntityOfPage\":{\"@id\":\"https:\/\/portaltela.pt\/noticias\/2026\/03\/28\/violador-procurado-pelo-brasil-detido-ao-tentar-entrar-em-portugal\/\"},\"wordCount\":123,\"image\":{\"@id\":\"https:\/\/portaltela.pt\/noticias\/2026\/03\/28\/violador-procurado-pelo-brasil-detido-ao-tentar-entrar-em-portugal\/#primaryimage\"},\"thumbnailUrl\":\"https:\/\/portaltela.pt\/s.01k8rhncp4jt1\/2026\/03\/img_1280x722uu2026-03-26-11-52-58-2274914.jpg\",\"keywords\":[\"Brasil\",\"coopera\u00e7\u00e3o internacional\",\"crime\",\"Portugal\",\"PSP\",\"viol\u00eancia sexual\"],\"articleSection\":[\"Crime\",\"Pol\u00edcia\"],\"inLanguage\":\"pt-PT\"},{\"@type\":\"WebPage\",\"@id\":\"https:\/\/portaltela.pt\/noticias\/2026\/03\/28\/violador-procurado-pelo-brasil-detido-ao-tentar-entrar-em-portugal\/\",\"url\":\"https:\/\/portaltela.pt\/noticias\/2026\/03\/28\/violador-procurado-pelo-brasil-detido-ao-tentar-entrar-em-portugal\/\",\"name\":\"Violador procurado pelo Brasil detido ao tentar entrar em Portugal - Portal Tela Portugal\",\"isPartOf\":{\"@id\":\"https:\/\/portaltela.pt\/#website\"},\"primaryImageOfPage\":{\"@id\":\"https:\/\/portaltela.pt\/noticias\/2026\/03\/28\/violador-procurado-pelo-brasil-detido-ao-tentar-entrar-em-portugal\/#primaryimage\"},\"image\":{\"@id\":\"https:\/\/portaltela.pt\/noticias\/2026\/03\/28\/violador-procurado-pelo-brasil-detido-ao-tentar-entrar-em-portugal\/#primaryimage\"},\"thumbnailUrl\":\"https:\/\/portaltela.pt\/s.01k8rhncp4jt1\/2026\/03\/img_1280x722uu2026-03-26-11-52-58-2274914.jpg\",\"datePublished\":\"2026-03-28T12:00:54+00:00\",\"author\":{\"@id\":\"https:\/\/portaltela.pt\/#\/schema\/person\/c4278d4a6028830caff9ee44b42d32ed\"},\"breadcrumb\":{\"@id\":\"https:\/\/portaltela.pt\/noticias\/2026\/03\/28\/violador-procurado-pelo-brasil-detido-ao-tentar-entrar-em-portugal\/#breadcrumb\"},\"inLanguage\":\"pt-PT\",\"potentialAction\":[{\"@type\":\"ReadAction\",\"target\":[\"https:\/\/portaltela.pt\/noticias\/2026\/03\/28\/violador-procurado-pelo-brasil-detido-ao-tentar-entrar-em-portugal\/\"]}]},{\"@type\":\"ImageObject\",\"inLanguage\":\"pt-PT\",\"@id\":\"https:\/\/portaltela.pt\/noticias\/2026\/03\/28\/violador-procurado-pelo-brasil-detido-ao-tentar-entrar-em-portugal\/#primaryimage\",\"url\":\"https:\/\/portaltela.pt\/s.01k8rhncp4jt1\/2026\/03\/img_1280x722uu2026-03-26-11-52-58-2274914.jpg\",\"contentUrl\":\"https:\/\/portaltela.pt\/s.01k8rhncp4jt1\/2026\/03\/img_1280x722uu2026-03-26-11-52-58-2274914.jpg\",\"width\":796,\"height\":448,\"caption\":\"Photo\"},{\"@type\":\"BreadcrumbList\",\"@id\":\"https:\/\/portaltela.pt\/noticias\/2026\/03\/28\/violador-procurado-pelo-brasil-detido-ao-tentar-entrar-em-portugal\/#breadcrumb\",\"itemListElement\":[{\"@type\":\"ListItem\",\"position\":1,\"name\":\"In\u00edcio\",\"item\":\"https:\/\/portaltela.pt\/\"},{\"@type\":\"ListItem\",\"position\":2,\"name\":\"Violador procurado pelo Brasil detido ao tentar entrar em Portugal\"}]},{\"@type\":\"WebSite\",\"@id\":\"https:\/\/portaltela.pt\/#website\",\"url\":\"https:\/\/portaltela.pt\/\",\"name\":\"Portal Tela Portugal\",\"description\":\"\",\"potentialAction\":[{\"@type\":\"SearchAction\",\"target\":{\"@type\":\"EntryPoint\",\"urlTemplate\":\"https:\/\/portaltela.pt\/?s={search_term_string}\"},\"query-input\":{\"@type\":\"PropertyValueSpecification\",\"valueRequired\":true,\"valueName\":\"search_term_string\"}}],\"inLanguage\":\"pt-PT\"},{\"@type\":\"Person\",\"@id\":\"https:\/\/portaltela.pt\/#\/schema\/person\/c4278d4a6028830caff9ee44b42d32ed\",\"name\":\"Telinha\",\"image\":{\"@type\":\"ImageObject\",\"inLanguage\":\"pt-PT\",\"@id\":\"https:\/\/portaltela.pt\/s.01k8rhncp4jt1\/2025\/11\/talking-bot-125x125.png\",\"url\":\"https:\/\/portaltela.pt\/s.01k8rhncp4jt1\/2025\/11\/talking-bot-125x125.png\",\"contentUrl\":\"https:\/\/portaltela.pt\/s.01k8rhncp4jt1\/2025\/11\/talking-bot-125x125.png\",\"caption\":\"Telinha\"},\"sameAs\":[\"https:\/\/portaltela.pt\/\"],\"url\":\"https:\/\/portaltela.pt\/por\/367410592786\/\"}]}<\/script>\n<!-- \/ Yoast SEO plugin. -->","yoast_head_json":{"title":"Violador procurado pelo Brasil detido ao tentar entrar em Portugal - Portal Tela Portugal","robots":{"index":"index","follow":"follow","max-snippet":"max-snippet:-1","max-image-preview":"max-image-preview:large","max-video-preview":"max-video-preview:-1"},"og_locale":"pt_PT","og_type":"article","og_title":"Violador procurado pelo Brasil detido ao tentar entrar em Portugal - Portal Tela Portugal","og_description":"Um homem de 40 anos, procurado pelo Brasil, foi detido pela PSP no aeroporto de Lisboa. A deten\u00e7\u00e3o ocorreu quando tentava entrar em Portugal. O suspeito \u00e9 acusado de, ao longo de v\u00e1rios anos, sujeitar a mulher a viol\u00eancia f\u00edsica, psicol\u00f3gica e sexual. A pris\u00e3o foi efetuada pela Pol\u00edcia de Seguran\u00e7a P\u00fablica, em territ\u00f3rio nacional. O caso envolve uma ordem de captura internacional emitida pelo Brasil.","og_url":"https:\/\/portaltela.pt\/noticias\/2026\/03\/28\/violador-procurado-pelo-brasil-detido-ao-tentar-entrar-em-portugal\/","og_site_name":"Portal Tela Portugal","article_published_time":"2026-03-28T12:00:54+00:00","author":"Telinha","twitter_card":"summary_large_image","twitter_misc":{"Escrito por":"Telinha","Tempo estimado de leitura":"1 minuto"},"schema":{"@context":"https:\/\/schema.org","@graph":[{"@type":"Article","@id":"https:\/\/portaltela.pt\/noticias\/2026\/03\/28\/violador-procurado-pelo-brasil-detido-ao-tentar-entrar-em-portugal\/#article","isPartOf":{"@id":"https:\/\/portaltela.pt\/noticias\/2026\/03\/28\/violador-procurado-pelo-brasil-detido-ao-tentar-entrar-em-portugal\/"},"author":{"name":"Telinha","@id":"https:\/\/portaltela.pt\/#\/schema\/person\/c4278d4a6028830caff9ee44b42d32ed"},"headline":"Violador procurado pelo Brasil detido ao tentar entrar em Portugal","datePublished":"2026-03-28T12:00:54+00:00","mainEntityOfPage":{"@id":"https:\/\/portaltela.pt\/noticias\/2026\/03\/28\/violador-procurado-pelo-brasil-detido-ao-tentar-entrar-em-portugal\/"},"wordCount":123,"image":{"@id":"https:\/\/portaltela.pt\/noticias\/2026\/03\/28\/violador-procurado-pelo-brasil-detido-ao-tentar-entrar-em-portugal\/#primaryimage"},"thumbnailUrl":"https:\/\/portaltela.pt\/s.01k8rhncp4jt1\/2026\/03\/img_1280x722uu2026-03-26-11-52-58-2274914.jpg","keywords":["Brasil","coopera\u00e7\u00e3o internacional","crime","Portugal","PSP","viol\u00eancia sexual"],"articleSection":["Crime","Pol\u00edcia"],"inLanguage":"pt-PT"},{"@type":"WebPage","@id":"https:\/\/portaltela.pt\/noticias\/2026\/03\/28\/violador-procurado-pelo-brasil-detido-ao-tentar-entrar-em-portugal\/","url":"https:\/\/portaltela.pt\/noticias\/2026\/03\/28\/violador-procurado-pelo-brasil-detido-ao-tentar-entrar-em-portugal\/","name":"Violador procurado pelo Brasil detido ao tentar entrar em Portugal - Portal Tela Portugal","isPartOf":{"@id":"https:\/\/portaltela.pt\/#website"},"primaryImageOfPage":{"@id":"https:\/\/portaltela.pt\/noticias\/2026\/03\/28\/violador-procurado-pelo-brasil-detido-ao-tentar-entrar-em-portugal\/#primaryimage"},"image":{"@id":"https:\/\/portaltela.pt\/noticias\/2026\/03\/28\/violador-procurado-pelo-brasil-detido-ao-tentar-entrar-em-portugal\/#primaryimage"},"thumbnailUrl":"https:\/\/portaltela.pt\/s.01k8rhncp4jt1\/2026\/03\/img_1280x722uu2026-03-26-11-52-58-2274914.jpg","datePublished":"2026-03-28T12:00:54+00:00","author":{"@id":"https:\/\/portaltela.pt\/#\/schema\/person\/c4278d4a6028830caff9ee44b42d32ed"},"breadcrumb":{"@id":"https:\/\/portaltela.pt\/noticias\/2026\/03\/28\/violador-procurado-pelo-brasil-detido-ao-tentar-entrar-em-portugal\/#breadcrumb"},"inLanguage":"pt-PT","potentialAction":[{"@type":"ReadAction","target":["https:\/\/portaltela.pt\/noticias\/2026\/03\/28\/violador-procurado-pelo-brasil-detido-ao-tentar-entrar-em-portugal\/"]}]},{"@type":"ImageObject","inLanguage":"pt-PT","@id":"https:\/\/portaltela.pt\/noticias\/2026\/03\/28\/violador-procurado-pelo-brasil-detido-ao-tentar-entrar-em-portugal\/#primaryimage","url":"https:\/\/portaltela.pt\/s.01k8rhncp4jt1\/2026\/03\/img_1280x722uu2026-03-26-11-52-58-2274914.jpg","contentUrl":"https:\/\/portaltela.pt\/s.01k8rhncp4jt1\/2026\/03\/img_1280x722uu2026-03-26-11-52-58-2274914.jpg","width":796,"height":448,"caption":"Photo"},{"@type":"BreadcrumbList","@id":"https:\/\/portaltela.pt\/noticias\/2026\/03\/28\/violador-procurado-pelo-brasil-detido-ao-tentar-entrar-em-portugal\/#breadcrumb","itemListElement":[{"@type":"ListItem","position":1,"name":"In\u00edcio","item":"https:\/\/portaltela.pt\/"},{"@type":"ListItem","position":2,"name":"Violador procurado pelo Brasil detido ao tentar entrar em Portugal"}]},{"@type":"WebSite","@id":"https:\/\/portaltela.pt\/#website","url":"https:\/\/portaltela.pt\/","name":"Portal Tela Portugal","description":"","potentialAction":[{"@type":"SearchAction","target":{"@type":"EntryPoint","urlTemplate":"https:\/\/portaltela.pt\/?s={search_term_string}"},"query-input":{"@type":"PropertyValueSpecification","valueRequired":true,"valueName":"search_term_string"}}],"inLanguage":"pt-PT"},{"@type":"Person","@id":"https:\/\/portaltela.pt\/#\/schema\/person\/c4278d4a6028830caff9ee44b42d32ed","name":"Telinha","image":{"@type":"ImageObject","inLanguage":"pt-PT","@id":"https:\/\/portaltela.pt\/s.01k8rhncp4jt1\/2025\/11\/talking-bot-125x125.png","url":"https:\/\/portaltela.pt\/s.01k8rhncp4jt1\/2025\/11\/talking-bot-125x125.png","contentUrl":"https:\/\/portaltela.pt\/s.01k8rhncp4jt1\/2025\/11\/talking-bot-125x125.png","caption":"Telinha"},"sameAs":["https:\/\/portaltela.pt\/"],"url":"https:\/\/portaltela.pt\/por\/367410592786\/"}]}},"_links":{"self":[{"href":"https:\/\/portaltela.pt\/api\/wp\/v2\/posts\/424858","targetHints":{"allow":["GET"]}}],"collection":[{"href":"https:\/\/portaltela.pt\/api\/wp\/v2\/posts"}],"about":[{"href":"https:\/\/portaltela.pt\/api\/wp\/v2\/types\/post"}],"author":[{"embeddable":true,"href":"https:\/\/portaltela.pt\/api\/wp\/v2\/users\/2"}],"replies":[{"embeddable":true,"href":"https:\/\/portaltela.pt\/api\/wp\/v2\/comments?post=424858"}],"version-history":[{"count":0,"href":"https:\/\/portaltela.pt\/api\/wp\/v2\/posts\/424858\/revisions"}],"wp:featuredmedia":[{"embeddable":true,"href":"https:\/\/portaltela.pt\/api\/wp\/v2\/media\/424859"}],"wp:attachment":[{"href":"https:\/\/portaltela.pt\/api\/wp\/v2\/media?parent=424858"}],"wp:term":[{"taxonomy":"category","embeddable":true,"href":"https:\/\/portaltela.pt\/api\/wp\/v2\/categories?post=424858"},{"taxonomy":"post_tag","embeddable":true,"href":"https:\/\/portaltela.pt\/api\/wp\/v2\/tags?post=424858"}],"curies":[{"name":"wp","href":"https:\/\/api.w.org\/{rel}","templated":true}]}}