{"id":424851,"date":"2026-03-28T08:31:00","date_gmt":"2026-03-28T11:31:00","guid":{"rendered":"https:\/\/portaltela.pt\/noticias\/2026\/03\/28\/villas-boas-critica-benfica-com-referencias-a-missas-padres-e-goncalves\/"},"modified":"2026-03-28T08:31:00","modified_gmt":"2026-03-28T11:31:00","slug":"villas-boas-critica-benfica-com-referencias-a-missas-padres-e-goncalves","status":"publish","type":"post","link":"https:\/\/portaltela.pt\/desporto\/futebol\/2026\/03\/28\/villas-boas-critica-benfica-com-referencias-a-missas-padres-e-goncalves\/","title":{"rendered":"Villas-Boas critica Benfica com refer\u00eancias a missas, padres e Gon\u00e7alves"},"content":{"rendered":"<p>O presidente do FC Porto, Andr\u00e9 Villas-Boas, respondeu na edi\u00e7\u00e3o mais recente da Revista Drag\u00f5es a um gesto do Benfica junto do Conselho de Disciplina da FPF. O rival contestou o caso dos e-mails e pediu san\u00e7\u00f5es.<\/p>\n<p>Segundo o texto de Villas-Boas, o FC Porto entende que houve tentativas de encobrir pr\u00e1ticas consideradas escandalosas. O dirigente alega que h\u00e1 uma forte probabilidade de uso de um bode expiat\u00f3rio para justificar os factos veiculados.<\/p>\n<p>O l\u00edder portista sustenta que as revela\u00e7\u00f5es envolvem uma associa\u00e7\u00e3o desportiva portuguesa associada a pr\u00e1ticas religiosas em eventos desportivos. O objetivo, diz, \u00e9 levar a justi\u00e7a a apurar a veracidade das informa\u00e7\u00f5es.<\/p>\n<p>Villas-Boas afirma ainda que a credibilidade das institui\u00e7\u00f5es desportivas est\u00e1 em causa pela forma como as situa\u00e7\u00f5es s\u00e3o geridas. O FC Porto defende que a justi\u00e7a deve provar os conte\u00fados em quest\u00e3o sem julgamentos pr\u00e9vios.<\/p>\n<p>O clube portista, por fim, refere que a gravidade dos conte\u00fados justifica a necessidade de esclarecer tudo com rigor. A posi\u00e7\u00e3o \u00e9 interpretada como uma defesa da transpar\u00eancia no processo.<\/p>\n","protected":false},"excerpt":{"rendered":"<ul>\n<li>Andr\u00e9 Villas-Boas, presidente do FC Porto, reagiu \u00e0 Benfica na \u00faltima edi\u00e7\u00e3o da Revista Drag\u00f5es, a prop\u00f3sito do caso dos e-mails e do pedido ao Conselho de Disciplina da Federa\u00e7\u00e3o Portuguesa de Futebol.<\/li>\n<li>O Benfica pediu que o Conselho de Disciplina penalize o FC Porto pela divulga\u00e7\u00e3o de conte\u00fados considerados escandalosos sobre pr\u00e1ticas religiosas no contexto desportivo.<\/li>\n<li>Villas-Boas afirma que a associa\u00e7\u00e3o em causa usa \u201cpadres\u201d para rezar \u201cmissas\u201d em eventos desportivos e que h\u00e1 \u201cprobabilidades de aparecer um Gon\u00e7alves qualquer\u201d para servir de bode expiat\u00f3rio.<\/li>\n<li>O l\u00edder do FC Porto diz que desejam boa sorte \u00e0 justi\u00e7a para provar a veracidade dos factos, criticando a gest\u00e3o do futebol portugu\u00eas e a credibilidade das institui\u00e7\u00f5es.<\/li>\n<li>A interven\u00e7\u00e3o insere-se numa disputa entre as duas entidades sobre o conte\u00fado dos emails e as respetivas consequ\u00eancias disciplinares.<\/li>\n<\/ul>\n","protected":false},"author":2,"featured_media":424855,"comment_status":"closed","ping_status":"closed","sticky":false,"template":"","format":"standard","meta":{"footnotes":""},"categories":[21,24],"tags":[1946,6698,2028,32,803,1014],"class_list":["post-424851","post","type-post","status-publish","format-standard","has-post-thumbnail","hentry","category-desporto","category-futebol","tag-benfica","tag-conselho-de-disciplina","tag-fc-porto","tag-futebol","tag-justica","tag-portugal"],"yoast_head":"<!-- This site is optimized with the Yoast SEO plugin v27.2 - https:\/\/yoast.com\/product\/yoast-seo-wordpress\/ -->\n<title>Villas-Boas critica Benfica com refer\u00eancias a missas, padres e Gon\u00e7alves - Portal Tela Portugal<\/title>\n<meta name=\"robots\" content=\"index, follow, max-snippet:-1, max-image-preview:large, max-video-preview:-1\" \/>\n<meta property=\"og:locale\" content=\"pt_PT\" \/>\n<meta property=\"og:type\" content=\"article\" \/>\n<meta property=\"og:title\" content=\"Villas-Boas critica Benfica com refer\u00eancias a missas, padres e Gon\u00e7alves - Portal Tela Portugal\" \/>\n<meta property=\"og:description\" content=\"Andr\u00e9 Villas-Boas, presidente do FC Porto, reagiu \u00e0 Benfica na \u00faltima edi\u00e7\u00e3o da Revista Drag\u00f5es, a prop\u00f3sito do caso dos e-mails e do pedido ao Conselho de Disciplina da Federa\u00e7\u00e3o Portuguesa de Futebol. O Benfica pediu que o Conselho de Disciplina penalize o FC Porto pela divulga\u00e7\u00e3o de conte\u00fados considerados escandalosos sobre pr\u00e1ticas religiosas no contexto desportivo. Villas-Boas afirma que a associa\u00e7\u00e3o em causa usa \u201cpadres\u201d para rezar \u201cmissas\u201d em eventos desportivos e que h\u00e1 \u201cprobabilidades de aparecer um Gon\u00e7alves qualquer\u201d para servir de bode expiat\u00f3rio. O l\u00edder do FC Porto diz que desejam boa sorte \u00e0 justi\u00e7a para provar a veracidade dos factos, criticando a gest\u00e3o do futebol portugu\u00eas e a credibilidade das institui\u00e7\u00f5es. A interven\u00e7\u00e3o insere-se numa disputa entre as duas entidades sobre o conte\u00fado dos emails e as respetivas consequ\u00eancias disciplinares.\" \/>\n<meta property=\"og:url\" content=\"https:\/\/portaltela.pt\/noticias\/2026\/03\/28\/villas-boas-critica-benfica-com-referencias-a-missas-padres-e-goncalves\/\" \/>\n<meta property=\"og:site_name\" content=\"Portal Tela Portugal\" \/>\n<meta property=\"article:published_time\" content=\"2026-03-28T11:31:00+00:00\" \/>\n<meta name=\"author\" content=\"Telinha\" \/>\n<meta name=\"twitter:card\" content=\"summary_large_image\" \/>\n<meta name=\"twitter:label1\" content=\"Escrito por\" \/>\n\t<meta name=\"twitter:data1\" content=\"Telinha\" \/>\n\t<meta name=\"twitter:label2\" content=\"Tempo estimado de leitura\" \/>\n\t<meta name=\"twitter:data2\" content=\"1 minuto\" \/>\n<script type=\"application\/ld+json\" class=\"yoast-schema-graph\">{\"@context\":\"https:\/\/schema.org\",\"@graph\":[{\"@type\":\"Article\",\"@id\":\"https:\/\/portaltela.pt\/noticias\/2026\/03\/28\/villas-boas-critica-benfica-com-referencias-a-missas-padres-e-goncalves\/#article\",\"isPartOf\":{\"@id\":\"https:\/\/portaltela.pt\/noticias\/2026\/03\/28\/villas-boas-critica-benfica-com-referencias-a-missas-padres-e-goncalves\/\"},\"author\":{\"name\":\"Telinha\",\"@id\":\"https:\/\/portaltela.pt\/#\/schema\/person\/c4278d4a6028830caff9ee44b42d32ed\"},\"headline\":\"Villas-Boas critica Benfica com refer\u00eancias a missas, padres e Gon\u00e7alves\",\"datePublished\":\"2026-03-28T11:31:00+00:00\",\"mainEntityOfPage\":{\"@id\":\"https:\/\/portaltela.pt\/noticias\/2026\/03\/28\/villas-boas-critica-benfica-com-referencias-a-missas-padres-e-goncalves\/\"},\"wordCount\":201,\"image\":{\"@id\":\"https:\/\/portaltela.pt\/noticias\/2026\/03\/28\/villas-boas-critica-benfica-com-referencias-a-missas-padres-e-goncalves\/#primaryimage\"},\"thumbnailUrl\":\"https:\/\/portaltela.pt\/s.01k8rhncp4jt1\/2026\/03\/img_920x518uu2026-03-04-20-18-00-2424923.jpg\",\"keywords\":[\"Benfica\",\"Conselho de Disciplina\",\"FC Porto\",\"futebol\",\"justi\u00e7a\",\"Portugal\"],\"articleSection\":[\"Desporto\",\"Futebol\"],\"inLanguage\":\"pt-PT\"},{\"@type\":\"WebPage\",\"@id\":\"https:\/\/portaltela.pt\/noticias\/2026\/03\/28\/villas-boas-critica-benfica-com-referencias-a-missas-padres-e-goncalves\/\",\"url\":\"https:\/\/portaltela.pt\/noticias\/2026\/03\/28\/villas-boas-critica-benfica-com-referencias-a-missas-padres-e-goncalves\/\",\"name\":\"Villas-Boas critica Benfica com refer\u00eancias a missas, padres e Gon\u00e7alves - Portal Tela Portugal\",\"isPartOf\":{\"@id\":\"https:\/\/portaltela.pt\/#website\"},\"primaryImageOfPage\":{\"@id\":\"https:\/\/portaltela.pt\/noticias\/2026\/03\/28\/villas-boas-critica-benfica-com-referencias-a-missas-padres-e-goncalves\/#primaryimage\"},\"image\":{\"@id\":\"https:\/\/portaltela.pt\/noticias\/2026\/03\/28\/villas-boas-critica-benfica-com-referencias-a-missas-padres-e-goncalves\/#primaryimage\"},\"thumbnailUrl\":\"https:\/\/portaltela.pt\/s.01k8rhncp4jt1\/2026\/03\/img_920x518uu2026-03-04-20-18-00-2424923.jpg\",\"datePublished\":\"2026-03-28T11:31:00+00:00\",\"author\":{\"@id\":\"https:\/\/portaltela.pt\/#\/schema\/person\/c4278d4a6028830caff9ee44b42d32ed\"},\"breadcrumb\":{\"@id\":\"https:\/\/portaltela.pt\/noticias\/2026\/03\/28\/villas-boas-critica-benfica-com-referencias-a-missas-padres-e-goncalves\/#breadcrumb\"},\"inLanguage\":\"pt-PT\",\"potentialAction\":[{\"@type\":\"ReadAction\",\"target\":[\"https:\/\/portaltela.pt\/noticias\/2026\/03\/28\/villas-boas-critica-benfica-com-referencias-a-missas-padres-e-goncalves\/\"]}]},{\"@type\":\"ImageObject\",\"inLanguage\":\"pt-PT\",\"@id\":\"https:\/\/portaltela.pt\/noticias\/2026\/03\/28\/villas-boas-critica-benfica-com-referencias-a-missas-padres-e-goncalves\/#primaryimage\",\"url\":\"https:\/\/portaltela.pt\/s.01k8rhncp4jt1\/2026\/03\/img_920x518uu2026-03-04-20-18-00-2424923.jpg\",\"contentUrl\":\"https:\/\/portaltela.pt\/s.01k8rhncp4jt1\/2026\/03\/img_920x518uu2026-03-04-20-18-00-2424923.jpg\",\"width\":796,\"height\":448,\"caption\":\"Villas-Boas\"},{\"@type\":\"BreadcrumbList\",\"@id\":\"https:\/\/portaltela.pt\/noticias\/2026\/03\/28\/villas-boas-critica-benfica-com-referencias-a-missas-padres-e-goncalves\/#breadcrumb\",\"itemListElement\":[{\"@type\":\"ListItem\",\"position\":1,\"name\":\"In\u00edcio\",\"item\":\"https:\/\/portaltela.pt\/\"},{\"@type\":\"ListItem\",\"position\":2,\"name\":\"Villas-Boas critica Benfica com refer\u00eancias a missas, padres e Gon\u00e7alves\"}]},{\"@type\":\"WebSite\",\"@id\":\"https:\/\/portaltela.pt\/#website\",\"url\":\"https:\/\/portaltela.pt\/\",\"name\":\"Portal Tela Portugal\",\"description\":\"\",\"potentialAction\":[{\"@type\":\"SearchAction\",\"target\":{\"@type\":\"EntryPoint\",\"urlTemplate\":\"https:\/\/portaltela.pt\/?s={search_term_string}\"},\"query-input\":{\"@type\":\"PropertyValueSpecification\",\"valueRequired\":true,\"valueName\":\"search_term_string\"}}],\"inLanguage\":\"pt-PT\"},{\"@type\":\"Person\",\"@id\":\"https:\/\/portaltela.pt\/#\/schema\/person\/c4278d4a6028830caff9ee44b42d32ed\",\"name\":\"Telinha\",\"image\":{\"@type\":\"ImageObject\",\"inLanguage\":\"pt-PT\",\"@id\":\"https:\/\/portaltela.pt\/s.01k8rhncp4jt1\/2025\/11\/talking-bot-125x125.png\",\"url\":\"https:\/\/portaltela.pt\/s.01k8rhncp4jt1\/2025\/11\/talking-bot-125x125.png\",\"contentUrl\":\"https:\/\/portaltela.pt\/s.01k8rhncp4jt1\/2025\/11\/talking-bot-125x125.png\",\"caption\":\"Telinha\"},\"sameAs\":[\"https:\/\/portaltela.pt\/\"],\"url\":\"https:\/\/portaltela.pt\/por\/367410592786\/\"}]}<\/script>\n<!-- \/ Yoast SEO plugin. -->","yoast_head_json":{"title":"Villas-Boas critica Benfica com refer\u00eancias a missas, padres e Gon\u00e7alves - Portal Tela Portugal","robots":{"index":"index","follow":"follow","max-snippet":"max-snippet:-1","max-image-preview":"max-image-preview:large","max-video-preview":"max-video-preview:-1"},"og_locale":"pt_PT","og_type":"article","og_title":"Villas-Boas critica Benfica com refer\u00eancias a missas, padres e Gon\u00e7alves - Portal Tela Portugal","og_description":"Andr\u00e9 Villas-Boas, presidente do FC Porto, reagiu \u00e0 Benfica na \u00faltima edi\u00e7\u00e3o da Revista Drag\u00f5es, a prop\u00f3sito do caso dos e-mails e do pedido ao Conselho de Disciplina da Federa\u00e7\u00e3o Portuguesa de Futebol. O Benfica pediu que o Conselho de Disciplina penalize o FC Porto pela divulga\u00e7\u00e3o de conte\u00fados considerados escandalosos sobre pr\u00e1ticas religiosas no contexto desportivo. Villas-Boas afirma que a associa\u00e7\u00e3o em causa usa \u201cpadres\u201d para rezar \u201cmissas\u201d em eventos desportivos e que h\u00e1 \u201cprobabilidades de aparecer um Gon\u00e7alves qualquer\u201d para servir de bode expiat\u00f3rio. O l\u00edder do FC Porto diz que desejam boa sorte \u00e0 justi\u00e7a para provar a veracidade dos factos, criticando a gest\u00e3o do futebol portugu\u00eas e a credibilidade das institui\u00e7\u00f5es. A interven\u00e7\u00e3o insere-se numa disputa entre as duas entidades sobre o conte\u00fado dos emails e as respetivas consequ\u00eancias disciplinares.","og_url":"https:\/\/portaltela.pt\/noticias\/2026\/03\/28\/villas-boas-critica-benfica-com-referencias-a-missas-padres-e-goncalves\/","og_site_name":"Portal Tela Portugal","article_published_time":"2026-03-28T11:31:00+00:00","author":"Telinha","twitter_card":"summary_large_image","twitter_misc":{"Escrito por":"Telinha","Tempo estimado de leitura":"1 minuto"},"schema":{"@context":"https:\/\/schema.org","@graph":[{"@type":"Article","@id":"https:\/\/portaltela.pt\/noticias\/2026\/03\/28\/villas-boas-critica-benfica-com-referencias-a-missas-padres-e-goncalves\/#article","isPartOf":{"@id":"https:\/\/portaltela.pt\/noticias\/2026\/03\/28\/villas-boas-critica-benfica-com-referencias-a-missas-padres-e-goncalves\/"},"author":{"name":"Telinha","@id":"https:\/\/portaltela.pt\/#\/schema\/person\/c4278d4a6028830caff9ee44b42d32ed"},"headline":"Villas-Boas critica Benfica com refer\u00eancias a missas, padres e Gon\u00e7alves","datePublished":"2026-03-28T11:31:00+00:00","mainEntityOfPage":{"@id":"https:\/\/portaltela.pt\/noticias\/2026\/03\/28\/villas-boas-critica-benfica-com-referencias-a-missas-padres-e-goncalves\/"},"wordCount":201,"image":{"@id":"https:\/\/portaltela.pt\/noticias\/2026\/03\/28\/villas-boas-critica-benfica-com-referencias-a-missas-padres-e-goncalves\/#primaryimage"},"thumbnailUrl":"https:\/\/portaltela.pt\/s.01k8rhncp4jt1\/2026\/03\/img_920x518uu2026-03-04-20-18-00-2424923.jpg","keywords":["Benfica","Conselho de Disciplina","FC Porto","futebol","justi\u00e7a","Portugal"],"articleSection":["Desporto","Futebol"],"inLanguage":"pt-PT"},{"@type":"WebPage","@id":"https:\/\/portaltela.pt\/noticias\/2026\/03\/28\/villas-boas-critica-benfica-com-referencias-a-missas-padres-e-goncalves\/","url":"https:\/\/portaltela.pt\/noticias\/2026\/03\/28\/villas-boas-critica-benfica-com-referencias-a-missas-padres-e-goncalves\/","name":"Villas-Boas critica Benfica com refer\u00eancias a missas, padres e Gon\u00e7alves - Portal Tela Portugal","isPartOf":{"@id":"https:\/\/portaltela.pt\/#website"},"primaryImageOfPage":{"@id":"https:\/\/portaltela.pt\/noticias\/2026\/03\/28\/villas-boas-critica-benfica-com-referencias-a-missas-padres-e-goncalves\/#primaryimage"},"image":{"@id":"https:\/\/portaltela.pt\/noticias\/2026\/03\/28\/villas-boas-critica-benfica-com-referencias-a-missas-padres-e-goncalves\/#primaryimage"},"thumbnailUrl":"https:\/\/portaltela.pt\/s.01k8rhncp4jt1\/2026\/03\/img_920x518uu2026-03-04-20-18-00-2424923.jpg","datePublished":"2026-03-28T11:31:00+00:00","author":{"@id":"https:\/\/portaltela.pt\/#\/schema\/person\/c4278d4a6028830caff9ee44b42d32ed"},"breadcrumb":{"@id":"https:\/\/portaltela.pt\/noticias\/2026\/03\/28\/villas-boas-critica-benfica-com-referencias-a-missas-padres-e-goncalves\/#breadcrumb"},"inLanguage":"pt-PT","potentialAction":[{"@type":"ReadAction","target":["https:\/\/portaltela.pt\/noticias\/2026\/03\/28\/villas-boas-critica-benfica-com-referencias-a-missas-padres-e-goncalves\/"]}]},{"@type":"ImageObject","inLanguage":"pt-PT","@id":"https:\/\/portaltela.pt\/noticias\/2026\/03\/28\/villas-boas-critica-benfica-com-referencias-a-missas-padres-e-goncalves\/#primaryimage","url":"https:\/\/portaltela.pt\/s.01k8rhncp4jt1\/2026\/03\/img_920x518uu2026-03-04-20-18-00-2424923.jpg","contentUrl":"https:\/\/portaltela.pt\/s.01k8rhncp4jt1\/2026\/03\/img_920x518uu2026-03-04-20-18-00-2424923.jpg","width":796,"height":448,"caption":"Villas-Boas"},{"@type":"BreadcrumbList","@id":"https:\/\/portaltela.pt\/noticias\/2026\/03\/28\/villas-boas-critica-benfica-com-referencias-a-missas-padres-e-goncalves\/#breadcrumb","itemListElement":[{"@type":"ListItem","position":1,"name":"In\u00edcio","item":"https:\/\/portaltela.pt\/"},{"@type":"ListItem","position":2,"name":"Villas-Boas critica Benfica com refer\u00eancias a missas, padres e Gon\u00e7alves"}]},{"@type":"WebSite","@id":"https:\/\/portaltela.pt\/#website","url":"https:\/\/portaltela.pt\/","name":"Portal Tela Portugal","description":"","potentialAction":[{"@type":"SearchAction","target":{"@type":"EntryPoint","urlTemplate":"https:\/\/portaltela.pt\/?s={search_term_string}"},"query-input":{"@type":"PropertyValueSpecification","valueRequired":true,"valueName":"search_term_string"}}],"inLanguage":"pt-PT"},{"@type":"Person","@id":"https:\/\/portaltela.pt\/#\/schema\/person\/c4278d4a6028830caff9ee44b42d32ed","name":"Telinha","image":{"@type":"ImageObject","inLanguage":"pt-PT","@id":"https:\/\/portaltela.pt\/s.01k8rhncp4jt1\/2025\/11\/talking-bot-125x125.png","url":"https:\/\/portaltela.pt\/s.01k8rhncp4jt1\/2025\/11\/talking-bot-125x125.png","contentUrl":"https:\/\/portaltela.pt\/s.01k8rhncp4jt1\/2025\/11\/talking-bot-125x125.png","caption":"Telinha"},"sameAs":["https:\/\/portaltela.pt\/"],"url":"https:\/\/portaltela.pt\/por\/367410592786\/"}]}},"_links":{"self":[{"href":"https:\/\/portaltela.pt\/api\/wp\/v2\/posts\/424851","targetHints":{"allow":["GET"]}}],"collection":[{"href":"https:\/\/portaltela.pt\/api\/wp\/v2\/posts"}],"about":[{"href":"https:\/\/portaltela.pt\/api\/wp\/v2\/types\/post"}],"author":[{"embeddable":true,"href":"https:\/\/portaltela.pt\/api\/wp\/v2\/users\/2"}],"replies":[{"embeddable":true,"href":"https:\/\/portaltela.pt\/api\/wp\/v2\/comments?post=424851"}],"version-history":[{"count":0,"href":"https:\/\/portaltela.pt\/api\/wp\/v2\/posts\/424851\/revisions"}],"wp:featuredmedia":[{"embeddable":true,"href":"https:\/\/portaltela.pt\/api\/wp\/v2\/media\/424855"}],"wp:attachment":[{"href":"https:\/\/portaltela.pt\/api\/wp\/v2\/media?parent=424851"}],"wp:term":[{"taxonomy":"category","embeddable":true,"href":"https:\/\/portaltela.pt\/api\/wp\/v2\/categories?post=424851"},{"taxonomy":"post_tag","embeddable":true,"href":"https:\/\/portaltela.pt\/api\/wp\/v2\/tags?post=424851"}],"curies":[{"name":"wp","href":"https:\/\/api.w.org\/{rel}","templated":true}]}}