{"id":424842,"date":"2026-03-28T08:43:43","date_gmt":"2026-03-28T11:43:43","guid":{"rendered":"https:\/\/portaltela.pt\/noticias\/2026\/03\/28\/colisao-rodoviaria-em-arronches-deixa-tres-feridos-graves\/"},"modified":"2026-03-28T08:43:43","modified_gmt":"2026-03-28T11:43:43","slug":"colisao-rodoviaria-em-arronches-deixa-tres-feridos-graves","status":"publish","type":"post","link":"https:\/\/portaltela.pt\/noticias\/2026\/03\/28\/colisao-rodoviaria-em-arronches-deixa-tres-feridos-graves\/","title":{"rendered":"Colis\u00e3o rodovi\u00e1ria em Arronches deixa tr\u00eas feridos graves"},"content":{"rendered":"<p>Numa manh\u00e3 desta ter\u00e7a-feira, ocorreu uma colis\u00e3o entre dois ligeiros na estrada que liga Arronches a Portalegre, junto ao cruzamento para os Mosteiros. Tr\u00eas pessoas ficaram gravemente feridas.<\/p>\n<p>H\u00e1 ainda quatro feridos ligeiros decorrentes do acidente, segundo os servi\u00e7os presentes no local. As v\u00edtimas foram encaminhadas para o Hospital de Portalegre.<\/p>\n<p>No local estiveram acionados operacionais de bombeiros e da GNR, apoiados por seis viaturas, a fim de assegurar socorro e isolamento da ocorr\u00eancia.<\/p>\n<h3>Investiga\u00e7\u00e3o em curso<\/h3>\n<p>A GNR est\u00e1 a investigar as causas do acidente para determinar as circunst\u00e2ncias que levaram \u00e0 colis\u00e3o. N\u00e3o foi divulgado momento exato do sucedido.<\/p>\n<p>As v\u00edtimas e o estado de sa\u00fade atual n\u00e3o foram atualizados em detalhe pelas autoridades. As informa\u00e7\u00f5es oficiais seguem a apurar.<\/p>\n","protected":false},"excerpt":{"rendered":"<ul>\n<li>Tr\u00eas feridos graves numa colis\u00e3o entre dois ligeiros de passageiros na estrada que liga Arronches a Portalegre, nesta manh\u00e3.<\/li>\n<li>H\u00e1 ainda quatro feridos ligeiros resultantes do acidente, junto ao cruzamento para a freguesia dos Mosteiros.<\/li>\n<li>Os feridos foram transportados para o Hospital de Portalegre.<\/li>\n<li>No local estiveram operacionais bombeiros e a Guarda Nacional Republicana (GNR), apoiados por seis viaturas.<\/li>\n<li>A Guarda Nacional Republicana investiga as causas do acidente.<\/li>\n<\/ul>\n","protected":false},"author":2,"featured_media":424848,"comment_status":"closed","ping_status":"closed","sticky":false,"template":"","format":"standard","meta":{"footnotes":""},"categories":[6849,1],"tags":[5487,4169,971,3764,1380,1075],"class_list":["post-424842","post","type-post","status-publish","format-standard","has-post-thumbnail","hentry","category-acidentes","category-noticias","tag-acidente","tag-acidente-rodoviario","tag-bombeiros","tag-feridos-graves","tag-gnr","tag-portalegre"],"yoast_head":"<!-- This site is optimized with the Yoast SEO plugin v27.2 - https:\/\/yoast.com\/product\/yoast-seo-wordpress\/ -->\n<title>Colis\u00e3o rodovi\u00e1ria em Arronches deixa tr\u00eas feridos graves - Portal Tela Portugal<\/title>\n<meta name=\"robots\" content=\"index, follow, max-snippet:-1, max-image-preview:large, max-video-preview:-1\" \/>\n<meta property=\"og:locale\" content=\"pt_PT\" \/>\n<meta property=\"og:type\" content=\"article\" \/>\n<meta property=\"og:title\" content=\"Colis\u00e3o rodovi\u00e1ria em Arronches deixa tr\u00eas feridos graves - Portal Tela Portugal\" \/>\n<meta property=\"og:description\" content=\"Tr\u00eas feridos graves numa colis\u00e3o entre dois ligeiros de passageiros na estrada que liga Arronches a Portalegre, nesta manh\u00e3. H\u00e1 ainda quatro feridos ligeiros resultantes do acidente, junto ao cruzamento para a freguesia dos Mosteiros. Os feridos foram transportados para o Hospital de Portalegre. No local estiveram operacionais bombeiros e a Guarda Nacional Republicana (GNR), apoiados por seis viaturas. A Guarda Nacional Republicana investiga as causas do acidente.\" \/>\n<meta property=\"og:url\" content=\"https:\/\/portaltela.pt\/noticias\/2026\/03\/28\/colisao-rodoviaria-em-arronches-deixa-tres-feridos-graves\/\" \/>\n<meta property=\"og:site_name\" content=\"Portal Tela Portugal\" \/>\n<meta property=\"article:published_time\" content=\"2026-03-28T11:43:43+00:00\" \/>\n<meta name=\"author\" content=\"Telinha\" \/>\n<meta name=\"twitter:card\" content=\"summary_large_image\" \/>\n<meta name=\"twitter:label1\" content=\"Escrito por\" \/>\n\t<meta name=\"twitter:data1\" content=\"Telinha\" \/>\n\t<meta name=\"twitter:label2\" content=\"Tempo estimado de leitura\" \/>\n\t<meta name=\"twitter:data2\" content=\"1 minuto\" \/>\n<script type=\"application\/ld+json\" class=\"yoast-schema-graph\">{\"@context\":\"https:\/\/schema.org\",\"@graph\":[{\"@type\":\"Article\",\"@id\":\"https:\/\/portaltela.pt\/noticias\/2026\/03\/28\/colisao-rodoviaria-em-arronches-deixa-tres-feridos-graves\/#article\",\"isPartOf\":{\"@id\":\"https:\/\/portaltela.pt\/noticias\/2026\/03\/28\/colisao-rodoviaria-em-arronches-deixa-tres-feridos-graves\/\"},\"author\":{\"name\":\"Telinha\",\"@id\":\"https:\/\/portaltela.pt\/#\/schema\/person\/c4278d4a6028830caff9ee44b42d32ed\"},\"headline\":\"Colis\u00e3o rodovi\u00e1ria em Arronches deixa tr\u00eas feridos graves\",\"datePublished\":\"2026-03-28T11:43:43+00:00\",\"mainEntityOfPage\":{\"@id\":\"https:\/\/portaltela.pt\/noticias\/2026\/03\/28\/colisao-rodoviaria-em-arronches-deixa-tres-feridos-graves\/\"},\"wordCount\":146,\"image\":{\"@id\":\"https:\/\/portaltela.pt\/noticias\/2026\/03\/28\/colisao-rodoviaria-em-arronches-deixa-tres-feridos-graves\/#primaryimage\"},\"thumbnailUrl\":\"https:\/\/portaltela.pt\/s.01k8rhncp4jt1\/2026\/03\/img_1500x1000uu2026-03-28-11-25-00-2275237.jpg\",\"keywords\":[\"acidente\",\"acidente rodovi\u00e1rio\",\"bombeiros\",\"feridos graves\",\"GNR\",\"Portalegre\"],\"articleSection\":[\"Acidentes\",\"Not\u00edcias\"],\"inLanguage\":\"pt-PT\"},{\"@type\":\"WebPage\",\"@id\":\"https:\/\/portaltela.pt\/noticias\/2026\/03\/28\/colisao-rodoviaria-em-arronches-deixa-tres-feridos-graves\/\",\"url\":\"https:\/\/portaltela.pt\/noticias\/2026\/03\/28\/colisao-rodoviaria-em-arronches-deixa-tres-feridos-graves\/\",\"name\":\"Colis\u00e3o rodovi\u00e1ria em Arronches deixa tr\u00eas feridos graves - Portal Tela Portugal\",\"isPartOf\":{\"@id\":\"https:\/\/portaltela.pt\/#website\"},\"primaryImageOfPage\":{\"@id\":\"https:\/\/portaltela.pt\/noticias\/2026\/03\/28\/colisao-rodoviaria-em-arronches-deixa-tres-feridos-graves\/#primaryimage\"},\"image\":{\"@id\":\"https:\/\/portaltela.pt\/noticias\/2026\/03\/28\/colisao-rodoviaria-em-arronches-deixa-tres-feridos-graves\/#primaryimage\"},\"thumbnailUrl\":\"https:\/\/portaltela.pt\/s.01k8rhncp4jt1\/2026\/03\/img_1500x1000uu2026-03-28-11-25-00-2275237.jpg\",\"datePublished\":\"2026-03-28T11:43:43+00:00\",\"author\":{\"@id\":\"https:\/\/portaltela.pt\/#\/schema\/person\/c4278d4a6028830caff9ee44b42d32ed\"},\"breadcrumb\":{\"@id\":\"https:\/\/portaltela.pt\/noticias\/2026\/03\/28\/colisao-rodoviaria-em-arronches-deixa-tres-feridos-graves\/#breadcrumb\"},\"inLanguage\":\"pt-PT\",\"potentialAction\":[{\"@type\":\"ReadAction\",\"target\":[\"https:\/\/portaltela.pt\/noticias\/2026\/03\/28\/colisao-rodoviaria-em-arronches-deixa-tres-feridos-graves\/\"]}]},{\"@type\":\"ImageObject\",\"inLanguage\":\"pt-PT\",\"@id\":\"https:\/\/portaltela.pt\/noticias\/2026\/03\/28\/colisao-rodoviaria-em-arronches-deixa-tres-feridos-graves\/#primaryimage\",\"url\":\"https:\/\/portaltela.pt\/s.01k8rhncp4jt1\/2026\/03\/img_1500x1000uu2026-03-28-11-25-00-2275237.jpg\",\"contentUrl\":\"https:\/\/portaltela.pt\/s.01k8rhncp4jt1\/2026\/03\/img_1500x1000uu2026-03-28-11-25-00-2275237.jpg\",\"width\":796,\"height\":448,\"caption\":\"Acidente Arronches, Portalegre\"},{\"@type\":\"BreadcrumbList\",\"@id\":\"https:\/\/portaltela.pt\/noticias\/2026\/03\/28\/colisao-rodoviaria-em-arronches-deixa-tres-feridos-graves\/#breadcrumb\",\"itemListElement\":[{\"@type\":\"ListItem\",\"position\":1,\"name\":\"In\u00edcio\",\"item\":\"https:\/\/portaltela.pt\/\"},{\"@type\":\"ListItem\",\"position\":2,\"name\":\"Colis\u00e3o rodovi\u00e1ria em Arronches deixa tr\u00eas feridos graves\"}]},{\"@type\":\"WebSite\",\"@id\":\"https:\/\/portaltela.pt\/#website\",\"url\":\"https:\/\/portaltela.pt\/\",\"name\":\"Portal Tela Portugal\",\"description\":\"\",\"potentialAction\":[{\"@type\":\"SearchAction\",\"target\":{\"@type\":\"EntryPoint\",\"urlTemplate\":\"https:\/\/portaltela.pt\/?s={search_term_string}\"},\"query-input\":{\"@type\":\"PropertyValueSpecification\",\"valueRequired\":true,\"valueName\":\"search_term_string\"}}],\"inLanguage\":\"pt-PT\"},{\"@type\":\"Person\",\"@id\":\"https:\/\/portaltela.pt\/#\/schema\/person\/c4278d4a6028830caff9ee44b42d32ed\",\"name\":\"Telinha\",\"image\":{\"@type\":\"ImageObject\",\"inLanguage\":\"pt-PT\",\"@id\":\"https:\/\/portaltela.pt\/s.01k8rhncp4jt1\/2025\/11\/talking-bot-125x125.png\",\"url\":\"https:\/\/portaltela.pt\/s.01k8rhncp4jt1\/2025\/11\/talking-bot-125x125.png\",\"contentUrl\":\"https:\/\/portaltela.pt\/s.01k8rhncp4jt1\/2025\/11\/talking-bot-125x125.png\",\"caption\":\"Telinha\"},\"sameAs\":[\"https:\/\/portaltela.pt\/\"],\"url\":\"https:\/\/portaltela.pt\/por\/367410592786\/\"}]}<\/script>\n<!-- \/ Yoast SEO plugin. -->","yoast_head_json":{"title":"Colis\u00e3o rodovi\u00e1ria em Arronches deixa tr\u00eas feridos graves - Portal Tela Portugal","robots":{"index":"index","follow":"follow","max-snippet":"max-snippet:-1","max-image-preview":"max-image-preview:large","max-video-preview":"max-video-preview:-1"},"og_locale":"pt_PT","og_type":"article","og_title":"Colis\u00e3o rodovi\u00e1ria em Arronches deixa tr\u00eas feridos graves - Portal Tela Portugal","og_description":"Tr\u00eas feridos graves numa colis\u00e3o entre dois ligeiros de passageiros na estrada que liga Arronches a Portalegre, nesta manh\u00e3. H\u00e1 ainda quatro feridos ligeiros resultantes do acidente, junto ao cruzamento para a freguesia dos Mosteiros. Os feridos foram transportados para o Hospital de Portalegre. No local estiveram operacionais bombeiros e a Guarda Nacional Republicana (GNR), apoiados por seis viaturas. A Guarda Nacional Republicana investiga as causas do acidente.","og_url":"https:\/\/portaltela.pt\/noticias\/2026\/03\/28\/colisao-rodoviaria-em-arronches-deixa-tres-feridos-graves\/","og_site_name":"Portal Tela Portugal","article_published_time":"2026-03-28T11:43:43+00:00","author":"Telinha","twitter_card":"summary_large_image","twitter_misc":{"Escrito por":"Telinha","Tempo estimado de leitura":"1 minuto"},"schema":{"@context":"https:\/\/schema.org","@graph":[{"@type":"Article","@id":"https:\/\/portaltela.pt\/noticias\/2026\/03\/28\/colisao-rodoviaria-em-arronches-deixa-tres-feridos-graves\/#article","isPartOf":{"@id":"https:\/\/portaltela.pt\/noticias\/2026\/03\/28\/colisao-rodoviaria-em-arronches-deixa-tres-feridos-graves\/"},"author":{"name":"Telinha","@id":"https:\/\/portaltela.pt\/#\/schema\/person\/c4278d4a6028830caff9ee44b42d32ed"},"headline":"Colis\u00e3o rodovi\u00e1ria em Arronches deixa tr\u00eas feridos graves","datePublished":"2026-03-28T11:43:43+00:00","mainEntityOfPage":{"@id":"https:\/\/portaltela.pt\/noticias\/2026\/03\/28\/colisao-rodoviaria-em-arronches-deixa-tres-feridos-graves\/"},"wordCount":146,"image":{"@id":"https:\/\/portaltela.pt\/noticias\/2026\/03\/28\/colisao-rodoviaria-em-arronches-deixa-tres-feridos-graves\/#primaryimage"},"thumbnailUrl":"https:\/\/portaltela.pt\/s.01k8rhncp4jt1\/2026\/03\/img_1500x1000uu2026-03-28-11-25-00-2275237.jpg","keywords":["acidente","acidente rodovi\u00e1rio","bombeiros","feridos graves","GNR","Portalegre"],"articleSection":["Acidentes","Not\u00edcias"],"inLanguage":"pt-PT"},{"@type":"WebPage","@id":"https:\/\/portaltela.pt\/noticias\/2026\/03\/28\/colisao-rodoviaria-em-arronches-deixa-tres-feridos-graves\/","url":"https:\/\/portaltela.pt\/noticias\/2026\/03\/28\/colisao-rodoviaria-em-arronches-deixa-tres-feridos-graves\/","name":"Colis\u00e3o rodovi\u00e1ria em Arronches deixa tr\u00eas feridos graves - Portal Tela Portugal","isPartOf":{"@id":"https:\/\/portaltela.pt\/#website"},"primaryImageOfPage":{"@id":"https:\/\/portaltela.pt\/noticias\/2026\/03\/28\/colisao-rodoviaria-em-arronches-deixa-tres-feridos-graves\/#primaryimage"},"image":{"@id":"https:\/\/portaltela.pt\/noticias\/2026\/03\/28\/colisao-rodoviaria-em-arronches-deixa-tres-feridos-graves\/#primaryimage"},"thumbnailUrl":"https:\/\/portaltela.pt\/s.01k8rhncp4jt1\/2026\/03\/img_1500x1000uu2026-03-28-11-25-00-2275237.jpg","datePublished":"2026-03-28T11:43:43+00:00","author":{"@id":"https:\/\/portaltela.pt\/#\/schema\/person\/c4278d4a6028830caff9ee44b42d32ed"},"breadcrumb":{"@id":"https:\/\/portaltela.pt\/noticias\/2026\/03\/28\/colisao-rodoviaria-em-arronches-deixa-tres-feridos-graves\/#breadcrumb"},"inLanguage":"pt-PT","potentialAction":[{"@type":"ReadAction","target":["https:\/\/portaltela.pt\/noticias\/2026\/03\/28\/colisao-rodoviaria-em-arronches-deixa-tres-feridos-graves\/"]}]},{"@type":"ImageObject","inLanguage":"pt-PT","@id":"https:\/\/portaltela.pt\/noticias\/2026\/03\/28\/colisao-rodoviaria-em-arronches-deixa-tres-feridos-graves\/#primaryimage","url":"https:\/\/portaltela.pt\/s.01k8rhncp4jt1\/2026\/03\/img_1500x1000uu2026-03-28-11-25-00-2275237.jpg","contentUrl":"https:\/\/portaltela.pt\/s.01k8rhncp4jt1\/2026\/03\/img_1500x1000uu2026-03-28-11-25-00-2275237.jpg","width":796,"height":448,"caption":"Acidente Arronches, Portalegre"},{"@type":"BreadcrumbList","@id":"https:\/\/portaltela.pt\/noticias\/2026\/03\/28\/colisao-rodoviaria-em-arronches-deixa-tres-feridos-graves\/#breadcrumb","itemListElement":[{"@type":"ListItem","position":1,"name":"In\u00edcio","item":"https:\/\/portaltela.pt\/"},{"@type":"ListItem","position":2,"name":"Colis\u00e3o rodovi\u00e1ria em Arronches deixa tr\u00eas feridos graves"}]},{"@type":"WebSite","@id":"https:\/\/portaltela.pt\/#website","url":"https:\/\/portaltela.pt\/","name":"Portal Tela Portugal","description":"","potentialAction":[{"@type":"SearchAction","target":{"@type":"EntryPoint","urlTemplate":"https:\/\/portaltela.pt\/?s={search_term_string}"},"query-input":{"@type":"PropertyValueSpecification","valueRequired":true,"valueName":"search_term_string"}}],"inLanguage":"pt-PT"},{"@type":"Person","@id":"https:\/\/portaltela.pt\/#\/schema\/person\/c4278d4a6028830caff9ee44b42d32ed","name":"Telinha","image":{"@type":"ImageObject","inLanguage":"pt-PT","@id":"https:\/\/portaltela.pt\/s.01k8rhncp4jt1\/2025\/11\/talking-bot-125x125.png","url":"https:\/\/portaltela.pt\/s.01k8rhncp4jt1\/2025\/11\/talking-bot-125x125.png","contentUrl":"https:\/\/portaltela.pt\/s.01k8rhncp4jt1\/2025\/11\/talking-bot-125x125.png","caption":"Telinha"},"sameAs":["https:\/\/portaltela.pt\/"],"url":"https:\/\/portaltela.pt\/por\/367410592786\/"}]}},"_links":{"self":[{"href":"https:\/\/portaltela.pt\/api\/wp\/v2\/posts\/424842","targetHints":{"allow":["GET"]}}],"collection":[{"href":"https:\/\/portaltela.pt\/api\/wp\/v2\/posts"}],"about":[{"href":"https:\/\/portaltela.pt\/api\/wp\/v2\/types\/post"}],"author":[{"embeddable":true,"href":"https:\/\/portaltela.pt\/api\/wp\/v2\/users\/2"}],"replies":[{"embeddable":true,"href":"https:\/\/portaltela.pt\/api\/wp\/v2\/comments?post=424842"}],"version-history":[{"count":0,"href":"https:\/\/portaltela.pt\/api\/wp\/v2\/posts\/424842\/revisions"}],"wp:featuredmedia":[{"embeddable":true,"href":"https:\/\/portaltela.pt\/api\/wp\/v2\/media\/424848"}],"wp:attachment":[{"href":"https:\/\/portaltela.pt\/api\/wp\/v2\/media?parent=424842"}],"wp:term":[{"taxonomy":"category","embeddable":true,"href":"https:\/\/portaltela.pt\/api\/wp\/v2\/categories?post=424842"},{"taxonomy":"post_tag","embeddable":true,"href":"https:\/\/portaltela.pt\/api\/wp\/v2\/tags?post=424842"}],"curies":[{"name":"wp","href":"https:\/\/api.w.org\/{rel}","templated":true}]}}