{"id":424841,"date":"2026-03-28T08:29:00","date_gmt":"2026-03-28T11:29:00","guid":{"rendered":"https:\/\/portaltela.pt\/noticias\/2026\/03\/28\/cabrita-reis-sara-bichao-e-pele-colectivo-na-manifesta-16-alemanha\/"},"modified":"2026-03-28T08:29:00","modified_gmt":"2026-03-28T11:29:00","slug":"cabrita-reis-sara-bichao-e-pele-colectivo-na-manifesta-16-alemanha","status":"publish","type":"post","link":"https:\/\/portaltela.pt\/lazer\/2026\/03\/28\/cabrita-reis-sara-bichao-e-pele-colectivo-na-manifesta-16-alemanha\/","title":{"rendered":"Cabrita Reis, Sara Bich\u00e3o e Pele Colectivo na Manifesta 16, Alemanha"},"content":{"rendered":"<p>A Manifesta 16, bienal n\u00f3mada de arte contempor\u00e2nea, inicia-se na Alemanha a 21 de junho e decorre at\u00e9 4 de outubro, abrangendo a regi\u00e3o metropolitana do Ruhr. O evento envolve mais de 100 participantes de 30 pa\u00edses, entre eles artistas portugueses.<\/p>\n<p>Pedro Cabrita Reis, Sara Bich\u00e3o e a Pele Colectivo v\u00e3o apresentar obras comissionadas pela Manifesta, instaladas numa igreja escolhida pela equipa curatorial. A edi\u00e7\u00e3o centra-se na transforma\u00e7\u00e3o de antigas igrejas em espa\u00e7os de di\u00e1logo social.<\/p>\n<p>Mabe Beth\u00f4nico, artista e investigadora brasileira, junta-se \u00e0 lista oficial, com um projecto na Igreja de Gethsemane, em Bochum, segundo a organiza\u00e7\u00e3o.<\/p>\n<h3>Participantes e locais<\/h3>\n<p>Cabrita Reis exp\u00f5e em Bochum, na Igreja do Cristo Rei, um espa\u00e7o moderno requalificado para a arte. Sara Bich\u00e3o atua em Essen, na Igreja de S. Marcos, com uma obra ligada ao corpo e \u00e0 mat\u00e9ria. A Pele Colectivo apresenta-se em Gelsenkirchen, na Igreja de S. Jos\u00e9, com foco na participa\u00e7\u00e3o comunit\u00e1ria.<\/p>\n<p>Beth\u00f4nico trabalha em Bochum, na Igreja de Gethsemane, explorando arquivos e a hist\u00f3ria da minera\u00e7\u00e3o, tema relevante para Ruhr. A Manifesta 16 \u00e9 organizada pela International Foundation Manifesta, com apoio do governo regional da Ren\u00e2nia do Norte-Vestf\u00e1lia e das autoridades do Ruhr.<\/p>\n","protected":false},"excerpt":{"rendered":"<ul>\n<li>A Manifesta 16 Rhur, bienal n\u00f3mada de arte contempor\u00e2nea, realiza-se na Alemanha entre 21 de junho e 4 de outubro, com mais de 100 participantes de 30 pa\u00edses.<\/li>\n<li>Pedro Cabrita Reis, Sara Bich\u00e3o e a Pele Colectivo v\u00e3o apresentar novas obras comissionadas pela Manifesta, instaladas em igrejas escolhidas pela curadoria.<\/li>\n<li>Cabrita Reis exp\u00f5e em Bochum, na Igreja do Cristo Rei; Sara Bich\u00e3o trabalha em Essen, na Igreja de S. Marcos; a Pele Colectivo atua em Gelsenkirchen, na Igreja de S. Jos\u00e9.<\/li>\n<li>Mabe Beth\u00f4nico, artista brasileira, ficar\u00e1 respons\u00e1vel por um projeto na Igreja de Gethsemane, em Bochum; o conjunto da lista inclui 106 participantes de v\u00e1rias na\u00e7\u00f5es.<\/li>\n<li>Pela primeira vez, a Manifesta n\u00e3o est\u00e1 fixada numa cidade \u00fanica, abrangendo a regi\u00e3o metropolitana do Ruhr, com foco na transforma\u00e7\u00e3o de antigas igrejas em espa\u00e7os de di\u00e1logo social e cultural.<\/li>\n<\/ul>\n","protected":false},"author":2,"featured_media":424849,"comment_status":"closed","ping_status":"closed","sticky":false,"template":"","format":"standard","meta":{"footnotes":""},"categories":[7375,7381],"tags":[1603,70,145,2958,102,1014],"class_list":["post-424841","post","type-post","status-publish","format-standard","has-post-thumbnail","hentry","category-cultura","category-lazer","tag-alemanha","tag-arte","tag-cultura","tag-eventos-internacionais","tag-igreja","tag-portugal"],"yoast_head":"<!-- This site is optimized with the Yoast SEO plugin v27.2 - https:\/\/yoast.com\/product\/yoast-seo-wordpress\/ -->\n<title>Cabrita Reis, Sara Bich\u00e3o e Pele Colectivo na Manifesta 16, Alemanha - Portal Tela Portugal<\/title>\n<meta name=\"robots\" content=\"index, follow, max-snippet:-1, max-image-preview:large, max-video-preview:-1\" \/>\n<meta property=\"og:locale\" content=\"pt_PT\" \/>\n<meta property=\"og:type\" content=\"article\" \/>\n<meta property=\"og:title\" content=\"Cabrita Reis, Sara Bich\u00e3o e Pele Colectivo na Manifesta 16, Alemanha - Portal Tela Portugal\" \/>\n<meta property=\"og:description\" content=\"A Manifesta 16 Rhur, bienal n\u00f3mada de arte contempor\u00e2nea, realiza-se na Alemanha entre 21 de junho e 4 de outubro, com mais de 100 participantes de 30 pa\u00edses. Pedro Cabrita Reis, Sara Bich\u00e3o e a Pele Colectivo v\u00e3o apresentar novas obras comissionadas pela Manifesta, instaladas em igrejas escolhidas pela curadoria. Cabrita Reis exp\u00f5e em Bochum, na Igreja do Cristo Rei; Sara Bich\u00e3o trabalha em Essen, na Igreja de S. Marcos; a Pele Colectivo atua em Gelsenkirchen, na Igreja de S. Jos\u00e9. Mabe Beth\u00f4nico, artista brasileira, ficar\u00e1 respons\u00e1vel por um projeto na Igreja de Gethsemane, em Bochum; o conjunto da lista inclui 106 participantes de v\u00e1rias na\u00e7\u00f5es. Pela primeira vez, a Manifesta n\u00e3o est\u00e1 fixada numa cidade \u00fanica, abrangendo a regi\u00e3o metropolitana do Ruhr, com foco na transforma\u00e7\u00e3o de antigas igrejas em espa\u00e7os de di\u00e1logo social e cultural.\" \/>\n<meta property=\"og:url\" content=\"https:\/\/portaltela.pt\/noticias\/2026\/03\/28\/cabrita-reis-sara-bichao-e-pele-colectivo-na-manifesta-16-alemanha\/\" \/>\n<meta property=\"og:site_name\" content=\"Portal Tela Portugal\" \/>\n<meta property=\"article:published_time\" content=\"2026-03-28T11:29:00+00:00\" \/>\n<meta name=\"author\" content=\"Telinha\" \/>\n<meta name=\"twitter:card\" content=\"summary_large_image\" \/>\n<meta name=\"twitter:label1\" content=\"Escrito por\" \/>\n\t<meta name=\"twitter:data1\" content=\"Telinha\" \/>\n\t<meta name=\"twitter:label2\" content=\"Tempo estimado de leitura\" \/>\n\t<meta name=\"twitter:data2\" content=\"1 minuto\" \/>\n<script type=\"application\/ld+json\" class=\"yoast-schema-graph\">{\"@context\":\"https:\/\/schema.org\",\"@graph\":[{\"@type\":\"Article\",\"@id\":\"https:\/\/portaltela.pt\/noticias\/2026\/03\/28\/cabrita-reis-sara-bichao-e-pele-colectivo-na-manifesta-16-alemanha\/#article\",\"isPartOf\":{\"@id\":\"https:\/\/portaltela.pt\/noticias\/2026\/03\/28\/cabrita-reis-sara-bichao-e-pele-colectivo-na-manifesta-16-alemanha\/\"},\"author\":{\"name\":\"Telinha\",\"@id\":\"https:\/\/portaltela.pt\/#\/schema\/person\/c4278d4a6028830caff9ee44b42d32ed\"},\"headline\":\"Cabrita Reis, Sara Bich\u00e3o e Pele Colectivo na Manifesta 16, Alemanha\",\"datePublished\":\"2026-03-28T11:29:00+00:00\",\"mainEntityOfPage\":{\"@id\":\"https:\/\/portaltela.pt\/noticias\/2026\/03\/28\/cabrita-reis-sara-bichao-e-pele-colectivo-na-manifesta-16-alemanha\/\"},\"wordCount\":220,\"image\":{\"@id\":\"https:\/\/portaltela.pt\/noticias\/2026\/03\/28\/cabrita-reis-sara-bichao-e-pele-colectivo-na-manifesta-16-alemanha\/#primaryimage\"},\"thumbnailUrl\":\"https:\/\/portaltela.pt\/s.01k8rhncp4jt1\/2026\/03\/2077617.jpg\",\"keywords\":[\"Alemanha\",\"arte\",\"cultura\",\"eventos internacionais\",\"igreja\",\"Portugal\"],\"articleSection\":[\"Cultura\",\"Lazer\"],\"inLanguage\":\"pt-PT\"},{\"@type\":\"WebPage\",\"@id\":\"https:\/\/portaltela.pt\/noticias\/2026\/03\/28\/cabrita-reis-sara-bichao-e-pele-colectivo-na-manifesta-16-alemanha\/\",\"url\":\"https:\/\/portaltela.pt\/noticias\/2026\/03\/28\/cabrita-reis-sara-bichao-e-pele-colectivo-na-manifesta-16-alemanha\/\",\"name\":\"Cabrita Reis, Sara Bich\u00e3o e Pele Colectivo na Manifesta 16, Alemanha - Portal Tela Portugal\",\"isPartOf\":{\"@id\":\"https:\/\/portaltela.pt\/#website\"},\"primaryImageOfPage\":{\"@id\":\"https:\/\/portaltela.pt\/noticias\/2026\/03\/28\/cabrita-reis-sara-bichao-e-pele-colectivo-na-manifesta-16-alemanha\/#primaryimage\"},\"image\":{\"@id\":\"https:\/\/portaltela.pt\/noticias\/2026\/03\/28\/cabrita-reis-sara-bichao-e-pele-colectivo-na-manifesta-16-alemanha\/#primaryimage\"},\"thumbnailUrl\":\"https:\/\/portaltela.pt\/s.01k8rhncp4jt1\/2026\/03\/2077617.jpg\",\"datePublished\":\"2026-03-28T11:29:00+00:00\",\"author\":{\"@id\":\"https:\/\/portaltela.pt\/#\/schema\/person\/c4278d4a6028830caff9ee44b42d32ed\"},\"breadcrumb\":{\"@id\":\"https:\/\/portaltela.pt\/noticias\/2026\/03\/28\/cabrita-reis-sara-bichao-e-pele-colectivo-na-manifesta-16-alemanha\/#breadcrumb\"},\"inLanguage\":\"pt-PT\",\"potentialAction\":[{\"@type\":\"ReadAction\",\"target\":[\"https:\/\/portaltela.pt\/noticias\/2026\/03\/28\/cabrita-reis-sara-bichao-e-pele-colectivo-na-manifesta-16-alemanha\/\"]}]},{\"@type\":\"ImageObject\",\"inLanguage\":\"pt-PT\",\"@id\":\"https:\/\/portaltela.pt\/noticias\/2026\/03\/28\/cabrita-reis-sara-bichao-e-pele-colectivo-na-manifesta-16-alemanha\/#primaryimage\",\"url\":\"https:\/\/portaltela.pt\/s.01k8rhncp4jt1\/2026\/03\/2077617.jpg\",\"contentUrl\":\"https:\/\/portaltela.pt\/s.01k8rhncp4jt1\/2026\/03\/2077617.jpg\",\"width\":796,\"height\":448,\"caption\":\"Sara Bich\u00e3o \u00e9 uma das artistas portugueses que estar\u00e1 presente na bienal\"},{\"@type\":\"BreadcrumbList\",\"@id\":\"https:\/\/portaltela.pt\/noticias\/2026\/03\/28\/cabrita-reis-sara-bichao-e-pele-colectivo-na-manifesta-16-alemanha\/#breadcrumb\",\"itemListElement\":[{\"@type\":\"ListItem\",\"position\":1,\"name\":\"In\u00edcio\",\"item\":\"https:\/\/portaltela.pt\/\"},{\"@type\":\"ListItem\",\"position\":2,\"name\":\"Cabrita Reis, Sara Bich\u00e3o e Pele Colectivo na Manifesta 16, Alemanha\"}]},{\"@type\":\"WebSite\",\"@id\":\"https:\/\/portaltela.pt\/#website\",\"url\":\"https:\/\/portaltela.pt\/\",\"name\":\"Portal Tela Portugal\",\"description\":\"\",\"potentialAction\":[{\"@type\":\"SearchAction\",\"target\":{\"@type\":\"EntryPoint\",\"urlTemplate\":\"https:\/\/portaltela.pt\/?s={search_term_string}\"},\"query-input\":{\"@type\":\"PropertyValueSpecification\",\"valueRequired\":true,\"valueName\":\"search_term_string\"}}],\"inLanguage\":\"pt-PT\"},{\"@type\":\"Person\",\"@id\":\"https:\/\/portaltela.pt\/#\/schema\/person\/c4278d4a6028830caff9ee44b42d32ed\",\"name\":\"Telinha\",\"image\":{\"@type\":\"ImageObject\",\"inLanguage\":\"pt-PT\",\"@id\":\"https:\/\/portaltela.pt\/s.01k8rhncp4jt1\/2025\/11\/talking-bot-125x125.png\",\"url\":\"https:\/\/portaltela.pt\/s.01k8rhncp4jt1\/2025\/11\/talking-bot-125x125.png\",\"contentUrl\":\"https:\/\/portaltela.pt\/s.01k8rhncp4jt1\/2025\/11\/talking-bot-125x125.png\",\"caption\":\"Telinha\"},\"sameAs\":[\"https:\/\/portaltela.pt\/\"],\"url\":\"https:\/\/portaltela.pt\/por\/367410592786\/\"}]}<\/script>\n<!-- \/ Yoast SEO plugin. -->","yoast_head_json":{"title":"Cabrita Reis, Sara Bich\u00e3o e Pele Colectivo na Manifesta 16, Alemanha - Portal Tela Portugal","robots":{"index":"index","follow":"follow","max-snippet":"max-snippet:-1","max-image-preview":"max-image-preview:large","max-video-preview":"max-video-preview:-1"},"og_locale":"pt_PT","og_type":"article","og_title":"Cabrita Reis, Sara Bich\u00e3o e Pele Colectivo na Manifesta 16, Alemanha - Portal Tela Portugal","og_description":"A Manifesta 16 Rhur, bienal n\u00f3mada de arte contempor\u00e2nea, realiza-se na Alemanha entre 21 de junho e 4 de outubro, com mais de 100 participantes de 30 pa\u00edses. Pedro Cabrita Reis, Sara Bich\u00e3o e a Pele Colectivo v\u00e3o apresentar novas obras comissionadas pela Manifesta, instaladas em igrejas escolhidas pela curadoria. Cabrita Reis exp\u00f5e em Bochum, na Igreja do Cristo Rei; Sara Bich\u00e3o trabalha em Essen, na Igreja de S. Marcos; a Pele Colectivo atua em Gelsenkirchen, na Igreja de S. Jos\u00e9. Mabe Beth\u00f4nico, artista brasileira, ficar\u00e1 respons\u00e1vel por um projeto na Igreja de Gethsemane, em Bochum; o conjunto da lista inclui 106 participantes de v\u00e1rias na\u00e7\u00f5es. Pela primeira vez, a Manifesta n\u00e3o est\u00e1 fixada numa cidade \u00fanica, abrangendo a regi\u00e3o metropolitana do Ruhr, com foco na transforma\u00e7\u00e3o de antigas igrejas em espa\u00e7os de di\u00e1logo social e cultural.","og_url":"https:\/\/portaltela.pt\/noticias\/2026\/03\/28\/cabrita-reis-sara-bichao-e-pele-colectivo-na-manifesta-16-alemanha\/","og_site_name":"Portal Tela Portugal","article_published_time":"2026-03-28T11:29:00+00:00","author":"Telinha","twitter_card":"summary_large_image","twitter_misc":{"Escrito por":"Telinha","Tempo estimado de leitura":"1 minuto"},"schema":{"@context":"https:\/\/schema.org","@graph":[{"@type":"Article","@id":"https:\/\/portaltela.pt\/noticias\/2026\/03\/28\/cabrita-reis-sara-bichao-e-pele-colectivo-na-manifesta-16-alemanha\/#article","isPartOf":{"@id":"https:\/\/portaltela.pt\/noticias\/2026\/03\/28\/cabrita-reis-sara-bichao-e-pele-colectivo-na-manifesta-16-alemanha\/"},"author":{"name":"Telinha","@id":"https:\/\/portaltela.pt\/#\/schema\/person\/c4278d4a6028830caff9ee44b42d32ed"},"headline":"Cabrita Reis, Sara Bich\u00e3o e Pele Colectivo na Manifesta 16, Alemanha","datePublished":"2026-03-28T11:29:00+00:00","mainEntityOfPage":{"@id":"https:\/\/portaltela.pt\/noticias\/2026\/03\/28\/cabrita-reis-sara-bichao-e-pele-colectivo-na-manifesta-16-alemanha\/"},"wordCount":220,"image":{"@id":"https:\/\/portaltela.pt\/noticias\/2026\/03\/28\/cabrita-reis-sara-bichao-e-pele-colectivo-na-manifesta-16-alemanha\/#primaryimage"},"thumbnailUrl":"https:\/\/portaltela.pt\/s.01k8rhncp4jt1\/2026\/03\/2077617.jpg","keywords":["Alemanha","arte","cultura","eventos internacionais","igreja","Portugal"],"articleSection":["Cultura","Lazer"],"inLanguage":"pt-PT"},{"@type":"WebPage","@id":"https:\/\/portaltela.pt\/noticias\/2026\/03\/28\/cabrita-reis-sara-bichao-e-pele-colectivo-na-manifesta-16-alemanha\/","url":"https:\/\/portaltela.pt\/noticias\/2026\/03\/28\/cabrita-reis-sara-bichao-e-pele-colectivo-na-manifesta-16-alemanha\/","name":"Cabrita Reis, Sara Bich\u00e3o e Pele Colectivo na Manifesta 16, Alemanha - Portal Tela Portugal","isPartOf":{"@id":"https:\/\/portaltela.pt\/#website"},"primaryImageOfPage":{"@id":"https:\/\/portaltela.pt\/noticias\/2026\/03\/28\/cabrita-reis-sara-bichao-e-pele-colectivo-na-manifesta-16-alemanha\/#primaryimage"},"image":{"@id":"https:\/\/portaltela.pt\/noticias\/2026\/03\/28\/cabrita-reis-sara-bichao-e-pele-colectivo-na-manifesta-16-alemanha\/#primaryimage"},"thumbnailUrl":"https:\/\/portaltela.pt\/s.01k8rhncp4jt1\/2026\/03\/2077617.jpg","datePublished":"2026-03-28T11:29:00+00:00","author":{"@id":"https:\/\/portaltela.pt\/#\/schema\/person\/c4278d4a6028830caff9ee44b42d32ed"},"breadcrumb":{"@id":"https:\/\/portaltela.pt\/noticias\/2026\/03\/28\/cabrita-reis-sara-bichao-e-pele-colectivo-na-manifesta-16-alemanha\/#breadcrumb"},"inLanguage":"pt-PT","potentialAction":[{"@type":"ReadAction","target":["https:\/\/portaltela.pt\/noticias\/2026\/03\/28\/cabrita-reis-sara-bichao-e-pele-colectivo-na-manifesta-16-alemanha\/"]}]},{"@type":"ImageObject","inLanguage":"pt-PT","@id":"https:\/\/portaltela.pt\/noticias\/2026\/03\/28\/cabrita-reis-sara-bichao-e-pele-colectivo-na-manifesta-16-alemanha\/#primaryimage","url":"https:\/\/portaltela.pt\/s.01k8rhncp4jt1\/2026\/03\/2077617.jpg","contentUrl":"https:\/\/portaltela.pt\/s.01k8rhncp4jt1\/2026\/03\/2077617.jpg","width":796,"height":448,"caption":"Sara Bich\u00e3o \u00e9 uma das artistas portugueses que estar\u00e1 presente na bienal"},{"@type":"BreadcrumbList","@id":"https:\/\/portaltela.pt\/noticias\/2026\/03\/28\/cabrita-reis-sara-bichao-e-pele-colectivo-na-manifesta-16-alemanha\/#breadcrumb","itemListElement":[{"@type":"ListItem","position":1,"name":"In\u00edcio","item":"https:\/\/portaltela.pt\/"},{"@type":"ListItem","position":2,"name":"Cabrita Reis, Sara Bich\u00e3o e Pele Colectivo na Manifesta 16, Alemanha"}]},{"@type":"WebSite","@id":"https:\/\/portaltela.pt\/#website","url":"https:\/\/portaltela.pt\/","name":"Portal Tela Portugal","description":"","potentialAction":[{"@type":"SearchAction","target":{"@type":"EntryPoint","urlTemplate":"https:\/\/portaltela.pt\/?s={search_term_string}"},"query-input":{"@type":"PropertyValueSpecification","valueRequired":true,"valueName":"search_term_string"}}],"inLanguage":"pt-PT"},{"@type":"Person","@id":"https:\/\/portaltela.pt\/#\/schema\/person\/c4278d4a6028830caff9ee44b42d32ed","name":"Telinha","image":{"@type":"ImageObject","inLanguage":"pt-PT","@id":"https:\/\/portaltela.pt\/s.01k8rhncp4jt1\/2025\/11\/talking-bot-125x125.png","url":"https:\/\/portaltela.pt\/s.01k8rhncp4jt1\/2025\/11\/talking-bot-125x125.png","contentUrl":"https:\/\/portaltela.pt\/s.01k8rhncp4jt1\/2025\/11\/talking-bot-125x125.png","caption":"Telinha"},"sameAs":["https:\/\/portaltela.pt\/"],"url":"https:\/\/portaltela.pt\/por\/367410592786\/"}]}},"_links":{"self":[{"href":"https:\/\/portaltela.pt\/api\/wp\/v2\/posts\/424841","targetHints":{"allow":["GET"]}}],"collection":[{"href":"https:\/\/portaltela.pt\/api\/wp\/v2\/posts"}],"about":[{"href":"https:\/\/portaltela.pt\/api\/wp\/v2\/types\/post"}],"author":[{"embeddable":true,"href":"https:\/\/portaltela.pt\/api\/wp\/v2\/users\/2"}],"replies":[{"embeddable":true,"href":"https:\/\/portaltela.pt\/api\/wp\/v2\/comments?post=424841"}],"version-history":[{"count":0,"href":"https:\/\/portaltela.pt\/api\/wp\/v2\/posts\/424841\/revisions"}],"wp:featuredmedia":[{"embeddable":true,"href":"https:\/\/portaltela.pt\/api\/wp\/v2\/media\/424849"}],"wp:attachment":[{"href":"https:\/\/portaltela.pt\/api\/wp\/v2\/media?parent=424841"}],"wp:term":[{"taxonomy":"category","embeddable":true,"href":"https:\/\/portaltela.pt\/api\/wp\/v2\/categories?post=424841"},{"taxonomy":"post_tag","embeddable":true,"href":"https:\/\/portaltela.pt\/api\/wp\/v2\/tags?post=424841"}],"curies":[{"name":"wp","href":"https:\/\/api.w.org\/{rel}","templated":true}]}}