{"id":424831,"date":"2026-03-28T06:46:00","date_gmt":"2026-03-28T09:46:00","guid":{"rendered":"https:\/\/portaltela.pt\/noticias\/2026\/03\/28\/grecia-resgata-26-sobreviventes-de-bote-em-que-morreram-22-migrantes\/"},"modified":"2026-03-28T06:46:00","modified_gmt":"2026-03-28T09:46:00","slug":"grecia-resgata-26-sobreviventes-de-bote-em-que-morreram-22-migrantes","status":"publish","type":"post","link":"https:\/\/portaltela.pt\/noticias\/politica\/2026\/03\/28\/grecia-resgata-26-sobreviventes-de-bote-em-que-morreram-22-migrantes\/","title":{"rendered":"Gr\u00e9cia resgata 26 sobreviventes de bote em que morreram 22 migrantes"},"content":{"rendered":"<p>Um bote pneum\u00e1tico com migrantes foi resgatado pela guarda costeira grega ap\u00f3s seis dias \u00e0 deriva no mar Mediterr\u00e2neo. Ao todo, 26 sobreviventes foram salvos e 22 migrantes morreram, indicaram testemunhas aos guardas costeiros.<\/p>\n<p>Os mortos s\u00e3o descritos como oriundos da L\u00edbia. A opera\u00e7\u00e3o envolveu autoridades gregas que estiveram no local para prestar assist\u00eancia aos n\u00e1ufragos e iniciar procedimentos de salvamento.<\/p>\n<p>O resgate aconteceu no espa\u00e7o mar\u00edtimo sob jurisdi\u00e7\u00e3o da Gr\u00e9cia, com os sobreviventes recebendo apoio m\u00e9dico e coordena\u00e7\u00e3o de regresso. A investiga\u00e7\u00e3o pretende apurar as circunst\u00e2ncias que levaram \u00e0 deriva prolongada.<\/p>\n<p>N\u00e3o h\u00e1 informa\u00e7\u00f5es adicionais dispon\u00edveis neste momento sobre a identidade das v\u00edtimas ou sobre as causas da trag\u00e9dia. As autoridades n\u00e3o comentaram detalhes operacionais.<\/p>\n","protected":false},"excerpt":{"rendered":"<ul>\n<li>Gr\u00e9cia resgatou 26 sobreviventes de um bote pneum\u00e1tico que permaneceu \u00e0 deriva no mar Mediterr\u00e2neo durante seis dias.<\/li>\n<li>Ao todo, morreram 22 migrantes provenientes da L\u00edbia, cujos corpos foram atirados ao mar, segundo relatos de sobreviventes aos guardas costeiros gregos.<\/li>\n<li>A informa\u00e7\u00e3o foi comunicada pelas autoridades gregas com base nos testemunhos recolhidos durante a opera\u00e7\u00e3o de resgate.<\/li>\n<li>O incidente ocorreu no espa\u00e7o mar\u00edtimo pr\u00f3ximo da Gr\u00e9cia, acrescentando nova trag\u00e9dia relacionada com a crise migrat\u00f3ria no Mediterr\u00e2neo.<\/li>\n<li>O conte\u00fado completo da not\u00edcia est\u00e1 dispon\u00edvel apenas para subscritores.<\/li>\n<\/ul>\n","protected":false},"author":2,"featured_media":424835,"comment_status":"closed","ping_status":"closed","sticky":false,"template":"","format":"standard","meta":{"footnotes":""},"categories":[6912,5],"tags":[3137,3768,1456,1678,6429,1007],"class_list":["post-424831","post","type-post","status-publish","format-standard","has-post-thumbnail","hentry","category-internacionais","category-politica","tag-grecia","tag-libia","tag-migracao","tag-migrantes","tag-mortes","tag-resgate-maritimo"],"yoast_head":"<!-- This site is optimized with the Yoast SEO plugin v27.2 - https:\/\/yoast.com\/product\/yoast-seo-wordpress\/ -->\n<title>Gr\u00e9cia resgata 26 sobreviventes de bote em que morreram 22 migrantes - Portal Tela Portugal<\/title>\n<meta name=\"robots\" content=\"index, follow, max-snippet:-1, max-image-preview:large, max-video-preview:-1\" \/>\n<meta property=\"og:locale\" content=\"pt_PT\" \/>\n<meta property=\"og:type\" content=\"article\" \/>\n<meta property=\"og:title\" content=\"Gr\u00e9cia resgata 26 sobreviventes de bote em que morreram 22 migrantes - Portal Tela Portugal\" \/>\n<meta property=\"og:description\" content=\"Gr\u00e9cia resgatou 26 sobreviventes de um bote pneum\u00e1tico que permaneceu \u00e0 deriva no mar Mediterr\u00e2neo durante seis dias. Ao todo, morreram 22 migrantes provenientes da L\u00edbia, cujos corpos foram atirados ao mar, segundo relatos de sobreviventes aos guardas costeiros gregos. A informa\u00e7\u00e3o foi comunicada pelas autoridades gregas com base nos testemunhos recolhidos durante a opera\u00e7\u00e3o de resgate. O incidente ocorreu no espa\u00e7o mar\u00edtimo pr\u00f3ximo da Gr\u00e9cia, acrescentando nova trag\u00e9dia relacionada com a crise migrat\u00f3ria no Mediterr\u00e2neo. O conte\u00fado completo da not\u00edcia est\u00e1 dispon\u00edvel apenas para subscritores.\" \/>\n<meta property=\"og:url\" content=\"https:\/\/portaltela.pt\/noticias\/2026\/03\/28\/grecia-resgata-26-sobreviventes-de-bote-em-que-morreram-22-migrantes\/\" \/>\n<meta property=\"og:site_name\" content=\"Portal Tela Portugal\" \/>\n<meta property=\"article:published_time\" content=\"2026-03-28T09:46:00+00:00\" \/>\n<meta name=\"author\" content=\"Telinha\" \/>\n<meta name=\"twitter:card\" content=\"summary_large_image\" \/>\n<meta name=\"twitter:label1\" content=\"Escrito por\" \/>\n\t<meta name=\"twitter:data1\" content=\"Telinha\" \/>\n\t<meta name=\"twitter:label2\" content=\"Tempo estimado de leitura\" \/>\n\t<meta name=\"twitter:data2\" content=\"1 minuto\" \/>\n<script type=\"application\/ld+json\" class=\"yoast-schema-graph\">{\"@context\":\"https:\/\/schema.org\",\"@graph\":[{\"@type\":\"Article\",\"@id\":\"https:\/\/portaltela.pt\/noticias\/2026\/03\/28\/grecia-resgata-26-sobreviventes-de-bote-em-que-morreram-22-migrantes\/#article\",\"isPartOf\":{\"@id\":\"https:\/\/portaltela.pt\/noticias\/2026\/03\/28\/grecia-resgata-26-sobreviventes-de-bote-em-que-morreram-22-migrantes\/\"},\"author\":{\"name\":\"Telinha\",\"@id\":\"https:\/\/portaltela.pt\/#\/schema\/person\/c4278d4a6028830caff9ee44b42d32ed\"},\"headline\":\"Gr\u00e9cia resgata 26 sobreviventes de bote em que morreram 22 migrantes\",\"datePublished\":\"2026-03-28T09:46:00+00:00\",\"mainEntityOfPage\":{\"@id\":\"https:\/\/portaltela.pt\/noticias\/2026\/03\/28\/grecia-resgata-26-sobreviventes-de-bote-em-que-morreram-22-migrantes\/\"},\"wordCount\":144,\"image\":{\"@id\":\"https:\/\/portaltela.pt\/noticias\/2026\/03\/28\/grecia-resgata-26-sobreviventes-de-bote-em-que-morreram-22-migrantes\/#primaryimage\"},\"thumbnailUrl\":\"https:\/\/portaltela.pt\/s.01k8rhncp4jt1\/2026\/03\/CACHE_780X1200_ANALOG_WATERMARKED_45300493_367791322118477.jpg\",\"keywords\":[\"Gr\u00e9cia\",\"L\u00edbia\",\"migra\u00e7\u00e3o\",\"migrantes\",\"mortes\",\"Resgate Mar\u00edtimo\"],\"articleSection\":[\"Internacionais\",\"Pol\u00edtica\"],\"inLanguage\":\"pt-PT\"},{\"@type\":\"WebPage\",\"@id\":\"https:\/\/portaltela.pt\/noticias\/2026\/03\/28\/grecia-resgata-26-sobreviventes-de-bote-em-que-morreram-22-migrantes\/\",\"url\":\"https:\/\/portaltela.pt\/noticias\/2026\/03\/28\/grecia-resgata-26-sobreviventes-de-bote-em-que-morreram-22-migrantes\/\",\"name\":\"Gr\u00e9cia resgata 26 sobreviventes de bote em que morreram 22 migrantes - Portal Tela Portugal\",\"isPartOf\":{\"@id\":\"https:\/\/portaltela.pt\/#website\"},\"primaryImageOfPage\":{\"@id\":\"https:\/\/portaltela.pt\/noticias\/2026\/03\/28\/grecia-resgata-26-sobreviventes-de-bote-em-que-morreram-22-migrantes\/#primaryimage\"},\"image\":{\"@id\":\"https:\/\/portaltela.pt\/noticias\/2026\/03\/28\/grecia-resgata-26-sobreviventes-de-bote-em-que-morreram-22-migrantes\/#primaryimage\"},\"thumbnailUrl\":\"https:\/\/portaltela.pt\/s.01k8rhncp4jt1\/2026\/03\/CACHE_780X1200_ANALOG_WATERMARKED_45300493_367791322118477.jpg\",\"datePublished\":\"2026-03-28T09:46:00+00:00\",\"author\":{\"@id\":\"https:\/\/portaltela.pt\/#\/schema\/person\/c4278d4a6028830caff9ee44b42d32ed\"},\"breadcrumb\":{\"@id\":\"https:\/\/portaltela.pt\/noticias\/2026\/03\/28\/grecia-resgata-26-sobreviventes-de-bote-em-que-morreram-22-migrantes\/#breadcrumb\"},\"inLanguage\":\"pt-PT\",\"potentialAction\":[{\"@type\":\"ReadAction\",\"target\":[\"https:\/\/portaltela.pt\/noticias\/2026\/03\/28\/grecia-resgata-26-sobreviventes-de-bote-em-que-morreram-22-migrantes\/\"]}]},{\"@type\":\"ImageObject\",\"inLanguage\":\"pt-PT\",\"@id\":\"https:\/\/portaltela.pt\/noticias\/2026\/03\/28\/grecia-resgata-26-sobreviventes-de-bote-em-que-morreram-22-migrantes\/#primaryimage\",\"url\":\"https:\/\/portaltela.pt\/s.01k8rhncp4jt1\/2026\/03\/CACHE_780X1200_ANALOG_WATERMARKED_45300493_367791322118477.jpg\",\"contentUrl\":\"https:\/\/portaltela.pt\/s.01k8rhncp4jt1\/2026\/03\/CACHE_780X1200_ANALOG_WATERMARKED_45300493_367791322118477.jpg\",\"width\":796,\"height\":448,\"caption\":\"Gr\u00e9cia resgata 26 sobreviventes de bote em que morreram 22 migrantes\"},{\"@type\":\"BreadcrumbList\",\"@id\":\"https:\/\/portaltela.pt\/noticias\/2026\/03\/28\/grecia-resgata-26-sobreviventes-de-bote-em-que-morreram-22-migrantes\/#breadcrumb\",\"itemListElement\":[{\"@type\":\"ListItem\",\"position\":1,\"name\":\"In\u00edcio\",\"item\":\"https:\/\/portaltela.pt\/\"},{\"@type\":\"ListItem\",\"position\":2,\"name\":\"Gr\u00e9cia resgata 26 sobreviventes de bote em que morreram 22 migrantes\"}]},{\"@type\":\"WebSite\",\"@id\":\"https:\/\/portaltela.pt\/#website\",\"url\":\"https:\/\/portaltela.pt\/\",\"name\":\"Portal Tela Portugal\",\"description\":\"\",\"potentialAction\":[{\"@type\":\"SearchAction\",\"target\":{\"@type\":\"EntryPoint\",\"urlTemplate\":\"https:\/\/portaltela.pt\/?s={search_term_string}\"},\"query-input\":{\"@type\":\"PropertyValueSpecification\",\"valueRequired\":true,\"valueName\":\"search_term_string\"}}],\"inLanguage\":\"pt-PT\"},{\"@type\":\"Person\",\"@id\":\"https:\/\/portaltela.pt\/#\/schema\/person\/c4278d4a6028830caff9ee44b42d32ed\",\"name\":\"Telinha\",\"image\":{\"@type\":\"ImageObject\",\"inLanguage\":\"pt-PT\",\"@id\":\"https:\/\/portaltela.pt\/s.01k8rhncp4jt1\/2025\/11\/talking-bot-125x125.png\",\"url\":\"https:\/\/portaltela.pt\/s.01k8rhncp4jt1\/2025\/11\/talking-bot-125x125.png\",\"contentUrl\":\"https:\/\/portaltela.pt\/s.01k8rhncp4jt1\/2025\/11\/talking-bot-125x125.png\",\"caption\":\"Telinha\"},\"sameAs\":[\"https:\/\/portaltela.pt\/\"],\"url\":\"https:\/\/portaltela.pt\/por\/367410592786\/\"}]}<\/script>\n<!-- \/ Yoast SEO plugin. -->","yoast_head_json":{"title":"Gr\u00e9cia resgata 26 sobreviventes de bote em que morreram 22 migrantes - Portal Tela Portugal","robots":{"index":"index","follow":"follow","max-snippet":"max-snippet:-1","max-image-preview":"max-image-preview:large","max-video-preview":"max-video-preview:-1"},"og_locale":"pt_PT","og_type":"article","og_title":"Gr\u00e9cia resgata 26 sobreviventes de bote em que morreram 22 migrantes - Portal Tela Portugal","og_description":"Gr\u00e9cia resgatou 26 sobreviventes de um bote pneum\u00e1tico que permaneceu \u00e0 deriva no mar Mediterr\u00e2neo durante seis dias. Ao todo, morreram 22 migrantes provenientes da L\u00edbia, cujos corpos foram atirados ao mar, segundo relatos de sobreviventes aos guardas costeiros gregos. A informa\u00e7\u00e3o foi comunicada pelas autoridades gregas com base nos testemunhos recolhidos durante a opera\u00e7\u00e3o de resgate. O incidente ocorreu no espa\u00e7o mar\u00edtimo pr\u00f3ximo da Gr\u00e9cia, acrescentando nova trag\u00e9dia relacionada com a crise migrat\u00f3ria no Mediterr\u00e2neo. O conte\u00fado completo da not\u00edcia est\u00e1 dispon\u00edvel apenas para subscritores.","og_url":"https:\/\/portaltela.pt\/noticias\/2026\/03\/28\/grecia-resgata-26-sobreviventes-de-bote-em-que-morreram-22-migrantes\/","og_site_name":"Portal Tela Portugal","article_published_time":"2026-03-28T09:46:00+00:00","author":"Telinha","twitter_card":"summary_large_image","twitter_misc":{"Escrito por":"Telinha","Tempo estimado de leitura":"1 minuto"},"schema":{"@context":"https:\/\/schema.org","@graph":[{"@type":"Article","@id":"https:\/\/portaltela.pt\/noticias\/2026\/03\/28\/grecia-resgata-26-sobreviventes-de-bote-em-que-morreram-22-migrantes\/#article","isPartOf":{"@id":"https:\/\/portaltela.pt\/noticias\/2026\/03\/28\/grecia-resgata-26-sobreviventes-de-bote-em-que-morreram-22-migrantes\/"},"author":{"name":"Telinha","@id":"https:\/\/portaltela.pt\/#\/schema\/person\/c4278d4a6028830caff9ee44b42d32ed"},"headline":"Gr\u00e9cia resgata 26 sobreviventes de bote em que morreram 22 migrantes","datePublished":"2026-03-28T09:46:00+00:00","mainEntityOfPage":{"@id":"https:\/\/portaltela.pt\/noticias\/2026\/03\/28\/grecia-resgata-26-sobreviventes-de-bote-em-que-morreram-22-migrantes\/"},"wordCount":144,"image":{"@id":"https:\/\/portaltela.pt\/noticias\/2026\/03\/28\/grecia-resgata-26-sobreviventes-de-bote-em-que-morreram-22-migrantes\/#primaryimage"},"thumbnailUrl":"https:\/\/portaltela.pt\/s.01k8rhncp4jt1\/2026\/03\/CACHE_780X1200_ANALOG_WATERMARKED_45300493_367791322118477.jpg","keywords":["Gr\u00e9cia","L\u00edbia","migra\u00e7\u00e3o","migrantes","mortes","Resgate Mar\u00edtimo"],"articleSection":["Internacionais","Pol\u00edtica"],"inLanguage":"pt-PT"},{"@type":"WebPage","@id":"https:\/\/portaltela.pt\/noticias\/2026\/03\/28\/grecia-resgata-26-sobreviventes-de-bote-em-que-morreram-22-migrantes\/","url":"https:\/\/portaltela.pt\/noticias\/2026\/03\/28\/grecia-resgata-26-sobreviventes-de-bote-em-que-morreram-22-migrantes\/","name":"Gr\u00e9cia resgata 26 sobreviventes de bote em que morreram 22 migrantes - Portal Tela Portugal","isPartOf":{"@id":"https:\/\/portaltela.pt\/#website"},"primaryImageOfPage":{"@id":"https:\/\/portaltela.pt\/noticias\/2026\/03\/28\/grecia-resgata-26-sobreviventes-de-bote-em-que-morreram-22-migrantes\/#primaryimage"},"image":{"@id":"https:\/\/portaltela.pt\/noticias\/2026\/03\/28\/grecia-resgata-26-sobreviventes-de-bote-em-que-morreram-22-migrantes\/#primaryimage"},"thumbnailUrl":"https:\/\/portaltela.pt\/s.01k8rhncp4jt1\/2026\/03\/CACHE_780X1200_ANALOG_WATERMARKED_45300493_367791322118477.jpg","datePublished":"2026-03-28T09:46:00+00:00","author":{"@id":"https:\/\/portaltela.pt\/#\/schema\/person\/c4278d4a6028830caff9ee44b42d32ed"},"breadcrumb":{"@id":"https:\/\/portaltela.pt\/noticias\/2026\/03\/28\/grecia-resgata-26-sobreviventes-de-bote-em-que-morreram-22-migrantes\/#breadcrumb"},"inLanguage":"pt-PT","potentialAction":[{"@type":"ReadAction","target":["https:\/\/portaltela.pt\/noticias\/2026\/03\/28\/grecia-resgata-26-sobreviventes-de-bote-em-que-morreram-22-migrantes\/"]}]},{"@type":"ImageObject","inLanguage":"pt-PT","@id":"https:\/\/portaltela.pt\/noticias\/2026\/03\/28\/grecia-resgata-26-sobreviventes-de-bote-em-que-morreram-22-migrantes\/#primaryimage","url":"https:\/\/portaltela.pt\/s.01k8rhncp4jt1\/2026\/03\/CACHE_780X1200_ANALOG_WATERMARKED_45300493_367791322118477.jpg","contentUrl":"https:\/\/portaltela.pt\/s.01k8rhncp4jt1\/2026\/03\/CACHE_780X1200_ANALOG_WATERMARKED_45300493_367791322118477.jpg","width":796,"height":448,"caption":"Gr\u00e9cia resgata 26 sobreviventes de bote em que morreram 22 migrantes"},{"@type":"BreadcrumbList","@id":"https:\/\/portaltela.pt\/noticias\/2026\/03\/28\/grecia-resgata-26-sobreviventes-de-bote-em-que-morreram-22-migrantes\/#breadcrumb","itemListElement":[{"@type":"ListItem","position":1,"name":"In\u00edcio","item":"https:\/\/portaltela.pt\/"},{"@type":"ListItem","position":2,"name":"Gr\u00e9cia resgata 26 sobreviventes de bote em que morreram 22 migrantes"}]},{"@type":"WebSite","@id":"https:\/\/portaltela.pt\/#website","url":"https:\/\/portaltela.pt\/","name":"Portal Tela Portugal","description":"","potentialAction":[{"@type":"SearchAction","target":{"@type":"EntryPoint","urlTemplate":"https:\/\/portaltela.pt\/?s={search_term_string}"},"query-input":{"@type":"PropertyValueSpecification","valueRequired":true,"valueName":"search_term_string"}}],"inLanguage":"pt-PT"},{"@type":"Person","@id":"https:\/\/portaltela.pt\/#\/schema\/person\/c4278d4a6028830caff9ee44b42d32ed","name":"Telinha","image":{"@type":"ImageObject","inLanguage":"pt-PT","@id":"https:\/\/portaltela.pt\/s.01k8rhncp4jt1\/2025\/11\/talking-bot-125x125.png","url":"https:\/\/portaltela.pt\/s.01k8rhncp4jt1\/2025\/11\/talking-bot-125x125.png","contentUrl":"https:\/\/portaltela.pt\/s.01k8rhncp4jt1\/2025\/11\/talking-bot-125x125.png","caption":"Telinha"},"sameAs":["https:\/\/portaltela.pt\/"],"url":"https:\/\/portaltela.pt\/por\/367410592786\/"}]}},"_links":{"self":[{"href":"https:\/\/portaltela.pt\/api\/wp\/v2\/posts\/424831","targetHints":{"allow":["GET"]}}],"collection":[{"href":"https:\/\/portaltela.pt\/api\/wp\/v2\/posts"}],"about":[{"href":"https:\/\/portaltela.pt\/api\/wp\/v2\/types\/post"}],"author":[{"embeddable":true,"href":"https:\/\/portaltela.pt\/api\/wp\/v2\/users\/2"}],"replies":[{"embeddable":true,"href":"https:\/\/portaltela.pt\/api\/wp\/v2\/comments?post=424831"}],"version-history":[{"count":0,"href":"https:\/\/portaltela.pt\/api\/wp\/v2\/posts\/424831\/revisions"}],"wp:featuredmedia":[{"embeddable":true,"href":"https:\/\/portaltela.pt\/api\/wp\/v2\/media\/424835"}],"wp:attachment":[{"href":"https:\/\/portaltela.pt\/api\/wp\/v2\/media?parent=424831"}],"wp:term":[{"taxonomy":"category","embeddable":true,"href":"https:\/\/portaltela.pt\/api\/wp\/v2\/categories?post=424831"},{"taxonomy":"post_tag","embeddable":true,"href":"https:\/\/portaltela.pt\/api\/wp\/v2\/tags?post=424831"}],"curies":[{"name":"wp","href":"https:\/\/api.w.org\/{rel}","templated":true}]}}