{"id":424822,"date":"2026-03-28T08:15:00","date_gmt":"2026-03-28T11:15:00","guid":{"rendered":"https:\/\/portaltela.pt\/noticias\/2026\/03\/28\/mau-tempo-reduz-reservas-nas-areas-afetadas-durante-a-pascoa\/"},"modified":"2026-03-28T08:15:00","modified_gmt":"2026-03-28T11:15:00","slug":"mau-tempo-reduz-reservas-nas-areas-afetadas-durante-a-pascoa","status":"publish","type":"post","link":"https:\/\/portaltela.pt\/tempo\/2026\/03\/28\/mau-tempo-reduz-reservas-nas-areas-afetadas-durante-a-pascoa\/","title":{"rendered":"Mau tempo reduz reservas nas \u00e1reas afetadas durante a P\u00e1scoa"},"content":{"rendered":"<p>O mau tempo causou danos significativos a v\u00e1rias unidades de alojamento e estabelecimentos de restaura\u00e7\u00e3o, definindo uma perspetiva menos favor\u00e1vel para a P\u00e1scoa. A procura tur\u00edstica sofreu queda em v\u00e1rias \u00e1reas, com impactos j\u00e1 observados e perspetivados para os pr\u00f3ximos dias.<\/p>\n<p>Entre os afetados est\u00e3o hot\u00e9is, restaurantes, bares e caf\u00e9s, que registaram danos consider\u00e1veis nas suas instala\u00e7\u00f5es. Especialistas apontam que a restaura\u00e7\u00e3o de danos ainda vai exigir tempo e esfor\u00e7o por parte dos operadores locais.<\/p>\n<p>Regi\u00f5es destacadas pelaquilo que j\u00e1 se verificou incluem a regi\u00e3o Centro, Leiria e Alc\u00e1cer do Sal. A procura tem vindo a diminuir e as reservas para a P\u00e1scoa est\u00e3o mais escassas do que noutros per\u00edodos. A recupera\u00e7\u00e3o \u00e9 esperada at\u00e9 ao ver\u00e3o.<\/p>\n<h3>Impacto regional<\/h3>\n<p>A queda de procura j\u00e1 se traduz em previs\u00f5es de uma P\u00e1scoa menos concorrida para o setor tur\u00edstico. Mesmo com esfor\u00e7os de recupera\u00e7\u00e3o, os munic\u00edpios afetados devem enfrentar um m\u00eas de abril com menor afluxo de visitantes e de reservas, segundo analistas.<\/p>\n","protected":false},"excerpt":{"rendered":"<ul>\n<li>As \u00e1reas afetadas pelo mau tempo devem ter uma P\u00e1scoa com menor procura tur\u00edstica.<\/li>\n<li>A Regi\u00e3o Centro \u00e9 a que regista menos procura, com a hotelaria local a aguardar marca\u00e7\u00f5es de \u00faltima hora.<\/li>\n<li>Especialistas estimam que os munic\u00edpios prejudicados pelas tempestades s\u00f3 dever\u00e3o recuperar at\u00e9 ao ver\u00e3o.<\/li>\n<li>Em Leiria e Alc\u00e1cer do Sal, as reservas j\u00e1 se encontram escassas.<\/li>\n<li>Os impactos remontam ao Carnaval, indicando continuidade de preju\u00edzos para a P\u00e1scoa.<\/li>\n<\/ul>\n","protected":false},"author":2,"featured_media":424829,"comment_status":"closed","ping_status":"closed","sticky":false,"template":"","format":"standard","meta":{"footnotes":""},"categories":[7365],"tags":[6115,1998,1309,1385,4650,169],"class_list":["post-424822","post","type-post","status-publish","format-standard","has-post-thumbnail","hentry","category-tempo","tag-_economia","tag-alcacer-do-sal","tag-centro","tag-leiria","tag-regiao-centro","tag-turismo"],"yoast_head":"<!-- This site is optimized with the Yoast SEO plugin v27.2 - https:\/\/yoast.com\/product\/yoast-seo-wordpress\/ -->\n<title>Mau tempo reduz reservas nas \u00e1reas afetadas durante a P\u00e1scoa - Portal Tela Portugal<\/title>\n<meta name=\"robots\" content=\"index, follow, max-snippet:-1, max-image-preview:large, max-video-preview:-1\" \/>\n<meta property=\"og:locale\" content=\"pt_PT\" \/>\n<meta property=\"og:type\" content=\"article\" \/>\n<meta property=\"og:title\" content=\"Mau tempo reduz reservas nas \u00e1reas afetadas durante a P\u00e1scoa - Portal Tela Portugal\" \/>\n<meta property=\"og:description\" content=\"As \u00e1reas afetadas pelo mau tempo devem ter uma P\u00e1scoa com menor procura tur\u00edstica. A Regi\u00e3o Centro \u00e9 a que regista menos procura, com a hotelaria local a aguardar marca\u00e7\u00f5es de \u00faltima hora. Especialistas estimam que os munic\u00edpios prejudicados pelas tempestades s\u00f3 dever\u00e3o recuperar at\u00e9 ao ver\u00e3o. Em Leiria e Alc\u00e1cer do Sal, as reservas j\u00e1 se encontram escassas. Os impactos remontam ao Carnaval, indicando continuidade de preju\u00edzos para a P\u00e1scoa.\" \/>\n<meta property=\"og:url\" content=\"https:\/\/portaltela.pt\/noticias\/2026\/03\/28\/mau-tempo-reduz-reservas-nas-areas-afetadas-durante-a-pascoa\/\" \/>\n<meta property=\"og:site_name\" content=\"Portal Tela Portugal\" \/>\n<meta property=\"article:published_time\" content=\"2026-03-28T11:15:00+00:00\" \/>\n<meta name=\"author\" content=\"Telinha\" \/>\n<meta name=\"twitter:card\" content=\"summary_large_image\" \/>\n<meta name=\"twitter:label1\" content=\"Escrito por\" \/>\n\t<meta name=\"twitter:data1\" content=\"Telinha\" \/>\n\t<meta name=\"twitter:label2\" content=\"Tempo estimado de leitura\" \/>\n\t<meta name=\"twitter:data2\" content=\"1 minuto\" \/>\n<script type=\"application\/ld+json\" class=\"yoast-schema-graph\">{\"@context\":\"https:\/\/schema.org\",\"@graph\":[{\"@type\":\"Article\",\"@id\":\"https:\/\/portaltela.pt\/noticias\/2026\/03\/28\/mau-tempo-reduz-reservas-nas-areas-afetadas-durante-a-pascoa\/#article\",\"isPartOf\":{\"@id\":\"https:\/\/portaltela.pt\/noticias\/2026\/03\/28\/mau-tempo-reduz-reservas-nas-areas-afetadas-durante-a-pascoa\/\"},\"author\":{\"name\":\"Telinha\",\"@id\":\"https:\/\/portaltela.pt\/#\/schema\/person\/c4278d4a6028830caff9ee44b42d32ed\"},\"headline\":\"Mau tempo reduz reservas nas \u00e1reas afetadas durante a P\u00e1scoa\",\"datePublished\":\"2026-03-28T11:15:00+00:00\",\"mainEntityOfPage\":{\"@id\":\"https:\/\/portaltela.pt\/noticias\/2026\/03\/28\/mau-tempo-reduz-reservas-nas-areas-afetadas-durante-a-pascoa\/\"},\"wordCount\":200,\"image\":{\"@id\":\"https:\/\/portaltela.pt\/noticias\/2026\/03\/28\/mau-tempo-reduz-reservas-nas-areas-afetadas-durante-a-pascoa\/#primaryimage\"},\"thumbnailUrl\":\"https:\/\/portaltela.pt\/s.01k8rhncp4jt1\/2026\/03\/image-1662.jpg\",\"keywords\":[\"_economia\",\"Alc\u00e1cer do Sal\",\"Centro\",\"Leiria\",\"Regi\u00e3o Centro\",\"turismo\"],\"articleSection\":[\"Tempo\"],\"inLanguage\":\"pt-PT\"},{\"@type\":\"WebPage\",\"@id\":\"https:\/\/portaltela.pt\/noticias\/2026\/03\/28\/mau-tempo-reduz-reservas-nas-areas-afetadas-durante-a-pascoa\/\",\"url\":\"https:\/\/portaltela.pt\/noticias\/2026\/03\/28\/mau-tempo-reduz-reservas-nas-areas-afetadas-durante-a-pascoa\/\",\"name\":\"Mau tempo reduz reservas nas \u00e1reas afetadas durante a P\u00e1scoa - Portal Tela Portugal\",\"isPartOf\":{\"@id\":\"https:\/\/portaltela.pt\/#website\"},\"primaryImageOfPage\":{\"@id\":\"https:\/\/portaltela.pt\/noticias\/2026\/03\/28\/mau-tempo-reduz-reservas-nas-areas-afetadas-durante-a-pascoa\/#primaryimage\"},\"image\":{\"@id\":\"https:\/\/portaltela.pt\/noticias\/2026\/03\/28\/mau-tempo-reduz-reservas-nas-areas-afetadas-durante-a-pascoa\/#primaryimage\"},\"thumbnailUrl\":\"https:\/\/portaltela.pt\/s.01k8rhncp4jt1\/2026\/03\/image-1662.jpg\",\"datePublished\":\"2026-03-28T11:15:00+00:00\",\"author\":{\"@id\":\"https:\/\/portaltela.pt\/#\/schema\/person\/c4278d4a6028830caff9ee44b42d32ed\"},\"breadcrumb\":{\"@id\":\"https:\/\/portaltela.pt\/noticias\/2026\/03\/28\/mau-tempo-reduz-reservas-nas-areas-afetadas-durante-a-pascoa\/#breadcrumb\"},\"inLanguage\":\"pt-PT\",\"potentialAction\":[{\"@type\":\"ReadAction\",\"target\":[\"https:\/\/portaltela.pt\/noticias\/2026\/03\/28\/mau-tempo-reduz-reservas-nas-areas-afetadas-durante-a-pascoa\/\"]}]},{\"@type\":\"ImageObject\",\"inLanguage\":\"pt-PT\",\"@id\":\"https:\/\/portaltela.pt\/noticias\/2026\/03\/28\/mau-tempo-reduz-reservas-nas-areas-afetadas-durante-a-pascoa\/#primaryimage\",\"url\":\"https:\/\/portaltela.pt\/s.01k8rhncp4jt1\/2026\/03\/image-1662.jpg\",\"contentUrl\":\"https:\/\/portaltela.pt\/s.01k8rhncp4jt1\/2026\/03\/image-1662.jpg\",\"width\":796,\"height\":448,\"caption\":\"Algumas unidades hoteleiras, restaurantes, bares e caf\u00e9s sofreram danos consider\u00e1veis\"},{\"@type\":\"BreadcrumbList\",\"@id\":\"https:\/\/portaltela.pt\/noticias\/2026\/03\/28\/mau-tempo-reduz-reservas-nas-areas-afetadas-durante-a-pascoa\/#breadcrumb\",\"itemListElement\":[{\"@type\":\"ListItem\",\"position\":1,\"name\":\"In\u00edcio\",\"item\":\"https:\/\/portaltela.pt\/\"},{\"@type\":\"ListItem\",\"position\":2,\"name\":\"Mau tempo reduz reservas nas \u00e1reas afetadas durante a P\u00e1scoa\"}]},{\"@type\":\"WebSite\",\"@id\":\"https:\/\/portaltela.pt\/#website\",\"url\":\"https:\/\/portaltela.pt\/\",\"name\":\"Portal Tela Portugal\",\"description\":\"\",\"potentialAction\":[{\"@type\":\"SearchAction\",\"target\":{\"@type\":\"EntryPoint\",\"urlTemplate\":\"https:\/\/portaltela.pt\/?s={search_term_string}\"},\"query-input\":{\"@type\":\"PropertyValueSpecification\",\"valueRequired\":true,\"valueName\":\"search_term_string\"}}],\"inLanguage\":\"pt-PT\"},{\"@type\":\"Person\",\"@id\":\"https:\/\/portaltela.pt\/#\/schema\/person\/c4278d4a6028830caff9ee44b42d32ed\",\"name\":\"Telinha\",\"image\":{\"@type\":\"ImageObject\",\"inLanguage\":\"pt-PT\",\"@id\":\"https:\/\/portaltela.pt\/s.01k8rhncp4jt1\/2025\/11\/talking-bot-125x125.png\",\"url\":\"https:\/\/portaltela.pt\/s.01k8rhncp4jt1\/2025\/11\/talking-bot-125x125.png\",\"contentUrl\":\"https:\/\/portaltela.pt\/s.01k8rhncp4jt1\/2025\/11\/talking-bot-125x125.png\",\"caption\":\"Telinha\"},\"sameAs\":[\"https:\/\/portaltela.pt\/\"],\"url\":\"https:\/\/portaltela.pt\/por\/367410592786\/\"}]}<\/script>\n<!-- \/ Yoast SEO plugin. -->","yoast_head_json":{"title":"Mau tempo reduz reservas nas \u00e1reas afetadas durante a P\u00e1scoa - Portal Tela Portugal","robots":{"index":"index","follow":"follow","max-snippet":"max-snippet:-1","max-image-preview":"max-image-preview:large","max-video-preview":"max-video-preview:-1"},"og_locale":"pt_PT","og_type":"article","og_title":"Mau tempo reduz reservas nas \u00e1reas afetadas durante a P\u00e1scoa - Portal Tela Portugal","og_description":"As \u00e1reas afetadas pelo mau tempo devem ter uma P\u00e1scoa com menor procura tur\u00edstica. A Regi\u00e3o Centro \u00e9 a que regista menos procura, com a hotelaria local a aguardar marca\u00e7\u00f5es de \u00faltima hora. Especialistas estimam que os munic\u00edpios prejudicados pelas tempestades s\u00f3 dever\u00e3o recuperar at\u00e9 ao ver\u00e3o. Em Leiria e Alc\u00e1cer do Sal, as reservas j\u00e1 se encontram escassas. Os impactos remontam ao Carnaval, indicando continuidade de preju\u00edzos para a P\u00e1scoa.","og_url":"https:\/\/portaltela.pt\/noticias\/2026\/03\/28\/mau-tempo-reduz-reservas-nas-areas-afetadas-durante-a-pascoa\/","og_site_name":"Portal Tela Portugal","article_published_time":"2026-03-28T11:15:00+00:00","author":"Telinha","twitter_card":"summary_large_image","twitter_misc":{"Escrito por":"Telinha","Tempo estimado de leitura":"1 minuto"},"schema":{"@context":"https:\/\/schema.org","@graph":[{"@type":"Article","@id":"https:\/\/portaltela.pt\/noticias\/2026\/03\/28\/mau-tempo-reduz-reservas-nas-areas-afetadas-durante-a-pascoa\/#article","isPartOf":{"@id":"https:\/\/portaltela.pt\/noticias\/2026\/03\/28\/mau-tempo-reduz-reservas-nas-areas-afetadas-durante-a-pascoa\/"},"author":{"name":"Telinha","@id":"https:\/\/portaltela.pt\/#\/schema\/person\/c4278d4a6028830caff9ee44b42d32ed"},"headline":"Mau tempo reduz reservas nas \u00e1reas afetadas durante a P\u00e1scoa","datePublished":"2026-03-28T11:15:00+00:00","mainEntityOfPage":{"@id":"https:\/\/portaltela.pt\/noticias\/2026\/03\/28\/mau-tempo-reduz-reservas-nas-areas-afetadas-durante-a-pascoa\/"},"wordCount":200,"image":{"@id":"https:\/\/portaltela.pt\/noticias\/2026\/03\/28\/mau-tempo-reduz-reservas-nas-areas-afetadas-durante-a-pascoa\/#primaryimage"},"thumbnailUrl":"https:\/\/portaltela.pt\/s.01k8rhncp4jt1\/2026\/03\/image-1662.jpg","keywords":["_economia","Alc\u00e1cer do Sal","Centro","Leiria","Regi\u00e3o Centro","turismo"],"articleSection":["Tempo"],"inLanguage":"pt-PT"},{"@type":"WebPage","@id":"https:\/\/portaltela.pt\/noticias\/2026\/03\/28\/mau-tempo-reduz-reservas-nas-areas-afetadas-durante-a-pascoa\/","url":"https:\/\/portaltela.pt\/noticias\/2026\/03\/28\/mau-tempo-reduz-reservas-nas-areas-afetadas-durante-a-pascoa\/","name":"Mau tempo reduz reservas nas \u00e1reas afetadas durante a P\u00e1scoa - Portal Tela Portugal","isPartOf":{"@id":"https:\/\/portaltela.pt\/#website"},"primaryImageOfPage":{"@id":"https:\/\/portaltela.pt\/noticias\/2026\/03\/28\/mau-tempo-reduz-reservas-nas-areas-afetadas-durante-a-pascoa\/#primaryimage"},"image":{"@id":"https:\/\/portaltela.pt\/noticias\/2026\/03\/28\/mau-tempo-reduz-reservas-nas-areas-afetadas-durante-a-pascoa\/#primaryimage"},"thumbnailUrl":"https:\/\/portaltela.pt\/s.01k8rhncp4jt1\/2026\/03\/image-1662.jpg","datePublished":"2026-03-28T11:15:00+00:00","author":{"@id":"https:\/\/portaltela.pt\/#\/schema\/person\/c4278d4a6028830caff9ee44b42d32ed"},"breadcrumb":{"@id":"https:\/\/portaltela.pt\/noticias\/2026\/03\/28\/mau-tempo-reduz-reservas-nas-areas-afetadas-durante-a-pascoa\/#breadcrumb"},"inLanguage":"pt-PT","potentialAction":[{"@type":"ReadAction","target":["https:\/\/portaltela.pt\/noticias\/2026\/03\/28\/mau-tempo-reduz-reservas-nas-areas-afetadas-durante-a-pascoa\/"]}]},{"@type":"ImageObject","inLanguage":"pt-PT","@id":"https:\/\/portaltela.pt\/noticias\/2026\/03\/28\/mau-tempo-reduz-reservas-nas-areas-afetadas-durante-a-pascoa\/#primaryimage","url":"https:\/\/portaltela.pt\/s.01k8rhncp4jt1\/2026\/03\/image-1662.jpg","contentUrl":"https:\/\/portaltela.pt\/s.01k8rhncp4jt1\/2026\/03\/image-1662.jpg","width":796,"height":448,"caption":"Algumas unidades hoteleiras, restaurantes, bares e caf\u00e9s sofreram danos consider\u00e1veis"},{"@type":"BreadcrumbList","@id":"https:\/\/portaltela.pt\/noticias\/2026\/03\/28\/mau-tempo-reduz-reservas-nas-areas-afetadas-durante-a-pascoa\/#breadcrumb","itemListElement":[{"@type":"ListItem","position":1,"name":"In\u00edcio","item":"https:\/\/portaltela.pt\/"},{"@type":"ListItem","position":2,"name":"Mau tempo reduz reservas nas \u00e1reas afetadas durante a P\u00e1scoa"}]},{"@type":"WebSite","@id":"https:\/\/portaltela.pt\/#website","url":"https:\/\/portaltela.pt\/","name":"Portal Tela Portugal","description":"","potentialAction":[{"@type":"SearchAction","target":{"@type":"EntryPoint","urlTemplate":"https:\/\/portaltela.pt\/?s={search_term_string}"},"query-input":{"@type":"PropertyValueSpecification","valueRequired":true,"valueName":"search_term_string"}}],"inLanguage":"pt-PT"},{"@type":"Person","@id":"https:\/\/portaltela.pt\/#\/schema\/person\/c4278d4a6028830caff9ee44b42d32ed","name":"Telinha","image":{"@type":"ImageObject","inLanguage":"pt-PT","@id":"https:\/\/portaltela.pt\/s.01k8rhncp4jt1\/2025\/11\/talking-bot-125x125.png","url":"https:\/\/portaltela.pt\/s.01k8rhncp4jt1\/2025\/11\/talking-bot-125x125.png","contentUrl":"https:\/\/portaltela.pt\/s.01k8rhncp4jt1\/2025\/11\/talking-bot-125x125.png","caption":"Telinha"},"sameAs":["https:\/\/portaltela.pt\/"],"url":"https:\/\/portaltela.pt\/por\/367410592786\/"}]}},"_links":{"self":[{"href":"https:\/\/portaltela.pt\/api\/wp\/v2\/posts\/424822","targetHints":{"allow":["GET"]}}],"collection":[{"href":"https:\/\/portaltela.pt\/api\/wp\/v2\/posts"}],"about":[{"href":"https:\/\/portaltela.pt\/api\/wp\/v2\/types\/post"}],"author":[{"embeddable":true,"href":"https:\/\/portaltela.pt\/api\/wp\/v2\/users\/2"}],"replies":[{"embeddable":true,"href":"https:\/\/portaltela.pt\/api\/wp\/v2\/comments?post=424822"}],"version-history":[{"count":0,"href":"https:\/\/portaltela.pt\/api\/wp\/v2\/posts\/424822\/revisions"}],"wp:featuredmedia":[{"embeddable":true,"href":"https:\/\/portaltela.pt\/api\/wp\/v2\/media\/424829"}],"wp:attachment":[{"href":"https:\/\/portaltela.pt\/api\/wp\/v2\/media?parent=424822"}],"wp:term":[{"taxonomy":"category","embeddable":true,"href":"https:\/\/portaltela.pt\/api\/wp\/v2\/categories?post=424822"},{"taxonomy":"post_tag","embeddable":true,"href":"https:\/\/portaltela.pt\/api\/wp\/v2\/tags?post=424822"}],"curies":[{"name":"wp","href":"https:\/\/api.w.org\/{rel}","templated":true}]}}