{"id":424812,"date":"2026-03-28T08:10:00","date_gmt":"2026-03-28T11:10:00","guid":{"rendered":"https:\/\/portaltela.pt\/noticias\/2026\/03\/28\/canoagem-do-benfica-recebe-novo-campeao-mundial\/"},"modified":"2026-03-28T08:10:00","modified_gmt":"2026-03-28T11:10:00","slug":"canoagem-do-benfica-recebe-novo-campeao-mundial","status":"publish","type":"post","link":"https:\/\/portaltela.pt\/desporto\/copa-do-mundo\/2026\/03\/28\/canoagem-do-benfica-recebe-novo-campeao-mundial\/","title":{"rendered":"Canoagem do Benfica recebe novo campe\u00e3o mundial"},"content":{"rendered":"<p>Gustavo Gon\u00e7alves \u00e9 o mais recente refor\u00e7o do Benfica para a equipa de canoagem. O atleta de 22 anos assinou contrato at\u00e9 dezembro de 2028, com o objetivo de evoluir ao longo dos pr\u00f3ximos anos no clube da Luz.<\/p>\n<p>O internacional portugu\u00eas sagrou-se campe\u00e3o do Mundo em agosto, ao triunfar no K4 500 metros, ao lado de Jo\u00e3o Ribeiro, Messias Baptista e Pedro Casinha, que j\u00e1 renovaram com o Benfica. A contrata\u00e7\u00e3o foi anunciada neste s\u00e1bado pelo clube.<\/p>\n<p>O cano\u00edsta, que j\u00e1 integra o elenco principal, aponta a participa\u00e7\u00e3o nos Jogos Ol\u00edmpicos de 2028, em Los Angeles, como meta principal. O Benfica destaca o ritmo de treino e a progress\u00e3o da embarca\u00e7\u00e3o portuguesa como fatores-chave para o objetivo.<\/p>\n<p>Para al\u00e9m de Gustavo Gon\u00e7alves, o Benfica tamb\u00e9m confirmou as renova\u00e7\u00f5es recentes de Jo\u00e3o Ribeiro, Messias Baptista e Pedro Casinha, mantendo o blocos de refer\u00eancia da equipa de K4 500 m. O clube refor\u00e7a o compromisso com a modalidade e a aposta no alto rendimento.<\/p>\n","protected":false},"excerpt":{"rendered":"<ul>\n<li>O Benfica oficializou a contrata\u00e7\u00e3o de Gustavo Gon\u00e7alves, cano\u00edsta de 22 anos, at\u00e9 dezembro de 2028.<\/li>\n<li>Gustavo Gon\u00e7alves foi campe\u00e3o do Mundo em K4 500 metros em agosto, ao lado de Jo\u00e3o Ribeiro, Messias Baptista e Pedro Casinha.<\/li>\n<li>Os tr\u00eas companheiros de equipa j\u00e1 renovaram contrato com o clube da Luz.<\/li>\n<li>O atleta mostrou orgulho na conquista e afirmou que pretende manter o rumo desafiando o ranking ol\u00edmpico.<\/li>\n<li>O objetivo \u00e9 atingir os Jogos Ol\u00edmpicos de Los Angeles, em 2028, com uma presen\u00e7a consistente no ranking e nas seletivas nacionais.<\/li>\n<\/ul>\n","protected":false},"author":2,"featured_media":424814,"comment_status":"closed","ping_status":"closed","sticky":false,"template":"","format":"standard","meta":{"footnotes":""},"categories":[6695,21],"tags":[1946,152,4384,84,1014],"class_list":["post-424812","post","type-post","status-publish","format-standard","has-post-thumbnail","hentry","category-copa-do-mundo","category-desporto","tag-benfica","tag-desporto","tag-nautica","tag-olimpiadas","tag-portugal"],"yoast_head":"<!-- This site is optimized with the Yoast SEO plugin v27.2 - https:\/\/yoast.com\/product\/yoast-seo-wordpress\/ -->\n<title>Canoagem do Benfica recebe novo campe\u00e3o mundial - Portal Tela Portugal<\/title>\n<meta name=\"robots\" content=\"index, follow, max-snippet:-1, max-image-preview:large, max-video-preview:-1\" \/>\n<meta property=\"og:locale\" content=\"pt_PT\" \/>\n<meta property=\"og:type\" content=\"article\" \/>\n<meta property=\"og:title\" content=\"Canoagem do Benfica recebe novo campe\u00e3o mundial - Portal Tela Portugal\" \/>\n<meta property=\"og:description\" content=\"O Benfica oficializou a contrata\u00e7\u00e3o de Gustavo Gon\u00e7alves, cano\u00edsta de 22 anos, at\u00e9 dezembro de 2028. Gustavo Gon\u00e7alves foi campe\u00e3o do Mundo em K4 500 metros em agosto, ao lado de Jo\u00e3o Ribeiro, Messias Baptista e Pedro Casinha. Os tr\u00eas companheiros de equipa j\u00e1 renovaram contrato com o clube da Luz. O atleta mostrou orgulho na conquista e afirmou que pretende manter o rumo desafiando o ranking ol\u00edmpico. O objetivo \u00e9 atingir os Jogos Ol\u00edmpicos de Los Angeles, em 2028, com uma presen\u00e7a consistente no ranking e nas seletivas nacionais.\" \/>\n<meta property=\"og:url\" content=\"https:\/\/portaltela.pt\/noticias\/2026\/03\/28\/canoagem-do-benfica-recebe-novo-campeao-mundial\/\" \/>\n<meta property=\"og:site_name\" content=\"Portal Tela Portugal\" \/>\n<meta property=\"article:published_time\" content=\"2026-03-28T11:10:00+00:00\" \/>\n<meta name=\"author\" content=\"Telinha\" \/>\n<meta name=\"twitter:card\" content=\"summary_large_image\" \/>\n<meta name=\"twitter:label1\" content=\"Escrito por\" \/>\n\t<meta name=\"twitter:data1\" content=\"Telinha\" \/>\n\t<meta name=\"twitter:label2\" content=\"Tempo estimado de leitura\" \/>\n\t<meta name=\"twitter:data2\" content=\"1 minuto\" \/>\n<script type=\"application\/ld+json\" class=\"yoast-schema-graph\">{\"@context\":\"https:\/\/schema.org\",\"@graph\":[{\"@type\":\"Article\",\"@id\":\"https:\/\/portaltela.pt\/noticias\/2026\/03\/28\/canoagem-do-benfica-recebe-novo-campeao-mundial\/#article\",\"isPartOf\":{\"@id\":\"https:\/\/portaltela.pt\/noticias\/2026\/03\/28\/canoagem-do-benfica-recebe-novo-campeao-mundial\/\"},\"author\":{\"name\":\"Telinha\",\"@id\":\"https:\/\/portaltela.pt\/#\/schema\/person\/c4278d4a6028830caff9ee44b42d32ed\"},\"headline\":\"Canoagem do Benfica recebe novo campe\u00e3o mundial\",\"datePublished\":\"2026-03-28T11:10:00+00:00\",\"mainEntityOfPage\":{\"@id\":\"https:\/\/portaltela.pt\/noticias\/2026\/03\/28\/canoagem-do-benfica-recebe-novo-campeao-mundial\/\"},\"wordCount\":185,\"image\":{\"@id\":\"https:\/\/portaltela.pt\/noticias\/2026\/03\/28\/canoagem-do-benfica-recebe-novo-campeao-mundial\/#primaryimage\"},\"thumbnailUrl\":\"https:\/\/portaltela.pt\/s.01k8rhncp4jt1\/2026\/03\/img_920x518uu2026-03-28-11-08-01-2429812.jpg\",\"keywords\":[\"Benfica\",\"desporto\",\"N\u00e1utica\",\"olimp\u00edadas\",\"Portugal\"],\"articleSection\":[\"Copa do Mundo\",\"Desporto\"],\"inLanguage\":\"pt-PT\"},{\"@type\":\"WebPage\",\"@id\":\"https:\/\/portaltela.pt\/noticias\/2026\/03\/28\/canoagem-do-benfica-recebe-novo-campeao-mundial\/\",\"url\":\"https:\/\/portaltela.pt\/noticias\/2026\/03\/28\/canoagem-do-benfica-recebe-novo-campeao-mundial\/\",\"name\":\"Canoagem do Benfica recebe novo campe\u00e3o mundial - Portal Tela Portugal\",\"isPartOf\":{\"@id\":\"https:\/\/portaltela.pt\/#website\"},\"primaryImageOfPage\":{\"@id\":\"https:\/\/portaltela.pt\/noticias\/2026\/03\/28\/canoagem-do-benfica-recebe-novo-campeao-mundial\/#primaryimage\"},\"image\":{\"@id\":\"https:\/\/portaltela.pt\/noticias\/2026\/03\/28\/canoagem-do-benfica-recebe-novo-campeao-mundial\/#primaryimage\"},\"thumbnailUrl\":\"https:\/\/portaltela.pt\/s.01k8rhncp4jt1\/2026\/03\/img_920x518uu2026-03-28-11-08-01-2429812.jpg\",\"datePublished\":\"2026-03-28T11:10:00+00:00\",\"author\":{\"@id\":\"https:\/\/portaltela.pt\/#\/schema\/person\/c4278d4a6028830caff9ee44b42d32ed\"},\"breadcrumb\":{\"@id\":\"https:\/\/portaltela.pt\/noticias\/2026\/03\/28\/canoagem-do-benfica-recebe-novo-campeao-mundial\/#breadcrumb\"},\"inLanguage\":\"pt-PT\",\"potentialAction\":[{\"@type\":\"ReadAction\",\"target\":[\"https:\/\/portaltela.pt\/noticias\/2026\/03\/28\/canoagem-do-benfica-recebe-novo-campeao-mundial\/\"]}]},{\"@type\":\"ImageObject\",\"inLanguage\":\"pt-PT\",\"@id\":\"https:\/\/portaltela.pt\/noticias\/2026\/03\/28\/canoagem-do-benfica-recebe-novo-campeao-mundial\/#primaryimage\",\"url\":\"https:\/\/portaltela.pt\/s.01k8rhncp4jt1\/2026\/03\/img_920x518uu2026-03-28-11-08-01-2429812.jpg\",\"contentUrl\":\"https:\/\/portaltela.pt\/s.01k8rhncp4jt1\/2026\/03\/img_920x518uu2026-03-28-11-08-01-2429812.jpg\",\"width\":796,\"height\":448,\"caption\":\"Gustavo Gon\u00e7alves refor\u00e7a a canoagem do Benfica\"},{\"@type\":\"BreadcrumbList\",\"@id\":\"https:\/\/portaltela.pt\/noticias\/2026\/03\/28\/canoagem-do-benfica-recebe-novo-campeao-mundial\/#breadcrumb\",\"itemListElement\":[{\"@type\":\"ListItem\",\"position\":1,\"name\":\"In\u00edcio\",\"item\":\"https:\/\/portaltela.pt\/\"},{\"@type\":\"ListItem\",\"position\":2,\"name\":\"Canoagem do Benfica recebe novo campe\u00e3o mundial\"}]},{\"@type\":\"WebSite\",\"@id\":\"https:\/\/portaltela.pt\/#website\",\"url\":\"https:\/\/portaltela.pt\/\",\"name\":\"Portal Tela Portugal\",\"description\":\"\",\"potentialAction\":[{\"@type\":\"SearchAction\",\"target\":{\"@type\":\"EntryPoint\",\"urlTemplate\":\"https:\/\/portaltela.pt\/?s={search_term_string}\"},\"query-input\":{\"@type\":\"PropertyValueSpecification\",\"valueRequired\":true,\"valueName\":\"search_term_string\"}}],\"inLanguage\":\"pt-PT\"},{\"@type\":\"Person\",\"@id\":\"https:\/\/portaltela.pt\/#\/schema\/person\/c4278d4a6028830caff9ee44b42d32ed\",\"name\":\"Telinha\",\"image\":{\"@type\":\"ImageObject\",\"inLanguage\":\"pt-PT\",\"@id\":\"https:\/\/portaltela.pt\/s.01k8rhncp4jt1\/2025\/11\/talking-bot-125x125.png\",\"url\":\"https:\/\/portaltela.pt\/s.01k8rhncp4jt1\/2025\/11\/talking-bot-125x125.png\",\"contentUrl\":\"https:\/\/portaltela.pt\/s.01k8rhncp4jt1\/2025\/11\/talking-bot-125x125.png\",\"caption\":\"Telinha\"},\"sameAs\":[\"https:\/\/portaltela.pt\/\"],\"url\":\"https:\/\/portaltela.pt\/por\/367410592786\/\"}]}<\/script>\n<!-- \/ Yoast SEO plugin. -->","yoast_head_json":{"title":"Canoagem do Benfica recebe novo campe\u00e3o mundial - Portal Tela Portugal","robots":{"index":"index","follow":"follow","max-snippet":"max-snippet:-1","max-image-preview":"max-image-preview:large","max-video-preview":"max-video-preview:-1"},"og_locale":"pt_PT","og_type":"article","og_title":"Canoagem do Benfica recebe novo campe\u00e3o mundial - Portal Tela Portugal","og_description":"O Benfica oficializou a contrata\u00e7\u00e3o de Gustavo Gon\u00e7alves, cano\u00edsta de 22 anos, at\u00e9 dezembro de 2028. Gustavo Gon\u00e7alves foi campe\u00e3o do Mundo em K4 500 metros em agosto, ao lado de Jo\u00e3o Ribeiro, Messias Baptista e Pedro Casinha. Os tr\u00eas companheiros de equipa j\u00e1 renovaram contrato com o clube da Luz. O atleta mostrou orgulho na conquista e afirmou que pretende manter o rumo desafiando o ranking ol\u00edmpico. O objetivo \u00e9 atingir os Jogos Ol\u00edmpicos de Los Angeles, em 2028, com uma presen\u00e7a consistente no ranking e nas seletivas nacionais.","og_url":"https:\/\/portaltela.pt\/noticias\/2026\/03\/28\/canoagem-do-benfica-recebe-novo-campeao-mundial\/","og_site_name":"Portal Tela Portugal","article_published_time":"2026-03-28T11:10:00+00:00","author":"Telinha","twitter_card":"summary_large_image","twitter_misc":{"Escrito por":"Telinha","Tempo estimado de leitura":"1 minuto"},"schema":{"@context":"https:\/\/schema.org","@graph":[{"@type":"Article","@id":"https:\/\/portaltela.pt\/noticias\/2026\/03\/28\/canoagem-do-benfica-recebe-novo-campeao-mundial\/#article","isPartOf":{"@id":"https:\/\/portaltela.pt\/noticias\/2026\/03\/28\/canoagem-do-benfica-recebe-novo-campeao-mundial\/"},"author":{"name":"Telinha","@id":"https:\/\/portaltela.pt\/#\/schema\/person\/c4278d4a6028830caff9ee44b42d32ed"},"headline":"Canoagem do Benfica recebe novo campe\u00e3o mundial","datePublished":"2026-03-28T11:10:00+00:00","mainEntityOfPage":{"@id":"https:\/\/portaltela.pt\/noticias\/2026\/03\/28\/canoagem-do-benfica-recebe-novo-campeao-mundial\/"},"wordCount":185,"image":{"@id":"https:\/\/portaltela.pt\/noticias\/2026\/03\/28\/canoagem-do-benfica-recebe-novo-campeao-mundial\/#primaryimage"},"thumbnailUrl":"https:\/\/portaltela.pt\/s.01k8rhncp4jt1\/2026\/03\/img_920x518uu2026-03-28-11-08-01-2429812.jpg","keywords":["Benfica","desporto","N\u00e1utica","olimp\u00edadas","Portugal"],"articleSection":["Copa do Mundo","Desporto"],"inLanguage":"pt-PT"},{"@type":"WebPage","@id":"https:\/\/portaltela.pt\/noticias\/2026\/03\/28\/canoagem-do-benfica-recebe-novo-campeao-mundial\/","url":"https:\/\/portaltela.pt\/noticias\/2026\/03\/28\/canoagem-do-benfica-recebe-novo-campeao-mundial\/","name":"Canoagem do Benfica recebe novo campe\u00e3o mundial - Portal Tela Portugal","isPartOf":{"@id":"https:\/\/portaltela.pt\/#website"},"primaryImageOfPage":{"@id":"https:\/\/portaltela.pt\/noticias\/2026\/03\/28\/canoagem-do-benfica-recebe-novo-campeao-mundial\/#primaryimage"},"image":{"@id":"https:\/\/portaltela.pt\/noticias\/2026\/03\/28\/canoagem-do-benfica-recebe-novo-campeao-mundial\/#primaryimage"},"thumbnailUrl":"https:\/\/portaltela.pt\/s.01k8rhncp4jt1\/2026\/03\/img_920x518uu2026-03-28-11-08-01-2429812.jpg","datePublished":"2026-03-28T11:10:00+00:00","author":{"@id":"https:\/\/portaltela.pt\/#\/schema\/person\/c4278d4a6028830caff9ee44b42d32ed"},"breadcrumb":{"@id":"https:\/\/portaltela.pt\/noticias\/2026\/03\/28\/canoagem-do-benfica-recebe-novo-campeao-mundial\/#breadcrumb"},"inLanguage":"pt-PT","potentialAction":[{"@type":"ReadAction","target":["https:\/\/portaltela.pt\/noticias\/2026\/03\/28\/canoagem-do-benfica-recebe-novo-campeao-mundial\/"]}]},{"@type":"ImageObject","inLanguage":"pt-PT","@id":"https:\/\/portaltela.pt\/noticias\/2026\/03\/28\/canoagem-do-benfica-recebe-novo-campeao-mundial\/#primaryimage","url":"https:\/\/portaltela.pt\/s.01k8rhncp4jt1\/2026\/03\/img_920x518uu2026-03-28-11-08-01-2429812.jpg","contentUrl":"https:\/\/portaltela.pt\/s.01k8rhncp4jt1\/2026\/03\/img_920x518uu2026-03-28-11-08-01-2429812.jpg","width":796,"height":448,"caption":"Gustavo Gon\u00e7alves refor\u00e7a a canoagem do Benfica"},{"@type":"BreadcrumbList","@id":"https:\/\/portaltela.pt\/noticias\/2026\/03\/28\/canoagem-do-benfica-recebe-novo-campeao-mundial\/#breadcrumb","itemListElement":[{"@type":"ListItem","position":1,"name":"In\u00edcio","item":"https:\/\/portaltela.pt\/"},{"@type":"ListItem","position":2,"name":"Canoagem do Benfica recebe novo campe\u00e3o mundial"}]},{"@type":"WebSite","@id":"https:\/\/portaltela.pt\/#website","url":"https:\/\/portaltela.pt\/","name":"Portal Tela Portugal","description":"","potentialAction":[{"@type":"SearchAction","target":{"@type":"EntryPoint","urlTemplate":"https:\/\/portaltela.pt\/?s={search_term_string}"},"query-input":{"@type":"PropertyValueSpecification","valueRequired":true,"valueName":"search_term_string"}}],"inLanguage":"pt-PT"},{"@type":"Person","@id":"https:\/\/portaltela.pt\/#\/schema\/person\/c4278d4a6028830caff9ee44b42d32ed","name":"Telinha","image":{"@type":"ImageObject","inLanguage":"pt-PT","@id":"https:\/\/portaltela.pt\/s.01k8rhncp4jt1\/2025\/11\/talking-bot-125x125.png","url":"https:\/\/portaltela.pt\/s.01k8rhncp4jt1\/2025\/11\/talking-bot-125x125.png","contentUrl":"https:\/\/portaltela.pt\/s.01k8rhncp4jt1\/2025\/11\/talking-bot-125x125.png","caption":"Telinha"},"sameAs":["https:\/\/portaltela.pt\/"],"url":"https:\/\/portaltela.pt\/por\/367410592786\/"}]}},"_links":{"self":[{"href":"https:\/\/portaltela.pt\/api\/wp\/v2\/posts\/424812","targetHints":{"allow":["GET"]}}],"collection":[{"href":"https:\/\/portaltela.pt\/api\/wp\/v2\/posts"}],"about":[{"href":"https:\/\/portaltela.pt\/api\/wp\/v2\/types\/post"}],"author":[{"embeddable":true,"href":"https:\/\/portaltela.pt\/api\/wp\/v2\/users\/2"}],"replies":[{"embeddable":true,"href":"https:\/\/portaltela.pt\/api\/wp\/v2\/comments?post=424812"}],"version-history":[{"count":0,"href":"https:\/\/portaltela.pt\/api\/wp\/v2\/posts\/424812\/revisions"}],"wp:featuredmedia":[{"embeddable":true,"href":"https:\/\/portaltela.pt\/api\/wp\/v2\/media\/424814"}],"wp:attachment":[{"href":"https:\/\/portaltela.pt\/api\/wp\/v2\/media?parent=424812"}],"wp:term":[{"taxonomy":"category","embeddable":true,"href":"https:\/\/portaltela.pt\/api\/wp\/v2\/categories?post=424812"},{"taxonomy":"post_tag","embeddable":true,"href":"https:\/\/portaltela.pt\/api\/wp\/v2\/tags?post=424812"}],"curies":[{"name":"wp","href":"https:\/\/api.w.org\/{rel}","templated":true}]}}