{"id":424806,"date":"2026-03-28T07:48:17","date_gmt":"2026-03-28T10:48:17","guid":{"rendered":"https:\/\/portaltela.pt\/noticias\/2026\/03\/28\/guerras-politicas-no-x-protagonistas-conhecidos-e-incognitos\/"},"modified":"2026-03-28T07:48:17","modified_gmt":"2026-03-28T10:48:17","slug":"guerras-politicas-no-x-protagonistas-conhecidos-e-incognitos","status":"publish","type":"post","link":"https:\/\/portaltela.pt\/tecnologia\/2026\/03\/28\/guerras-politicas-no-x-protagonistas-conhecidos-e-incognitos\/","title":{"rendered":"Guerras pol\u00edticas no X: protagonistas conhecidos e inc\u00f3gnitos"},"content":{"rendered":"<p>Maria Jo\u00e3o Marques publicou no X sobre o vestido usado pela mulher do Presidente, alegando valores entre 3.200\u20ac e 4.900\u20ac. A partilha, feita com 13 mil seguidores, atingiu cerca de 300 mil leituras gra\u00e7as ao algoritmo, gerando rea\u00e7\u00f5es diversas e ataques.<\/p>\n<p>Entre as respostas destacadas esteve a de uma conta chamada Helena Marecos, com 1.658 seguidores, que afirma ser uma professora do Instituto Superior de Engenharia de Lisboa. A mensagem criticou a comentadora, utilizando linguagem agressiva e desqualificadora.<\/p>\n<p>O epis\u00f3dio insere-se numa vaga de discuss\u00f5es pol\u00edticas na plataforma, com contas identificadas e an\u00f3nimas a entrar no debate p\u00fablico. Mais detalhes sobre o tema e outras interpreta\u00e7\u00f5es podem ser consultados na edi\u00e7\u00e3o de S\u00e1bado, que acompanha a hist\u00f3ria. Fonte: S\u00e1bado.<\/p>\n","protected":false},"excerpt":{"rendered":"<ul>\n<li>No X, as guerras pol\u00edticas envolvem protagonistas conhecidos e an\u00f3nimos, com ataques a contas p\u00fablicas e votantes.<\/li>\n<li>Maria Jo\u00e3o Marques escreveu sobre a mulher do Seguro, com n\u00fameros de sal\u00e1rio e vestu\u00e1rio, levando a reac\u00e7\u00f5es expressivas de seguidores.<\/li>\n<li>A publica\u00e7\u00e3o teve alcance estimado em tr\u00eas centenas de milhar devido ao algoritmo da plataforma.<\/li>\n<li>A conta identificada \u201cHelena Marecos\u201d, com 1.658 seguidores, criticou Maria Jo\u00e3o Marques usando o nome e a foto de uma professora do Instituto Superior de Engenharia de Lisboa.<\/li>\n<li>O coment\u00e1rio de Helena Marecos descreveu a autora como \u201ccommenteu o fato usado pela mulher do PR de forma asquerosa\u201d, assinalando o tom cr\u00edtico.<\/li>\n<\/ul>\n","protected":false},"author":2,"featured_media":424809,"comment_status":"closed","ping_status":"closed","sticky":false,"template":"","format":"standard","meta":{"footnotes":""},"categories":[6871,6716],"tags":[1904,2920,5661,2832,30,88],"class_list":["post-424806","post","type-post","status-publish","format-standard","has-post-thumbnail","hentry","category-sociedade","category-tecnologia","tag-discurso-de-odio","tag-liberdade-de-expressao","tag-pessoas-publicas","tag-politica","tag-presidente","tag-redes-sociais"],"yoast_head":"<!-- This site is optimized with the Yoast SEO plugin v27.2 - https:\/\/yoast.com\/product\/yoast-seo-wordpress\/ -->\n<title>Guerras pol\u00edticas no X: protagonistas conhecidos e inc\u00f3gnitos - Portal Tela Portugal<\/title>\n<meta name=\"robots\" content=\"index, follow, max-snippet:-1, max-image-preview:large, max-video-preview:-1\" \/>\n<meta property=\"og:locale\" content=\"pt_PT\" \/>\n<meta property=\"og:type\" content=\"article\" \/>\n<meta property=\"og:title\" content=\"Guerras pol\u00edticas no X: protagonistas conhecidos e inc\u00f3gnitos - Portal Tela Portugal\" \/>\n<meta property=\"og:description\" content=\"No X, as guerras pol\u00edticas envolvem protagonistas conhecidos e an\u00f3nimos, com ataques a contas p\u00fablicas e votantes. Maria Jo\u00e3o Marques escreveu sobre a mulher do Seguro, com n\u00fameros de sal\u00e1rio e vestu\u00e1rio, levando a reac\u00e7\u00f5es expressivas de seguidores. A publica\u00e7\u00e3o teve alcance estimado em tr\u00eas centenas de milhar devido ao algoritmo da plataforma. A conta identificada \u201cHelena Marecos\u201d, com 1.658 seguidores, criticou Maria Jo\u00e3o Marques usando o nome e a foto de uma professora do Instituto Superior de Engenharia de Lisboa. O coment\u00e1rio de Helena Marecos descreveu a autora como \u201ccommenteu o fato usado pela mulher do PR de forma asquerosa\u201d, assinalando o tom cr\u00edtico.\" \/>\n<meta property=\"og:url\" content=\"https:\/\/portaltela.pt\/noticias\/2026\/03\/28\/guerras-politicas-no-x-protagonistas-conhecidos-e-incognitos\/\" \/>\n<meta property=\"og:site_name\" content=\"Portal Tela Portugal\" \/>\n<meta property=\"article:published_time\" content=\"2026-03-28T10:48:17+00:00\" \/>\n<meta name=\"author\" content=\"Telinha\" \/>\n<meta name=\"twitter:card\" content=\"summary_large_image\" \/>\n<meta name=\"twitter:label1\" content=\"Escrito por\" \/>\n\t<meta name=\"twitter:data1\" content=\"Telinha\" \/>\n\t<meta name=\"twitter:label2\" content=\"Tempo estimado de leitura\" \/>\n\t<meta name=\"twitter:data2\" content=\"1 minuto\" \/>\n<script type=\"application\/ld+json\" class=\"yoast-schema-graph\">{\"@context\":\"https:\/\/schema.org\",\"@graph\":[{\"@type\":\"Article\",\"@id\":\"https:\/\/portaltela.pt\/noticias\/2026\/03\/28\/guerras-politicas-no-x-protagonistas-conhecidos-e-incognitos\/#article\",\"isPartOf\":{\"@id\":\"https:\/\/portaltela.pt\/noticias\/2026\/03\/28\/guerras-politicas-no-x-protagonistas-conhecidos-e-incognitos\/\"},\"author\":{\"name\":\"Telinha\",\"@id\":\"https:\/\/portaltela.pt\/#\/schema\/person\/c4278d4a6028830caff9ee44b42d32ed\"},\"headline\":\"Guerras pol\u00edticas no X: protagonistas conhecidos e inc\u00f3gnitos\",\"datePublished\":\"2026-03-28T10:48:17+00:00\",\"mainEntityOfPage\":{\"@id\":\"https:\/\/portaltela.pt\/noticias\/2026\/03\/28\/guerras-politicas-no-x-protagonistas-conhecidos-e-incognitos\/\"},\"wordCount\":137,\"image\":{\"@id\":\"https:\/\/portaltela.pt\/noticias\/2026\/03\/28\/guerras-politicas-no-x-protagonistas-conhecidos-e-incognitos\/#primaryimage\"},\"thumbnailUrl\":\"https:\/\/portaltela.pt\/s.01k8rhncp4jt1\/2026\/03\/img_920x518uu2026-03-28-10-47-45-2429807.jpg\",\"keywords\":[\"discurso de \u00f3dio\",\"liberdade de express\u00e3o\",\"pessoas p\u00fablicas\",\"pol\u00edtica\",\"presidente\",\"redes sociais\"],\"articleSection\":[\"Sociedade\",\"Tecnologia\"],\"inLanguage\":\"pt-PT\"},{\"@type\":\"WebPage\",\"@id\":\"https:\/\/portaltela.pt\/noticias\/2026\/03\/28\/guerras-politicas-no-x-protagonistas-conhecidos-e-incognitos\/\",\"url\":\"https:\/\/portaltela.pt\/noticias\/2026\/03\/28\/guerras-politicas-no-x-protagonistas-conhecidos-e-incognitos\/\",\"name\":\"Guerras pol\u00edticas no X: protagonistas conhecidos e inc\u00f3gnitos - Portal Tela Portugal\",\"isPartOf\":{\"@id\":\"https:\/\/portaltela.pt\/#website\"},\"primaryImageOfPage\":{\"@id\":\"https:\/\/portaltela.pt\/noticias\/2026\/03\/28\/guerras-politicas-no-x-protagonistas-conhecidos-e-incognitos\/#primaryimage\"},\"image\":{\"@id\":\"https:\/\/portaltela.pt\/noticias\/2026\/03\/28\/guerras-politicas-no-x-protagonistas-conhecidos-e-incognitos\/#primaryimage\"},\"thumbnailUrl\":\"https:\/\/portaltela.pt\/s.01k8rhncp4jt1\/2026\/03\/img_920x518uu2026-03-28-10-47-45-2429807.jpg\",\"datePublished\":\"2026-03-28T10:48:17+00:00\",\"author\":{\"@id\":\"https:\/\/portaltela.pt\/#\/schema\/person\/c4278d4a6028830caff9ee44b42d32ed\"},\"breadcrumb\":{\"@id\":\"https:\/\/portaltela.pt\/noticias\/2026\/03\/28\/guerras-politicas-no-x-protagonistas-conhecidos-e-incognitos\/#breadcrumb\"},\"inLanguage\":\"pt-PT\",\"potentialAction\":[{\"@type\":\"ReadAction\",\"target\":[\"https:\/\/portaltela.pt\/noticias\/2026\/03\/28\/guerras-politicas-no-x-protagonistas-conhecidos-e-incognitos\/\"]}]},{\"@type\":\"ImageObject\",\"inLanguage\":\"pt-PT\",\"@id\":\"https:\/\/portaltela.pt\/noticias\/2026\/03\/28\/guerras-politicas-no-x-protagonistas-conhecidos-e-incognitos\/#primaryimage\",\"url\":\"https:\/\/portaltela.pt\/s.01k8rhncp4jt1\/2026\/03\/img_920x518uu2026-03-28-10-47-45-2429807.jpg\",\"contentUrl\":\"https:\/\/portaltela.pt\/s.01k8rhncp4jt1\/2026\/03\/img_920x518uu2026-03-28-10-47-45-2429807.jpg\",\"width\":796,\"height\":448,\"caption\":\"Rede social Twitter passou a chamar-se X, em 2023\"},{\"@type\":\"BreadcrumbList\",\"@id\":\"https:\/\/portaltela.pt\/noticias\/2026\/03\/28\/guerras-politicas-no-x-protagonistas-conhecidos-e-incognitos\/#breadcrumb\",\"itemListElement\":[{\"@type\":\"ListItem\",\"position\":1,\"name\":\"In\u00edcio\",\"item\":\"https:\/\/portaltela.pt\/\"},{\"@type\":\"ListItem\",\"position\":2,\"name\":\"Guerras pol\u00edticas no X: protagonistas conhecidos e inc\u00f3gnitos\"}]},{\"@type\":\"WebSite\",\"@id\":\"https:\/\/portaltela.pt\/#website\",\"url\":\"https:\/\/portaltela.pt\/\",\"name\":\"Portal Tela Portugal\",\"description\":\"\",\"potentialAction\":[{\"@type\":\"SearchAction\",\"target\":{\"@type\":\"EntryPoint\",\"urlTemplate\":\"https:\/\/portaltela.pt\/?s={search_term_string}\"},\"query-input\":{\"@type\":\"PropertyValueSpecification\",\"valueRequired\":true,\"valueName\":\"search_term_string\"}}],\"inLanguage\":\"pt-PT\"},{\"@type\":\"Person\",\"@id\":\"https:\/\/portaltela.pt\/#\/schema\/person\/c4278d4a6028830caff9ee44b42d32ed\",\"name\":\"Telinha\",\"image\":{\"@type\":\"ImageObject\",\"inLanguage\":\"pt-PT\",\"@id\":\"https:\/\/portaltela.pt\/s.01k8rhncp4jt1\/2025\/11\/talking-bot-125x125.png\",\"url\":\"https:\/\/portaltela.pt\/s.01k8rhncp4jt1\/2025\/11\/talking-bot-125x125.png\",\"contentUrl\":\"https:\/\/portaltela.pt\/s.01k8rhncp4jt1\/2025\/11\/talking-bot-125x125.png\",\"caption\":\"Telinha\"},\"sameAs\":[\"https:\/\/portaltela.pt\/\"],\"url\":\"https:\/\/portaltela.pt\/por\/367410592786\/\"}]}<\/script>\n<!-- \/ Yoast SEO plugin. -->","yoast_head_json":{"title":"Guerras pol\u00edticas no X: protagonistas conhecidos e inc\u00f3gnitos - Portal Tela Portugal","robots":{"index":"index","follow":"follow","max-snippet":"max-snippet:-1","max-image-preview":"max-image-preview:large","max-video-preview":"max-video-preview:-1"},"og_locale":"pt_PT","og_type":"article","og_title":"Guerras pol\u00edticas no X: protagonistas conhecidos e inc\u00f3gnitos - Portal Tela Portugal","og_description":"No X, as guerras pol\u00edticas envolvem protagonistas conhecidos e an\u00f3nimos, com ataques a contas p\u00fablicas e votantes. Maria Jo\u00e3o Marques escreveu sobre a mulher do Seguro, com n\u00fameros de sal\u00e1rio e vestu\u00e1rio, levando a reac\u00e7\u00f5es expressivas de seguidores. A publica\u00e7\u00e3o teve alcance estimado em tr\u00eas centenas de milhar devido ao algoritmo da plataforma. A conta identificada \u201cHelena Marecos\u201d, com 1.658 seguidores, criticou Maria Jo\u00e3o Marques usando o nome e a foto de uma professora do Instituto Superior de Engenharia de Lisboa. O coment\u00e1rio de Helena Marecos descreveu a autora como \u201ccommenteu o fato usado pela mulher do PR de forma asquerosa\u201d, assinalando o tom cr\u00edtico.","og_url":"https:\/\/portaltela.pt\/noticias\/2026\/03\/28\/guerras-politicas-no-x-protagonistas-conhecidos-e-incognitos\/","og_site_name":"Portal Tela Portugal","article_published_time":"2026-03-28T10:48:17+00:00","author":"Telinha","twitter_card":"summary_large_image","twitter_misc":{"Escrito por":"Telinha","Tempo estimado de leitura":"1 minuto"},"schema":{"@context":"https:\/\/schema.org","@graph":[{"@type":"Article","@id":"https:\/\/portaltela.pt\/noticias\/2026\/03\/28\/guerras-politicas-no-x-protagonistas-conhecidos-e-incognitos\/#article","isPartOf":{"@id":"https:\/\/portaltela.pt\/noticias\/2026\/03\/28\/guerras-politicas-no-x-protagonistas-conhecidos-e-incognitos\/"},"author":{"name":"Telinha","@id":"https:\/\/portaltela.pt\/#\/schema\/person\/c4278d4a6028830caff9ee44b42d32ed"},"headline":"Guerras pol\u00edticas no X: protagonistas conhecidos e inc\u00f3gnitos","datePublished":"2026-03-28T10:48:17+00:00","mainEntityOfPage":{"@id":"https:\/\/portaltela.pt\/noticias\/2026\/03\/28\/guerras-politicas-no-x-protagonistas-conhecidos-e-incognitos\/"},"wordCount":137,"image":{"@id":"https:\/\/portaltela.pt\/noticias\/2026\/03\/28\/guerras-politicas-no-x-protagonistas-conhecidos-e-incognitos\/#primaryimage"},"thumbnailUrl":"https:\/\/portaltela.pt\/s.01k8rhncp4jt1\/2026\/03\/img_920x518uu2026-03-28-10-47-45-2429807.jpg","keywords":["discurso de \u00f3dio","liberdade de express\u00e3o","pessoas p\u00fablicas","pol\u00edtica","presidente","redes sociais"],"articleSection":["Sociedade","Tecnologia"],"inLanguage":"pt-PT"},{"@type":"WebPage","@id":"https:\/\/portaltela.pt\/noticias\/2026\/03\/28\/guerras-politicas-no-x-protagonistas-conhecidos-e-incognitos\/","url":"https:\/\/portaltela.pt\/noticias\/2026\/03\/28\/guerras-politicas-no-x-protagonistas-conhecidos-e-incognitos\/","name":"Guerras pol\u00edticas no X: protagonistas conhecidos e inc\u00f3gnitos - Portal Tela Portugal","isPartOf":{"@id":"https:\/\/portaltela.pt\/#website"},"primaryImageOfPage":{"@id":"https:\/\/portaltela.pt\/noticias\/2026\/03\/28\/guerras-politicas-no-x-protagonistas-conhecidos-e-incognitos\/#primaryimage"},"image":{"@id":"https:\/\/portaltela.pt\/noticias\/2026\/03\/28\/guerras-politicas-no-x-protagonistas-conhecidos-e-incognitos\/#primaryimage"},"thumbnailUrl":"https:\/\/portaltela.pt\/s.01k8rhncp4jt1\/2026\/03\/img_920x518uu2026-03-28-10-47-45-2429807.jpg","datePublished":"2026-03-28T10:48:17+00:00","author":{"@id":"https:\/\/portaltela.pt\/#\/schema\/person\/c4278d4a6028830caff9ee44b42d32ed"},"breadcrumb":{"@id":"https:\/\/portaltela.pt\/noticias\/2026\/03\/28\/guerras-politicas-no-x-protagonistas-conhecidos-e-incognitos\/#breadcrumb"},"inLanguage":"pt-PT","potentialAction":[{"@type":"ReadAction","target":["https:\/\/portaltela.pt\/noticias\/2026\/03\/28\/guerras-politicas-no-x-protagonistas-conhecidos-e-incognitos\/"]}]},{"@type":"ImageObject","inLanguage":"pt-PT","@id":"https:\/\/portaltela.pt\/noticias\/2026\/03\/28\/guerras-politicas-no-x-protagonistas-conhecidos-e-incognitos\/#primaryimage","url":"https:\/\/portaltela.pt\/s.01k8rhncp4jt1\/2026\/03\/img_920x518uu2026-03-28-10-47-45-2429807.jpg","contentUrl":"https:\/\/portaltela.pt\/s.01k8rhncp4jt1\/2026\/03\/img_920x518uu2026-03-28-10-47-45-2429807.jpg","width":796,"height":448,"caption":"Rede social Twitter passou a chamar-se X, em 2023"},{"@type":"BreadcrumbList","@id":"https:\/\/portaltela.pt\/noticias\/2026\/03\/28\/guerras-politicas-no-x-protagonistas-conhecidos-e-incognitos\/#breadcrumb","itemListElement":[{"@type":"ListItem","position":1,"name":"In\u00edcio","item":"https:\/\/portaltela.pt\/"},{"@type":"ListItem","position":2,"name":"Guerras pol\u00edticas no X: protagonistas conhecidos e inc\u00f3gnitos"}]},{"@type":"WebSite","@id":"https:\/\/portaltela.pt\/#website","url":"https:\/\/portaltela.pt\/","name":"Portal Tela Portugal","description":"","potentialAction":[{"@type":"SearchAction","target":{"@type":"EntryPoint","urlTemplate":"https:\/\/portaltela.pt\/?s={search_term_string}"},"query-input":{"@type":"PropertyValueSpecification","valueRequired":true,"valueName":"search_term_string"}}],"inLanguage":"pt-PT"},{"@type":"Person","@id":"https:\/\/portaltela.pt\/#\/schema\/person\/c4278d4a6028830caff9ee44b42d32ed","name":"Telinha","image":{"@type":"ImageObject","inLanguage":"pt-PT","@id":"https:\/\/portaltela.pt\/s.01k8rhncp4jt1\/2025\/11\/talking-bot-125x125.png","url":"https:\/\/portaltela.pt\/s.01k8rhncp4jt1\/2025\/11\/talking-bot-125x125.png","contentUrl":"https:\/\/portaltela.pt\/s.01k8rhncp4jt1\/2025\/11\/talking-bot-125x125.png","caption":"Telinha"},"sameAs":["https:\/\/portaltela.pt\/"],"url":"https:\/\/portaltela.pt\/por\/367410592786\/"}]}},"_links":{"self":[{"href":"https:\/\/portaltela.pt\/api\/wp\/v2\/posts\/424806","targetHints":{"allow":["GET"]}}],"collection":[{"href":"https:\/\/portaltela.pt\/api\/wp\/v2\/posts"}],"about":[{"href":"https:\/\/portaltela.pt\/api\/wp\/v2\/types\/post"}],"author":[{"embeddable":true,"href":"https:\/\/portaltela.pt\/api\/wp\/v2\/users\/2"}],"replies":[{"embeddable":true,"href":"https:\/\/portaltela.pt\/api\/wp\/v2\/comments?post=424806"}],"version-history":[{"count":0,"href":"https:\/\/portaltela.pt\/api\/wp\/v2\/posts\/424806\/revisions"}],"wp:featuredmedia":[{"embeddable":true,"href":"https:\/\/portaltela.pt\/api\/wp\/v2\/media\/424809"}],"wp:attachment":[{"href":"https:\/\/portaltela.pt\/api\/wp\/v2\/media?parent=424806"}],"wp:term":[{"taxonomy":"category","embeddable":true,"href":"https:\/\/portaltela.pt\/api\/wp\/v2\/categories?post=424806"},{"taxonomy":"post_tag","embeddable":true,"href":"https:\/\/portaltela.pt\/api\/wp\/v2\/tags?post=424806"}],"curies":[{"name":"wp","href":"https:\/\/api.w.org\/{rel}","templated":true}]}}