{"id":424800,"date":"2026-03-28T07:51:00","date_gmt":"2026-03-28T10:51:00","guid":{"rendered":"https:\/\/portaltela.pt\/noticias\/2026\/03\/28\/a-mudanca-de-hora-reacende-o-antigo-debate-sobre-a-sua-utilidade\/"},"modified":"2026-03-28T07:51:00","modified_gmt":"2026-03-28T10:51:00","slug":"a-mudanca-de-hora-reacende-o-antigo-debate-sobre-a-sua-utilidade","status":"publish","type":"post","link":"https:\/\/portaltela.pt\/tempo\/2026\/03\/28\/a-mudanca-de-hora-reacende-o-antigo-debate-sobre-a-sua-utilidade\/","title":{"rendered":"A mudan\u00e7a de hora reacende o antigo debate sobre a sua utilidade"},"content":{"rendered":"<p>A hora muda na madrugada de domingo: \u00e0s 1 hora passa a ser 2, marcando o in\u00edcio do hor\u00e1rio de ver\u00e3o. A mudan\u00e7a adianta dias mais longos e altera a rotina de muitos portugueses.<\/p>\n<p>Apesar da pr\u00e1tica ser comum, o tema continua a dividir opini\u00f5es entre quem beneficia de mais luz diurna e quem aponta impactos na sa\u00fade e no custo. O debate volta a ganhar for\u00e7a no contexto europeu.<\/p>\n<h3>Debate na UE<\/h3>\n<p>A Comiss\u00e3o Europeia informou estar a preparar um estudo que dever\u00e1 ficar conclu\u00eddo at\u00e9 ao final do ano, visando apoiar uma decis\u00e3o sobre o fim da mudan\u00e7a sazonal. A proposta j\u00e1 havia sido apresentada em 2018, mas mant\u00e9m-se sem consenso entre os estados-membros.<\/p>\n<p>Os diferentes impactos, nomeadamente sociais, econ\u00f3micos e de sa\u00fade, s\u00e3o citados como motivos de resist\u00eancia \u00e0 elimina\u00e7\u00e3o da pr\u00e1tica. O resultado deste estudo pode influenciar futuras medidas a n\u00edvel comunit\u00e1rio.<\/p>\n","protected":false},"excerpt":{"rendered":"<ul>\n<li>A hora muda na madrugada de domingo: da uma hora passam a duas, marcando o in\u00edcio do hor\u00e1rio de ver\u00e3o.<\/li>\n<li>A mudan\u00e7a n\u00e3o \u00e9 consensual e reabre o debate sobre manter ou n\u00e3o o atual sistema.<\/li>\n<li>A Uni\u00e3o Europeia volta a discutir o futuro desta pr\u00e1tica.<\/li>\n<li>A Comiss\u00e3o Europeia prepara um novo estudo, a concluir at\u00e9 ao final do ano, para apoiar uma decis\u00e3o sobre o fim da mudan\u00e7a sazonal.<\/li>\n<li>A proposta de fim da mudan\u00e7a foi apresentada em 2018, mas continua bloqueada pela falta de consenso entre os estados-membros, com d\u00favidas sobre benef\u00edcios sociais e impactos na sa\u00fade.<\/li>\n<\/ul>\n","protected":false},"author":2,"featured_media":424805,"comment_status":"closed","ping_status":"closed","sticky":false,"template":"","format":"standard","meta":{"footnotes":""},"categories":[7365],"tags":[28,3901,1920,2832,172,2055],"class_list":["post-424800","post","type-post","status-publish","format-standard","has-post-thumbnail","hentry","category-tempo","tag-economia","tag-horarios","tag-mudanca-de-hora","tag-politica","tag-saude","tag-uniao-europeia"],"yoast_head":"<!-- This site is optimized with the Yoast SEO plugin v27.2 - https:\/\/yoast.com\/product\/yoast-seo-wordpress\/ -->\n<title>A mudan\u00e7a de hora reacende o antigo debate sobre a sua utilidade - Portal Tela Portugal<\/title>\n<meta name=\"robots\" content=\"index, follow, max-snippet:-1, max-image-preview:large, max-video-preview:-1\" \/>\n<meta property=\"og:locale\" content=\"pt_PT\" \/>\n<meta property=\"og:type\" content=\"article\" \/>\n<meta property=\"og:title\" content=\"A mudan\u00e7a de hora reacende o antigo debate sobre a sua utilidade - Portal Tela Portugal\" \/>\n<meta property=\"og:description\" content=\"A hora muda na madrugada de domingo: da uma hora passam a duas, marcando o in\u00edcio do hor\u00e1rio de ver\u00e3o. A mudan\u00e7a n\u00e3o \u00e9 consensual e reabre o debate sobre manter ou n\u00e3o o atual sistema. A Uni\u00e3o Europeia volta a discutir o futuro desta pr\u00e1tica. A Comiss\u00e3o Europeia prepara um novo estudo, a concluir at\u00e9 ao final do ano, para apoiar uma decis\u00e3o sobre o fim da mudan\u00e7a sazonal. A proposta de fim da mudan\u00e7a foi apresentada em 2018, mas continua bloqueada pela falta de consenso entre os estados-membros, com d\u00favidas sobre benef\u00edcios sociais e impactos na sa\u00fade.\" \/>\n<meta property=\"og:url\" content=\"https:\/\/portaltela.pt\/noticias\/2026\/03\/28\/a-mudanca-de-hora-reacende-o-antigo-debate-sobre-a-sua-utilidade\/\" \/>\n<meta property=\"og:site_name\" content=\"Portal Tela Portugal\" \/>\n<meta property=\"article:published_time\" content=\"2026-03-28T10:51:00+00:00\" \/>\n<meta name=\"author\" content=\"Telinha\" \/>\n<meta name=\"twitter:card\" content=\"summary_large_image\" \/>\n<meta name=\"twitter:label1\" content=\"Escrito por\" \/>\n\t<meta name=\"twitter:data1\" content=\"Telinha\" \/>\n\t<meta name=\"twitter:label2\" content=\"Tempo estimado de leitura\" \/>\n\t<meta name=\"twitter:data2\" content=\"1 minuto\" \/>\n<script type=\"application\/ld+json\" class=\"yoast-schema-graph\">{\"@context\":\"https:\/\/schema.org\",\"@graph\":[{\"@type\":\"Article\",\"@id\":\"https:\/\/portaltela.pt\/noticias\/2026\/03\/28\/a-mudanca-de-hora-reacende-o-antigo-debate-sobre-a-sua-utilidade\/#article\",\"isPartOf\":{\"@id\":\"https:\/\/portaltela.pt\/noticias\/2026\/03\/28\/a-mudanca-de-hora-reacende-o-antigo-debate-sobre-a-sua-utilidade\/\"},\"author\":{\"name\":\"Telinha\",\"@id\":\"https:\/\/portaltela.pt\/#\/schema\/person\/c4278d4a6028830caff9ee44b42d32ed\"},\"headline\":\"A mudan\u00e7a de hora reacende o antigo debate sobre a sua utilidade\",\"datePublished\":\"2026-03-28T10:51:00+00:00\",\"mainEntityOfPage\":{\"@id\":\"https:\/\/portaltela.pt\/noticias\/2026\/03\/28\/a-mudanca-de-hora-reacende-o-antigo-debate-sobre-a-sua-utilidade\/\"},\"wordCount\":176,\"image\":{\"@id\":\"https:\/\/portaltela.pt\/noticias\/2026\/03\/28\/a-mudanca-de-hora-reacende-o-antigo-debate-sobre-a-sua-utilidade\/#primaryimage\"},\"thumbnailUrl\":\"https:\/\/portaltela.pt\/s.01k8rhncp4jt1\/2026\/03\/image-1660.jpg\",\"keywords\":[\"economia\",\"hor\u00e1rios\",\"Mudan\u00e7a de hora\",\"pol\u00edtica\",\"sa\u00fade\",\"Uni\u00e3o Europeia\"],\"articleSection\":[\"Tempo\"],\"inLanguage\":\"pt-PT\"},{\"@type\":\"WebPage\",\"@id\":\"https:\/\/portaltela.pt\/noticias\/2026\/03\/28\/a-mudanca-de-hora-reacende-o-antigo-debate-sobre-a-sua-utilidade\/\",\"url\":\"https:\/\/portaltela.pt\/noticias\/2026\/03\/28\/a-mudanca-de-hora-reacende-o-antigo-debate-sobre-a-sua-utilidade\/\",\"name\":\"A mudan\u00e7a de hora reacende o antigo debate sobre a sua utilidade - Portal Tela Portugal\",\"isPartOf\":{\"@id\":\"https:\/\/portaltela.pt\/#website\"},\"primaryImageOfPage\":{\"@id\":\"https:\/\/portaltela.pt\/noticias\/2026\/03\/28\/a-mudanca-de-hora-reacende-o-antigo-debate-sobre-a-sua-utilidade\/#primaryimage\"},\"image\":{\"@id\":\"https:\/\/portaltela.pt\/noticias\/2026\/03\/28\/a-mudanca-de-hora-reacende-o-antigo-debate-sobre-a-sua-utilidade\/#primaryimage\"},\"thumbnailUrl\":\"https:\/\/portaltela.pt\/s.01k8rhncp4jt1\/2026\/03\/image-1660.jpg\",\"datePublished\":\"2026-03-28T10:51:00+00:00\",\"author\":{\"@id\":\"https:\/\/portaltela.pt\/#\/schema\/person\/c4278d4a6028830caff9ee44b42d32ed\"},\"breadcrumb\":{\"@id\":\"https:\/\/portaltela.pt\/noticias\/2026\/03\/28\/a-mudanca-de-hora-reacende-o-antigo-debate-sobre-a-sua-utilidade\/#breadcrumb\"},\"inLanguage\":\"pt-PT\",\"potentialAction\":[{\"@type\":\"ReadAction\",\"target\":[\"https:\/\/portaltela.pt\/noticias\/2026\/03\/28\/a-mudanca-de-hora-reacende-o-antigo-debate-sobre-a-sua-utilidade\/\"]}]},{\"@type\":\"ImageObject\",\"inLanguage\":\"pt-PT\",\"@id\":\"https:\/\/portaltela.pt\/noticias\/2026\/03\/28\/a-mudanca-de-hora-reacende-o-antigo-debate-sobre-a-sua-utilidade\/#primaryimage\",\"url\":\"https:\/\/portaltela.pt\/s.01k8rhncp4jt1\/2026\/03\/image-1660.jpg\",\"contentUrl\":\"https:\/\/portaltela.pt\/s.01k8rhncp4jt1\/2026\/03\/image-1660.jpg\",\"width\":796,\"height\":448,\"caption\":\"Na madrugada de domingo, \u00e0 1 hora, os rel\u00f3gios adiantam para as 2 horas\"},{\"@type\":\"BreadcrumbList\",\"@id\":\"https:\/\/portaltela.pt\/noticias\/2026\/03\/28\/a-mudanca-de-hora-reacende-o-antigo-debate-sobre-a-sua-utilidade\/#breadcrumb\",\"itemListElement\":[{\"@type\":\"ListItem\",\"position\":1,\"name\":\"In\u00edcio\",\"item\":\"https:\/\/portaltela.pt\/\"},{\"@type\":\"ListItem\",\"position\":2,\"name\":\"A mudan\u00e7a de hora reacende o antigo debate sobre a sua utilidade\"}]},{\"@type\":\"WebSite\",\"@id\":\"https:\/\/portaltela.pt\/#website\",\"url\":\"https:\/\/portaltela.pt\/\",\"name\":\"Portal Tela Portugal\",\"description\":\"\",\"potentialAction\":[{\"@type\":\"SearchAction\",\"target\":{\"@type\":\"EntryPoint\",\"urlTemplate\":\"https:\/\/portaltela.pt\/?s={search_term_string}\"},\"query-input\":{\"@type\":\"PropertyValueSpecification\",\"valueRequired\":true,\"valueName\":\"search_term_string\"}}],\"inLanguage\":\"pt-PT\"},{\"@type\":\"Person\",\"@id\":\"https:\/\/portaltela.pt\/#\/schema\/person\/c4278d4a6028830caff9ee44b42d32ed\",\"name\":\"Telinha\",\"image\":{\"@type\":\"ImageObject\",\"inLanguage\":\"pt-PT\",\"@id\":\"https:\/\/portaltela.pt\/s.01k8rhncp4jt1\/2025\/11\/talking-bot-125x125.png\",\"url\":\"https:\/\/portaltela.pt\/s.01k8rhncp4jt1\/2025\/11\/talking-bot-125x125.png\",\"contentUrl\":\"https:\/\/portaltela.pt\/s.01k8rhncp4jt1\/2025\/11\/talking-bot-125x125.png\",\"caption\":\"Telinha\"},\"sameAs\":[\"https:\/\/portaltela.pt\/\"],\"url\":\"https:\/\/portaltela.pt\/por\/367410592786\/\"}]}<\/script>\n<!-- \/ Yoast SEO plugin. -->","yoast_head_json":{"title":"A mudan\u00e7a de hora reacende o antigo debate sobre a sua utilidade - Portal Tela Portugal","robots":{"index":"index","follow":"follow","max-snippet":"max-snippet:-1","max-image-preview":"max-image-preview:large","max-video-preview":"max-video-preview:-1"},"og_locale":"pt_PT","og_type":"article","og_title":"A mudan\u00e7a de hora reacende o antigo debate sobre a sua utilidade - Portal Tela Portugal","og_description":"A hora muda na madrugada de domingo: da uma hora passam a duas, marcando o in\u00edcio do hor\u00e1rio de ver\u00e3o. A mudan\u00e7a n\u00e3o \u00e9 consensual e reabre o debate sobre manter ou n\u00e3o o atual sistema. A Uni\u00e3o Europeia volta a discutir o futuro desta pr\u00e1tica. A Comiss\u00e3o Europeia prepara um novo estudo, a concluir at\u00e9 ao final do ano, para apoiar uma decis\u00e3o sobre o fim da mudan\u00e7a sazonal. A proposta de fim da mudan\u00e7a foi apresentada em 2018, mas continua bloqueada pela falta de consenso entre os estados-membros, com d\u00favidas sobre benef\u00edcios sociais e impactos na sa\u00fade.","og_url":"https:\/\/portaltela.pt\/noticias\/2026\/03\/28\/a-mudanca-de-hora-reacende-o-antigo-debate-sobre-a-sua-utilidade\/","og_site_name":"Portal Tela Portugal","article_published_time":"2026-03-28T10:51:00+00:00","author":"Telinha","twitter_card":"summary_large_image","twitter_misc":{"Escrito por":"Telinha","Tempo estimado de leitura":"1 minuto"},"schema":{"@context":"https:\/\/schema.org","@graph":[{"@type":"Article","@id":"https:\/\/portaltela.pt\/noticias\/2026\/03\/28\/a-mudanca-de-hora-reacende-o-antigo-debate-sobre-a-sua-utilidade\/#article","isPartOf":{"@id":"https:\/\/portaltela.pt\/noticias\/2026\/03\/28\/a-mudanca-de-hora-reacende-o-antigo-debate-sobre-a-sua-utilidade\/"},"author":{"name":"Telinha","@id":"https:\/\/portaltela.pt\/#\/schema\/person\/c4278d4a6028830caff9ee44b42d32ed"},"headline":"A mudan\u00e7a de hora reacende o antigo debate sobre a sua utilidade","datePublished":"2026-03-28T10:51:00+00:00","mainEntityOfPage":{"@id":"https:\/\/portaltela.pt\/noticias\/2026\/03\/28\/a-mudanca-de-hora-reacende-o-antigo-debate-sobre-a-sua-utilidade\/"},"wordCount":176,"image":{"@id":"https:\/\/portaltela.pt\/noticias\/2026\/03\/28\/a-mudanca-de-hora-reacende-o-antigo-debate-sobre-a-sua-utilidade\/#primaryimage"},"thumbnailUrl":"https:\/\/portaltela.pt\/s.01k8rhncp4jt1\/2026\/03\/image-1660.jpg","keywords":["economia","hor\u00e1rios","Mudan\u00e7a de hora","pol\u00edtica","sa\u00fade","Uni\u00e3o Europeia"],"articleSection":["Tempo"],"inLanguage":"pt-PT"},{"@type":"WebPage","@id":"https:\/\/portaltela.pt\/noticias\/2026\/03\/28\/a-mudanca-de-hora-reacende-o-antigo-debate-sobre-a-sua-utilidade\/","url":"https:\/\/portaltela.pt\/noticias\/2026\/03\/28\/a-mudanca-de-hora-reacende-o-antigo-debate-sobre-a-sua-utilidade\/","name":"A mudan\u00e7a de hora reacende o antigo debate sobre a sua utilidade - Portal Tela Portugal","isPartOf":{"@id":"https:\/\/portaltela.pt\/#website"},"primaryImageOfPage":{"@id":"https:\/\/portaltela.pt\/noticias\/2026\/03\/28\/a-mudanca-de-hora-reacende-o-antigo-debate-sobre-a-sua-utilidade\/#primaryimage"},"image":{"@id":"https:\/\/portaltela.pt\/noticias\/2026\/03\/28\/a-mudanca-de-hora-reacende-o-antigo-debate-sobre-a-sua-utilidade\/#primaryimage"},"thumbnailUrl":"https:\/\/portaltela.pt\/s.01k8rhncp4jt1\/2026\/03\/image-1660.jpg","datePublished":"2026-03-28T10:51:00+00:00","author":{"@id":"https:\/\/portaltela.pt\/#\/schema\/person\/c4278d4a6028830caff9ee44b42d32ed"},"breadcrumb":{"@id":"https:\/\/portaltela.pt\/noticias\/2026\/03\/28\/a-mudanca-de-hora-reacende-o-antigo-debate-sobre-a-sua-utilidade\/#breadcrumb"},"inLanguage":"pt-PT","potentialAction":[{"@type":"ReadAction","target":["https:\/\/portaltela.pt\/noticias\/2026\/03\/28\/a-mudanca-de-hora-reacende-o-antigo-debate-sobre-a-sua-utilidade\/"]}]},{"@type":"ImageObject","inLanguage":"pt-PT","@id":"https:\/\/portaltela.pt\/noticias\/2026\/03\/28\/a-mudanca-de-hora-reacende-o-antigo-debate-sobre-a-sua-utilidade\/#primaryimage","url":"https:\/\/portaltela.pt\/s.01k8rhncp4jt1\/2026\/03\/image-1660.jpg","contentUrl":"https:\/\/portaltela.pt\/s.01k8rhncp4jt1\/2026\/03\/image-1660.jpg","width":796,"height":448,"caption":"Na madrugada de domingo, \u00e0 1 hora, os rel\u00f3gios adiantam para as 2 horas"},{"@type":"BreadcrumbList","@id":"https:\/\/portaltela.pt\/noticias\/2026\/03\/28\/a-mudanca-de-hora-reacende-o-antigo-debate-sobre-a-sua-utilidade\/#breadcrumb","itemListElement":[{"@type":"ListItem","position":1,"name":"In\u00edcio","item":"https:\/\/portaltela.pt\/"},{"@type":"ListItem","position":2,"name":"A mudan\u00e7a de hora reacende o antigo debate sobre a sua utilidade"}]},{"@type":"WebSite","@id":"https:\/\/portaltela.pt\/#website","url":"https:\/\/portaltela.pt\/","name":"Portal Tela Portugal","description":"","potentialAction":[{"@type":"SearchAction","target":{"@type":"EntryPoint","urlTemplate":"https:\/\/portaltela.pt\/?s={search_term_string}"},"query-input":{"@type":"PropertyValueSpecification","valueRequired":true,"valueName":"search_term_string"}}],"inLanguage":"pt-PT"},{"@type":"Person","@id":"https:\/\/portaltela.pt\/#\/schema\/person\/c4278d4a6028830caff9ee44b42d32ed","name":"Telinha","image":{"@type":"ImageObject","inLanguage":"pt-PT","@id":"https:\/\/portaltela.pt\/s.01k8rhncp4jt1\/2025\/11\/talking-bot-125x125.png","url":"https:\/\/portaltela.pt\/s.01k8rhncp4jt1\/2025\/11\/talking-bot-125x125.png","contentUrl":"https:\/\/portaltela.pt\/s.01k8rhncp4jt1\/2025\/11\/talking-bot-125x125.png","caption":"Telinha"},"sameAs":["https:\/\/portaltela.pt\/"],"url":"https:\/\/portaltela.pt\/por\/367410592786\/"}]}},"_links":{"self":[{"href":"https:\/\/portaltela.pt\/api\/wp\/v2\/posts\/424800","targetHints":{"allow":["GET"]}}],"collection":[{"href":"https:\/\/portaltela.pt\/api\/wp\/v2\/posts"}],"about":[{"href":"https:\/\/portaltela.pt\/api\/wp\/v2\/types\/post"}],"author":[{"embeddable":true,"href":"https:\/\/portaltela.pt\/api\/wp\/v2\/users\/2"}],"replies":[{"embeddable":true,"href":"https:\/\/portaltela.pt\/api\/wp\/v2\/comments?post=424800"}],"version-history":[{"count":0,"href":"https:\/\/portaltela.pt\/api\/wp\/v2\/posts\/424800\/revisions"}],"wp:featuredmedia":[{"embeddable":true,"href":"https:\/\/portaltela.pt\/api\/wp\/v2\/media\/424805"}],"wp:attachment":[{"href":"https:\/\/portaltela.pt\/api\/wp\/v2\/media?parent=424800"}],"wp:term":[{"taxonomy":"category","embeddable":true,"href":"https:\/\/portaltela.pt\/api\/wp\/v2\/categories?post=424800"},{"taxonomy":"post_tag","embeddable":true,"href":"https:\/\/portaltela.pt\/api\/wp\/v2\/tags?post=424800"}],"curies":[{"name":"wp","href":"https:\/\/api.w.org\/{rel}","templated":true}]}}