{"id":424794,"date":"2026-03-28T07:38:00","date_gmt":"2026-03-28T10:38:00","guid":{"rendered":"https:\/\/portaltela.pt\/noticias\/2026\/03\/28\/indonesia-restringe-acesso-de-menores-de-16-anos-as-redes-sociais\/"},"modified":"2026-03-28T07:38:00","modified_gmt":"2026-03-28T10:38:00","slug":"indonesia-restringe-acesso-de-menores-de-16-anos-as-redes-sociais","status":"publish","type":"post","link":"https:\/\/portaltela.pt\/tecnologia\/2026\/03\/28\/indonesia-restringe-acesso-de-menores-de-16-anos-as-redes-sociais\/","title":{"rendered":"Indon\u00e9sia restringe acesso de menores de 16 anos \u00e0s redes sociais"},"content":{"rendered":"<p>De acordo com a Lusa, a Indon\u00e9sia iniciou uma restri\u00e7\u00e3o ao acesso de menores de 16 anos a plataformas de redes sociais. A medida faz parte de uma iniciativa governamental de regula\u00e7\u00e3o digital dirigida a menores de idade.<\/p>\n<p>Segundo fontes oficiais, o objetivo \u00e9 proteger menores de conte\u00fados inadequados e reduzir intera\u00e7\u00f5es online inadequadas. A implementa\u00e7\u00e3o promete restringir o acesso a aplica\u00e7\u00f5es e servi\u00e7os de redes sociais para quem n\u00e3o atinja a idade limite.<\/p>\n<p>Ainda n\u00e3o foi divulgado um cronograma preciso para a entrada em vigor nem os detalhes operacionais da verifica\u00e7\u00e3o de idade. Autoridades relevantes ressaltam que a prioridade \u00e9 a seguran\u00e7a online de crian\u00e7as e jovens no pa\u00eds.<\/p>\n","protected":false},"excerpt":{"rendered":"<ul>\n<li>a Indon\u00e9sia come\u00e7ou a restringir o acesso \u00e0s redes sociais a menores de 16 anos.<\/li>\n<\/ul>\n","protected":false},"author":2,"featured_media":424797,"comment_status":"closed","ping_status":"closed","sticky":false,"template":"","format":"standard","meta":{"footnotes":""},"categories":[6716],"tags":[3953,1759,2181,2208,88,7393],"class_list":["post-424794","post","type-post","status-publish","format-standard","has-post-thumbnail","hentry","category-tecnologia","tag-criancas","tag-infancia","tag-protecao-de-menores","tag-protecao-de-privacidade","tag-redes-sociais","tag-seguranca-digital"],"yoast_head":"<!-- This site is optimized with the Yoast SEO plugin v27.2 - https:\/\/yoast.com\/product\/yoast-seo-wordpress\/ -->\n<title>Indon\u00e9sia restringe acesso de menores de 16 anos \u00e0s redes sociais - Portal Tela Portugal<\/title>\n<meta name=\"robots\" content=\"index, follow, max-snippet:-1, max-image-preview:large, max-video-preview:-1\" \/>\n<meta property=\"og:locale\" content=\"pt_PT\" \/>\n<meta property=\"og:type\" content=\"article\" \/>\n<meta property=\"og:title\" content=\"Indon\u00e9sia restringe acesso de menores de 16 anos \u00e0s redes sociais - Portal Tela Portugal\" \/>\n<meta property=\"og:description\" content=\"a Indon\u00e9sia come\u00e7ou a restringir o acesso \u00e0s redes sociais a menores de 16 anos.\" \/>\n<meta property=\"og:url\" content=\"https:\/\/portaltela.pt\/noticias\/2026\/03\/28\/indonesia-restringe-acesso-de-menores-de-16-anos-as-redes-sociais\/\" \/>\n<meta property=\"og:site_name\" content=\"Portal Tela Portugal\" \/>\n<meta property=\"article:published_time\" content=\"2026-03-28T10:38:00+00:00\" \/>\n<meta name=\"author\" content=\"Telinha\" \/>\n<meta name=\"twitter:card\" content=\"summary_large_image\" \/>\n<meta name=\"twitter:label1\" content=\"Escrito por\" \/>\n\t<meta name=\"twitter:data1\" content=\"Telinha\" \/>\n\t<meta name=\"twitter:label2\" content=\"Tempo estimado de leitura\" \/>\n\t<meta name=\"twitter:data2\" content=\"1 minuto\" \/>\n<script type=\"application\/ld+json\" class=\"yoast-schema-graph\">{\"@context\":\"https:\/\/schema.org\",\"@graph\":[{\"@type\":\"Article\",\"@id\":\"https:\/\/portaltela.pt\/noticias\/2026\/03\/28\/indonesia-restringe-acesso-de-menores-de-16-anos-as-redes-sociais\/#article\",\"isPartOf\":{\"@id\":\"https:\/\/portaltela.pt\/noticias\/2026\/03\/28\/indonesia-restringe-acesso-de-menores-de-16-anos-as-redes-sociais\/\"},\"author\":{\"name\":\"Telinha\",\"@id\":\"https:\/\/portaltela.pt\/#\/schema\/person\/c4278d4a6028830caff9ee44b42d32ed\"},\"headline\":\"Indon\u00e9sia restringe acesso de menores de 16 anos \u00e0s redes sociais\",\"datePublished\":\"2026-03-28T10:38:00+00:00\",\"mainEntityOfPage\":{\"@id\":\"https:\/\/portaltela.pt\/noticias\/2026\/03\/28\/indonesia-restringe-acesso-de-menores-de-16-anos-as-redes-sociais\/\"},\"wordCount\":132,\"image\":{\"@id\":\"https:\/\/portaltela.pt\/noticias\/2026\/03\/28\/indonesia-restringe-acesso-de-menores-de-16-anos-as-redes-sociais\/#primaryimage\"},\"thumbnailUrl\":\"https:\/\/portaltela.pt\/s.01k8rhncp4jt1\/2026\/03\/CACHE_780X1200_ANALOG_WATERMARKED_46840159_697363422072421.jpg\",\"keywords\":[\"crian\u00e7as\",\"inf\u00e2ncia\",\"prote\u00e7\u00e3o de menores\",\"prote\u00e7\u00e3o de privacidade\",\"redes sociais\",\"seguran\u00e7a digital\"],\"articleSection\":[\"Tecnologia\"],\"inLanguage\":\"pt-PT\"},{\"@type\":\"WebPage\",\"@id\":\"https:\/\/portaltela.pt\/noticias\/2026\/03\/28\/indonesia-restringe-acesso-de-menores-de-16-anos-as-redes-sociais\/\",\"url\":\"https:\/\/portaltela.pt\/noticias\/2026\/03\/28\/indonesia-restringe-acesso-de-menores-de-16-anos-as-redes-sociais\/\",\"name\":\"Indon\u00e9sia restringe acesso de menores de 16 anos \u00e0s redes sociais - Portal Tela Portugal\",\"isPartOf\":{\"@id\":\"https:\/\/portaltela.pt\/#website\"},\"primaryImageOfPage\":{\"@id\":\"https:\/\/portaltela.pt\/noticias\/2026\/03\/28\/indonesia-restringe-acesso-de-menores-de-16-anos-as-redes-sociais\/#primaryimage\"},\"image\":{\"@id\":\"https:\/\/portaltela.pt\/noticias\/2026\/03\/28\/indonesia-restringe-acesso-de-menores-de-16-anos-as-redes-sociais\/#primaryimage\"},\"thumbnailUrl\":\"https:\/\/portaltela.pt\/s.01k8rhncp4jt1\/2026\/03\/CACHE_780X1200_ANALOG_WATERMARKED_46840159_697363422072421.jpg\",\"datePublished\":\"2026-03-28T10:38:00+00:00\",\"author\":{\"@id\":\"https:\/\/portaltela.pt\/#\/schema\/person\/c4278d4a6028830caff9ee44b42d32ed\"},\"breadcrumb\":{\"@id\":\"https:\/\/portaltela.pt\/noticias\/2026\/03\/28\/indonesia-restringe-acesso-de-menores-de-16-anos-as-redes-sociais\/#breadcrumb\"},\"inLanguage\":\"pt-PT\",\"potentialAction\":[{\"@type\":\"ReadAction\",\"target\":[\"https:\/\/portaltela.pt\/noticias\/2026\/03\/28\/indonesia-restringe-acesso-de-menores-de-16-anos-as-redes-sociais\/\"]}]},{\"@type\":\"ImageObject\",\"inLanguage\":\"pt-PT\",\"@id\":\"https:\/\/portaltela.pt\/noticias\/2026\/03\/28\/indonesia-restringe-acesso-de-menores-de-16-anos-as-redes-sociais\/#primaryimage\",\"url\":\"https:\/\/portaltela.pt\/s.01k8rhncp4jt1\/2026\/03\/CACHE_780X1200_ANALOG_WATERMARKED_46840159_697363422072421.jpg\",\"contentUrl\":\"https:\/\/portaltela.pt\/s.01k8rhncp4jt1\/2026\/03\/CACHE_780X1200_ANALOG_WATERMARKED_46840159_697363422072421.jpg\",\"width\":796,\"height\":448,\"caption\":\"Indon\u00e9sia come\u00e7a a restringir acesso \u00e0s redes sociais a menores de 16 anos\"},{\"@type\":\"BreadcrumbList\",\"@id\":\"https:\/\/portaltela.pt\/noticias\/2026\/03\/28\/indonesia-restringe-acesso-de-menores-de-16-anos-as-redes-sociais\/#breadcrumb\",\"itemListElement\":[{\"@type\":\"ListItem\",\"position\":1,\"name\":\"In\u00edcio\",\"item\":\"https:\/\/portaltela.pt\/\"},{\"@type\":\"ListItem\",\"position\":2,\"name\":\"Indon\u00e9sia restringe acesso de menores de 16 anos \u00e0s redes sociais\"}]},{\"@type\":\"WebSite\",\"@id\":\"https:\/\/portaltela.pt\/#website\",\"url\":\"https:\/\/portaltela.pt\/\",\"name\":\"Portal Tela Portugal\",\"description\":\"\",\"potentialAction\":[{\"@type\":\"SearchAction\",\"target\":{\"@type\":\"EntryPoint\",\"urlTemplate\":\"https:\/\/portaltela.pt\/?s={search_term_string}\"},\"query-input\":{\"@type\":\"PropertyValueSpecification\",\"valueRequired\":true,\"valueName\":\"search_term_string\"}}],\"inLanguage\":\"pt-PT\"},{\"@type\":\"Person\",\"@id\":\"https:\/\/portaltela.pt\/#\/schema\/person\/c4278d4a6028830caff9ee44b42d32ed\",\"name\":\"Telinha\",\"image\":{\"@type\":\"ImageObject\",\"inLanguage\":\"pt-PT\",\"@id\":\"https:\/\/portaltela.pt\/s.01k8rhncp4jt1\/2025\/11\/talking-bot-125x125.png\",\"url\":\"https:\/\/portaltela.pt\/s.01k8rhncp4jt1\/2025\/11\/talking-bot-125x125.png\",\"contentUrl\":\"https:\/\/portaltela.pt\/s.01k8rhncp4jt1\/2025\/11\/talking-bot-125x125.png\",\"caption\":\"Telinha\"},\"sameAs\":[\"https:\/\/portaltela.pt\/\"],\"url\":\"https:\/\/portaltela.pt\/por\/367410592786\/\"}]}<\/script>\n<!-- \/ Yoast SEO plugin. -->","yoast_head_json":{"title":"Indon\u00e9sia restringe acesso de menores de 16 anos \u00e0s redes sociais - Portal Tela Portugal","robots":{"index":"index","follow":"follow","max-snippet":"max-snippet:-1","max-image-preview":"max-image-preview:large","max-video-preview":"max-video-preview:-1"},"og_locale":"pt_PT","og_type":"article","og_title":"Indon\u00e9sia restringe acesso de menores de 16 anos \u00e0s redes sociais - Portal Tela Portugal","og_description":"a Indon\u00e9sia come\u00e7ou a restringir o acesso \u00e0s redes sociais a menores de 16 anos.","og_url":"https:\/\/portaltela.pt\/noticias\/2026\/03\/28\/indonesia-restringe-acesso-de-menores-de-16-anos-as-redes-sociais\/","og_site_name":"Portal Tela Portugal","article_published_time":"2026-03-28T10:38:00+00:00","author":"Telinha","twitter_card":"summary_large_image","twitter_misc":{"Escrito por":"Telinha","Tempo estimado de leitura":"1 minuto"},"schema":{"@context":"https:\/\/schema.org","@graph":[{"@type":"Article","@id":"https:\/\/portaltela.pt\/noticias\/2026\/03\/28\/indonesia-restringe-acesso-de-menores-de-16-anos-as-redes-sociais\/#article","isPartOf":{"@id":"https:\/\/portaltela.pt\/noticias\/2026\/03\/28\/indonesia-restringe-acesso-de-menores-de-16-anos-as-redes-sociais\/"},"author":{"name":"Telinha","@id":"https:\/\/portaltela.pt\/#\/schema\/person\/c4278d4a6028830caff9ee44b42d32ed"},"headline":"Indon\u00e9sia restringe acesso de menores de 16 anos \u00e0s redes sociais","datePublished":"2026-03-28T10:38:00+00:00","mainEntityOfPage":{"@id":"https:\/\/portaltela.pt\/noticias\/2026\/03\/28\/indonesia-restringe-acesso-de-menores-de-16-anos-as-redes-sociais\/"},"wordCount":132,"image":{"@id":"https:\/\/portaltela.pt\/noticias\/2026\/03\/28\/indonesia-restringe-acesso-de-menores-de-16-anos-as-redes-sociais\/#primaryimage"},"thumbnailUrl":"https:\/\/portaltela.pt\/s.01k8rhncp4jt1\/2026\/03\/CACHE_780X1200_ANALOG_WATERMARKED_46840159_697363422072421.jpg","keywords":["crian\u00e7as","inf\u00e2ncia","prote\u00e7\u00e3o de menores","prote\u00e7\u00e3o de privacidade","redes sociais","seguran\u00e7a digital"],"articleSection":["Tecnologia"],"inLanguage":"pt-PT"},{"@type":"WebPage","@id":"https:\/\/portaltela.pt\/noticias\/2026\/03\/28\/indonesia-restringe-acesso-de-menores-de-16-anos-as-redes-sociais\/","url":"https:\/\/portaltela.pt\/noticias\/2026\/03\/28\/indonesia-restringe-acesso-de-menores-de-16-anos-as-redes-sociais\/","name":"Indon\u00e9sia restringe acesso de menores de 16 anos \u00e0s redes sociais - Portal Tela Portugal","isPartOf":{"@id":"https:\/\/portaltela.pt\/#website"},"primaryImageOfPage":{"@id":"https:\/\/portaltela.pt\/noticias\/2026\/03\/28\/indonesia-restringe-acesso-de-menores-de-16-anos-as-redes-sociais\/#primaryimage"},"image":{"@id":"https:\/\/portaltela.pt\/noticias\/2026\/03\/28\/indonesia-restringe-acesso-de-menores-de-16-anos-as-redes-sociais\/#primaryimage"},"thumbnailUrl":"https:\/\/portaltela.pt\/s.01k8rhncp4jt1\/2026\/03\/CACHE_780X1200_ANALOG_WATERMARKED_46840159_697363422072421.jpg","datePublished":"2026-03-28T10:38:00+00:00","author":{"@id":"https:\/\/portaltela.pt\/#\/schema\/person\/c4278d4a6028830caff9ee44b42d32ed"},"breadcrumb":{"@id":"https:\/\/portaltela.pt\/noticias\/2026\/03\/28\/indonesia-restringe-acesso-de-menores-de-16-anos-as-redes-sociais\/#breadcrumb"},"inLanguage":"pt-PT","potentialAction":[{"@type":"ReadAction","target":["https:\/\/portaltela.pt\/noticias\/2026\/03\/28\/indonesia-restringe-acesso-de-menores-de-16-anos-as-redes-sociais\/"]}]},{"@type":"ImageObject","inLanguage":"pt-PT","@id":"https:\/\/portaltela.pt\/noticias\/2026\/03\/28\/indonesia-restringe-acesso-de-menores-de-16-anos-as-redes-sociais\/#primaryimage","url":"https:\/\/portaltela.pt\/s.01k8rhncp4jt1\/2026\/03\/CACHE_780X1200_ANALOG_WATERMARKED_46840159_697363422072421.jpg","contentUrl":"https:\/\/portaltela.pt\/s.01k8rhncp4jt1\/2026\/03\/CACHE_780X1200_ANALOG_WATERMARKED_46840159_697363422072421.jpg","width":796,"height":448,"caption":"Indon\u00e9sia come\u00e7a a restringir acesso \u00e0s redes sociais a menores de 16 anos"},{"@type":"BreadcrumbList","@id":"https:\/\/portaltela.pt\/noticias\/2026\/03\/28\/indonesia-restringe-acesso-de-menores-de-16-anos-as-redes-sociais\/#breadcrumb","itemListElement":[{"@type":"ListItem","position":1,"name":"In\u00edcio","item":"https:\/\/portaltela.pt\/"},{"@type":"ListItem","position":2,"name":"Indon\u00e9sia restringe acesso de menores de 16 anos \u00e0s redes sociais"}]},{"@type":"WebSite","@id":"https:\/\/portaltela.pt\/#website","url":"https:\/\/portaltela.pt\/","name":"Portal Tela Portugal","description":"","potentialAction":[{"@type":"SearchAction","target":{"@type":"EntryPoint","urlTemplate":"https:\/\/portaltela.pt\/?s={search_term_string}"},"query-input":{"@type":"PropertyValueSpecification","valueRequired":true,"valueName":"search_term_string"}}],"inLanguage":"pt-PT"},{"@type":"Person","@id":"https:\/\/portaltela.pt\/#\/schema\/person\/c4278d4a6028830caff9ee44b42d32ed","name":"Telinha","image":{"@type":"ImageObject","inLanguage":"pt-PT","@id":"https:\/\/portaltela.pt\/s.01k8rhncp4jt1\/2025\/11\/talking-bot-125x125.png","url":"https:\/\/portaltela.pt\/s.01k8rhncp4jt1\/2025\/11\/talking-bot-125x125.png","contentUrl":"https:\/\/portaltela.pt\/s.01k8rhncp4jt1\/2025\/11\/talking-bot-125x125.png","caption":"Telinha"},"sameAs":["https:\/\/portaltela.pt\/"],"url":"https:\/\/portaltela.pt\/por\/367410592786\/"}]}},"_links":{"self":[{"href":"https:\/\/portaltela.pt\/api\/wp\/v2\/posts\/424794","targetHints":{"allow":["GET"]}}],"collection":[{"href":"https:\/\/portaltela.pt\/api\/wp\/v2\/posts"}],"about":[{"href":"https:\/\/portaltela.pt\/api\/wp\/v2\/types\/post"}],"author":[{"embeddable":true,"href":"https:\/\/portaltela.pt\/api\/wp\/v2\/users\/2"}],"replies":[{"embeddable":true,"href":"https:\/\/portaltela.pt\/api\/wp\/v2\/comments?post=424794"}],"version-history":[{"count":0,"href":"https:\/\/portaltela.pt\/api\/wp\/v2\/posts\/424794\/revisions"}],"wp:featuredmedia":[{"embeddable":true,"href":"https:\/\/portaltela.pt\/api\/wp\/v2\/media\/424797"}],"wp:attachment":[{"href":"https:\/\/portaltela.pt\/api\/wp\/v2\/media?parent=424794"}],"wp:term":[{"taxonomy":"category","embeddable":true,"href":"https:\/\/portaltela.pt\/api\/wp\/v2\/categories?post=424794"},{"taxonomy":"post_tag","embeddable":true,"href":"https:\/\/portaltela.pt\/api\/wp\/v2\/tags?post=424794"}],"curies":[{"name":"wp","href":"https:\/\/api.w.org\/{rel}","templated":true}]}}