{"id":424789,"date":"2026-03-28T07:42:00","date_gmt":"2026-03-28T10:42:00","guid":{"rendered":"https:\/\/portaltela.pt\/noticias\/2026\/03\/28\/dua-2-0-e-a-primeira-ia-a-falar-crioulos-e-apoiar-criadores-lusofonos\/"},"modified":"2026-03-28T07:42:00","modified_gmt":"2026-03-28T10:42:00","slug":"dua-2-0-e-a-primeira-ia-a-falar-crioulos-e-apoiar-criadores-lusofonos","status":"publish","type":"post","link":"https:\/\/portaltela.pt\/tecnologia\/2026\/03\/28\/dua-2-0-e-a-primeira-ia-a-falar-crioulos-e-apoiar-criadores-lusofonos\/","title":{"rendered":"DUA 2.0 \u00e9 a primeira IA a falar crioulos e apoiar criadores lus\u00f3fonos"},"content":{"rendered":"<p>A DUA 2.0 mostra-se como a primeira Intelig\u00eancia Artificial criativa portuguesa p\u00fablica que fala crioulos caboverdianos e guineenses, ampliando a liga\u00e7\u00e3o entre tecnologia e heran\u00e7a cultural lus\u00f3fona. Lan\u00e7ada a 17 de mar\u00e7o, a plataforma foi desenvolvida pelo artista Carlos Guedes entre dezembro de 2024 e janeiro de 2025.<\/p>\n<p>A equipa da 2 Lados explica que a ferramenta processa refer\u00eancias locais e contexto cultural sem depender de intermedi\u00e1rios lingu\u00edsticos, comunicando-se de forma aut\u00eantica. A DUA serve uma comunidade de mais de 300 milh\u00f5es de falantes que at\u00e9 agora ficou fora das revolu\u00e7\u00f5es da IA.<\/p>\n<p>A DUA comunica nos crioulos da Guin\u00e9-Bissau e de Cabo Verde e assume a identidade de uma mulher negra. O objetivo \u00e9 alcan\u00e7ar comunidades tradicionalmente marginalizadas nas evolu\u00e7\u00f5es tecnol\u00f3gicas, segundo explicou Rui Santos, membro da equipa.<\/p>\n<p>A plataforma nasceu no bairro social da Cruz Vermelha, em Lisboa, com a miss\u00e3o de descentralizar o controlo cultural dos grandes players da IA e das grandes editoras. O projeto pretende aproximar o p\u00fablico lus\u00f3fono da tecnologia.<\/p>\n<p>A DUA 2.0 integra v\u00e1rias ferramentas: um est\u00fadio de m\u00fasica orientado para cria\u00e7\u00e3o com IA, um est\u00fadio de design com cerca de 16 ferramentas e um m\u00f3dulo de marketing. Existe ainda uma vertente de backstage para apoiar artistas independentes na gest\u00e3o da carreira.<\/p>\n<p>A equipa sublinha uma fus\u00e3o entre linguagem lus\u00f3fona, urbanidade e conte\u00fados nos crioulos, orientada para uma leitura acess\u00edvel e inclusiva. A DUA tem como foco a evolu\u00e7\u00e3o cont\u00ednua atrav\u00e9s de conte\u00fados coletados na internet e em intera\u00e7\u00f5es reais nos dialetos crioulos.<\/p>\n<p>No momento, a IA \u00e9 especializada no crioulo cabo-verdiano da ilha de Santiago, com perspetiva de expans\u00e3o para o crioulo de S\u00e3o Vicente. A 2 Lados est\u00e1 em negocia\u00e7\u00f5es com o Minist\u00e9rio da Educa\u00e7\u00e3o de Cabo Verde para integrar conte\u00fados e melhorar capacidades lingu\u00edsticas.<\/p>\n<p>Um aspeto distintivo \u00e9 a metacogni\u00e7\u00e3o: a DUA questiona as intera\u00e7\u00f5es e reflete sobre aquilo que \u00e9 correto ou errado. Diariamente, a IA regista um di\u00e1rio no site oficial, oferecendo uma reflex\u00e3o sobre o que aprendeu, de forma automatizada.<\/p>\n<p>Segundo os promotores, as opini\u00f5es s\u00e3o geradas pela m\u00e1quina de forma aut\u00f3noma, sem emo\u00e7\u00f5es, e refletem um processo de aprendizagem cont\u00ednua em linha com a internet. A equipa sublinha a import\u00e2ncia da transpar\u00eancia no funcionamento da IA.<\/p>\n<p>Quanto \u00e0 \u00e9tica e aos direitos de autor, Rui Santos refere que houve evolu\u00e7\u00e3o relevante: grandes editoras passaram a adquirir quotas de plataformas de IA para obter autoriza\u00e7\u00e3o de uso de vozes, ajustando assim as regras de aprendizagem das m\u00e1quinas. A DUA afirma proteger direitos de artistas e evitar o ensino de vozes sem autoriza\u00e7\u00e3o.<\/p>\n","protected":false},"excerpt":{"rendered":"<ul>\n<li>A DUA 2.0 \u00e9 a primeira Intelig\u00eancia Artificial criativa portuguesa dispon\u00edvel ao p\u00fablico que fala os crioulos cabo-verdiano e guineense, centrada na lusofonia e na heran\u00e7a cultural.<\/li>\n<li>Lan\u00e7ada a 17 de mar\u00e7o, a plataforma foi criada pelo artista Carlos Guedes, entre dezembro de 2024 e janeiro de 2025, visando a acessibilidade da IA a criadores lus\u00f3fonos.<\/li>\n<li>A ferramenta processa refer\u00eancias locais e contexto cultural em crioulo, comunicando de forma aut\u00eantica, com foco numa comunidade de mais de 300 milh\u00f5es de falantes.<\/li>\n<li>Possui est\u00fadio de m\u00fasica, est\u00fadio de design com cerca de 16 ferramentas, ferramentas de marketing e um backstage para apoiar artistas independentes na gest\u00e3o e divulga\u00e7\u00e3o.<\/li>\n<li>A DUA 2.0 trabalha atualmente com crioulo cabo-verdiano da ilha de Santiago, com perspetiva de expandir para S\u00e3o Vicente; h\u00e1 conversa\u00e7\u00f5es com o Minist\u00e9rio da Educa\u00e7\u00e3o de Cabo Verde para conte\u00fados e aperfei\u00e7oamento lingu\u00edstico, e utiliza di\u00e1rios de reflex\u00e3o sobre as intera\u00e7\u00f5es para promover a metacogni\u00e7\u00e3o.<\/li>\n<\/ul>\n","protected":false},"author":2,"featured_media":424792,"comment_status":"closed","ping_status":"closed","sticky":false,"template":"","format":"standard","meta":{"footnotes":""},"categories":[1,6716],"tags":[145,51,6565,122,1014,153],"class_list":["post-424789","post","type-post","status-publish","format-standard","has-post-thumbnail","hentry","category-noticias","category-tecnologia","tag-cultura","tag-inteligencia-artificial","tag-lingua","tag-musica","tag-portugal","tag-tecnologia"],"yoast_head":"<!-- This site is optimized with the Yoast SEO plugin v27.2 - https:\/\/yoast.com\/product\/yoast-seo-wordpress\/ -->\n<title>DUA 2.0 \u00e9 a primeira IA a falar crioulos e apoiar criadores lus\u00f3fonos - Portal Tela Portugal<\/title>\n<meta name=\"robots\" content=\"index, follow, max-snippet:-1, max-image-preview:large, max-video-preview:-1\" \/>\n<meta property=\"og:locale\" content=\"pt_PT\" \/>\n<meta property=\"og:type\" content=\"article\" \/>\n<meta property=\"og:title\" content=\"DUA 2.0 \u00e9 a primeira IA a falar crioulos e apoiar criadores lus\u00f3fonos - Portal Tela Portugal\" \/>\n<meta property=\"og:description\" content=\"A DUA 2.0 \u00e9 a primeira Intelig\u00eancia Artificial criativa portuguesa dispon\u00edvel ao p\u00fablico que fala os crioulos cabo-verdiano e guineense, centrada na lusofonia e na heran\u00e7a cultural. Lan\u00e7ada a 17 de mar\u00e7o, a plataforma foi criada pelo artista Carlos Guedes, entre dezembro de 2024 e janeiro de 2025, visando a acessibilidade da IA a criadores lus\u00f3fonos. A ferramenta processa refer\u00eancias locais e contexto cultural em crioulo, comunicando de forma aut\u00eantica, com foco numa comunidade de mais de 300 milh\u00f5es de falantes. Possui est\u00fadio de m\u00fasica, est\u00fadio de design com cerca de 16 ferramentas, ferramentas de marketing e um backstage para apoiar artistas independentes na gest\u00e3o e divulga\u00e7\u00e3o. A DUA 2.0 trabalha atualmente com crioulo cabo-verdiano da ilha de Santiago, com perspetiva de expandir para S\u00e3o Vicente; h\u00e1 conversa\u00e7\u00f5es com o Minist\u00e9rio da Educa\u00e7\u00e3o de Cabo Verde para conte\u00fados e aperfei\u00e7oamento lingu\u00edstico, e utiliza di\u00e1rios de reflex\u00e3o sobre as intera\u00e7\u00f5es para promover a metacogni\u00e7\u00e3o.\" \/>\n<meta property=\"og:url\" content=\"https:\/\/portaltela.pt\/noticias\/2026\/03\/28\/dua-2-0-e-a-primeira-ia-a-falar-crioulos-e-apoiar-criadores-lusofonos\/\" \/>\n<meta property=\"og:site_name\" content=\"Portal Tela Portugal\" \/>\n<meta property=\"article:published_time\" content=\"2026-03-28T10:42:00+00:00\" \/>\n<meta name=\"author\" content=\"Telinha\" \/>\n<meta name=\"twitter:card\" content=\"summary_large_image\" \/>\n<meta name=\"twitter:label1\" content=\"Escrito por\" \/>\n\t<meta name=\"twitter:data1\" content=\"Telinha\" \/>\n\t<meta name=\"twitter:label2\" content=\"Tempo estimado de leitura\" \/>\n\t<meta name=\"twitter:data2\" content=\"2 minutos\" \/>\n<script type=\"application\/ld+json\" class=\"yoast-schema-graph\">{\"@context\":\"https:\/\/schema.org\",\"@graph\":[{\"@type\":\"Article\",\"@id\":\"https:\/\/portaltela.pt\/noticias\/2026\/03\/28\/dua-2-0-e-a-primeira-ia-a-falar-crioulos-e-apoiar-criadores-lusofonos\/#article\",\"isPartOf\":{\"@id\":\"https:\/\/portaltela.pt\/noticias\/2026\/03\/28\/dua-2-0-e-a-primeira-ia-a-falar-crioulos-e-apoiar-criadores-lusofonos\/\"},\"author\":{\"name\":\"Telinha\",\"@id\":\"https:\/\/portaltela.pt\/#\/schema\/person\/c4278d4a6028830caff9ee44b42d32ed\"},\"headline\":\"DUA 2.0 \u00e9 a primeira IA a falar crioulos e apoiar criadores lus\u00f3fonos\",\"datePublished\":\"2026-03-28T10:42:00+00:00\",\"mainEntityOfPage\":{\"@id\":\"https:\/\/portaltela.pt\/noticias\/2026\/03\/28\/dua-2-0-e-a-primeira-ia-a-falar-crioulos-e-apoiar-criadores-lusofonos\/\"},\"wordCount\":482,\"image\":{\"@id\":\"https:\/\/portaltela.pt\/noticias\/2026\/03\/28\/dua-2-0-e-a-primeira-ia-a-falar-crioulos-e-apoiar-criadores-lusofonos\/#primaryimage\"},\"thumbnailUrl\":\"https:\/\/portaltela.pt\/s.01k8rhncp4jt1\/2026\/03\/image-1658.jpg\",\"keywords\":[\"cultura\",\"intelig\u00eancia artificial\",\"l\u00edngua\",\"m\u00fasica\",\"Portugal\",\"tecnologia\"],\"articleSection\":[\"Not\u00edcias\",\"Tecnologia\"],\"inLanguage\":\"pt-PT\"},{\"@type\":\"WebPage\",\"@id\":\"https:\/\/portaltela.pt\/noticias\/2026\/03\/28\/dua-2-0-e-a-primeira-ia-a-falar-crioulos-e-apoiar-criadores-lusofonos\/\",\"url\":\"https:\/\/portaltela.pt\/noticias\/2026\/03\/28\/dua-2-0-e-a-primeira-ia-a-falar-crioulos-e-apoiar-criadores-lusofonos\/\",\"name\":\"DUA 2.0 \u00e9 a primeira IA a falar crioulos e apoiar criadores lus\u00f3fonos - Portal Tela Portugal\",\"isPartOf\":{\"@id\":\"https:\/\/portaltela.pt\/#website\"},\"primaryImageOfPage\":{\"@id\":\"https:\/\/portaltela.pt\/noticias\/2026\/03\/28\/dua-2-0-e-a-primeira-ia-a-falar-crioulos-e-apoiar-criadores-lusofonos\/#primaryimage\"},\"image\":{\"@id\":\"https:\/\/portaltela.pt\/noticias\/2026\/03\/28\/dua-2-0-e-a-primeira-ia-a-falar-crioulos-e-apoiar-criadores-lusofonos\/#primaryimage\"},\"thumbnailUrl\":\"https:\/\/portaltela.pt\/s.01k8rhncp4jt1\/2026\/03\/image-1658.jpg\",\"datePublished\":\"2026-03-28T10:42:00+00:00\",\"author\":{\"@id\":\"https:\/\/portaltela.pt\/#\/schema\/person\/c4278d4a6028830caff9ee44b42d32ed\"},\"breadcrumb\":{\"@id\":\"https:\/\/portaltela.pt\/noticias\/2026\/03\/28\/dua-2-0-e-a-primeira-ia-a-falar-crioulos-e-apoiar-criadores-lusofonos\/#breadcrumb\"},\"inLanguage\":\"pt-PT\",\"potentialAction\":[{\"@type\":\"ReadAction\",\"target\":[\"https:\/\/portaltela.pt\/noticias\/2026\/03\/28\/dua-2-0-e-a-primeira-ia-a-falar-crioulos-e-apoiar-criadores-lusofonos\/\"]}]},{\"@type\":\"ImageObject\",\"inLanguage\":\"pt-PT\",\"@id\":\"https:\/\/portaltela.pt\/noticias\/2026\/03\/28\/dua-2-0-e-a-primeira-ia-a-falar-crioulos-e-apoiar-criadores-lusofonos\/#primaryimage\",\"url\":\"https:\/\/portaltela.pt\/s.01k8rhncp4jt1\/2026\/03\/image-1658.jpg\",\"contentUrl\":\"https:\/\/portaltela.pt\/s.01k8rhncp4jt1\/2026\/03\/image-1658.jpg\",\"width\":796,\"height\":448,\"caption\":\"A IA \u00e9 especializada no crioulo cabo-verdiano da ilha de Santiago\"},{\"@type\":\"BreadcrumbList\",\"@id\":\"https:\/\/portaltela.pt\/noticias\/2026\/03\/28\/dua-2-0-e-a-primeira-ia-a-falar-crioulos-e-apoiar-criadores-lusofonos\/#breadcrumb\",\"itemListElement\":[{\"@type\":\"ListItem\",\"position\":1,\"name\":\"In\u00edcio\",\"item\":\"https:\/\/portaltela.pt\/\"},{\"@type\":\"ListItem\",\"position\":2,\"name\":\"DUA 2.0 \u00e9 a primeira IA a falar crioulos e apoiar criadores lus\u00f3fonos\"}]},{\"@type\":\"WebSite\",\"@id\":\"https:\/\/portaltela.pt\/#website\",\"url\":\"https:\/\/portaltela.pt\/\",\"name\":\"Portal Tela Portugal\",\"description\":\"\",\"potentialAction\":[{\"@type\":\"SearchAction\",\"target\":{\"@type\":\"EntryPoint\",\"urlTemplate\":\"https:\/\/portaltela.pt\/?s={search_term_string}\"},\"query-input\":{\"@type\":\"PropertyValueSpecification\",\"valueRequired\":true,\"valueName\":\"search_term_string\"}}],\"inLanguage\":\"pt-PT\"},{\"@type\":\"Person\",\"@id\":\"https:\/\/portaltela.pt\/#\/schema\/person\/c4278d4a6028830caff9ee44b42d32ed\",\"name\":\"Telinha\",\"image\":{\"@type\":\"ImageObject\",\"inLanguage\":\"pt-PT\",\"@id\":\"https:\/\/portaltela.pt\/s.01k8rhncp4jt1\/2025\/11\/talking-bot-125x125.png\",\"url\":\"https:\/\/portaltela.pt\/s.01k8rhncp4jt1\/2025\/11\/talking-bot-125x125.png\",\"contentUrl\":\"https:\/\/portaltela.pt\/s.01k8rhncp4jt1\/2025\/11\/talking-bot-125x125.png\",\"caption\":\"Telinha\"},\"sameAs\":[\"https:\/\/portaltela.pt\/\"],\"url\":\"https:\/\/portaltela.pt\/por\/367410592786\/\"}]}<\/script>\n<!-- \/ Yoast SEO plugin. -->","yoast_head_json":{"title":"DUA 2.0 \u00e9 a primeira IA a falar crioulos e apoiar criadores lus\u00f3fonos - Portal Tela Portugal","robots":{"index":"index","follow":"follow","max-snippet":"max-snippet:-1","max-image-preview":"max-image-preview:large","max-video-preview":"max-video-preview:-1"},"og_locale":"pt_PT","og_type":"article","og_title":"DUA 2.0 \u00e9 a primeira IA a falar crioulos e apoiar criadores lus\u00f3fonos - Portal Tela Portugal","og_description":"A DUA 2.0 \u00e9 a primeira Intelig\u00eancia Artificial criativa portuguesa dispon\u00edvel ao p\u00fablico que fala os crioulos cabo-verdiano e guineense, centrada na lusofonia e na heran\u00e7a cultural. Lan\u00e7ada a 17 de mar\u00e7o, a plataforma foi criada pelo artista Carlos Guedes, entre dezembro de 2024 e janeiro de 2025, visando a acessibilidade da IA a criadores lus\u00f3fonos. A ferramenta processa refer\u00eancias locais e contexto cultural em crioulo, comunicando de forma aut\u00eantica, com foco numa comunidade de mais de 300 milh\u00f5es de falantes. Possui est\u00fadio de m\u00fasica, est\u00fadio de design com cerca de 16 ferramentas, ferramentas de marketing e um backstage para apoiar artistas independentes na gest\u00e3o e divulga\u00e7\u00e3o. A DUA 2.0 trabalha atualmente com crioulo cabo-verdiano da ilha de Santiago, com perspetiva de expandir para S\u00e3o Vicente; h\u00e1 conversa\u00e7\u00f5es com o Minist\u00e9rio da Educa\u00e7\u00e3o de Cabo Verde para conte\u00fados e aperfei\u00e7oamento lingu\u00edstico, e utiliza di\u00e1rios de reflex\u00e3o sobre as intera\u00e7\u00f5es para promover a metacogni\u00e7\u00e3o.","og_url":"https:\/\/portaltela.pt\/noticias\/2026\/03\/28\/dua-2-0-e-a-primeira-ia-a-falar-crioulos-e-apoiar-criadores-lusofonos\/","og_site_name":"Portal Tela Portugal","article_published_time":"2026-03-28T10:42:00+00:00","author":"Telinha","twitter_card":"summary_large_image","twitter_misc":{"Escrito por":"Telinha","Tempo estimado de leitura":"2 minutos"},"schema":{"@context":"https:\/\/schema.org","@graph":[{"@type":"Article","@id":"https:\/\/portaltela.pt\/noticias\/2026\/03\/28\/dua-2-0-e-a-primeira-ia-a-falar-crioulos-e-apoiar-criadores-lusofonos\/#article","isPartOf":{"@id":"https:\/\/portaltela.pt\/noticias\/2026\/03\/28\/dua-2-0-e-a-primeira-ia-a-falar-crioulos-e-apoiar-criadores-lusofonos\/"},"author":{"name":"Telinha","@id":"https:\/\/portaltela.pt\/#\/schema\/person\/c4278d4a6028830caff9ee44b42d32ed"},"headline":"DUA 2.0 \u00e9 a primeira IA a falar crioulos e apoiar criadores lus\u00f3fonos","datePublished":"2026-03-28T10:42:00+00:00","mainEntityOfPage":{"@id":"https:\/\/portaltela.pt\/noticias\/2026\/03\/28\/dua-2-0-e-a-primeira-ia-a-falar-crioulos-e-apoiar-criadores-lusofonos\/"},"wordCount":482,"image":{"@id":"https:\/\/portaltela.pt\/noticias\/2026\/03\/28\/dua-2-0-e-a-primeira-ia-a-falar-crioulos-e-apoiar-criadores-lusofonos\/#primaryimage"},"thumbnailUrl":"https:\/\/portaltela.pt\/s.01k8rhncp4jt1\/2026\/03\/image-1658.jpg","keywords":["cultura","intelig\u00eancia artificial","l\u00edngua","m\u00fasica","Portugal","tecnologia"],"articleSection":["Not\u00edcias","Tecnologia"],"inLanguage":"pt-PT"},{"@type":"WebPage","@id":"https:\/\/portaltela.pt\/noticias\/2026\/03\/28\/dua-2-0-e-a-primeira-ia-a-falar-crioulos-e-apoiar-criadores-lusofonos\/","url":"https:\/\/portaltela.pt\/noticias\/2026\/03\/28\/dua-2-0-e-a-primeira-ia-a-falar-crioulos-e-apoiar-criadores-lusofonos\/","name":"DUA 2.0 \u00e9 a primeira IA a falar crioulos e apoiar criadores lus\u00f3fonos - Portal Tela Portugal","isPartOf":{"@id":"https:\/\/portaltela.pt\/#website"},"primaryImageOfPage":{"@id":"https:\/\/portaltela.pt\/noticias\/2026\/03\/28\/dua-2-0-e-a-primeira-ia-a-falar-crioulos-e-apoiar-criadores-lusofonos\/#primaryimage"},"image":{"@id":"https:\/\/portaltela.pt\/noticias\/2026\/03\/28\/dua-2-0-e-a-primeira-ia-a-falar-crioulos-e-apoiar-criadores-lusofonos\/#primaryimage"},"thumbnailUrl":"https:\/\/portaltela.pt\/s.01k8rhncp4jt1\/2026\/03\/image-1658.jpg","datePublished":"2026-03-28T10:42:00+00:00","author":{"@id":"https:\/\/portaltela.pt\/#\/schema\/person\/c4278d4a6028830caff9ee44b42d32ed"},"breadcrumb":{"@id":"https:\/\/portaltela.pt\/noticias\/2026\/03\/28\/dua-2-0-e-a-primeira-ia-a-falar-crioulos-e-apoiar-criadores-lusofonos\/#breadcrumb"},"inLanguage":"pt-PT","potentialAction":[{"@type":"ReadAction","target":["https:\/\/portaltela.pt\/noticias\/2026\/03\/28\/dua-2-0-e-a-primeira-ia-a-falar-crioulos-e-apoiar-criadores-lusofonos\/"]}]},{"@type":"ImageObject","inLanguage":"pt-PT","@id":"https:\/\/portaltela.pt\/noticias\/2026\/03\/28\/dua-2-0-e-a-primeira-ia-a-falar-crioulos-e-apoiar-criadores-lusofonos\/#primaryimage","url":"https:\/\/portaltela.pt\/s.01k8rhncp4jt1\/2026\/03\/image-1658.jpg","contentUrl":"https:\/\/portaltela.pt\/s.01k8rhncp4jt1\/2026\/03\/image-1658.jpg","width":796,"height":448,"caption":"A IA \u00e9 especializada no crioulo cabo-verdiano da ilha de Santiago"},{"@type":"BreadcrumbList","@id":"https:\/\/portaltela.pt\/noticias\/2026\/03\/28\/dua-2-0-e-a-primeira-ia-a-falar-crioulos-e-apoiar-criadores-lusofonos\/#breadcrumb","itemListElement":[{"@type":"ListItem","position":1,"name":"In\u00edcio","item":"https:\/\/portaltela.pt\/"},{"@type":"ListItem","position":2,"name":"DUA 2.0 \u00e9 a primeira IA a falar crioulos e apoiar criadores lus\u00f3fonos"}]},{"@type":"WebSite","@id":"https:\/\/portaltela.pt\/#website","url":"https:\/\/portaltela.pt\/","name":"Portal Tela Portugal","description":"","potentialAction":[{"@type":"SearchAction","target":{"@type":"EntryPoint","urlTemplate":"https:\/\/portaltela.pt\/?s={search_term_string}"},"query-input":{"@type":"PropertyValueSpecification","valueRequired":true,"valueName":"search_term_string"}}],"inLanguage":"pt-PT"},{"@type":"Person","@id":"https:\/\/portaltela.pt\/#\/schema\/person\/c4278d4a6028830caff9ee44b42d32ed","name":"Telinha","image":{"@type":"ImageObject","inLanguage":"pt-PT","@id":"https:\/\/portaltela.pt\/s.01k8rhncp4jt1\/2025\/11\/talking-bot-125x125.png","url":"https:\/\/portaltela.pt\/s.01k8rhncp4jt1\/2025\/11\/talking-bot-125x125.png","contentUrl":"https:\/\/portaltela.pt\/s.01k8rhncp4jt1\/2025\/11\/talking-bot-125x125.png","caption":"Telinha"},"sameAs":["https:\/\/portaltela.pt\/"],"url":"https:\/\/portaltela.pt\/por\/367410592786\/"}]}},"_links":{"self":[{"href":"https:\/\/portaltela.pt\/api\/wp\/v2\/posts\/424789","targetHints":{"allow":["GET"]}}],"collection":[{"href":"https:\/\/portaltela.pt\/api\/wp\/v2\/posts"}],"about":[{"href":"https:\/\/portaltela.pt\/api\/wp\/v2\/types\/post"}],"author":[{"embeddable":true,"href":"https:\/\/portaltela.pt\/api\/wp\/v2\/users\/2"}],"replies":[{"embeddable":true,"href":"https:\/\/portaltela.pt\/api\/wp\/v2\/comments?post=424789"}],"version-history":[{"count":0,"href":"https:\/\/portaltela.pt\/api\/wp\/v2\/posts\/424789\/revisions"}],"wp:featuredmedia":[{"embeddable":true,"href":"https:\/\/portaltela.pt\/api\/wp\/v2\/media\/424792"}],"wp:attachment":[{"href":"https:\/\/portaltela.pt\/api\/wp\/v2\/media?parent=424789"}],"wp:term":[{"taxonomy":"category","embeddable":true,"href":"https:\/\/portaltela.pt\/api\/wp\/v2\/categories?post=424789"},{"taxonomy":"post_tag","embeddable":true,"href":"https:\/\/portaltela.pt\/api\/wp\/v2\/tags?post=424789"}],"curies":[{"name":"wp","href":"https:\/\/api.w.org\/{rel}","templated":true}]}}