{"id":424778,"date":"2026-03-28T07:28:00","date_gmt":"2026-03-28T10:28:00","guid":{"rendered":"https:\/\/portaltela.pt\/noticias\/2026\/03\/28\/papa-leao-exorta-monaco-paraiso-fiscal-dos-milionarios-a-ajudar-os-necessitados\/"},"modified":"2026-03-28T07:28:00","modified_gmt":"2026-03-28T10:28:00","slug":"papa-leao-exorta-monaco-paraiso-fiscal-dos-milionarios-a-ajudar-os-necessitados","status":"publish","type":"post","link":"https:\/\/portaltela.pt\/sociedade\/2026\/03\/28\/papa-leao-exorta-monaco-paraiso-fiscal-dos-milionarios-a-ajudar-os-necessitados\/","title":{"rendered":"Papa Le\u00e3o exorta M\u00f3naco, para\u00edso fiscal dos milion\u00e1rios a ajudar os necessitados"},"content":{"rendered":"<p>O Papa Le\u00e3o XIV realizou hoje uma rara visita ao M\u00f3naco, o enclave\u0301o mediterr\u00e2nico conhecido pela riqueza e pelos iates de luxo. A sua desloca\u00e7\u00e3o, que marca a primeira visita de um Papa ao principado em quase cinco s\u00e9culos, decorreu ap\u00f3s um voo de helic\u00f3ptero a partir do Vaticano.<\/p>\n<p>Acompanhado pela comitiva vaticana, o Pont\u00edfice reuniu-se com o pr\u00edncipe Alberto II, chefe de Estado do M\u00f3naco. A cerim\u00f3nia ocorreu na resid\u00eancia oficial do principado, situada numa fortaleza medieval com vista para o Mar Mediterr\u00e2neo.<\/p>\n<p>Le\u00e3o XIV apelou aos residentes ricos do M\u00f3naco para partilharem a prosperidade com os menos favorecidos. O discurso sublinhou a obriga\u00e7\u00e3o moral de transformar a riqueza em benef\u00edcio para a comunidade, sem causarem desigualdade.<\/p>\n<h3>Contexto financeiro e social<\/h3>\n<p>O M\u00f3naco \u00e9 conhecido pela baixa tributa\u00e7\u00e3o e pela elevada concentra\u00e7\u00e3o de rendimentos, sendo um dos menores estados do mundo. O Papa referiu-se \u00e0 responsabilidade social associada \u00e0 riqueza, defendendo a\u00e7\u00f5es que promovam justi\u00e7a e bem-estar coletivo.<\/p>\n<p>A visita do Papa ao M\u00f3naco \u00e9 apenas o in\u00edcio de uma agenda de viagens para este ano. Em abril, Le\u00e3o XIV dever\u00e1 realizar uma digress\u00e3o por quatro pa\u00edses africanos, enquanto em junho parte para uma semana de visitas de Estado em Espanha.<\/p>\n<p>Apesar de Portugal n\u00e3o estar na sua agenda oficial, o n\u00fancio apost\u00f3lico em Lisboa indicou que a visita a Portugal \u00e9 poss\u00edvel no futuro, mantendo-se em aberto a confirma\u00e7\u00e3o de datas.<\/p>\n","protected":false},"excerpt":{"rendered":"<ul>\n<li>O Papa Le\u00e3o XIV tornou-se no primeiro sumo pont\u00edfice em quase cinco s\u00e9culos a visitar o M\u00f3naco, conhecido como ref\u00fagio de milion\u00e1rios na Riviera francesa.<\/li>\n<li>Reuniu-se com o pr\u00edncipe Alberto II e exortou os residentes ricos a partilhar a prosperidade para ajudar os necessitados.<\/li>\n<li>Chegou ao M\u00f3naco ap\u00f3s um voo de helic\u00f3ptero do Vaticano e discursou na resid\u00eancia oficial do chefe de Estado, fortaleza com vista para o Mediterr\u00e2neo.<\/li>\n<li>O Papa enfatizou que tudo o que \u00e9 colocado nas m\u00e3os dos ricos tem de ser partilhado para promover a justi\u00e7a e o bem-estar de todos.<\/li>\n<li>A visita \u00e9 apenas a segunda fora de It\u00e1lia para o Papa Le\u00e3o XIV; t\u00eam previstas viagens a \u00c1frica em abril e a Espanha em junho.<\/li>\n<\/ul>\n","protected":false},"author":2,"featured_media":424782,"comment_status":"closed","ping_status":"closed","sticky":false,"template":"","format":"standard","meta":{"footnotes":""},"categories":[7384,6871],"tags":[28,4982,102,6642,2832,104],"class_list":["post-424778","post","type-post","status-publish","format-standard","has-post-thumbnail","hentry","category-curiosidades","category-sociedade","tag-economia","tag-filantropia","tag-igreja","tag-pobreza","tag-politica","tag-religiao"],"yoast_head":"<!-- This site is optimized with the Yoast SEO plugin v27.2 - https:\/\/yoast.com\/product\/yoast-seo-wordpress\/ -->\n<title>Papa Le\u00e3o exorta M\u00f3naco, para\u00edso fiscal dos milion\u00e1rios a ajudar os necessitados - Portal Tela Portugal<\/title>\n<meta name=\"robots\" content=\"index, follow, max-snippet:-1, max-image-preview:large, max-video-preview:-1\" \/>\n<meta property=\"og:locale\" content=\"pt_PT\" \/>\n<meta property=\"og:type\" content=\"article\" \/>\n<meta property=\"og:title\" content=\"Papa Le\u00e3o exorta M\u00f3naco, para\u00edso fiscal dos milion\u00e1rios a ajudar os necessitados - Portal Tela Portugal\" \/>\n<meta property=\"og:description\" content=\"O Papa Le\u00e3o XIV tornou-se no primeiro sumo pont\u00edfice em quase cinco s\u00e9culos a visitar o M\u00f3naco, conhecido como ref\u00fagio de milion\u00e1rios na Riviera francesa. Reuniu-se com o pr\u00edncipe Alberto II e exortou os residentes ricos a partilhar a prosperidade para ajudar os necessitados. Chegou ao M\u00f3naco ap\u00f3s um voo de helic\u00f3ptero do Vaticano e discursou na resid\u00eancia oficial do chefe de Estado, fortaleza com vista para o Mediterr\u00e2neo. O Papa enfatizou que tudo o que \u00e9 colocado nas m\u00e3os dos ricos tem de ser partilhado para promover a justi\u00e7a e o bem-estar de todos. A visita \u00e9 apenas a segunda fora de It\u00e1lia para o Papa Le\u00e3o XIV; t\u00eam previstas viagens a \u00c1frica em abril e a Espanha em junho.\" \/>\n<meta property=\"og:url\" content=\"https:\/\/portaltela.pt\/noticias\/2026\/03\/28\/papa-leao-exorta-monaco-paraiso-fiscal-dos-milionarios-a-ajudar-os-necessitados\/\" \/>\n<meta property=\"og:site_name\" content=\"Portal Tela Portugal\" \/>\n<meta property=\"article:published_time\" content=\"2026-03-28T10:28:00+00:00\" \/>\n<meta name=\"author\" content=\"Telinha\" \/>\n<meta name=\"twitter:card\" content=\"summary_large_image\" \/>\n<meta name=\"twitter:label1\" content=\"Escrito por\" \/>\n\t<meta name=\"twitter:data1\" content=\"Telinha\" \/>\n\t<meta name=\"twitter:label2\" content=\"Tempo estimado de leitura\" \/>\n\t<meta name=\"twitter:data2\" content=\"1 minuto\" \/>\n<script type=\"application\/ld+json\" class=\"yoast-schema-graph\">{\"@context\":\"https:\/\/schema.org\",\"@graph\":[{\"@type\":\"Article\",\"@id\":\"https:\/\/portaltela.pt\/noticias\/2026\/03\/28\/papa-leao-exorta-monaco-paraiso-fiscal-dos-milionarios-a-ajudar-os-necessitados\/#article\",\"isPartOf\":{\"@id\":\"https:\/\/portaltela.pt\/noticias\/2026\/03\/28\/papa-leao-exorta-monaco-paraiso-fiscal-dos-milionarios-a-ajudar-os-necessitados\/\"},\"author\":{\"name\":\"Telinha\",\"@id\":\"https:\/\/portaltela.pt\/#\/schema\/person\/c4278d4a6028830caff9ee44b42d32ed\"},\"headline\":\"Papa Le\u00e3o exorta M\u00f3naco, para\u00edso fiscal dos milion\u00e1rios a ajudar os necessitados\",\"datePublished\":\"2026-03-28T10:28:00+00:00\",\"mainEntityOfPage\":{\"@id\":\"https:\/\/portaltela.pt\/noticias\/2026\/03\/28\/papa-leao-exorta-monaco-paraiso-fiscal-dos-milionarios-a-ajudar-os-necessitados\/\"},\"wordCount\":277,\"image\":{\"@id\":\"https:\/\/portaltela.pt\/noticias\/2026\/03\/28\/papa-leao-exorta-monaco-paraiso-fiscal-dos-milionarios-a-ajudar-os-necessitados\/#primaryimage\"},\"thumbnailUrl\":\"https:\/\/portaltela.pt\/s.01k8rhncp4jt1\/2026\/03\/2077613.jpg\",\"keywords\":[\"economia\",\"filantropia\",\"igreja\",\"pobreza\",\"pol\u00edtica\",\"religi\u00e3o\"],\"articleSection\":[\"Curiosidades\",\"Sociedade\"],\"inLanguage\":\"pt-PT\"},{\"@type\":\"WebPage\",\"@id\":\"https:\/\/portaltela.pt\/noticias\/2026\/03\/28\/papa-leao-exorta-monaco-paraiso-fiscal-dos-milionarios-a-ajudar-os-necessitados\/\",\"url\":\"https:\/\/portaltela.pt\/noticias\/2026\/03\/28\/papa-leao-exorta-monaco-paraiso-fiscal-dos-milionarios-a-ajudar-os-necessitados\/\",\"name\":\"Papa Le\u00e3o exorta M\u00f3naco, para\u00edso fiscal dos milion\u00e1rios a ajudar os necessitados - Portal Tela Portugal\",\"isPartOf\":{\"@id\":\"https:\/\/portaltela.pt\/#website\"},\"primaryImageOfPage\":{\"@id\":\"https:\/\/portaltela.pt\/noticias\/2026\/03\/28\/papa-leao-exorta-monaco-paraiso-fiscal-dos-milionarios-a-ajudar-os-necessitados\/#primaryimage\"},\"image\":{\"@id\":\"https:\/\/portaltela.pt\/noticias\/2026\/03\/28\/papa-leao-exorta-monaco-paraiso-fiscal-dos-milionarios-a-ajudar-os-necessitados\/#primaryimage\"},\"thumbnailUrl\":\"https:\/\/portaltela.pt\/s.01k8rhncp4jt1\/2026\/03\/2077613.jpg\",\"datePublished\":\"2026-03-28T10:28:00+00:00\",\"author\":{\"@id\":\"https:\/\/portaltela.pt\/#\/schema\/person\/c4278d4a6028830caff9ee44b42d32ed\"},\"breadcrumb\":{\"@id\":\"https:\/\/portaltela.pt\/noticias\/2026\/03\/28\/papa-leao-exorta-monaco-paraiso-fiscal-dos-milionarios-a-ajudar-os-necessitados\/#breadcrumb\"},\"inLanguage\":\"pt-PT\",\"potentialAction\":[{\"@type\":\"ReadAction\",\"target\":[\"https:\/\/portaltela.pt\/noticias\/2026\/03\/28\/papa-leao-exorta-monaco-paraiso-fiscal-dos-milionarios-a-ajudar-os-necessitados\/\"]}]},{\"@type\":\"ImageObject\",\"inLanguage\":\"pt-PT\",\"@id\":\"https:\/\/portaltela.pt\/noticias\/2026\/03\/28\/papa-leao-exorta-monaco-paraiso-fiscal-dos-milionarios-a-ajudar-os-necessitados\/#primaryimage\",\"url\":\"https:\/\/portaltela.pt\/s.01k8rhncp4jt1\/2026\/03\/2077613.jpg\",\"contentUrl\":\"https:\/\/portaltela.pt\/s.01k8rhncp4jt1\/2026\/03\/2077613.jpg\",\"width\":796,\"height\":448,\"caption\":\"Le\u00e3o XIV com o pr\u00edncipe Alberto do M\u00f3naco, que est\u00e1 entre os monarcas mais ricos do mundo\"},{\"@type\":\"BreadcrumbList\",\"@id\":\"https:\/\/portaltela.pt\/noticias\/2026\/03\/28\/papa-leao-exorta-monaco-paraiso-fiscal-dos-milionarios-a-ajudar-os-necessitados\/#breadcrumb\",\"itemListElement\":[{\"@type\":\"ListItem\",\"position\":1,\"name\":\"In\u00edcio\",\"item\":\"https:\/\/portaltela.pt\/\"},{\"@type\":\"ListItem\",\"position\":2,\"name\":\"Papa Le\u00e3o exorta M\u00f3naco, para\u00edso fiscal dos milion\u00e1rios a ajudar os necessitados\"}]},{\"@type\":\"WebSite\",\"@id\":\"https:\/\/portaltela.pt\/#website\",\"url\":\"https:\/\/portaltela.pt\/\",\"name\":\"Portal Tela Portugal\",\"description\":\"\",\"potentialAction\":[{\"@type\":\"SearchAction\",\"target\":{\"@type\":\"EntryPoint\",\"urlTemplate\":\"https:\/\/portaltela.pt\/?s={search_term_string}\"},\"query-input\":{\"@type\":\"PropertyValueSpecification\",\"valueRequired\":true,\"valueName\":\"search_term_string\"}}],\"inLanguage\":\"pt-PT\"},{\"@type\":\"Person\",\"@id\":\"https:\/\/portaltela.pt\/#\/schema\/person\/c4278d4a6028830caff9ee44b42d32ed\",\"name\":\"Telinha\",\"image\":{\"@type\":\"ImageObject\",\"inLanguage\":\"pt-PT\",\"@id\":\"https:\/\/portaltela.pt\/s.01k8rhncp4jt1\/2025\/11\/talking-bot-125x125.png\",\"url\":\"https:\/\/portaltela.pt\/s.01k8rhncp4jt1\/2025\/11\/talking-bot-125x125.png\",\"contentUrl\":\"https:\/\/portaltela.pt\/s.01k8rhncp4jt1\/2025\/11\/talking-bot-125x125.png\",\"caption\":\"Telinha\"},\"sameAs\":[\"https:\/\/portaltela.pt\/\"],\"url\":\"https:\/\/portaltela.pt\/por\/367410592786\/\"}]}<\/script>\n<!-- \/ Yoast SEO plugin. -->","yoast_head_json":{"title":"Papa Le\u00e3o exorta M\u00f3naco, para\u00edso fiscal dos milion\u00e1rios a ajudar os necessitados - Portal Tela Portugal","robots":{"index":"index","follow":"follow","max-snippet":"max-snippet:-1","max-image-preview":"max-image-preview:large","max-video-preview":"max-video-preview:-1"},"og_locale":"pt_PT","og_type":"article","og_title":"Papa Le\u00e3o exorta M\u00f3naco, para\u00edso fiscal dos milion\u00e1rios a ajudar os necessitados - Portal Tela Portugal","og_description":"O Papa Le\u00e3o XIV tornou-se no primeiro sumo pont\u00edfice em quase cinco s\u00e9culos a visitar o M\u00f3naco, conhecido como ref\u00fagio de milion\u00e1rios na Riviera francesa. Reuniu-se com o pr\u00edncipe Alberto II e exortou os residentes ricos a partilhar a prosperidade para ajudar os necessitados. Chegou ao M\u00f3naco ap\u00f3s um voo de helic\u00f3ptero do Vaticano e discursou na resid\u00eancia oficial do chefe de Estado, fortaleza com vista para o Mediterr\u00e2neo. O Papa enfatizou que tudo o que \u00e9 colocado nas m\u00e3os dos ricos tem de ser partilhado para promover a justi\u00e7a e o bem-estar de todos. A visita \u00e9 apenas a segunda fora de It\u00e1lia para o Papa Le\u00e3o XIV; t\u00eam previstas viagens a \u00c1frica em abril e a Espanha em junho.","og_url":"https:\/\/portaltela.pt\/noticias\/2026\/03\/28\/papa-leao-exorta-monaco-paraiso-fiscal-dos-milionarios-a-ajudar-os-necessitados\/","og_site_name":"Portal Tela Portugal","article_published_time":"2026-03-28T10:28:00+00:00","author":"Telinha","twitter_card":"summary_large_image","twitter_misc":{"Escrito por":"Telinha","Tempo estimado de leitura":"1 minuto"},"schema":{"@context":"https:\/\/schema.org","@graph":[{"@type":"Article","@id":"https:\/\/portaltela.pt\/noticias\/2026\/03\/28\/papa-leao-exorta-monaco-paraiso-fiscal-dos-milionarios-a-ajudar-os-necessitados\/#article","isPartOf":{"@id":"https:\/\/portaltela.pt\/noticias\/2026\/03\/28\/papa-leao-exorta-monaco-paraiso-fiscal-dos-milionarios-a-ajudar-os-necessitados\/"},"author":{"name":"Telinha","@id":"https:\/\/portaltela.pt\/#\/schema\/person\/c4278d4a6028830caff9ee44b42d32ed"},"headline":"Papa Le\u00e3o exorta M\u00f3naco, para\u00edso fiscal dos milion\u00e1rios a ajudar os necessitados","datePublished":"2026-03-28T10:28:00+00:00","mainEntityOfPage":{"@id":"https:\/\/portaltela.pt\/noticias\/2026\/03\/28\/papa-leao-exorta-monaco-paraiso-fiscal-dos-milionarios-a-ajudar-os-necessitados\/"},"wordCount":277,"image":{"@id":"https:\/\/portaltela.pt\/noticias\/2026\/03\/28\/papa-leao-exorta-monaco-paraiso-fiscal-dos-milionarios-a-ajudar-os-necessitados\/#primaryimage"},"thumbnailUrl":"https:\/\/portaltela.pt\/s.01k8rhncp4jt1\/2026\/03\/2077613.jpg","keywords":["economia","filantropia","igreja","pobreza","pol\u00edtica","religi\u00e3o"],"articleSection":["Curiosidades","Sociedade"],"inLanguage":"pt-PT"},{"@type":"WebPage","@id":"https:\/\/portaltela.pt\/noticias\/2026\/03\/28\/papa-leao-exorta-monaco-paraiso-fiscal-dos-milionarios-a-ajudar-os-necessitados\/","url":"https:\/\/portaltela.pt\/noticias\/2026\/03\/28\/papa-leao-exorta-monaco-paraiso-fiscal-dos-milionarios-a-ajudar-os-necessitados\/","name":"Papa Le\u00e3o exorta M\u00f3naco, para\u00edso fiscal dos milion\u00e1rios a ajudar os necessitados - Portal Tela Portugal","isPartOf":{"@id":"https:\/\/portaltela.pt\/#website"},"primaryImageOfPage":{"@id":"https:\/\/portaltela.pt\/noticias\/2026\/03\/28\/papa-leao-exorta-monaco-paraiso-fiscal-dos-milionarios-a-ajudar-os-necessitados\/#primaryimage"},"image":{"@id":"https:\/\/portaltela.pt\/noticias\/2026\/03\/28\/papa-leao-exorta-monaco-paraiso-fiscal-dos-milionarios-a-ajudar-os-necessitados\/#primaryimage"},"thumbnailUrl":"https:\/\/portaltela.pt\/s.01k8rhncp4jt1\/2026\/03\/2077613.jpg","datePublished":"2026-03-28T10:28:00+00:00","author":{"@id":"https:\/\/portaltela.pt\/#\/schema\/person\/c4278d4a6028830caff9ee44b42d32ed"},"breadcrumb":{"@id":"https:\/\/portaltela.pt\/noticias\/2026\/03\/28\/papa-leao-exorta-monaco-paraiso-fiscal-dos-milionarios-a-ajudar-os-necessitados\/#breadcrumb"},"inLanguage":"pt-PT","potentialAction":[{"@type":"ReadAction","target":["https:\/\/portaltela.pt\/noticias\/2026\/03\/28\/papa-leao-exorta-monaco-paraiso-fiscal-dos-milionarios-a-ajudar-os-necessitados\/"]}]},{"@type":"ImageObject","inLanguage":"pt-PT","@id":"https:\/\/portaltela.pt\/noticias\/2026\/03\/28\/papa-leao-exorta-monaco-paraiso-fiscal-dos-milionarios-a-ajudar-os-necessitados\/#primaryimage","url":"https:\/\/portaltela.pt\/s.01k8rhncp4jt1\/2026\/03\/2077613.jpg","contentUrl":"https:\/\/portaltela.pt\/s.01k8rhncp4jt1\/2026\/03\/2077613.jpg","width":796,"height":448,"caption":"Le\u00e3o XIV com o pr\u00edncipe Alberto do M\u00f3naco, que est\u00e1 entre os monarcas mais ricos do mundo"},{"@type":"BreadcrumbList","@id":"https:\/\/portaltela.pt\/noticias\/2026\/03\/28\/papa-leao-exorta-monaco-paraiso-fiscal-dos-milionarios-a-ajudar-os-necessitados\/#breadcrumb","itemListElement":[{"@type":"ListItem","position":1,"name":"In\u00edcio","item":"https:\/\/portaltela.pt\/"},{"@type":"ListItem","position":2,"name":"Papa Le\u00e3o exorta M\u00f3naco, para\u00edso fiscal dos milion\u00e1rios a ajudar os necessitados"}]},{"@type":"WebSite","@id":"https:\/\/portaltela.pt\/#website","url":"https:\/\/portaltela.pt\/","name":"Portal Tela Portugal","description":"","potentialAction":[{"@type":"SearchAction","target":{"@type":"EntryPoint","urlTemplate":"https:\/\/portaltela.pt\/?s={search_term_string}"},"query-input":{"@type":"PropertyValueSpecification","valueRequired":true,"valueName":"search_term_string"}}],"inLanguage":"pt-PT"},{"@type":"Person","@id":"https:\/\/portaltela.pt\/#\/schema\/person\/c4278d4a6028830caff9ee44b42d32ed","name":"Telinha","image":{"@type":"ImageObject","inLanguage":"pt-PT","@id":"https:\/\/portaltela.pt\/s.01k8rhncp4jt1\/2025\/11\/talking-bot-125x125.png","url":"https:\/\/portaltela.pt\/s.01k8rhncp4jt1\/2025\/11\/talking-bot-125x125.png","contentUrl":"https:\/\/portaltela.pt\/s.01k8rhncp4jt1\/2025\/11\/talking-bot-125x125.png","caption":"Telinha"},"sameAs":["https:\/\/portaltela.pt\/"],"url":"https:\/\/portaltela.pt\/por\/367410592786\/"}]}},"_links":{"self":[{"href":"https:\/\/portaltela.pt\/api\/wp\/v2\/posts\/424778","targetHints":{"allow":["GET"]}}],"collection":[{"href":"https:\/\/portaltela.pt\/api\/wp\/v2\/posts"}],"about":[{"href":"https:\/\/portaltela.pt\/api\/wp\/v2\/types\/post"}],"author":[{"embeddable":true,"href":"https:\/\/portaltela.pt\/api\/wp\/v2\/users\/2"}],"replies":[{"embeddable":true,"href":"https:\/\/portaltela.pt\/api\/wp\/v2\/comments?post=424778"}],"version-history":[{"count":0,"href":"https:\/\/portaltela.pt\/api\/wp\/v2\/posts\/424778\/revisions"}],"wp:featuredmedia":[{"embeddable":true,"href":"https:\/\/portaltela.pt\/api\/wp\/v2\/media\/424782"}],"wp:attachment":[{"href":"https:\/\/portaltela.pt\/api\/wp\/v2\/media?parent=424778"}],"wp:term":[{"taxonomy":"category","embeddable":true,"href":"https:\/\/portaltela.pt\/api\/wp\/v2\/categories?post=424778"},{"taxonomy":"post_tag","embeddable":true,"href":"https:\/\/portaltela.pt\/api\/wp\/v2\/tags?post=424778"}],"curies":[{"name":"wp","href":"https:\/\/api.w.org\/{rel}","templated":true}]}}