{"id":424758,"date":"2026-03-28T07:05:00","date_gmt":"2026-03-28T10:05:00","guid":{"rendered":"https:\/\/portaltela.pt\/noticias\/2026\/03\/28\/relogios-adiantam-uma-hora-na-proxima-madrugada-3\/"},"modified":"2026-03-28T07:05:00","modified_gmt":"2026-03-28T10:05:00","slug":"relogios-adiantam-uma-hora-na-proxima-madrugada-3","status":"publish","type":"post","link":"https:\/\/portaltela.pt\/noticias\/politica\/2026\/03\/28\/relogios-adiantam-uma-hora-na-proxima-madrugada-3\/","title":{"rendered":"Rel\u00f3gios adiantam uma hora na pr\u00f3xima madrugada"},"content":{"rendered":"<p>Rel\u00f3gios adiantar\u00e3o uma hora j\u00e1 neste fim de semana para marcar o in\u00edcio do hor\u00e1rio de ver\u00e3o. Em Portugal continental e na Madeira, a mudan\u00e7a ocorre \u00e0 01h00 de domingo, passando para 02h00.<\/p>\n<p>Na Regi\u00e3o Aut\u00f3noma da Madeira, a altera\u00e7\u00e3o segue o mesmo hor\u00e1rio de in\u00edcio, com o rel\u00f3gio a avan\u00e7ar 01h00 para 02h00 na madrugada de domingo. O objetivo \u00e9 acompanhar o hor\u00e1rio de ver\u00e3o vigente.<\/p>\n<p>A\u00e7ores fica com uma diferen\u00e7a: a mudan\u00e7a acontece \u00e0s 00h00, elevando-se para 01h00. A hora legal voltar\u00e1 a mudar em 25 de outubro, quando se passa para o hor\u00e1rio de inverno.<\/p>\n<h3>Sobre a mudan\u00e7a<\/h3>\n<p>A ado\u00e7\u00e3o do hor\u00e1rio de ver\u00e3o est\u00e1 regulada por uma diretiva comunit\u00e1ria de 2000. Esta regra define a adi\u00e7\u00e3o de uma hora no \u00faltimo domingo de mar\u00e7o e a retirada no \u00faltimo domingo de outubro, para todo o territ\u00f3rio portugu\u00eas.<\/p>\n","protected":false},"excerpt":{"rendered":"<ul>\n<li>Em Portugal continental e na Madeira, os rel\u00f3gios adiantam uma hora \u00e0 01h00 de domingo, passando a 02h00.<\/li>\n<li>Na Regi\u00e3o Aut\u00f3noma dos A\u00e7ores, a altera\u00e7\u00e3o ocorre \u00e0 00h00, passando para 01h00.<\/li>\n<li>Este movimento marca o in\u00edcio do hor\u00e1rio de ver\u00e3o em Portugal.<\/li>\n<li>A hora legal voltar\u00e1 a mudar a 25 de outubro, passando do regime de ver\u00e3o para o regime de inverno.<\/li>\n<li>O atual regime de mudan\u00e7a de hora \u00e9 definido por uma diretiva comunit\u00e1ria de 2000.<\/li>\n<\/ul>\n","protected":false},"author":2,"featured_media":424759,"comment_status":"closed","ping_status":"closed","sticky":false,"template":"","format":"standard","meta":{"footnotes":""},"categories":[1,5],"tags":[1250,3901,859,1014],"class_list":["post-424758","post","type-post","status-publish","format-standard","has-post-thumbnail","hentry","category-noticias","category-politica","tag-azores","tag-horarios","tag-madeira","tag-portugal"],"yoast_head":"<!-- This site is optimized with the Yoast SEO plugin v27.2 - https:\/\/yoast.com\/product\/yoast-seo-wordpress\/ -->\n<title>Rel\u00f3gios adiantam uma hora na pr\u00f3xima madrugada - Portal Tela Portugal<\/title>\n<meta name=\"robots\" content=\"index, follow, max-snippet:-1, max-image-preview:large, max-video-preview:-1\" \/>\n<meta property=\"og:locale\" content=\"pt_PT\" \/>\n<meta property=\"og:type\" content=\"article\" \/>\n<meta property=\"og:title\" content=\"Rel\u00f3gios adiantam uma hora na pr\u00f3xima madrugada - Portal Tela Portugal\" \/>\n<meta property=\"og:description\" content=\"Em Portugal continental e na Madeira, os rel\u00f3gios adiantam uma hora \u00e0 01h00 de domingo, passando a 02h00. Na Regi\u00e3o Aut\u00f3noma dos A\u00e7ores, a altera\u00e7\u00e3o ocorre \u00e0 00h00, passando para 01h00. Este movimento marca o in\u00edcio do hor\u00e1rio de ver\u00e3o em Portugal. A hora legal voltar\u00e1 a mudar a 25 de outubro, passando do regime de ver\u00e3o para o regime de inverno. O atual regime de mudan\u00e7a de hora \u00e9 definido por uma diretiva comunit\u00e1ria de 2000.\" \/>\n<meta property=\"og:url\" content=\"https:\/\/portaltela.pt\/noticias\/2026\/03\/28\/relogios-adiantam-uma-hora-na-proxima-madrugada-3\/\" \/>\n<meta property=\"og:site_name\" content=\"Portal Tela Portugal\" \/>\n<meta property=\"article:published_time\" content=\"2026-03-28T10:05:00+00:00\" \/>\n<meta name=\"author\" content=\"Telinha\" \/>\n<meta name=\"twitter:card\" content=\"summary_large_image\" \/>\n<meta name=\"twitter:label1\" content=\"Escrito por\" \/>\n\t<meta name=\"twitter:data1\" content=\"Telinha\" \/>\n\t<meta name=\"twitter:label2\" content=\"Tempo estimado de leitura\" \/>\n\t<meta name=\"twitter:data2\" content=\"1 minuto\" \/>\n<script type=\"application\/ld+json\" class=\"yoast-schema-graph\">{\"@context\":\"https:\/\/schema.org\",\"@graph\":[{\"@type\":\"Article\",\"@id\":\"https:\/\/portaltela.pt\/noticias\/2026\/03\/28\/relogios-adiantam-uma-hora-na-proxima-madrugada-3\/#article\",\"isPartOf\":{\"@id\":\"https:\/\/portaltela.pt\/noticias\/2026\/03\/28\/relogios-adiantam-uma-hora-na-proxima-madrugada-3\/\"},\"author\":{\"name\":\"Telinha\",\"@id\":\"https:\/\/portaltela.pt\/#\/schema\/person\/c4278d4a6028830caff9ee44b42d32ed\"},\"headline\":\"Rel\u00f3gios adiantam uma hora na pr\u00f3xima madrugada\",\"datePublished\":\"2026-03-28T10:05:00+00:00\",\"mainEntityOfPage\":{\"@id\":\"https:\/\/portaltela.pt\/noticias\/2026\/03\/28\/relogios-adiantam-uma-hora-na-proxima-madrugada-3\/\"},\"wordCount\":174,\"image\":{\"@id\":\"https:\/\/portaltela.pt\/noticias\/2026\/03\/28\/relogios-adiantam-uma-hora-na-proxima-madrugada-3\/#primaryimage\"},\"thumbnailUrl\":\"https:\/\/portaltela.pt\/s.01k8rhncp4jt1\/2026\/03\/img_920x518uu2026-03-28-10-03-31-2429805.jpg\",\"keywords\":[\"Azores\",\"hor\u00e1rios\",\"Madeira\",\"Portugal\"],\"articleSection\":[\"Not\u00edcias\",\"Pol\u00edtica\"],\"inLanguage\":\"pt-PT\"},{\"@type\":\"WebPage\",\"@id\":\"https:\/\/portaltela.pt\/noticias\/2026\/03\/28\/relogios-adiantam-uma-hora-na-proxima-madrugada-3\/\",\"url\":\"https:\/\/portaltela.pt\/noticias\/2026\/03\/28\/relogios-adiantam-uma-hora-na-proxima-madrugada-3\/\",\"name\":\"Rel\u00f3gios adiantam uma hora na pr\u00f3xima madrugada - Portal Tela Portugal\",\"isPartOf\":{\"@id\":\"https:\/\/portaltela.pt\/#website\"},\"primaryImageOfPage\":{\"@id\":\"https:\/\/portaltela.pt\/noticias\/2026\/03\/28\/relogios-adiantam-uma-hora-na-proxima-madrugada-3\/#primaryimage\"},\"image\":{\"@id\":\"https:\/\/portaltela.pt\/noticias\/2026\/03\/28\/relogios-adiantam-uma-hora-na-proxima-madrugada-3\/#primaryimage\"},\"thumbnailUrl\":\"https:\/\/portaltela.pt\/s.01k8rhncp4jt1\/2026\/03\/img_920x518uu2026-03-28-10-03-31-2429805.jpg\",\"datePublished\":\"2026-03-28T10:05:00+00:00\",\"author\":{\"@id\":\"https:\/\/portaltela.pt\/#\/schema\/person\/c4278d4a6028830caff9ee44b42d32ed\"},\"breadcrumb\":{\"@id\":\"https:\/\/portaltela.pt\/noticias\/2026\/03\/28\/relogios-adiantam-uma-hora-na-proxima-madrugada-3\/#breadcrumb\"},\"inLanguage\":\"pt-PT\",\"potentialAction\":[{\"@type\":\"ReadAction\",\"target\":[\"https:\/\/portaltela.pt\/noticias\/2026\/03\/28\/relogios-adiantam-uma-hora-na-proxima-madrugada-3\/\"]}]},{\"@type\":\"ImageObject\",\"inLanguage\":\"pt-PT\",\"@id\":\"https:\/\/portaltela.pt\/noticias\/2026\/03\/28\/relogios-adiantam-uma-hora-na-proxima-madrugada-3\/#primaryimage\",\"url\":\"https:\/\/portaltela.pt\/s.01k8rhncp4jt1\/2026\/03\/img_920x518uu2026-03-28-10-03-31-2429805.jpg\",\"contentUrl\":\"https:\/\/portaltela.pt\/s.01k8rhncp4jt1\/2026\/03\/img_920x518uu2026-03-28-10-03-31-2429805.jpg\",\"width\":796,\"height\":448,\"caption\":\"N\u00e3o se esque\u00e7a de adiantar os rel\u00f3gios\"},{\"@type\":\"BreadcrumbList\",\"@id\":\"https:\/\/portaltela.pt\/noticias\/2026\/03\/28\/relogios-adiantam-uma-hora-na-proxima-madrugada-3\/#breadcrumb\",\"itemListElement\":[{\"@type\":\"ListItem\",\"position\":1,\"name\":\"In\u00edcio\",\"item\":\"https:\/\/portaltela.pt\/\"},{\"@type\":\"ListItem\",\"position\":2,\"name\":\"Rel\u00f3gios adiantam uma hora na pr\u00f3xima madrugada\"}]},{\"@type\":\"WebSite\",\"@id\":\"https:\/\/portaltela.pt\/#website\",\"url\":\"https:\/\/portaltela.pt\/\",\"name\":\"Portal Tela Portugal\",\"description\":\"\",\"potentialAction\":[{\"@type\":\"SearchAction\",\"target\":{\"@type\":\"EntryPoint\",\"urlTemplate\":\"https:\/\/portaltela.pt\/?s={search_term_string}\"},\"query-input\":{\"@type\":\"PropertyValueSpecification\",\"valueRequired\":true,\"valueName\":\"search_term_string\"}}],\"inLanguage\":\"pt-PT\"},{\"@type\":\"Person\",\"@id\":\"https:\/\/portaltela.pt\/#\/schema\/person\/c4278d4a6028830caff9ee44b42d32ed\",\"name\":\"Telinha\",\"image\":{\"@type\":\"ImageObject\",\"inLanguage\":\"pt-PT\",\"@id\":\"https:\/\/portaltela.pt\/s.01k8rhncp4jt1\/2025\/11\/talking-bot-125x125.png\",\"url\":\"https:\/\/portaltela.pt\/s.01k8rhncp4jt1\/2025\/11\/talking-bot-125x125.png\",\"contentUrl\":\"https:\/\/portaltela.pt\/s.01k8rhncp4jt1\/2025\/11\/talking-bot-125x125.png\",\"caption\":\"Telinha\"},\"sameAs\":[\"https:\/\/portaltela.pt\/\"],\"url\":\"https:\/\/portaltela.pt\/por\/367410592786\/\"}]}<\/script>\n<!-- \/ Yoast SEO plugin. -->","yoast_head_json":{"title":"Rel\u00f3gios adiantam uma hora na pr\u00f3xima madrugada - Portal Tela Portugal","robots":{"index":"index","follow":"follow","max-snippet":"max-snippet:-1","max-image-preview":"max-image-preview:large","max-video-preview":"max-video-preview:-1"},"og_locale":"pt_PT","og_type":"article","og_title":"Rel\u00f3gios adiantam uma hora na pr\u00f3xima madrugada - Portal Tela Portugal","og_description":"Em Portugal continental e na Madeira, os rel\u00f3gios adiantam uma hora \u00e0 01h00 de domingo, passando a 02h00. Na Regi\u00e3o Aut\u00f3noma dos A\u00e7ores, a altera\u00e7\u00e3o ocorre \u00e0 00h00, passando para 01h00. Este movimento marca o in\u00edcio do hor\u00e1rio de ver\u00e3o em Portugal. A hora legal voltar\u00e1 a mudar a 25 de outubro, passando do regime de ver\u00e3o para o regime de inverno. O atual regime de mudan\u00e7a de hora \u00e9 definido por uma diretiva comunit\u00e1ria de 2000.","og_url":"https:\/\/portaltela.pt\/noticias\/2026\/03\/28\/relogios-adiantam-uma-hora-na-proxima-madrugada-3\/","og_site_name":"Portal Tela Portugal","article_published_time":"2026-03-28T10:05:00+00:00","author":"Telinha","twitter_card":"summary_large_image","twitter_misc":{"Escrito por":"Telinha","Tempo estimado de leitura":"1 minuto"},"schema":{"@context":"https:\/\/schema.org","@graph":[{"@type":"Article","@id":"https:\/\/portaltela.pt\/noticias\/2026\/03\/28\/relogios-adiantam-uma-hora-na-proxima-madrugada-3\/#article","isPartOf":{"@id":"https:\/\/portaltela.pt\/noticias\/2026\/03\/28\/relogios-adiantam-uma-hora-na-proxima-madrugada-3\/"},"author":{"name":"Telinha","@id":"https:\/\/portaltela.pt\/#\/schema\/person\/c4278d4a6028830caff9ee44b42d32ed"},"headline":"Rel\u00f3gios adiantam uma hora na pr\u00f3xima madrugada","datePublished":"2026-03-28T10:05:00+00:00","mainEntityOfPage":{"@id":"https:\/\/portaltela.pt\/noticias\/2026\/03\/28\/relogios-adiantam-uma-hora-na-proxima-madrugada-3\/"},"wordCount":174,"image":{"@id":"https:\/\/portaltela.pt\/noticias\/2026\/03\/28\/relogios-adiantam-uma-hora-na-proxima-madrugada-3\/#primaryimage"},"thumbnailUrl":"https:\/\/portaltela.pt\/s.01k8rhncp4jt1\/2026\/03\/img_920x518uu2026-03-28-10-03-31-2429805.jpg","keywords":["Azores","hor\u00e1rios","Madeira","Portugal"],"articleSection":["Not\u00edcias","Pol\u00edtica"],"inLanguage":"pt-PT"},{"@type":"WebPage","@id":"https:\/\/portaltela.pt\/noticias\/2026\/03\/28\/relogios-adiantam-uma-hora-na-proxima-madrugada-3\/","url":"https:\/\/portaltela.pt\/noticias\/2026\/03\/28\/relogios-adiantam-uma-hora-na-proxima-madrugada-3\/","name":"Rel\u00f3gios adiantam uma hora na pr\u00f3xima madrugada - Portal Tela Portugal","isPartOf":{"@id":"https:\/\/portaltela.pt\/#website"},"primaryImageOfPage":{"@id":"https:\/\/portaltela.pt\/noticias\/2026\/03\/28\/relogios-adiantam-uma-hora-na-proxima-madrugada-3\/#primaryimage"},"image":{"@id":"https:\/\/portaltela.pt\/noticias\/2026\/03\/28\/relogios-adiantam-uma-hora-na-proxima-madrugada-3\/#primaryimage"},"thumbnailUrl":"https:\/\/portaltela.pt\/s.01k8rhncp4jt1\/2026\/03\/img_920x518uu2026-03-28-10-03-31-2429805.jpg","datePublished":"2026-03-28T10:05:00+00:00","author":{"@id":"https:\/\/portaltela.pt\/#\/schema\/person\/c4278d4a6028830caff9ee44b42d32ed"},"breadcrumb":{"@id":"https:\/\/portaltela.pt\/noticias\/2026\/03\/28\/relogios-adiantam-uma-hora-na-proxima-madrugada-3\/#breadcrumb"},"inLanguage":"pt-PT","potentialAction":[{"@type":"ReadAction","target":["https:\/\/portaltela.pt\/noticias\/2026\/03\/28\/relogios-adiantam-uma-hora-na-proxima-madrugada-3\/"]}]},{"@type":"ImageObject","inLanguage":"pt-PT","@id":"https:\/\/portaltela.pt\/noticias\/2026\/03\/28\/relogios-adiantam-uma-hora-na-proxima-madrugada-3\/#primaryimage","url":"https:\/\/portaltela.pt\/s.01k8rhncp4jt1\/2026\/03\/img_920x518uu2026-03-28-10-03-31-2429805.jpg","contentUrl":"https:\/\/portaltela.pt\/s.01k8rhncp4jt1\/2026\/03\/img_920x518uu2026-03-28-10-03-31-2429805.jpg","width":796,"height":448,"caption":"N\u00e3o se esque\u00e7a de adiantar os rel\u00f3gios"},{"@type":"BreadcrumbList","@id":"https:\/\/portaltela.pt\/noticias\/2026\/03\/28\/relogios-adiantam-uma-hora-na-proxima-madrugada-3\/#breadcrumb","itemListElement":[{"@type":"ListItem","position":1,"name":"In\u00edcio","item":"https:\/\/portaltela.pt\/"},{"@type":"ListItem","position":2,"name":"Rel\u00f3gios adiantam uma hora na pr\u00f3xima madrugada"}]},{"@type":"WebSite","@id":"https:\/\/portaltela.pt\/#website","url":"https:\/\/portaltela.pt\/","name":"Portal Tela Portugal","description":"","potentialAction":[{"@type":"SearchAction","target":{"@type":"EntryPoint","urlTemplate":"https:\/\/portaltela.pt\/?s={search_term_string}"},"query-input":{"@type":"PropertyValueSpecification","valueRequired":true,"valueName":"search_term_string"}}],"inLanguage":"pt-PT"},{"@type":"Person","@id":"https:\/\/portaltela.pt\/#\/schema\/person\/c4278d4a6028830caff9ee44b42d32ed","name":"Telinha","image":{"@type":"ImageObject","inLanguage":"pt-PT","@id":"https:\/\/portaltela.pt\/s.01k8rhncp4jt1\/2025\/11\/talking-bot-125x125.png","url":"https:\/\/portaltela.pt\/s.01k8rhncp4jt1\/2025\/11\/talking-bot-125x125.png","contentUrl":"https:\/\/portaltela.pt\/s.01k8rhncp4jt1\/2025\/11\/talking-bot-125x125.png","caption":"Telinha"},"sameAs":["https:\/\/portaltela.pt\/"],"url":"https:\/\/portaltela.pt\/por\/367410592786\/"}]}},"_links":{"self":[{"href":"https:\/\/portaltela.pt\/api\/wp\/v2\/posts\/424758","targetHints":{"allow":["GET"]}}],"collection":[{"href":"https:\/\/portaltela.pt\/api\/wp\/v2\/posts"}],"about":[{"href":"https:\/\/portaltela.pt\/api\/wp\/v2\/types\/post"}],"author":[{"embeddable":true,"href":"https:\/\/portaltela.pt\/api\/wp\/v2\/users\/2"}],"replies":[{"embeddable":true,"href":"https:\/\/portaltela.pt\/api\/wp\/v2\/comments?post=424758"}],"version-history":[{"count":0,"href":"https:\/\/portaltela.pt\/api\/wp\/v2\/posts\/424758\/revisions"}],"wp:featuredmedia":[{"embeddable":true,"href":"https:\/\/portaltela.pt\/api\/wp\/v2\/media\/424759"}],"wp:attachment":[{"href":"https:\/\/portaltela.pt\/api\/wp\/v2\/media?parent=424758"}],"wp:term":[{"taxonomy":"category","embeddable":true,"href":"https:\/\/portaltela.pt\/api\/wp\/v2\/categories?post=424758"},{"taxonomy":"post_tag","embeddable":true,"href":"https:\/\/portaltela.pt\/api\/wp\/v2\/tags?post=424758"}],"curies":[{"name":"wp","href":"https:\/\/api.w.org\/{rel}","templated":true}]}}