{"id":424754,"date":"2026-03-28T07:02:26","date_gmt":"2026-03-28T10:02:26","guid":{"rendered":"https:\/\/portaltela.pt\/noticias\/2026\/03\/28\/curiosidades-sobre-fusos-horarios-no-mundo-que-muitos-viajantes-desconhecem\/"},"modified":"2026-03-28T07:02:26","modified_gmt":"2026-03-28T10:02:26","slug":"curiosidades-sobre-fusos-horarios-no-mundo-que-muitos-viajantes-desconhecem","status":"publish","type":"post","link":"https:\/\/portaltela.pt\/curiosidades\/2026\/03\/28\/curiosidades-sobre-fusos-horarios-no-mundo-que-muitos-viajantes-desconhecem\/","title":{"rendered":"Curiosidades sobre fusos hor\u00e1rios no mundo que muitos viajantes desconhecem"},"content":{"rendered":"<p>O come\u00e7o da Hora de Ver\u00e3o na Europa coincide com a proximidade de mudan\u00e7as nos fusos hor\u00e1rios em v\u00e1rias regi\u00f5es do mundo. A contagem decorre nos rel\u00f3gios, mas o tema mant\u00e9m-se relevante para viajantes e empresas que dependem de hor\u00e1rios.<\/p>\n<p>Ao longo do \u00faltimo s\u00e9culo, pa\u00edses escolheram fusos diferentes para al\u00e9m do UTC, criando situa\u00e7\u00f5es curiosas ou inconvenientes no dia a dia. A hist\u00f3ria mostrou que a pr\u00e1tica nem sempre segue a geografia.<\/p>\n<h3>Espanha e o fuso hor\u00e1rio &#8220;errado&#8221;<\/h3>\n<p>Grande parte de Espanha fica dentro de UTC+00:00, mas desde a Segunda Guerra Mundial aplica UTC+01:00. A mudan\u00e7a ocorreu em 1942 para alinhar-se com a Alemanha nazi; em 2013, uma comiss\u00e3o sugeriu regressar ao hor\u00e1rio anterior, sem avan\u00e7os significativos.<\/p>\n<h3>Hora de resort nas Maldivas<\/h3>\n<p>As Maldivas seguem UTC+05:00, com vizinhos a usar UTC+05:30. Muitos resorts adotam UTC+06:00 para facilitar registos de h\u00f3spedes. Horas de praia, ioga ao nascer do sol e deslocamentos de hidro-avi\u00e3o podem exigir ajustes locais.<\/p>\n<h3>China e o fuso \u00fanico<\/h3>\n<p>Apesar de o territ\u00f3rio ocupar cinco fusos, a China usa oficialmente UTC+08:00 desde 1949. A maior parte da popula\u00e7\u00e3o encontra-se a leste, o que reduz impactos vis\u00edveis, mas no oeste pode haver diferen\u00e7as de at\u00e9 tr\u00eas horas com o fuso real.<\/p>\n<h3>Nepal com 45 minutos de diferen\u00e7a<\/h3>\n<p>Nepal opera em UTC+05:45, um desfasamento at\u00edpico por 45 minutos. O pa\u00eds utiliza ainda o calend\u00e1rio Vikram Samvat, 56 a 57 anos adiantado face ao gregoriano, conforme esta regi\u00e3o.<\/p>\n<h3>Austr\u00e1lia: o caso mais complexo<\/h3>\n<p>Na Austr\u00e1lia, os fusos variam por estado e territ\u00f3rio. A Oeste \u00e9 UTC+08:00 o ano todo; o Norte e o Sul v\u00e3o para UTC+09:30, com ver\u00e3o para UTC+10:30. A costa leste muda para UTC+11:00 no ver\u00e3o, excetuando Queensland.<\/p>\n<h3>Varia\u00e7\u00f5es entre ilhas e territ\u00f3rios<\/h3>\n<p>Ilhas remotas, como as Cocos, ficam em UTC+06:30; a ilha do Natal em UTC+07:00, sem hora de ver\u00e3o. Norfolk passa de UTC+11:00 para UTC+12:00 durante o ver\u00e3o. Anomalias locais tamb\u00e9m existem, tornando os fusos especialmente variados.<\/p>\n<h3>Arizona e Havai recusam a hora de ver\u00e3o<\/h3>\n<p>Nos EUA, 48 estados adotam a hora de ver\u00e3o, com exce\u00e7\u00e3o de Arizona e Havai. A Navajo Nation, por\u00e9m, utiliza hor\u00e1rios diferentes em parte do territ\u00f3rio. Territ\u00f3rios como Porto Rico e Guam tamb\u00e9m n\u00e3o seguem a pr\u00e1tica.<\/p>\n<h3>Samoa: 24 horas em 200 km<\/h3>\n<p>A linha internacional de mudan\u00e7a de data situa-se no Pac\u00edfico. Samoa trocou de lado em 2011, ficando um dia \u00e0 frente da Samoa Americana, mesmo separados por apenas 200 quil\u00f4metros. A decis\u00e3o relaciona-se com la\u00e7os regionais.<\/p>\n","protected":false},"excerpt":{"rendered":"<ul>\n<li>A Hora de Ver\u00e3o europeia come\u00e7a \u00e0s 2h da manh\u00e3, hora da Europa Central, no \u00faltimo domingo de mar\u00e7o; este ano \u00e9 no dia 29 de mar\u00e7o.<\/li>\n<li>Espanha fica geograficamente em UTC+00:00 (Hora da Europa Ocidental) mas usa UTC+01:00 desde 1942; houve recomenda\u00e7\u00f5es em 2013 para regressar ao fuso original, sem avan\u00e7os desde ent\u00e3o.<\/li>\n<li>Maldivas seguem UTC+05:00, mas muitos resorts pedem aos h\u00f3spedes que avancem para UTC+06:00 por conta pr\u00f3pria.<\/li>\n<li>A China \u00e9 oficialmente UTC+08:00, apesar de ocupar cinco fusos diferentes; em Xinjiang, algumas pessoas seguem UTC+06:00, o que pode levar a duas horas diferentes por perto.<\/li>\n<li>Samoa mudou a Linha Internacional de Data no final de 2011, ficando um dia \u00e0 frente de Samoa Americana, separadas por cerca de duzentos quil\u00f3metros.<\/li>\n<\/ul>\n","protected":false},"author":2,"featured_media":424755,"comment_status":"closed","ping_status":"closed","sticky":false,"template":"","format":"standard","meta":{"footnotes":""},"categories":[7384],"tags":[5342,1602,2487,3901,1014,71],"class_list":["post-424754","post","type-post","status-publish","format-standard","has-post-thumbnail","hentry","category-curiosidades","tag-asia","tag-australia","tag-europa","tag-horarios","tag-portugal","tag-viagens"],"yoast_head":"<!-- This site is optimized with the Yoast SEO plugin v27.2 - https:\/\/yoast.com\/product\/yoast-seo-wordpress\/ -->\n<title>Curiosidades sobre fusos hor\u00e1rios no mundo que muitos viajantes desconhecem - Portal Tela Portugal<\/title>\n<meta name=\"robots\" content=\"index, follow, max-snippet:-1, max-image-preview:large, max-video-preview:-1\" \/>\n<meta property=\"og:locale\" content=\"pt_PT\" \/>\n<meta property=\"og:type\" content=\"article\" \/>\n<meta property=\"og:title\" content=\"Curiosidades sobre fusos hor\u00e1rios no mundo que muitos viajantes desconhecem - Portal Tela Portugal\" \/>\n<meta property=\"og:description\" content=\"A Hora de Ver\u00e3o europeia come\u00e7a \u00e0s 2h da manh\u00e3, hora da Europa Central, no \u00faltimo domingo de mar\u00e7o; este ano \u00e9 no dia 29 de mar\u00e7o. Espanha fica geograficamente em UTC+00:00 (Hora da Europa Ocidental) mas usa UTC+01:00 desde 1942; houve recomenda\u00e7\u00f5es em 2013 para regressar ao fuso original, sem avan\u00e7os desde ent\u00e3o. Maldivas seguem UTC+05:00, mas muitos resorts pedem aos h\u00f3spedes que avancem para UTC+06:00 por conta pr\u00f3pria. A China \u00e9 oficialmente UTC+08:00, apesar de ocupar cinco fusos diferentes; em Xinjiang, algumas pessoas seguem UTC+06:00, o que pode levar a duas horas diferentes por perto. Samoa mudou a Linha Internacional de Data no final de 2011, ficando um dia \u00e0 frente de Samoa Americana, separadas por cerca de duzentos quil\u00f3metros.\" \/>\n<meta property=\"og:url\" content=\"https:\/\/portaltela.pt\/noticias\/2026\/03\/28\/curiosidades-sobre-fusos-horarios-no-mundo-que-muitos-viajantes-desconhecem\/\" \/>\n<meta property=\"og:site_name\" content=\"Portal Tela Portugal\" \/>\n<meta property=\"article:published_time\" content=\"2026-03-28T10:02:26+00:00\" \/>\n<meta name=\"author\" content=\"Telinha\" \/>\n<meta name=\"twitter:card\" content=\"summary_large_image\" \/>\n<meta name=\"twitter:label1\" content=\"Escrito por\" \/>\n\t<meta name=\"twitter:data1\" content=\"Telinha\" \/>\n\t<meta name=\"twitter:label2\" content=\"Tempo estimado de leitura\" \/>\n\t<meta name=\"twitter:data2\" content=\"2 minutos\" \/>\n<script type=\"application\/ld+json\" class=\"yoast-schema-graph\">{\"@context\":\"https:\/\/schema.org\",\"@graph\":[{\"@type\":\"Article\",\"@id\":\"https:\/\/portaltela.pt\/noticias\/2026\/03\/28\/curiosidades-sobre-fusos-horarios-no-mundo-que-muitos-viajantes-desconhecem\/#article\",\"isPartOf\":{\"@id\":\"https:\/\/portaltela.pt\/noticias\/2026\/03\/28\/curiosidades-sobre-fusos-horarios-no-mundo-que-muitos-viajantes-desconhecem\/\"},\"author\":{\"name\":\"Telinha\",\"@id\":\"https:\/\/portaltela.pt\/#\/schema\/person\/c4278d4a6028830caff9ee44b42d32ed\"},\"headline\":\"Curiosidades sobre fusos hor\u00e1rios no mundo que muitos viajantes desconhecem\",\"datePublished\":\"2026-03-28T10:02:26+00:00\",\"mainEntityOfPage\":{\"@id\":\"https:\/\/portaltela.pt\/noticias\/2026\/03\/28\/curiosidades-sobre-fusos-horarios-no-mundo-que-muitos-viajantes-desconhecem\/\"},\"wordCount\":464,\"image\":{\"@id\":\"https:\/\/portaltela.pt\/noticias\/2026\/03\/28\/curiosidades-sobre-fusos-horarios-no-mundo-que-muitos-viajantes-desconhecem\/#primaryimage\"},\"thumbnailUrl\":\"https:\/\/portaltela.pt\/s.01k8rhncp4jt1\/2026\/03\/1536x864_cmsv2_6ade9c9d-d6b5-5ebe-b740-893ab861f1f9-9698807.jpg\",\"keywords\":[\"\u00c1sia\",\"Austr\u00e1lia\",\"Europa\",\"hor\u00e1rios\",\"Portugal\",\"viagens\"],\"articleSection\":[\"Curiosidades\"],\"inLanguage\":\"pt-PT\"},{\"@type\":\"WebPage\",\"@id\":\"https:\/\/portaltela.pt\/noticias\/2026\/03\/28\/curiosidades-sobre-fusos-horarios-no-mundo-que-muitos-viajantes-desconhecem\/\",\"url\":\"https:\/\/portaltela.pt\/noticias\/2026\/03\/28\/curiosidades-sobre-fusos-horarios-no-mundo-que-muitos-viajantes-desconhecem\/\",\"name\":\"Curiosidades sobre fusos hor\u00e1rios no mundo que muitos viajantes desconhecem - Portal Tela Portugal\",\"isPartOf\":{\"@id\":\"https:\/\/portaltela.pt\/#website\"},\"primaryImageOfPage\":{\"@id\":\"https:\/\/portaltela.pt\/noticias\/2026\/03\/28\/curiosidades-sobre-fusos-horarios-no-mundo-que-muitos-viajantes-desconhecem\/#primaryimage\"},\"image\":{\"@id\":\"https:\/\/portaltela.pt\/noticias\/2026\/03\/28\/curiosidades-sobre-fusos-horarios-no-mundo-que-muitos-viajantes-desconhecem\/#primaryimage\"},\"thumbnailUrl\":\"https:\/\/portaltela.pt\/s.01k8rhncp4jt1\/2026\/03\/1536x864_cmsv2_6ade9c9d-d6b5-5ebe-b740-893ab861f1f9-9698807.jpg\",\"datePublished\":\"2026-03-28T10:02:26+00:00\",\"author\":{\"@id\":\"https:\/\/portaltela.pt\/#\/schema\/person\/c4278d4a6028830caff9ee44b42d32ed\"},\"breadcrumb\":{\"@id\":\"https:\/\/portaltela.pt\/noticias\/2026\/03\/28\/curiosidades-sobre-fusos-horarios-no-mundo-que-muitos-viajantes-desconhecem\/#breadcrumb\"},\"inLanguage\":\"pt-PT\",\"potentialAction\":[{\"@type\":\"ReadAction\",\"target\":[\"https:\/\/portaltela.pt\/noticias\/2026\/03\/28\/curiosidades-sobre-fusos-horarios-no-mundo-que-muitos-viajantes-desconhecem\/\"]}]},{\"@type\":\"ImageObject\",\"inLanguage\":\"pt-PT\",\"@id\":\"https:\/\/portaltela.pt\/noticias\/2026\/03\/28\/curiosidades-sobre-fusos-horarios-no-mundo-que-muitos-viajantes-desconhecem\/#primaryimage\",\"url\":\"https:\/\/portaltela.pt\/s.01k8rhncp4jt1\/2026\/03\/1536x864_cmsv2_6ade9c9d-d6b5-5ebe-b740-893ab861f1f9-9698807.jpg\",\"contentUrl\":\"https:\/\/portaltela.pt\/s.01k8rhncp4jt1\/2026\/03\/1536x864_cmsv2_6ade9c9d-d6b5-5ebe-b740-893ab861f1f9-9698807.jpg\",\"width\":796,\"height\":448,\"caption\":\"Rel\u00f3gios na Europa adiantam uma hora no \u00faltimo domingo de mar\u00e7o\"},{\"@type\":\"BreadcrumbList\",\"@id\":\"https:\/\/portaltela.pt\/noticias\/2026\/03\/28\/curiosidades-sobre-fusos-horarios-no-mundo-que-muitos-viajantes-desconhecem\/#breadcrumb\",\"itemListElement\":[{\"@type\":\"ListItem\",\"position\":1,\"name\":\"In\u00edcio\",\"item\":\"https:\/\/portaltela.pt\/\"},{\"@type\":\"ListItem\",\"position\":2,\"name\":\"Curiosidades sobre fusos hor\u00e1rios no mundo que muitos viajantes desconhecem\"}]},{\"@type\":\"WebSite\",\"@id\":\"https:\/\/portaltela.pt\/#website\",\"url\":\"https:\/\/portaltela.pt\/\",\"name\":\"Portal Tela Portugal\",\"description\":\"\",\"potentialAction\":[{\"@type\":\"SearchAction\",\"target\":{\"@type\":\"EntryPoint\",\"urlTemplate\":\"https:\/\/portaltela.pt\/?s={search_term_string}\"},\"query-input\":{\"@type\":\"PropertyValueSpecification\",\"valueRequired\":true,\"valueName\":\"search_term_string\"}}],\"inLanguage\":\"pt-PT\"},{\"@type\":\"Person\",\"@id\":\"https:\/\/portaltela.pt\/#\/schema\/person\/c4278d4a6028830caff9ee44b42d32ed\",\"name\":\"Telinha\",\"image\":{\"@type\":\"ImageObject\",\"inLanguage\":\"pt-PT\",\"@id\":\"https:\/\/portaltela.pt\/s.01k8rhncp4jt1\/2025\/11\/talking-bot-125x125.png\",\"url\":\"https:\/\/portaltela.pt\/s.01k8rhncp4jt1\/2025\/11\/talking-bot-125x125.png\",\"contentUrl\":\"https:\/\/portaltela.pt\/s.01k8rhncp4jt1\/2025\/11\/talking-bot-125x125.png\",\"caption\":\"Telinha\"},\"sameAs\":[\"https:\/\/portaltela.pt\/\"],\"url\":\"https:\/\/portaltela.pt\/por\/367410592786\/\"}]}<\/script>\n<!-- \/ Yoast SEO plugin. -->","yoast_head_json":{"title":"Curiosidades sobre fusos hor\u00e1rios no mundo que muitos viajantes desconhecem - Portal Tela Portugal","robots":{"index":"index","follow":"follow","max-snippet":"max-snippet:-1","max-image-preview":"max-image-preview:large","max-video-preview":"max-video-preview:-1"},"og_locale":"pt_PT","og_type":"article","og_title":"Curiosidades sobre fusos hor\u00e1rios no mundo que muitos viajantes desconhecem - Portal Tela Portugal","og_description":"A Hora de Ver\u00e3o europeia come\u00e7a \u00e0s 2h da manh\u00e3, hora da Europa Central, no \u00faltimo domingo de mar\u00e7o; este ano \u00e9 no dia 29 de mar\u00e7o. Espanha fica geograficamente em UTC+00:00 (Hora da Europa Ocidental) mas usa UTC+01:00 desde 1942; houve recomenda\u00e7\u00f5es em 2013 para regressar ao fuso original, sem avan\u00e7os desde ent\u00e3o. Maldivas seguem UTC+05:00, mas muitos resorts pedem aos h\u00f3spedes que avancem para UTC+06:00 por conta pr\u00f3pria. A China \u00e9 oficialmente UTC+08:00, apesar de ocupar cinco fusos diferentes; em Xinjiang, algumas pessoas seguem UTC+06:00, o que pode levar a duas horas diferentes por perto. Samoa mudou a Linha Internacional de Data no final de 2011, ficando um dia \u00e0 frente de Samoa Americana, separadas por cerca de duzentos quil\u00f3metros.","og_url":"https:\/\/portaltela.pt\/noticias\/2026\/03\/28\/curiosidades-sobre-fusos-horarios-no-mundo-que-muitos-viajantes-desconhecem\/","og_site_name":"Portal Tela Portugal","article_published_time":"2026-03-28T10:02:26+00:00","author":"Telinha","twitter_card":"summary_large_image","twitter_misc":{"Escrito por":"Telinha","Tempo estimado de leitura":"2 minutos"},"schema":{"@context":"https:\/\/schema.org","@graph":[{"@type":"Article","@id":"https:\/\/portaltela.pt\/noticias\/2026\/03\/28\/curiosidades-sobre-fusos-horarios-no-mundo-que-muitos-viajantes-desconhecem\/#article","isPartOf":{"@id":"https:\/\/portaltela.pt\/noticias\/2026\/03\/28\/curiosidades-sobre-fusos-horarios-no-mundo-que-muitos-viajantes-desconhecem\/"},"author":{"name":"Telinha","@id":"https:\/\/portaltela.pt\/#\/schema\/person\/c4278d4a6028830caff9ee44b42d32ed"},"headline":"Curiosidades sobre fusos hor\u00e1rios no mundo que muitos viajantes desconhecem","datePublished":"2026-03-28T10:02:26+00:00","mainEntityOfPage":{"@id":"https:\/\/portaltela.pt\/noticias\/2026\/03\/28\/curiosidades-sobre-fusos-horarios-no-mundo-que-muitos-viajantes-desconhecem\/"},"wordCount":464,"image":{"@id":"https:\/\/portaltela.pt\/noticias\/2026\/03\/28\/curiosidades-sobre-fusos-horarios-no-mundo-que-muitos-viajantes-desconhecem\/#primaryimage"},"thumbnailUrl":"https:\/\/portaltela.pt\/s.01k8rhncp4jt1\/2026\/03\/1536x864_cmsv2_6ade9c9d-d6b5-5ebe-b740-893ab861f1f9-9698807.jpg","keywords":["\u00c1sia","Austr\u00e1lia","Europa","hor\u00e1rios","Portugal","viagens"],"articleSection":["Curiosidades"],"inLanguage":"pt-PT"},{"@type":"WebPage","@id":"https:\/\/portaltela.pt\/noticias\/2026\/03\/28\/curiosidades-sobre-fusos-horarios-no-mundo-que-muitos-viajantes-desconhecem\/","url":"https:\/\/portaltela.pt\/noticias\/2026\/03\/28\/curiosidades-sobre-fusos-horarios-no-mundo-que-muitos-viajantes-desconhecem\/","name":"Curiosidades sobre fusos hor\u00e1rios no mundo que muitos viajantes desconhecem - Portal Tela Portugal","isPartOf":{"@id":"https:\/\/portaltela.pt\/#website"},"primaryImageOfPage":{"@id":"https:\/\/portaltela.pt\/noticias\/2026\/03\/28\/curiosidades-sobre-fusos-horarios-no-mundo-que-muitos-viajantes-desconhecem\/#primaryimage"},"image":{"@id":"https:\/\/portaltela.pt\/noticias\/2026\/03\/28\/curiosidades-sobre-fusos-horarios-no-mundo-que-muitos-viajantes-desconhecem\/#primaryimage"},"thumbnailUrl":"https:\/\/portaltela.pt\/s.01k8rhncp4jt1\/2026\/03\/1536x864_cmsv2_6ade9c9d-d6b5-5ebe-b740-893ab861f1f9-9698807.jpg","datePublished":"2026-03-28T10:02:26+00:00","author":{"@id":"https:\/\/portaltela.pt\/#\/schema\/person\/c4278d4a6028830caff9ee44b42d32ed"},"breadcrumb":{"@id":"https:\/\/portaltela.pt\/noticias\/2026\/03\/28\/curiosidades-sobre-fusos-horarios-no-mundo-que-muitos-viajantes-desconhecem\/#breadcrumb"},"inLanguage":"pt-PT","potentialAction":[{"@type":"ReadAction","target":["https:\/\/portaltela.pt\/noticias\/2026\/03\/28\/curiosidades-sobre-fusos-horarios-no-mundo-que-muitos-viajantes-desconhecem\/"]}]},{"@type":"ImageObject","inLanguage":"pt-PT","@id":"https:\/\/portaltela.pt\/noticias\/2026\/03\/28\/curiosidades-sobre-fusos-horarios-no-mundo-que-muitos-viajantes-desconhecem\/#primaryimage","url":"https:\/\/portaltela.pt\/s.01k8rhncp4jt1\/2026\/03\/1536x864_cmsv2_6ade9c9d-d6b5-5ebe-b740-893ab861f1f9-9698807.jpg","contentUrl":"https:\/\/portaltela.pt\/s.01k8rhncp4jt1\/2026\/03\/1536x864_cmsv2_6ade9c9d-d6b5-5ebe-b740-893ab861f1f9-9698807.jpg","width":796,"height":448,"caption":"Rel\u00f3gios na Europa adiantam uma hora no \u00faltimo domingo de mar\u00e7o"},{"@type":"BreadcrumbList","@id":"https:\/\/portaltela.pt\/noticias\/2026\/03\/28\/curiosidades-sobre-fusos-horarios-no-mundo-que-muitos-viajantes-desconhecem\/#breadcrumb","itemListElement":[{"@type":"ListItem","position":1,"name":"In\u00edcio","item":"https:\/\/portaltela.pt\/"},{"@type":"ListItem","position":2,"name":"Curiosidades sobre fusos hor\u00e1rios no mundo que muitos viajantes desconhecem"}]},{"@type":"WebSite","@id":"https:\/\/portaltela.pt\/#website","url":"https:\/\/portaltela.pt\/","name":"Portal Tela Portugal","description":"","potentialAction":[{"@type":"SearchAction","target":{"@type":"EntryPoint","urlTemplate":"https:\/\/portaltela.pt\/?s={search_term_string}"},"query-input":{"@type":"PropertyValueSpecification","valueRequired":true,"valueName":"search_term_string"}}],"inLanguage":"pt-PT"},{"@type":"Person","@id":"https:\/\/portaltela.pt\/#\/schema\/person\/c4278d4a6028830caff9ee44b42d32ed","name":"Telinha","image":{"@type":"ImageObject","inLanguage":"pt-PT","@id":"https:\/\/portaltela.pt\/s.01k8rhncp4jt1\/2025\/11\/talking-bot-125x125.png","url":"https:\/\/portaltela.pt\/s.01k8rhncp4jt1\/2025\/11\/talking-bot-125x125.png","contentUrl":"https:\/\/portaltela.pt\/s.01k8rhncp4jt1\/2025\/11\/talking-bot-125x125.png","caption":"Telinha"},"sameAs":["https:\/\/portaltela.pt\/"],"url":"https:\/\/portaltela.pt\/por\/367410592786\/"}]}},"_links":{"self":[{"href":"https:\/\/portaltela.pt\/api\/wp\/v2\/posts\/424754","targetHints":{"allow":["GET"]}}],"collection":[{"href":"https:\/\/portaltela.pt\/api\/wp\/v2\/posts"}],"about":[{"href":"https:\/\/portaltela.pt\/api\/wp\/v2\/types\/post"}],"author":[{"embeddable":true,"href":"https:\/\/portaltela.pt\/api\/wp\/v2\/users\/2"}],"replies":[{"embeddable":true,"href":"https:\/\/portaltela.pt\/api\/wp\/v2\/comments?post=424754"}],"version-history":[{"count":0,"href":"https:\/\/portaltela.pt\/api\/wp\/v2\/posts\/424754\/revisions"}],"wp:featuredmedia":[{"embeddable":true,"href":"https:\/\/portaltela.pt\/api\/wp\/v2\/media\/424755"}],"wp:attachment":[{"href":"https:\/\/portaltela.pt\/api\/wp\/v2\/media?parent=424754"}],"wp:term":[{"taxonomy":"category","embeddable":true,"href":"https:\/\/portaltela.pt\/api\/wp\/v2\/categories?post=424754"},{"taxonomy":"post_tag","embeddable":true,"href":"https:\/\/portaltela.pt\/api\/wp\/v2\/tags?post=424754"}],"curies":[{"name":"wp","href":"https:\/\/api.w.org\/{rel}","templated":true}]}}