{"id":424751,"date":"2026-03-28T06:27:55","date_gmt":"2026-03-28T09:27:55","guid":{"rendered":"https:\/\/portaltela.pt\/noticias\/2026\/03\/28\/estudo-revela-que-caes-vivem-com-humanos-ha-5-000-anos-a-mais-do-que-se-pensava\/"},"modified":"2026-03-28T06:27:55","modified_gmt":"2026-03-28T09:27:55","slug":"estudo-revela-que-caes-vivem-com-humanos-ha-5-000-anos-a-mais-do-que-se-pensava","status":"publish","type":"post","link":"https:\/\/portaltela.pt\/curiosidades\/2026\/03\/28\/estudo-revela-que-caes-vivem-com-humanos-ha-5-000-anos-a-mais-do-que-se-pensava\/","title":{"rendered":"Estudo revela que c\u00e3es vivem com humanos h\u00e1 5.000 anos a mais do que se pensava"},"content":{"rendered":"<p>Dois estudos independentes revelam que c\u00e3es domesticados j\u00e1 viviam com humanos h\u00e1 mais de 15 mil anos, na Europa e na \u00c1sia. As novas an\u00e1lises de ADN antigo apontam para uma rela\u00e7\u00e3o entre humanos e c\u00e3es muito anterior ao que se pensava, entre 15.800 e 14.000 anos atr\u00e1s.<\/p>\n<p>As pesquisas analisaram ADN de mais de 200 c\u00e3es e lobos, identificando provas gen\u00e9ticas hist\u00f3ricas em s\u00edtios na Turquia e na gruta de Gough, no sudoeste de Inglaterra. Os trabalhos ajudam a clarificar a origem e a integra\u00e7\u00e3o dos c\u00e3es nas comunidades humanas.<\/p>\n<h3>Descobertas-chave<\/h3>\n<p>A investiga\u00e7\u00e3o mostra que a associa\u00e7\u00e3o humano-c\u00e3o j\u00e1 era evidente no per\u00edodo final da \u00faltima Idade do Gelo. Em s\u00edtios turcos, restos indicam que os c\u00e3es antigos tinham dieta de peixe, parecida com a das popula\u00e7\u00f5es humanas pr\u00f3ximas.<\/p>\n<p>Na gruta de Gough, uma mand\u00edbula de c\u00e3o passou por trabalho espec\u00edfico ap\u00f3s a morte, com marcas de corte. Os ossos dos c\u00e3es foram tratados e dispostos de modo semelhante aos ossos humanos do mesmo local, sugerindo um papel social ou simb\u00f3lico.<\/p>\n<p>Os estudos, publicados na revista Nature, unem evid\u00eancias para tra\u00e7ar uma imagem mais n\u00edtida das origens dos c\u00e3es e da sua participa\u00e7\u00e3o nas sociedades humanas ao longo de mil\u00e9nios.<\/p>\n<p>Os pesquisadores destacam que a rela\u00e7\u00e3o entre humanos e c\u00e3es sempre existiu, com impactos na forma como os c\u00e3es foram criados, criados e integrados em comunidades ao longo de mil\u00e9nios.<\/p>\n","protected":false},"excerpt":{"rendered":"<ul>\n<li>Dois estudos independentes mostram que os c\u00e3es domesticados j\u00e1 viviam com humanos entre 15 800 e 14 000 anos atr\u00e1s, cerca de 5 mil\u00e9nios antes do que se pensava.<\/li>\n<li>An\u00e1lises de ADN antigo de mais de 200 c\u00e3es e lobos foram feitas em s\u00edtios na Europa e na \u00c1sia, incluindo P\u0131narba\u015f\u0131, Turquia, e a gruta de Gough, Inglaterra.<\/li>\n<li>A pesquisa identifica a domestica\u00e7\u00e3o do c\u00e3o a partir do lobo-cinzento durante a \u00faltima Idade do Gelo, com evid\u00eancia gen\u00e9tica considerada a mais antiga dispon\u00edvel.<\/li>\n<li>Registos qu\u00edmicos indicam que esses c\u00e3es antigos podem ter comido peixe, coincidindo com a dieta das popula\u00e7\u00f5es humanas pr\u00f3ximas.<\/li>\n<li>Em Gough, uma mand\u00edbula de c\u00e3o apresenta marcas de corte e tratamento semelhante aos ossos humanos do mesmo s\u00edtio, sugerindo um papel social ou simb\u00f3lico.<\/li>\n<\/ul>\n","protected":false},"author":2,"featured_media":424753,"comment_status":"closed","ping_status":"closed","sticky":false,"template":"","format":"standard","meta":{"footnotes":""},"categories":[7384],"tags":[3091,813,1992,2628,299],"class_list":["post-424751","post","type-post","status-publish","format-standard","has-post-thumbnail","hentry","category-curiosidades","tag-animais","tag-arqueologia","tag-ciencia","tag-genetica","tag-historia"],"yoast_head":"<!-- This site is optimized with the Yoast SEO plugin v27.2 - https:\/\/yoast.com\/product\/yoast-seo-wordpress\/ -->\n<title>Estudo revela que c\u00e3es vivem com humanos h\u00e1 5.000 anos a mais do que se pensava - Portal Tela Portugal<\/title>\n<meta name=\"robots\" content=\"index, follow, max-snippet:-1, max-image-preview:large, max-video-preview:-1\" \/>\n<meta property=\"og:locale\" content=\"pt_PT\" \/>\n<meta property=\"og:type\" content=\"article\" \/>\n<meta property=\"og:title\" content=\"Estudo revela que c\u00e3es vivem com humanos h\u00e1 5.000 anos a mais do que se pensava - Portal Tela Portugal\" \/>\n<meta property=\"og:description\" content=\"Dois estudos independentes mostram que os c\u00e3es domesticados j\u00e1 viviam com humanos entre 15 800 e 14 000 anos atr\u00e1s, cerca de 5 mil\u00e9nios antes do que se pensava. An\u00e1lises de ADN antigo de mais de 200 c\u00e3es e lobos foram feitas em s\u00edtios na Europa e na \u00c1sia, incluindo P\u0131narba\u015f\u0131, Turquia, e a gruta de Gough, Inglaterra. A pesquisa identifica a domestica\u00e7\u00e3o do c\u00e3o a partir do lobo-cinzento durante a \u00faltima Idade do Gelo, com evid\u00eancia gen\u00e9tica considerada a mais antiga dispon\u00edvel. Registos qu\u00edmicos indicam que esses c\u00e3es antigos podem ter comido peixe, coincidindo com a dieta das popula\u00e7\u00f5es humanas pr\u00f3ximas. Em Gough, uma mand\u00edbula de c\u00e3o apresenta marcas de corte e tratamento semelhante aos ossos humanos do mesmo s\u00edtio, sugerindo um papel social ou simb\u00f3lico.\" \/>\n<meta property=\"og:url\" content=\"https:\/\/portaltela.pt\/noticias\/2026\/03\/28\/estudo-revela-que-caes-vivem-com-humanos-ha-5-000-anos-a-mais-do-que-se-pensava\/\" \/>\n<meta property=\"og:site_name\" content=\"Portal Tela Portugal\" \/>\n<meta property=\"article:published_time\" content=\"2026-03-28T09:27:55+00:00\" \/>\n<meta name=\"author\" content=\"Telinha\" \/>\n<meta name=\"twitter:card\" content=\"summary_large_image\" \/>\n<meta name=\"twitter:label1\" content=\"Escrito por\" \/>\n\t<meta name=\"twitter:data1\" content=\"Telinha\" \/>\n\t<meta name=\"twitter:label2\" content=\"Tempo estimado de leitura\" \/>\n\t<meta name=\"twitter:data2\" content=\"1 minuto\" \/>\n<script type=\"application\/ld+json\" class=\"yoast-schema-graph\">{\"@context\":\"https:\/\/schema.org\",\"@graph\":[{\"@type\":\"Article\",\"@id\":\"https:\/\/portaltela.pt\/noticias\/2026\/03\/28\/estudo-revela-que-caes-vivem-com-humanos-ha-5-000-anos-a-mais-do-que-se-pensava\/#article\",\"isPartOf\":{\"@id\":\"https:\/\/portaltela.pt\/noticias\/2026\/03\/28\/estudo-revela-que-caes-vivem-com-humanos-ha-5-000-anos-a-mais-do-que-se-pensava\/\"},\"author\":{\"name\":\"Telinha\",\"@id\":\"https:\/\/portaltela.pt\/#\/schema\/person\/c4278d4a6028830caff9ee44b42d32ed\"},\"headline\":\"Estudo revela que c\u00e3es vivem com humanos h\u00e1 5.000 anos a mais do que se pensava\",\"datePublished\":\"2026-03-28T09:27:55+00:00\",\"mainEntityOfPage\":{\"@id\":\"https:\/\/portaltela.pt\/noticias\/2026\/03\/28\/estudo-revela-que-caes-vivem-com-humanos-ha-5-000-anos-a-mais-do-que-se-pensava\/\"},\"wordCount\":278,\"image\":{\"@id\":\"https:\/\/portaltela.pt\/noticias\/2026\/03\/28\/estudo-revela-que-caes-vivem-com-humanos-ha-5-000-anos-a-mais-do-que-se-pensava\/#primaryimage\"},\"thumbnailUrl\":\"https:\/\/portaltela.pt\/s.01k8rhncp4jt1\/2026\/03\/1536x864_cmsv2_6cb965ab-83f5-522b-97b8-097f86d69965-9699316.jpg\",\"keywords\":[\"animais\",\"arqueologia\",\"ci\u00eancia\",\"gen\u00e9tica\",\"hist\u00f3ria\"],\"articleSection\":[\"Curiosidades\"],\"inLanguage\":\"pt-PT\"},{\"@type\":\"WebPage\",\"@id\":\"https:\/\/portaltela.pt\/noticias\/2026\/03\/28\/estudo-revela-que-caes-vivem-com-humanos-ha-5-000-anos-a-mais-do-que-se-pensava\/\",\"url\":\"https:\/\/portaltela.pt\/noticias\/2026\/03\/28\/estudo-revela-que-caes-vivem-com-humanos-ha-5-000-anos-a-mais-do-que-se-pensava\/\",\"name\":\"Estudo revela que c\u00e3es vivem com humanos h\u00e1 5.000 anos a mais do que se pensava - Portal Tela Portugal\",\"isPartOf\":{\"@id\":\"https:\/\/portaltela.pt\/#website\"},\"primaryImageOfPage\":{\"@id\":\"https:\/\/portaltela.pt\/noticias\/2026\/03\/28\/estudo-revela-que-caes-vivem-com-humanos-ha-5-000-anos-a-mais-do-que-se-pensava\/#primaryimage\"},\"image\":{\"@id\":\"https:\/\/portaltela.pt\/noticias\/2026\/03\/28\/estudo-revela-que-caes-vivem-com-humanos-ha-5-000-anos-a-mais-do-que-se-pensava\/#primaryimage\"},\"thumbnailUrl\":\"https:\/\/portaltela.pt\/s.01k8rhncp4jt1\/2026\/03\/1536x864_cmsv2_6cb965ab-83f5-522b-97b8-097f86d69965-9699316.jpg\",\"datePublished\":\"2026-03-28T09:27:55+00:00\",\"author\":{\"@id\":\"https:\/\/portaltela.pt\/#\/schema\/person\/c4278d4a6028830caff9ee44b42d32ed\"},\"breadcrumb\":{\"@id\":\"https:\/\/portaltela.pt\/noticias\/2026\/03\/28\/estudo-revela-que-caes-vivem-com-humanos-ha-5-000-anos-a-mais-do-que-se-pensava\/#breadcrumb\"},\"inLanguage\":\"pt-PT\",\"potentialAction\":[{\"@type\":\"ReadAction\",\"target\":[\"https:\/\/portaltela.pt\/noticias\/2026\/03\/28\/estudo-revela-que-caes-vivem-com-humanos-ha-5-000-anos-a-mais-do-que-se-pensava\/\"]}]},{\"@type\":\"ImageObject\",\"inLanguage\":\"pt-PT\",\"@id\":\"https:\/\/portaltela.pt\/noticias\/2026\/03\/28\/estudo-revela-que-caes-vivem-com-humanos-ha-5-000-anos-a-mais-do-que-se-pensava\/#primaryimage\",\"url\":\"https:\/\/portaltela.pt\/s.01k8rhncp4jt1\/2026\/03\/1536x864_cmsv2_6cb965ab-83f5-522b-97b8-097f86d69965-9699316.jpg\",\"contentUrl\":\"https:\/\/portaltela.pt\/s.01k8rhncp4jt1\/2026\/03\/1536x864_cmsv2_6cb965ab-83f5-522b-97b8-097f86d69965-9699316.jpg\",\"width\":796,\"height\":448,\"caption\":\"Investigador segura mand\u00edbula de c\u00e3o com 14 300 anos encontrada na gruta de Gough, no Reino Unido, em 2026\"},{\"@type\":\"BreadcrumbList\",\"@id\":\"https:\/\/portaltela.pt\/noticias\/2026\/03\/28\/estudo-revela-que-caes-vivem-com-humanos-ha-5-000-anos-a-mais-do-que-se-pensava\/#breadcrumb\",\"itemListElement\":[{\"@type\":\"ListItem\",\"position\":1,\"name\":\"In\u00edcio\",\"item\":\"https:\/\/portaltela.pt\/\"},{\"@type\":\"ListItem\",\"position\":2,\"name\":\"Estudo revela que c\u00e3es vivem com humanos h\u00e1 5.000 anos a mais do que se pensava\"}]},{\"@type\":\"WebSite\",\"@id\":\"https:\/\/portaltela.pt\/#website\",\"url\":\"https:\/\/portaltela.pt\/\",\"name\":\"Portal Tela Portugal\",\"description\":\"\",\"potentialAction\":[{\"@type\":\"SearchAction\",\"target\":{\"@type\":\"EntryPoint\",\"urlTemplate\":\"https:\/\/portaltela.pt\/?s={search_term_string}\"},\"query-input\":{\"@type\":\"PropertyValueSpecification\",\"valueRequired\":true,\"valueName\":\"search_term_string\"}}],\"inLanguage\":\"pt-PT\"},{\"@type\":\"Person\",\"@id\":\"https:\/\/portaltela.pt\/#\/schema\/person\/c4278d4a6028830caff9ee44b42d32ed\",\"name\":\"Telinha\",\"image\":{\"@type\":\"ImageObject\",\"inLanguage\":\"pt-PT\",\"@id\":\"https:\/\/portaltela.pt\/s.01k8rhncp4jt1\/2025\/11\/talking-bot-125x125.png\",\"url\":\"https:\/\/portaltela.pt\/s.01k8rhncp4jt1\/2025\/11\/talking-bot-125x125.png\",\"contentUrl\":\"https:\/\/portaltela.pt\/s.01k8rhncp4jt1\/2025\/11\/talking-bot-125x125.png\",\"caption\":\"Telinha\"},\"sameAs\":[\"https:\/\/portaltela.pt\/\"],\"url\":\"https:\/\/portaltela.pt\/por\/367410592786\/\"}]}<\/script>\n<!-- \/ Yoast SEO plugin. -->","yoast_head_json":{"title":"Estudo revela que c\u00e3es vivem com humanos h\u00e1 5.000 anos a mais do que se pensava - Portal Tela Portugal","robots":{"index":"index","follow":"follow","max-snippet":"max-snippet:-1","max-image-preview":"max-image-preview:large","max-video-preview":"max-video-preview:-1"},"og_locale":"pt_PT","og_type":"article","og_title":"Estudo revela que c\u00e3es vivem com humanos h\u00e1 5.000 anos a mais do que se pensava - Portal Tela Portugal","og_description":"Dois estudos independentes mostram que os c\u00e3es domesticados j\u00e1 viviam com humanos entre 15 800 e 14 000 anos atr\u00e1s, cerca de 5 mil\u00e9nios antes do que se pensava. An\u00e1lises de ADN antigo de mais de 200 c\u00e3es e lobos foram feitas em s\u00edtios na Europa e na \u00c1sia, incluindo P\u0131narba\u015f\u0131, Turquia, e a gruta de Gough, Inglaterra. A pesquisa identifica a domestica\u00e7\u00e3o do c\u00e3o a partir do lobo-cinzento durante a \u00faltima Idade do Gelo, com evid\u00eancia gen\u00e9tica considerada a mais antiga dispon\u00edvel. Registos qu\u00edmicos indicam que esses c\u00e3es antigos podem ter comido peixe, coincidindo com a dieta das popula\u00e7\u00f5es humanas pr\u00f3ximas. Em Gough, uma mand\u00edbula de c\u00e3o apresenta marcas de corte e tratamento semelhante aos ossos humanos do mesmo s\u00edtio, sugerindo um papel social ou simb\u00f3lico.","og_url":"https:\/\/portaltela.pt\/noticias\/2026\/03\/28\/estudo-revela-que-caes-vivem-com-humanos-ha-5-000-anos-a-mais-do-que-se-pensava\/","og_site_name":"Portal Tela Portugal","article_published_time":"2026-03-28T09:27:55+00:00","author":"Telinha","twitter_card":"summary_large_image","twitter_misc":{"Escrito por":"Telinha","Tempo estimado de leitura":"1 minuto"},"schema":{"@context":"https:\/\/schema.org","@graph":[{"@type":"Article","@id":"https:\/\/portaltela.pt\/noticias\/2026\/03\/28\/estudo-revela-que-caes-vivem-com-humanos-ha-5-000-anos-a-mais-do-que-se-pensava\/#article","isPartOf":{"@id":"https:\/\/portaltela.pt\/noticias\/2026\/03\/28\/estudo-revela-que-caes-vivem-com-humanos-ha-5-000-anos-a-mais-do-que-se-pensava\/"},"author":{"name":"Telinha","@id":"https:\/\/portaltela.pt\/#\/schema\/person\/c4278d4a6028830caff9ee44b42d32ed"},"headline":"Estudo revela que c\u00e3es vivem com humanos h\u00e1 5.000 anos a mais do que se pensava","datePublished":"2026-03-28T09:27:55+00:00","mainEntityOfPage":{"@id":"https:\/\/portaltela.pt\/noticias\/2026\/03\/28\/estudo-revela-que-caes-vivem-com-humanos-ha-5-000-anos-a-mais-do-que-se-pensava\/"},"wordCount":278,"image":{"@id":"https:\/\/portaltela.pt\/noticias\/2026\/03\/28\/estudo-revela-que-caes-vivem-com-humanos-ha-5-000-anos-a-mais-do-que-se-pensava\/#primaryimage"},"thumbnailUrl":"https:\/\/portaltela.pt\/s.01k8rhncp4jt1\/2026\/03\/1536x864_cmsv2_6cb965ab-83f5-522b-97b8-097f86d69965-9699316.jpg","keywords":["animais","arqueologia","ci\u00eancia","gen\u00e9tica","hist\u00f3ria"],"articleSection":["Curiosidades"],"inLanguage":"pt-PT"},{"@type":"WebPage","@id":"https:\/\/portaltela.pt\/noticias\/2026\/03\/28\/estudo-revela-que-caes-vivem-com-humanos-ha-5-000-anos-a-mais-do-que-se-pensava\/","url":"https:\/\/portaltela.pt\/noticias\/2026\/03\/28\/estudo-revela-que-caes-vivem-com-humanos-ha-5-000-anos-a-mais-do-que-se-pensava\/","name":"Estudo revela que c\u00e3es vivem com humanos h\u00e1 5.000 anos a mais do que se pensava - Portal Tela Portugal","isPartOf":{"@id":"https:\/\/portaltela.pt\/#website"},"primaryImageOfPage":{"@id":"https:\/\/portaltela.pt\/noticias\/2026\/03\/28\/estudo-revela-que-caes-vivem-com-humanos-ha-5-000-anos-a-mais-do-que-se-pensava\/#primaryimage"},"image":{"@id":"https:\/\/portaltela.pt\/noticias\/2026\/03\/28\/estudo-revela-que-caes-vivem-com-humanos-ha-5-000-anos-a-mais-do-que-se-pensava\/#primaryimage"},"thumbnailUrl":"https:\/\/portaltela.pt\/s.01k8rhncp4jt1\/2026\/03\/1536x864_cmsv2_6cb965ab-83f5-522b-97b8-097f86d69965-9699316.jpg","datePublished":"2026-03-28T09:27:55+00:00","author":{"@id":"https:\/\/portaltela.pt\/#\/schema\/person\/c4278d4a6028830caff9ee44b42d32ed"},"breadcrumb":{"@id":"https:\/\/portaltela.pt\/noticias\/2026\/03\/28\/estudo-revela-que-caes-vivem-com-humanos-ha-5-000-anos-a-mais-do-que-se-pensava\/#breadcrumb"},"inLanguage":"pt-PT","potentialAction":[{"@type":"ReadAction","target":["https:\/\/portaltela.pt\/noticias\/2026\/03\/28\/estudo-revela-que-caes-vivem-com-humanos-ha-5-000-anos-a-mais-do-que-se-pensava\/"]}]},{"@type":"ImageObject","inLanguage":"pt-PT","@id":"https:\/\/portaltela.pt\/noticias\/2026\/03\/28\/estudo-revela-que-caes-vivem-com-humanos-ha-5-000-anos-a-mais-do-que-se-pensava\/#primaryimage","url":"https:\/\/portaltela.pt\/s.01k8rhncp4jt1\/2026\/03\/1536x864_cmsv2_6cb965ab-83f5-522b-97b8-097f86d69965-9699316.jpg","contentUrl":"https:\/\/portaltela.pt\/s.01k8rhncp4jt1\/2026\/03\/1536x864_cmsv2_6cb965ab-83f5-522b-97b8-097f86d69965-9699316.jpg","width":796,"height":448,"caption":"Investigador segura mand\u00edbula de c\u00e3o com 14 300 anos encontrada na gruta de Gough, no Reino Unido, em 2026"},{"@type":"BreadcrumbList","@id":"https:\/\/portaltela.pt\/noticias\/2026\/03\/28\/estudo-revela-que-caes-vivem-com-humanos-ha-5-000-anos-a-mais-do-que-se-pensava\/#breadcrumb","itemListElement":[{"@type":"ListItem","position":1,"name":"In\u00edcio","item":"https:\/\/portaltela.pt\/"},{"@type":"ListItem","position":2,"name":"Estudo revela que c\u00e3es vivem com humanos h\u00e1 5.000 anos a mais do que se pensava"}]},{"@type":"WebSite","@id":"https:\/\/portaltela.pt\/#website","url":"https:\/\/portaltela.pt\/","name":"Portal Tela Portugal","description":"","potentialAction":[{"@type":"SearchAction","target":{"@type":"EntryPoint","urlTemplate":"https:\/\/portaltela.pt\/?s={search_term_string}"},"query-input":{"@type":"PropertyValueSpecification","valueRequired":true,"valueName":"search_term_string"}}],"inLanguage":"pt-PT"},{"@type":"Person","@id":"https:\/\/portaltela.pt\/#\/schema\/person\/c4278d4a6028830caff9ee44b42d32ed","name":"Telinha","image":{"@type":"ImageObject","inLanguage":"pt-PT","@id":"https:\/\/portaltela.pt\/s.01k8rhncp4jt1\/2025\/11\/talking-bot-125x125.png","url":"https:\/\/portaltela.pt\/s.01k8rhncp4jt1\/2025\/11\/talking-bot-125x125.png","contentUrl":"https:\/\/portaltela.pt\/s.01k8rhncp4jt1\/2025\/11\/talking-bot-125x125.png","caption":"Telinha"},"sameAs":["https:\/\/portaltela.pt\/"],"url":"https:\/\/portaltela.pt\/por\/367410592786\/"}]}},"_links":{"self":[{"href":"https:\/\/portaltela.pt\/api\/wp\/v2\/posts\/424751","targetHints":{"allow":["GET"]}}],"collection":[{"href":"https:\/\/portaltela.pt\/api\/wp\/v2\/posts"}],"about":[{"href":"https:\/\/portaltela.pt\/api\/wp\/v2\/types\/post"}],"author":[{"embeddable":true,"href":"https:\/\/portaltela.pt\/api\/wp\/v2\/users\/2"}],"replies":[{"embeddable":true,"href":"https:\/\/portaltela.pt\/api\/wp\/v2\/comments?post=424751"}],"version-history":[{"count":0,"href":"https:\/\/portaltela.pt\/api\/wp\/v2\/posts\/424751\/revisions"}],"wp:featuredmedia":[{"embeddable":true,"href":"https:\/\/portaltela.pt\/api\/wp\/v2\/media\/424753"}],"wp:attachment":[{"href":"https:\/\/portaltela.pt\/api\/wp\/v2\/media?parent=424751"}],"wp:term":[{"taxonomy":"category","embeddable":true,"href":"https:\/\/portaltela.pt\/api\/wp\/v2\/categories?post=424751"},{"taxonomy":"post_tag","embeddable":true,"href":"https:\/\/portaltela.pt\/api\/wp\/v2\/tags?post=424751"}],"curies":[{"name":"wp","href":"https:\/\/api.w.org\/{rel}","templated":true}]}}