{"id":424733,"date":"2026-03-28T06:05:00","date_gmt":"2026-03-28T09:05:00","guid":{"rendered":"https:\/\/portaltela.pt\/noticias\/2026\/03\/28\/odio-publico-gera-lucro-e-beneficia-a-extrema-direita\/"},"modified":"2026-03-28T06:05:00","modified_gmt":"2026-03-28T09:05:00","slug":"odio-publico-gera-lucro-e-beneficia-a-extrema-direita","status":"publish","type":"post","link":"https:\/\/portaltela.pt\/tecnologia\/2026\/03\/28\/odio-publico-gera-lucro-e-beneficia-a-extrema-direita\/","title":{"rendered":"\u00d3dio p\u00fablico gera lucro e beneficia a extrema-direita"},"content":{"rendered":"<p>A not\u00edcia em an\u00e1lise alerta para o papel dos algoritmos das redes sociais na propaga\u00e7\u00e3o de desinforma\u00e7\u00e3o e no aumento da polariza\u00e7\u00e3o pol\u00edtica. O texto argumenta que a prioridade \u00e9 manter o utilizador em casa plataforma, maximizando o tempo de ecr\u00e3.<\/p>\n<p>Segundo o artigo, a desinforma\u00e7\u00e3o circula rapidamente porque busca respostas emocionais. O resultado \u00e9 um estado de defesa que favorece conte\u00fados inflamados e dificulta a an\u00e1lise racional dos factos. A crise de informa\u00e7\u00e3o agrava-se em per\u00edodos de grande turbul\u00eancia.<\/p>\n<p>O texto sustenta que a extrema-direita tem aproveitado esse ambiente para amplificar mensagens radicais. Ao criar indigna\u00e7\u00e3o constante, supostamente capturam a aten\u00e7\u00e3o p\u00fablica e mobilizam seguidores, com o algoritmo a favorecer conte\u00fados sensacionalistas.<\/p>\n<p>A pe\u00e7a descreve ainda como a polariza\u00e7\u00e3o aumenta quando o di\u00e1logo fica mais dif\u00edcil. A solu\u00e7\u00e3o apresentada n\u00e3o passa pela fuga da internet, mas por uma mudan\u00e7a na forma como nos relacionamos com o conte\u00fado online e com o pr\u00f3prio algoritmo.<\/p>\n<p>Para lidar com o problema, o texto sugere resistir a t\u00edtulos incendi\u00e1rios, crit\u00e9rio na partilha de not\u00edcias e exposi\u00e7\u00e3o a pontos de vista divergentes. Em \u00faltimo, defende a pr\u00e1tica de deixar o telem\u00f3vel de lado para evitar rea\u00e7\u00f5es impulsivas.<\/p>\n<p>O artigo conclui que a aten\u00e7\u00e3o dos utilizadores \u00e9 o recurso mais valioso do meio digital e que a consci\u00eancia de que existe uma m\u00e1quina a moldar perce\u00e7\u00f5es \u00e9 o primeiro passo para recuperar a liberdade de pensamento.<\/p>\n","protected":false},"excerpt":{"rendered":"<ul>\n<li>O algoritmo das plataformas prioriza o tempo de ecr\u00e3 e favorece conte\u00fados que geram indigna\u00e7\u00e3o.<\/li>\n<li>A desinforma\u00e7\u00e3o e as fake news propagam-se rapidamente, principalmente em per\u00edodos de grande turbul\u00eancia noticiosa.<\/li>\n<li>A extrema-direita tem utilizado este sistema para capturar aten\u00e7\u00e3o, radicalizar mensagens e mobilizar seguidores.<\/li>\n<li>A solu\u00e7\u00e3o proposta envolve resist\u00eancia di\u00e1ria: evitar partilhar apenas por t\u00edtulos incendi\u00e1rios, seguir pessoas com pontos de vista diferentes e manter a calma antes de comentar.<\/li>\n<li>A aten\u00e7\u00e3o \u00e9 o recurso-chave do mundo digital; \u00e9 preciso pousar o telem\u00f3vel e n\u00e3o ceder \u00e0 vontade de reagir de imediato.<\/li>\n<\/ul>\n","protected":false},"author":2,"featured_media":424735,"comment_status":"closed","ping_status":"closed","sticky":false,"template":"","format":"standard","meta":{"footnotes":""},"categories":[6716],"tags":[5637,1469,5517,195,2832,88],"class_list":["post-424733","post","type-post","status-publish","format-standard","has-post-thumbnail","hentry","category-tecnologia","tag-algoritmo","tag-desinformacao","tag-extrema-direita","tag-informacao","tag-politica","tag-redes-sociais"],"yoast_head":"<!-- This site is optimized with the Yoast SEO plugin v27.2 - https:\/\/yoast.com\/product\/yoast-seo-wordpress\/ -->\n<title>\u00d3dio p\u00fablico gera lucro e beneficia a extrema-direita - Portal Tela Portugal<\/title>\n<meta name=\"robots\" content=\"index, follow, max-snippet:-1, max-image-preview:large, max-video-preview:-1\" \/>\n<meta property=\"og:locale\" content=\"pt_PT\" \/>\n<meta property=\"og:type\" content=\"article\" \/>\n<meta property=\"og:title\" content=\"\u00d3dio p\u00fablico gera lucro e beneficia a extrema-direita - Portal Tela Portugal\" \/>\n<meta property=\"og:description\" content=\"O algoritmo das plataformas prioriza o tempo de ecr\u00e3 e favorece conte\u00fados que geram indigna\u00e7\u00e3o. A desinforma\u00e7\u00e3o e as fake news propagam-se rapidamente, principalmente em per\u00edodos de grande turbul\u00eancia noticiosa. A extrema-direita tem utilizado este sistema para capturar aten\u00e7\u00e3o, radicalizar mensagens e mobilizar seguidores. A solu\u00e7\u00e3o proposta envolve resist\u00eancia di\u00e1ria: evitar partilhar apenas por t\u00edtulos incendi\u00e1rios, seguir pessoas com pontos de vista diferentes e manter a calma antes de comentar. A aten\u00e7\u00e3o \u00e9 o recurso-chave do mundo digital; \u00e9 preciso pousar o telem\u00f3vel e n\u00e3o ceder \u00e0 vontade de reagir de imediato.\" \/>\n<meta property=\"og:url\" content=\"https:\/\/portaltela.pt\/noticias\/2026\/03\/28\/odio-publico-gera-lucro-e-beneficia-a-extrema-direita\/\" \/>\n<meta property=\"og:site_name\" content=\"Portal Tela Portugal\" \/>\n<meta property=\"article:published_time\" content=\"2026-03-28T09:05:00+00:00\" \/>\n<meta name=\"author\" content=\"Telinha\" \/>\n<meta name=\"twitter:card\" content=\"summary_large_image\" \/>\n<meta name=\"twitter:label1\" content=\"Escrito por\" \/>\n\t<meta name=\"twitter:data1\" content=\"Telinha\" \/>\n\t<meta name=\"twitter:label2\" content=\"Tempo estimado de leitura\" \/>\n\t<meta name=\"twitter:data2\" content=\"1 minuto\" \/>\n<script type=\"application\/ld+json\" class=\"yoast-schema-graph\">{\"@context\":\"https:\/\/schema.org\",\"@graph\":[{\"@type\":\"Article\",\"@id\":\"https:\/\/portaltela.pt\/noticias\/2026\/03\/28\/odio-publico-gera-lucro-e-beneficia-a-extrema-direita\/#article\",\"isPartOf\":{\"@id\":\"https:\/\/portaltela.pt\/noticias\/2026\/03\/28\/odio-publico-gera-lucro-e-beneficia-a-extrema-direita\/\"},\"author\":{\"name\":\"Telinha\",\"@id\":\"https:\/\/portaltela.pt\/#\/schema\/person\/c4278d4a6028830caff9ee44b42d32ed\"},\"headline\":\"\u00d3dio p\u00fablico gera lucro e beneficia a extrema-direita\",\"datePublished\":\"2026-03-28T09:05:00+00:00\",\"mainEntityOfPage\":{\"@id\":\"https:\/\/portaltela.pt\/noticias\/2026\/03\/28\/odio-publico-gera-lucro-e-beneficia-a-extrema-direita\/\"},\"wordCount\":273,\"image\":{\"@id\":\"https:\/\/portaltela.pt\/noticias\/2026\/03\/28\/odio-publico-gera-lucro-e-beneficia-a-extrema-direita\/#primaryimage\"},\"thumbnailUrl\":\"https:\/\/portaltela.pt\/s.01k8rhncp4jt1\/2026\/03\/2077314.jpg\",\"keywords\":[\"Algoritmo\",\"desinforma\u00e7\u00e3o\",\"extrema-direita\",\"informa\u00e7\u00e3o\",\"pol\u00edtica\",\"redes sociais\"],\"articleSection\":[\"Tecnologia\"],\"inLanguage\":\"pt-PT\"},{\"@type\":\"WebPage\",\"@id\":\"https:\/\/portaltela.pt\/noticias\/2026\/03\/28\/odio-publico-gera-lucro-e-beneficia-a-extrema-direita\/\",\"url\":\"https:\/\/portaltela.pt\/noticias\/2026\/03\/28\/odio-publico-gera-lucro-e-beneficia-a-extrema-direita\/\",\"name\":\"\u00d3dio p\u00fablico gera lucro e beneficia a extrema-direita - Portal Tela Portugal\",\"isPartOf\":{\"@id\":\"https:\/\/portaltela.pt\/#website\"},\"primaryImageOfPage\":{\"@id\":\"https:\/\/portaltela.pt\/noticias\/2026\/03\/28\/odio-publico-gera-lucro-e-beneficia-a-extrema-direita\/#primaryimage\"},\"image\":{\"@id\":\"https:\/\/portaltela.pt\/noticias\/2026\/03\/28\/odio-publico-gera-lucro-e-beneficia-a-extrema-direita\/#primaryimage\"},\"thumbnailUrl\":\"https:\/\/portaltela.pt\/s.01k8rhncp4jt1\/2026\/03\/2077314.jpg\",\"datePublished\":\"2026-03-28T09:05:00+00:00\",\"author\":{\"@id\":\"https:\/\/portaltela.pt\/#\/schema\/person\/c4278d4a6028830caff9ee44b42d32ed\"},\"breadcrumb\":{\"@id\":\"https:\/\/portaltela.pt\/noticias\/2026\/03\/28\/odio-publico-gera-lucro-e-beneficia-a-extrema-direita\/#breadcrumb\"},\"inLanguage\":\"pt-PT\",\"potentialAction\":[{\"@type\":\"ReadAction\",\"target\":[\"https:\/\/portaltela.pt\/noticias\/2026\/03\/28\/odio-publico-gera-lucro-e-beneficia-a-extrema-direita\/\"]}]},{\"@type\":\"ImageObject\",\"inLanguage\":\"pt-PT\",\"@id\":\"https:\/\/portaltela.pt\/noticias\/2026\/03\/28\/odio-publico-gera-lucro-e-beneficia-a-extrema-direita\/#primaryimage\",\"url\":\"https:\/\/portaltela.pt\/s.01k8rhncp4jt1\/2026\/03\/2077314.jpg\",\"contentUrl\":\"https:\/\/portaltela.pt\/s.01k8rhncp4jt1\/2026\/03\/2077314.jpg\",\"width\":796,\"height\":448,\"caption\":\"Nada nos prende tanto a aten\u00e7\u00e3o como a indigna\u00e7\u00e3o\"},{\"@type\":\"BreadcrumbList\",\"@id\":\"https:\/\/portaltela.pt\/noticias\/2026\/03\/28\/odio-publico-gera-lucro-e-beneficia-a-extrema-direita\/#breadcrumb\",\"itemListElement\":[{\"@type\":\"ListItem\",\"position\":1,\"name\":\"In\u00edcio\",\"item\":\"https:\/\/portaltela.pt\/\"},{\"@type\":\"ListItem\",\"position\":2,\"name\":\"\u00d3dio p\u00fablico gera lucro e beneficia a extrema-direita\"}]},{\"@type\":\"WebSite\",\"@id\":\"https:\/\/portaltela.pt\/#website\",\"url\":\"https:\/\/portaltela.pt\/\",\"name\":\"Portal Tela Portugal\",\"description\":\"\",\"potentialAction\":[{\"@type\":\"SearchAction\",\"target\":{\"@type\":\"EntryPoint\",\"urlTemplate\":\"https:\/\/portaltela.pt\/?s={search_term_string}\"},\"query-input\":{\"@type\":\"PropertyValueSpecification\",\"valueRequired\":true,\"valueName\":\"search_term_string\"}}],\"inLanguage\":\"pt-PT\"},{\"@type\":\"Person\",\"@id\":\"https:\/\/portaltela.pt\/#\/schema\/person\/c4278d4a6028830caff9ee44b42d32ed\",\"name\":\"Telinha\",\"image\":{\"@type\":\"ImageObject\",\"inLanguage\":\"pt-PT\",\"@id\":\"https:\/\/portaltela.pt\/s.01k8rhncp4jt1\/2025\/11\/talking-bot-125x125.png\",\"url\":\"https:\/\/portaltela.pt\/s.01k8rhncp4jt1\/2025\/11\/talking-bot-125x125.png\",\"contentUrl\":\"https:\/\/portaltela.pt\/s.01k8rhncp4jt1\/2025\/11\/talking-bot-125x125.png\",\"caption\":\"Telinha\"},\"sameAs\":[\"https:\/\/portaltela.pt\/\"],\"url\":\"https:\/\/portaltela.pt\/por\/367410592786\/\"}]}<\/script>\n<!-- \/ Yoast SEO plugin. -->","yoast_head_json":{"title":"\u00d3dio p\u00fablico gera lucro e beneficia a extrema-direita - Portal Tela Portugal","robots":{"index":"index","follow":"follow","max-snippet":"max-snippet:-1","max-image-preview":"max-image-preview:large","max-video-preview":"max-video-preview:-1"},"og_locale":"pt_PT","og_type":"article","og_title":"\u00d3dio p\u00fablico gera lucro e beneficia a extrema-direita - Portal Tela Portugal","og_description":"O algoritmo das plataformas prioriza o tempo de ecr\u00e3 e favorece conte\u00fados que geram indigna\u00e7\u00e3o. A desinforma\u00e7\u00e3o e as fake news propagam-se rapidamente, principalmente em per\u00edodos de grande turbul\u00eancia noticiosa. A extrema-direita tem utilizado este sistema para capturar aten\u00e7\u00e3o, radicalizar mensagens e mobilizar seguidores. A solu\u00e7\u00e3o proposta envolve resist\u00eancia di\u00e1ria: evitar partilhar apenas por t\u00edtulos incendi\u00e1rios, seguir pessoas com pontos de vista diferentes e manter a calma antes de comentar. A aten\u00e7\u00e3o \u00e9 o recurso-chave do mundo digital; \u00e9 preciso pousar o telem\u00f3vel e n\u00e3o ceder \u00e0 vontade de reagir de imediato.","og_url":"https:\/\/portaltela.pt\/noticias\/2026\/03\/28\/odio-publico-gera-lucro-e-beneficia-a-extrema-direita\/","og_site_name":"Portal Tela Portugal","article_published_time":"2026-03-28T09:05:00+00:00","author":"Telinha","twitter_card":"summary_large_image","twitter_misc":{"Escrito por":"Telinha","Tempo estimado de leitura":"1 minuto"},"schema":{"@context":"https:\/\/schema.org","@graph":[{"@type":"Article","@id":"https:\/\/portaltela.pt\/noticias\/2026\/03\/28\/odio-publico-gera-lucro-e-beneficia-a-extrema-direita\/#article","isPartOf":{"@id":"https:\/\/portaltela.pt\/noticias\/2026\/03\/28\/odio-publico-gera-lucro-e-beneficia-a-extrema-direita\/"},"author":{"name":"Telinha","@id":"https:\/\/portaltela.pt\/#\/schema\/person\/c4278d4a6028830caff9ee44b42d32ed"},"headline":"\u00d3dio p\u00fablico gera lucro e beneficia a extrema-direita","datePublished":"2026-03-28T09:05:00+00:00","mainEntityOfPage":{"@id":"https:\/\/portaltela.pt\/noticias\/2026\/03\/28\/odio-publico-gera-lucro-e-beneficia-a-extrema-direita\/"},"wordCount":273,"image":{"@id":"https:\/\/portaltela.pt\/noticias\/2026\/03\/28\/odio-publico-gera-lucro-e-beneficia-a-extrema-direita\/#primaryimage"},"thumbnailUrl":"https:\/\/portaltela.pt\/s.01k8rhncp4jt1\/2026\/03\/2077314.jpg","keywords":["Algoritmo","desinforma\u00e7\u00e3o","extrema-direita","informa\u00e7\u00e3o","pol\u00edtica","redes sociais"],"articleSection":["Tecnologia"],"inLanguage":"pt-PT"},{"@type":"WebPage","@id":"https:\/\/portaltela.pt\/noticias\/2026\/03\/28\/odio-publico-gera-lucro-e-beneficia-a-extrema-direita\/","url":"https:\/\/portaltela.pt\/noticias\/2026\/03\/28\/odio-publico-gera-lucro-e-beneficia-a-extrema-direita\/","name":"\u00d3dio p\u00fablico gera lucro e beneficia a extrema-direita - Portal Tela Portugal","isPartOf":{"@id":"https:\/\/portaltela.pt\/#website"},"primaryImageOfPage":{"@id":"https:\/\/portaltela.pt\/noticias\/2026\/03\/28\/odio-publico-gera-lucro-e-beneficia-a-extrema-direita\/#primaryimage"},"image":{"@id":"https:\/\/portaltela.pt\/noticias\/2026\/03\/28\/odio-publico-gera-lucro-e-beneficia-a-extrema-direita\/#primaryimage"},"thumbnailUrl":"https:\/\/portaltela.pt\/s.01k8rhncp4jt1\/2026\/03\/2077314.jpg","datePublished":"2026-03-28T09:05:00+00:00","author":{"@id":"https:\/\/portaltela.pt\/#\/schema\/person\/c4278d4a6028830caff9ee44b42d32ed"},"breadcrumb":{"@id":"https:\/\/portaltela.pt\/noticias\/2026\/03\/28\/odio-publico-gera-lucro-e-beneficia-a-extrema-direita\/#breadcrumb"},"inLanguage":"pt-PT","potentialAction":[{"@type":"ReadAction","target":["https:\/\/portaltela.pt\/noticias\/2026\/03\/28\/odio-publico-gera-lucro-e-beneficia-a-extrema-direita\/"]}]},{"@type":"ImageObject","inLanguage":"pt-PT","@id":"https:\/\/portaltela.pt\/noticias\/2026\/03\/28\/odio-publico-gera-lucro-e-beneficia-a-extrema-direita\/#primaryimage","url":"https:\/\/portaltela.pt\/s.01k8rhncp4jt1\/2026\/03\/2077314.jpg","contentUrl":"https:\/\/portaltela.pt\/s.01k8rhncp4jt1\/2026\/03\/2077314.jpg","width":796,"height":448,"caption":"Nada nos prende tanto a aten\u00e7\u00e3o como a indigna\u00e7\u00e3o"},{"@type":"BreadcrumbList","@id":"https:\/\/portaltela.pt\/noticias\/2026\/03\/28\/odio-publico-gera-lucro-e-beneficia-a-extrema-direita\/#breadcrumb","itemListElement":[{"@type":"ListItem","position":1,"name":"In\u00edcio","item":"https:\/\/portaltela.pt\/"},{"@type":"ListItem","position":2,"name":"\u00d3dio p\u00fablico gera lucro e beneficia a extrema-direita"}]},{"@type":"WebSite","@id":"https:\/\/portaltela.pt\/#website","url":"https:\/\/portaltela.pt\/","name":"Portal Tela Portugal","description":"","potentialAction":[{"@type":"SearchAction","target":{"@type":"EntryPoint","urlTemplate":"https:\/\/portaltela.pt\/?s={search_term_string}"},"query-input":{"@type":"PropertyValueSpecification","valueRequired":true,"valueName":"search_term_string"}}],"inLanguage":"pt-PT"},{"@type":"Person","@id":"https:\/\/portaltela.pt\/#\/schema\/person\/c4278d4a6028830caff9ee44b42d32ed","name":"Telinha","image":{"@type":"ImageObject","inLanguage":"pt-PT","@id":"https:\/\/portaltela.pt\/s.01k8rhncp4jt1\/2025\/11\/talking-bot-125x125.png","url":"https:\/\/portaltela.pt\/s.01k8rhncp4jt1\/2025\/11\/talking-bot-125x125.png","contentUrl":"https:\/\/portaltela.pt\/s.01k8rhncp4jt1\/2025\/11\/talking-bot-125x125.png","caption":"Telinha"},"sameAs":["https:\/\/portaltela.pt\/"],"url":"https:\/\/portaltela.pt\/por\/367410592786\/"}]}},"_links":{"self":[{"href":"https:\/\/portaltela.pt\/api\/wp\/v2\/posts\/424733","targetHints":{"allow":["GET"]}}],"collection":[{"href":"https:\/\/portaltela.pt\/api\/wp\/v2\/posts"}],"about":[{"href":"https:\/\/portaltela.pt\/api\/wp\/v2\/types\/post"}],"author":[{"embeddable":true,"href":"https:\/\/portaltela.pt\/api\/wp\/v2\/users\/2"}],"replies":[{"embeddable":true,"href":"https:\/\/portaltela.pt\/api\/wp\/v2\/comments?post=424733"}],"version-history":[{"count":0,"href":"https:\/\/portaltela.pt\/api\/wp\/v2\/posts\/424733\/revisions"}],"wp:featuredmedia":[{"embeddable":true,"href":"https:\/\/portaltela.pt\/api\/wp\/v2\/media\/424735"}],"wp:attachment":[{"href":"https:\/\/portaltela.pt\/api\/wp\/v2\/media?parent=424733"}],"wp:term":[{"taxonomy":"category","embeddable":true,"href":"https:\/\/portaltela.pt\/api\/wp\/v2\/categories?post=424733"},{"taxonomy":"post_tag","embeddable":true,"href":"https:\/\/portaltela.pt\/api\/wp\/v2\/tags?post=424733"}],"curies":[{"name":"wp","href":"https:\/\/api.w.org\/{rel}","templated":true}]}}