{"id":424732,"date":"2026-03-28T06:23:00","date_gmt":"2026-03-28T09:23:00","guid":{"rendered":"https:\/\/portaltela.pt\/noticias\/2026\/03\/28\/familia-de-braga-diz-que-a-incerteza-exige-prudencia-e-antecipar-problemas\/"},"modified":"2026-03-28T06:23:00","modified_gmt":"2026-03-28T09:23:00","slug":"familia-de-braga-diz-que-a-incerteza-exige-prudencia-e-antecipar-problemas","status":"publish","type":"post","link":"https:\/\/portaltela.pt\/noticias\/2026\/03\/28\/familia-de-braga-diz-que-a-incerteza-exige-prudencia-e-antecipar-problemas\/","title":{"rendered":"Fam\u00edlia de Braga diz que a incerteza exige prud\u00eancia e antecipar problemas"},"content":{"rendered":"<p>Em Braga, Rui Ribeiro e Susana Martins, dois enfermeiros, enfrentam desde o in\u00edcio da guerra no Ir\u00e3o o primeiro grande impacto: o aumento dos combust\u00edveis. A subida da presta\u00e7\u00e3o da casa \u00e9 o maior receio para o casal.<\/p>\n<p>Com dois filhos, de 20 e 17 anos, garantem que a seguran\u00e7a familiar ainda n\u00e3o est\u00e1 em causa. No entanto, a situa\u00e7\u00e3o exige prud\u00eancia para antecipar per\u00edodos de maior dificuldade econ\u00f3mica.<\/p>\n<p>N\u00e3o houve ainda dificuldades de rendas, mas os residentes planeiam reduzir despesas e refor\u00e7ar o controlo do or\u00e7amento. A prioridade \u00e9 manter a estabilidade familiar sem p\u00f4r em risco a sa\u00fade financeira.<\/p>\n<h3>Impacto econ\u00f3mico e estrat\u00e9gias familiares<\/h3>\n<p>Os enfermeiros destacam que o cen\u00e1rio global, incluindo custos de energia e alimenta\u00e7\u00e3o, pode evoluir. Procuram acompanhar indicadores econ\u00f3micos e ajustar h\u00e1bitos de consumo conforme necess\u00e1rio.<\/p>\n","protected":false},"excerpt":{"rendered":"<ul>\n<li>Desde o in\u00edcio da guerra no Ir\u00e3o, o aumento dos combust\u00edveis tem sido o primeiro grande impacto para o casal.<\/li>\n<li>A subida da presta\u00e7\u00e3o da casa \u00e9 o maior receio que Rui Ribeiro e Susana Martins enfrentam.<\/li>\n<li>O casal tem dois filhos, de 20 e 17 anos, e assegura que a seguran\u00e7a familiar n\u00e3o est\u00e1 em causa no momento.<\/li>\n<li>Defendem a necessidade de prud\u00eancia e de antecipar eventual per\u00edodo de maior dificuldade.<\/li>\n<li>Mant\u00eam o foco na prepara\u00e7\u00e3o financeira para atravessar eventuais impactos, sem expor a fam\u00edlia a riscos.<\/li>\n<\/ul>\n","protected":false},"author":2,"featured_media":424736,"comment_status":"closed","ping_status":"closed","sticky":false,"template":"","format":"standard","meta":{"footnotes":""},"categories":[6850,1],"tags":[6115,1207,174,64,150,2493],"class_list":["post-424732","post","type-post","status-publish","format-standard","has-post-thumbnail","hentry","category-financas","category-noticias","tag-_economia","tag-braga","tag-energia","tag-familia","tag-habitacao","tag-rendas"],"yoast_head":"<!-- This site is optimized with the Yoast SEO plugin v27.2 - https:\/\/yoast.com\/product\/yoast-seo-wordpress\/ -->\n<title>Fam\u00edlia de Braga diz que a incerteza exige prud\u00eancia e antecipar problemas - Portal Tela Portugal<\/title>\n<meta name=\"robots\" content=\"index, follow, max-snippet:-1, max-image-preview:large, max-video-preview:-1\" \/>\n<meta property=\"og:locale\" content=\"pt_PT\" \/>\n<meta property=\"og:type\" content=\"article\" \/>\n<meta property=\"og:title\" content=\"Fam\u00edlia de Braga diz que a incerteza exige prud\u00eancia e antecipar problemas - Portal Tela Portugal\" \/>\n<meta property=\"og:description\" content=\"Desde o in\u00edcio da guerra no Ir\u00e3o, o aumento dos combust\u00edveis tem sido o primeiro grande impacto para o casal. A subida da presta\u00e7\u00e3o da casa \u00e9 o maior receio que Rui Ribeiro e Susana Martins enfrentam. O casal tem dois filhos, de 20 e 17 anos, e assegura que a seguran\u00e7a familiar n\u00e3o est\u00e1 em causa no momento. Defendem a necessidade de prud\u00eancia e de antecipar eventual per\u00edodo de maior dificuldade. Mant\u00eam o foco na prepara\u00e7\u00e3o financeira para atravessar eventuais impactos, sem expor a fam\u00edlia a riscos.\" \/>\n<meta property=\"og:url\" content=\"https:\/\/portaltela.pt\/noticias\/2026\/03\/28\/familia-de-braga-diz-que-a-incerteza-exige-prudencia-e-antecipar-problemas\/\" \/>\n<meta property=\"og:site_name\" content=\"Portal Tela Portugal\" \/>\n<meta property=\"article:published_time\" content=\"2026-03-28T09:23:00+00:00\" \/>\n<meta name=\"author\" content=\"Telinha\" \/>\n<meta name=\"twitter:card\" content=\"summary_large_image\" \/>\n<meta name=\"twitter:label1\" content=\"Escrito por\" \/>\n\t<meta name=\"twitter:data1\" content=\"Telinha\" \/>\n\t<meta name=\"twitter:label2\" content=\"Tempo estimado de leitura\" \/>\n\t<meta name=\"twitter:data2\" content=\"1 minuto\" \/>\n<script type=\"application\/ld+json\" class=\"yoast-schema-graph\">{\"@context\":\"https:\/\/schema.org\",\"@graph\":[{\"@type\":\"Article\",\"@id\":\"https:\/\/portaltela.pt\/noticias\/2026\/03\/28\/familia-de-braga-diz-que-a-incerteza-exige-prudencia-e-antecipar-problemas\/#article\",\"isPartOf\":{\"@id\":\"https:\/\/portaltela.pt\/noticias\/2026\/03\/28\/familia-de-braga-diz-que-a-incerteza-exige-prudencia-e-antecipar-problemas\/\"},\"author\":{\"name\":\"Telinha\",\"@id\":\"https:\/\/portaltela.pt\/#\/schema\/person\/c4278d4a6028830caff9ee44b42d32ed\"},\"headline\":\"Fam\u00edlia de Braga diz que a incerteza exige prud\u00eancia e antecipar problemas\",\"datePublished\":\"2026-03-28T09:23:00+00:00\",\"mainEntityOfPage\":{\"@id\":\"https:\/\/portaltela.pt\/noticias\/2026\/03\/28\/familia-de-braga-diz-que-a-incerteza-exige-prudencia-e-antecipar-problemas\/\"},\"wordCount\":164,\"image\":{\"@id\":\"https:\/\/portaltela.pt\/noticias\/2026\/03\/28\/familia-de-braga-diz-que-a-incerteza-exige-prudencia-e-antecipar-problemas\/#primaryimage\"},\"thumbnailUrl\":\"https:\/\/portaltela.pt\/s.01k8rhncp4jt1\/2026\/03\/image-1655.jpg\",\"keywords\":[\"_economia\",\"Braga\",\"energia\",\"fam\u00edlia\",\"habita\u00e7\u00e3o\",\"rendas\"],\"articleSection\":[\"Finan\u00e7as\",\"Not\u00edcias\"],\"inLanguage\":\"pt-PT\"},{\"@type\":\"WebPage\",\"@id\":\"https:\/\/portaltela.pt\/noticias\/2026\/03\/28\/familia-de-braga-diz-que-a-incerteza-exige-prudencia-e-antecipar-problemas\/\",\"url\":\"https:\/\/portaltela.pt\/noticias\/2026\/03\/28\/familia-de-braga-diz-que-a-incerteza-exige-prudencia-e-antecipar-problemas\/\",\"name\":\"Fam\u00edlia de Braga diz que a incerteza exige prud\u00eancia e antecipar problemas - Portal Tela Portugal\",\"isPartOf\":{\"@id\":\"https:\/\/portaltela.pt\/#website\"},\"primaryImageOfPage\":{\"@id\":\"https:\/\/portaltela.pt\/noticias\/2026\/03\/28\/familia-de-braga-diz-que-a-incerteza-exige-prudencia-e-antecipar-problemas\/#primaryimage\"},\"image\":{\"@id\":\"https:\/\/portaltela.pt\/noticias\/2026\/03\/28\/familia-de-braga-diz-que-a-incerteza-exige-prudencia-e-antecipar-problemas\/#primaryimage\"},\"thumbnailUrl\":\"https:\/\/portaltela.pt\/s.01k8rhncp4jt1\/2026\/03\/image-1655.jpg\",\"datePublished\":\"2026-03-28T09:23:00+00:00\",\"author\":{\"@id\":\"https:\/\/portaltela.pt\/#\/schema\/person\/c4278d4a6028830caff9ee44b42d32ed\"},\"breadcrumb\":{\"@id\":\"https:\/\/portaltela.pt\/noticias\/2026\/03\/28\/familia-de-braga-diz-que-a-incerteza-exige-prudencia-e-antecipar-problemas\/#breadcrumb\"},\"inLanguage\":\"pt-PT\",\"potentialAction\":[{\"@type\":\"ReadAction\",\"target\":[\"https:\/\/portaltela.pt\/noticias\/2026\/03\/28\/familia-de-braga-diz-que-a-incerteza-exige-prudencia-e-antecipar-problemas\/\"]}]},{\"@type\":\"ImageObject\",\"inLanguage\":\"pt-PT\",\"@id\":\"https:\/\/portaltela.pt\/noticias\/2026\/03\/28\/familia-de-braga-diz-que-a-incerteza-exige-prudencia-e-antecipar-problemas\/#primaryimage\",\"url\":\"https:\/\/portaltela.pt\/s.01k8rhncp4jt1\/2026\/03\/image-1655.jpg\",\"contentUrl\":\"https:\/\/portaltela.pt\/s.01k8rhncp4jt1\/2026\/03\/image-1655.jpg\",\"width\":796,\"height\":448,\"caption\":\"Susana Martins e Rui Ribeiro s\u00e3o ambos enfermeiros\"},{\"@type\":\"BreadcrumbList\",\"@id\":\"https:\/\/portaltela.pt\/noticias\/2026\/03\/28\/familia-de-braga-diz-que-a-incerteza-exige-prudencia-e-antecipar-problemas\/#breadcrumb\",\"itemListElement\":[{\"@type\":\"ListItem\",\"position\":1,\"name\":\"In\u00edcio\",\"item\":\"https:\/\/portaltela.pt\/\"},{\"@type\":\"ListItem\",\"position\":2,\"name\":\"Fam\u00edlia de Braga diz que a incerteza exige prud\u00eancia e antecipar problemas\"}]},{\"@type\":\"WebSite\",\"@id\":\"https:\/\/portaltela.pt\/#website\",\"url\":\"https:\/\/portaltela.pt\/\",\"name\":\"Portal Tela Portugal\",\"description\":\"\",\"potentialAction\":[{\"@type\":\"SearchAction\",\"target\":{\"@type\":\"EntryPoint\",\"urlTemplate\":\"https:\/\/portaltela.pt\/?s={search_term_string}\"},\"query-input\":{\"@type\":\"PropertyValueSpecification\",\"valueRequired\":true,\"valueName\":\"search_term_string\"}}],\"inLanguage\":\"pt-PT\"},{\"@type\":\"Person\",\"@id\":\"https:\/\/portaltela.pt\/#\/schema\/person\/c4278d4a6028830caff9ee44b42d32ed\",\"name\":\"Telinha\",\"image\":{\"@type\":\"ImageObject\",\"inLanguage\":\"pt-PT\",\"@id\":\"https:\/\/portaltela.pt\/s.01k8rhncp4jt1\/2025\/11\/talking-bot-125x125.png\",\"url\":\"https:\/\/portaltela.pt\/s.01k8rhncp4jt1\/2025\/11\/talking-bot-125x125.png\",\"contentUrl\":\"https:\/\/portaltela.pt\/s.01k8rhncp4jt1\/2025\/11\/talking-bot-125x125.png\",\"caption\":\"Telinha\"},\"sameAs\":[\"https:\/\/portaltela.pt\/\"],\"url\":\"https:\/\/portaltela.pt\/por\/367410592786\/\"}]}<\/script>\n<!-- \/ Yoast SEO plugin. -->","yoast_head_json":{"title":"Fam\u00edlia de Braga diz que a incerteza exige prud\u00eancia e antecipar problemas - Portal Tela Portugal","robots":{"index":"index","follow":"follow","max-snippet":"max-snippet:-1","max-image-preview":"max-image-preview:large","max-video-preview":"max-video-preview:-1"},"og_locale":"pt_PT","og_type":"article","og_title":"Fam\u00edlia de Braga diz que a incerteza exige prud\u00eancia e antecipar problemas - Portal Tela Portugal","og_description":"Desde o in\u00edcio da guerra no Ir\u00e3o, o aumento dos combust\u00edveis tem sido o primeiro grande impacto para o casal. A subida da presta\u00e7\u00e3o da casa \u00e9 o maior receio que Rui Ribeiro e Susana Martins enfrentam. O casal tem dois filhos, de 20 e 17 anos, e assegura que a seguran\u00e7a familiar n\u00e3o est\u00e1 em causa no momento. Defendem a necessidade de prud\u00eancia e de antecipar eventual per\u00edodo de maior dificuldade. Mant\u00eam o foco na prepara\u00e7\u00e3o financeira para atravessar eventuais impactos, sem expor a fam\u00edlia a riscos.","og_url":"https:\/\/portaltela.pt\/noticias\/2026\/03\/28\/familia-de-braga-diz-que-a-incerteza-exige-prudencia-e-antecipar-problemas\/","og_site_name":"Portal Tela Portugal","article_published_time":"2026-03-28T09:23:00+00:00","author":"Telinha","twitter_card":"summary_large_image","twitter_misc":{"Escrito por":"Telinha","Tempo estimado de leitura":"1 minuto"},"schema":{"@context":"https:\/\/schema.org","@graph":[{"@type":"Article","@id":"https:\/\/portaltela.pt\/noticias\/2026\/03\/28\/familia-de-braga-diz-que-a-incerteza-exige-prudencia-e-antecipar-problemas\/#article","isPartOf":{"@id":"https:\/\/portaltela.pt\/noticias\/2026\/03\/28\/familia-de-braga-diz-que-a-incerteza-exige-prudencia-e-antecipar-problemas\/"},"author":{"name":"Telinha","@id":"https:\/\/portaltela.pt\/#\/schema\/person\/c4278d4a6028830caff9ee44b42d32ed"},"headline":"Fam\u00edlia de Braga diz que a incerteza exige prud\u00eancia e antecipar problemas","datePublished":"2026-03-28T09:23:00+00:00","mainEntityOfPage":{"@id":"https:\/\/portaltela.pt\/noticias\/2026\/03\/28\/familia-de-braga-diz-que-a-incerteza-exige-prudencia-e-antecipar-problemas\/"},"wordCount":164,"image":{"@id":"https:\/\/portaltela.pt\/noticias\/2026\/03\/28\/familia-de-braga-diz-que-a-incerteza-exige-prudencia-e-antecipar-problemas\/#primaryimage"},"thumbnailUrl":"https:\/\/portaltela.pt\/s.01k8rhncp4jt1\/2026\/03\/image-1655.jpg","keywords":["_economia","Braga","energia","fam\u00edlia","habita\u00e7\u00e3o","rendas"],"articleSection":["Finan\u00e7as","Not\u00edcias"],"inLanguage":"pt-PT"},{"@type":"WebPage","@id":"https:\/\/portaltela.pt\/noticias\/2026\/03\/28\/familia-de-braga-diz-que-a-incerteza-exige-prudencia-e-antecipar-problemas\/","url":"https:\/\/portaltela.pt\/noticias\/2026\/03\/28\/familia-de-braga-diz-que-a-incerteza-exige-prudencia-e-antecipar-problemas\/","name":"Fam\u00edlia de Braga diz que a incerteza exige prud\u00eancia e antecipar problemas - Portal Tela Portugal","isPartOf":{"@id":"https:\/\/portaltela.pt\/#website"},"primaryImageOfPage":{"@id":"https:\/\/portaltela.pt\/noticias\/2026\/03\/28\/familia-de-braga-diz-que-a-incerteza-exige-prudencia-e-antecipar-problemas\/#primaryimage"},"image":{"@id":"https:\/\/portaltela.pt\/noticias\/2026\/03\/28\/familia-de-braga-diz-que-a-incerteza-exige-prudencia-e-antecipar-problemas\/#primaryimage"},"thumbnailUrl":"https:\/\/portaltela.pt\/s.01k8rhncp4jt1\/2026\/03\/image-1655.jpg","datePublished":"2026-03-28T09:23:00+00:00","author":{"@id":"https:\/\/portaltela.pt\/#\/schema\/person\/c4278d4a6028830caff9ee44b42d32ed"},"breadcrumb":{"@id":"https:\/\/portaltela.pt\/noticias\/2026\/03\/28\/familia-de-braga-diz-que-a-incerteza-exige-prudencia-e-antecipar-problemas\/#breadcrumb"},"inLanguage":"pt-PT","potentialAction":[{"@type":"ReadAction","target":["https:\/\/portaltela.pt\/noticias\/2026\/03\/28\/familia-de-braga-diz-que-a-incerteza-exige-prudencia-e-antecipar-problemas\/"]}]},{"@type":"ImageObject","inLanguage":"pt-PT","@id":"https:\/\/portaltela.pt\/noticias\/2026\/03\/28\/familia-de-braga-diz-que-a-incerteza-exige-prudencia-e-antecipar-problemas\/#primaryimage","url":"https:\/\/portaltela.pt\/s.01k8rhncp4jt1\/2026\/03\/image-1655.jpg","contentUrl":"https:\/\/portaltela.pt\/s.01k8rhncp4jt1\/2026\/03\/image-1655.jpg","width":796,"height":448,"caption":"Susana Martins e Rui Ribeiro s\u00e3o ambos enfermeiros"},{"@type":"BreadcrumbList","@id":"https:\/\/portaltela.pt\/noticias\/2026\/03\/28\/familia-de-braga-diz-que-a-incerteza-exige-prudencia-e-antecipar-problemas\/#breadcrumb","itemListElement":[{"@type":"ListItem","position":1,"name":"In\u00edcio","item":"https:\/\/portaltela.pt\/"},{"@type":"ListItem","position":2,"name":"Fam\u00edlia de Braga diz que a incerteza exige prud\u00eancia e antecipar problemas"}]},{"@type":"WebSite","@id":"https:\/\/portaltela.pt\/#website","url":"https:\/\/portaltela.pt\/","name":"Portal Tela Portugal","description":"","potentialAction":[{"@type":"SearchAction","target":{"@type":"EntryPoint","urlTemplate":"https:\/\/portaltela.pt\/?s={search_term_string}"},"query-input":{"@type":"PropertyValueSpecification","valueRequired":true,"valueName":"search_term_string"}}],"inLanguage":"pt-PT"},{"@type":"Person","@id":"https:\/\/portaltela.pt\/#\/schema\/person\/c4278d4a6028830caff9ee44b42d32ed","name":"Telinha","image":{"@type":"ImageObject","inLanguage":"pt-PT","@id":"https:\/\/portaltela.pt\/s.01k8rhncp4jt1\/2025\/11\/talking-bot-125x125.png","url":"https:\/\/portaltela.pt\/s.01k8rhncp4jt1\/2025\/11\/talking-bot-125x125.png","contentUrl":"https:\/\/portaltela.pt\/s.01k8rhncp4jt1\/2025\/11\/talking-bot-125x125.png","caption":"Telinha"},"sameAs":["https:\/\/portaltela.pt\/"],"url":"https:\/\/portaltela.pt\/por\/367410592786\/"}]}},"_links":{"self":[{"href":"https:\/\/portaltela.pt\/api\/wp\/v2\/posts\/424732","targetHints":{"allow":["GET"]}}],"collection":[{"href":"https:\/\/portaltela.pt\/api\/wp\/v2\/posts"}],"about":[{"href":"https:\/\/portaltela.pt\/api\/wp\/v2\/types\/post"}],"author":[{"embeddable":true,"href":"https:\/\/portaltela.pt\/api\/wp\/v2\/users\/2"}],"replies":[{"embeddable":true,"href":"https:\/\/portaltela.pt\/api\/wp\/v2\/comments?post=424732"}],"version-history":[{"count":0,"href":"https:\/\/portaltela.pt\/api\/wp\/v2\/posts\/424732\/revisions"}],"wp:featuredmedia":[{"embeddable":true,"href":"https:\/\/portaltela.pt\/api\/wp\/v2\/media\/424736"}],"wp:attachment":[{"href":"https:\/\/portaltela.pt\/api\/wp\/v2\/media?parent=424732"}],"wp:term":[{"taxonomy":"category","embeddable":true,"href":"https:\/\/portaltela.pt\/api\/wp\/v2\/categories?post=424732"},{"taxonomy":"post_tag","embeddable":true,"href":"https:\/\/portaltela.pt\/api\/wp\/v2\/tags?post=424732"}],"curies":[{"name":"wp","href":"https:\/\/api.w.org\/{rel}","templated":true}]}}