{"id":424728,"date":"2026-03-28T06:15:00","date_gmt":"2026-03-28T09:15:00","guid":{"rendered":"https:\/\/portaltela.pt\/noticias\/2026\/03\/28\/vice-primeiro-ministro-acusa-israel-de-crimes-de-guerra-no-libano\/"},"modified":"2026-03-28T06:15:00","modified_gmt":"2026-03-28T09:15:00","slug":"vice-primeiro-ministro-acusa-israel-de-crimes-de-guerra-no-libano","status":"publish","type":"post","link":"https:\/\/portaltela.pt\/guerra\/2026\/03\/28\/vice-primeiro-ministro-acusa-israel-de-crimes-de-guerra-no-libano\/","title":{"rendered":"Vice-primeiro-ministro acusa Israel de crimes de guerra no L\u00edbano"},"content":{"rendered":"<p>O vice-primeiro-ministro do L\u00edbano, Tarek Mitri, afirmou que n\u00e3o restam d\u00favidas de que Israel comete crimes de guerra no L\u00edbano. O pol\u00edtico defendeu que o Sul do pa\u00eds corre o risco de se transformar numa vers\u00e3o da Faixa de Gaza.<\/p>\n<p>Mitri destacou o agravamento do sofrimento humano no territ\u00f3rio liban\u00eas, numa altura em que o pa\u00eds enfrenta uma escalada de viol\u00eancia e instabilidade. O pronunciamento insere-se num momento de preocupa\u00e7\u00e3o internacional com o impacto regional do conflito.<\/p>\n<h3>Contexto regional<\/h3>\n<p>O liban\u00eas apontou para o escrut\u00ednio internacional sobre as a\u00e7\u00f5es militares no pa\u00eds, num cen\u00e1rio de tens\u00f5es entre Estados Unidos e Ir\u00e3o. A leitura enfatiza a rela\u00e7\u00e3o entre o conflito no L\u00edbano e a situa\u00e7\u00e3o em Gaza, com temores sobre a evolu\u00e7\u00e3o humanit\u00e1ria da regi\u00e3o. organiza\u00e7\u00f5es humanit\u00e1rias alertam para condi\u00e7\u00f5es cada vez mais prec\u00e1rias para civis.<\/p>\n","protected":false},"excerpt":{"rendered":"<ul>\n<li>N\u00e3o h\u00e1 d\u00favida de que Israel comete crimes de guerra no L\u00edbano, segundo o vice-primeiro-ministro Tarek Mitri.<\/li>\n<li>Mitri afirmou temer que o Sul do L\u00edbano se torne numa vers\u00e3o da Faixa de Gaza.<\/li>\n<li>O contexto envolve o duelo entre os Estados Unidos e o Ir\u00e3o, que influencia o conflito liban\u00eas.<\/li>\n<li>O conflito no L\u00edbano \u00e9 visto \u00e0 luz do que ocorre em Gaza, com reflexos na crise humanit\u00e1ria local.<\/li>\n<li>A crise humanit\u00e1ria no pa\u00eds tem vindo a agravar-se dia ap\u00f3s dia.<\/li>\n<\/ul>\n","protected":false},"author":2,"featured_media":424730,"comment_status":"closed","ping_status":"closed","sticky":false,"template":"","format":"standard","meta":{"footnotes":""},"categories":[6790,6804],"tags":[2792,2819,3651,62,3708,6635],"class_list":["post-424728","post","type-post","status-publish","format-standard","has-post-thumbnail","hentry","category-conflitos","category-guerra","tag-conflito-internacional","tag-crimes-de-guerra","tag-gaza","tag-guerra","tag-israel","tag-libano"],"yoast_head":"<!-- This site is optimized with the Yoast SEO plugin v27.2 - https:\/\/yoast.com\/product\/yoast-seo-wordpress\/ -->\n<title>Vice-primeiro-ministro acusa Israel de crimes de guerra no L\u00edbano - Portal Tela Portugal<\/title>\n<meta name=\"robots\" content=\"index, follow, max-snippet:-1, max-image-preview:large, max-video-preview:-1\" \/>\n<meta property=\"og:locale\" content=\"pt_PT\" \/>\n<meta property=\"og:type\" content=\"article\" \/>\n<meta property=\"og:title\" content=\"Vice-primeiro-ministro acusa Israel de crimes de guerra no L\u00edbano - Portal Tela Portugal\" \/>\n<meta property=\"og:description\" content=\"N\u00e3o h\u00e1 d\u00favida de que Israel comete crimes de guerra no L\u00edbano, segundo o vice-primeiro-ministro Tarek Mitri. Mitri afirmou temer que o Sul do L\u00edbano se torne numa vers\u00e3o da Faixa de Gaza. O contexto envolve o duelo entre os Estados Unidos e o Ir\u00e3o, que influencia o conflito liban\u00eas. O conflito no L\u00edbano \u00e9 visto \u00e0 luz do que ocorre em Gaza, com reflexos na crise humanit\u00e1ria local. A crise humanit\u00e1ria no pa\u00eds tem vindo a agravar-se dia ap\u00f3s dia.\" \/>\n<meta property=\"og:url\" content=\"https:\/\/portaltela.pt\/noticias\/2026\/03\/28\/vice-primeiro-ministro-acusa-israel-de-crimes-de-guerra-no-libano\/\" \/>\n<meta property=\"og:site_name\" content=\"Portal Tela Portugal\" \/>\n<meta property=\"article:published_time\" content=\"2026-03-28T09:15:00+00:00\" \/>\n<meta name=\"author\" content=\"Telinha\" \/>\n<meta name=\"twitter:card\" content=\"summary_large_image\" \/>\n<meta name=\"twitter:label1\" content=\"Escrito por\" \/>\n\t<meta name=\"twitter:data1\" content=\"Telinha\" \/>\n\t<meta name=\"twitter:label2\" content=\"Tempo estimado de leitura\" \/>\n\t<meta name=\"twitter:data2\" content=\"1 minuto\" \/>\n<script type=\"application\/ld+json\" class=\"yoast-schema-graph\">{\"@context\":\"https:\/\/schema.org\",\"@graph\":[{\"@type\":\"Article\",\"@id\":\"https:\/\/portaltela.pt\/noticias\/2026\/03\/28\/vice-primeiro-ministro-acusa-israel-de-crimes-de-guerra-no-libano\/#article\",\"isPartOf\":{\"@id\":\"https:\/\/portaltela.pt\/noticias\/2026\/03\/28\/vice-primeiro-ministro-acusa-israel-de-crimes-de-guerra-no-libano\/\"},\"author\":{\"name\":\"Telinha\",\"@id\":\"https:\/\/portaltela.pt\/#\/schema\/person\/c4278d4a6028830caff9ee44b42d32ed\"},\"headline\":\"Vice-primeiro-ministro acusa Israel de crimes de guerra no L\u00edbano\",\"datePublished\":\"2026-03-28T09:15:00+00:00\",\"mainEntityOfPage\":{\"@id\":\"https:\/\/portaltela.pt\/noticias\/2026\/03\/28\/vice-primeiro-ministro-acusa-israel-de-crimes-de-guerra-no-libano\/\"},\"wordCount\":174,\"image\":{\"@id\":\"https:\/\/portaltela.pt\/noticias\/2026\/03\/28\/vice-primeiro-ministro-acusa-israel-de-crimes-de-guerra-no-libano\/#primaryimage\"},\"thumbnailUrl\":\"https:\/\/portaltela.pt\/s.01k8rhncp4jt1\/2026\/03\/2077408.jpg\",\"keywords\":[\"conflito internacional\",\"crimes de guerra\",\"Gaza\",\"guerra\",\"Israel\",\"L\u00edbano\"],\"articleSection\":[\"Conflitos\",\"Guerra\"],\"inLanguage\":\"pt-PT\"},{\"@type\":\"WebPage\",\"@id\":\"https:\/\/portaltela.pt\/noticias\/2026\/03\/28\/vice-primeiro-ministro-acusa-israel-de-crimes-de-guerra-no-libano\/\",\"url\":\"https:\/\/portaltela.pt\/noticias\/2026\/03\/28\/vice-primeiro-ministro-acusa-israel-de-crimes-de-guerra-no-libano\/\",\"name\":\"Vice-primeiro-ministro acusa Israel de crimes de guerra no L\u00edbano - Portal Tela Portugal\",\"isPartOf\":{\"@id\":\"https:\/\/portaltela.pt\/#website\"},\"primaryImageOfPage\":{\"@id\":\"https:\/\/portaltela.pt\/noticias\/2026\/03\/28\/vice-primeiro-ministro-acusa-israel-de-crimes-de-guerra-no-libano\/#primaryimage\"},\"image\":{\"@id\":\"https:\/\/portaltela.pt\/noticias\/2026\/03\/28\/vice-primeiro-ministro-acusa-israel-de-crimes-de-guerra-no-libano\/#primaryimage\"},\"thumbnailUrl\":\"https:\/\/portaltela.pt\/s.01k8rhncp4jt1\/2026\/03\/2077408.jpg\",\"datePublished\":\"2026-03-28T09:15:00+00:00\",\"author\":{\"@id\":\"https:\/\/portaltela.pt\/#\/schema\/person\/c4278d4a6028830caff9ee44b42d32ed\"},\"breadcrumb\":{\"@id\":\"https:\/\/portaltela.pt\/noticias\/2026\/03\/28\/vice-primeiro-ministro-acusa-israel-de-crimes-de-guerra-no-libano\/#breadcrumb\"},\"inLanguage\":\"pt-PT\",\"potentialAction\":[{\"@type\":\"ReadAction\",\"target\":[\"https:\/\/portaltela.pt\/noticias\/2026\/03\/28\/vice-primeiro-ministro-acusa-israel-de-crimes-de-guerra-no-libano\/\"]}]},{\"@type\":\"ImageObject\",\"inLanguage\":\"pt-PT\",\"@id\":\"https:\/\/portaltela.pt\/noticias\/2026\/03\/28\/vice-primeiro-ministro-acusa-israel-de-crimes-de-guerra-no-libano\/#primaryimage\",\"url\":\"https:\/\/portaltela.pt\/s.01k8rhncp4jt1\/2026\/03\/2077408.jpg\",\"contentUrl\":\"https:\/\/portaltela.pt\/s.01k8rhncp4jt1\/2026\/03\/2077408.jpg\",\"width\":796,\"height\":448,\"caption\":\"Acampamento tempor\u00e1rio para pessoas deslocadas em Beirute\"},{\"@type\":\"BreadcrumbList\",\"@id\":\"https:\/\/portaltela.pt\/noticias\/2026\/03\/28\/vice-primeiro-ministro-acusa-israel-de-crimes-de-guerra-no-libano\/#breadcrumb\",\"itemListElement\":[{\"@type\":\"ListItem\",\"position\":1,\"name\":\"In\u00edcio\",\"item\":\"https:\/\/portaltela.pt\/\"},{\"@type\":\"ListItem\",\"position\":2,\"name\":\"Vice-primeiro-ministro acusa Israel de crimes de guerra no L\u00edbano\"}]},{\"@type\":\"WebSite\",\"@id\":\"https:\/\/portaltela.pt\/#website\",\"url\":\"https:\/\/portaltela.pt\/\",\"name\":\"Portal Tela Portugal\",\"description\":\"\",\"potentialAction\":[{\"@type\":\"SearchAction\",\"target\":{\"@type\":\"EntryPoint\",\"urlTemplate\":\"https:\/\/portaltela.pt\/?s={search_term_string}\"},\"query-input\":{\"@type\":\"PropertyValueSpecification\",\"valueRequired\":true,\"valueName\":\"search_term_string\"}}],\"inLanguage\":\"pt-PT\"},{\"@type\":\"Person\",\"@id\":\"https:\/\/portaltela.pt\/#\/schema\/person\/c4278d4a6028830caff9ee44b42d32ed\",\"name\":\"Telinha\",\"image\":{\"@type\":\"ImageObject\",\"inLanguage\":\"pt-PT\",\"@id\":\"https:\/\/portaltela.pt\/s.01k8rhncp4jt1\/2025\/11\/talking-bot-125x125.png\",\"url\":\"https:\/\/portaltela.pt\/s.01k8rhncp4jt1\/2025\/11\/talking-bot-125x125.png\",\"contentUrl\":\"https:\/\/portaltela.pt\/s.01k8rhncp4jt1\/2025\/11\/talking-bot-125x125.png\",\"caption\":\"Telinha\"},\"sameAs\":[\"https:\/\/portaltela.pt\/\"],\"url\":\"https:\/\/portaltela.pt\/por\/367410592786\/\"}]}<\/script>\n<!-- \/ Yoast SEO plugin. -->","yoast_head_json":{"title":"Vice-primeiro-ministro acusa Israel de crimes de guerra no L\u00edbano - Portal Tela Portugal","robots":{"index":"index","follow":"follow","max-snippet":"max-snippet:-1","max-image-preview":"max-image-preview:large","max-video-preview":"max-video-preview:-1"},"og_locale":"pt_PT","og_type":"article","og_title":"Vice-primeiro-ministro acusa Israel de crimes de guerra no L\u00edbano - Portal Tela Portugal","og_description":"N\u00e3o h\u00e1 d\u00favida de que Israel comete crimes de guerra no L\u00edbano, segundo o vice-primeiro-ministro Tarek Mitri. Mitri afirmou temer que o Sul do L\u00edbano se torne numa vers\u00e3o da Faixa de Gaza. O contexto envolve o duelo entre os Estados Unidos e o Ir\u00e3o, que influencia o conflito liban\u00eas. O conflito no L\u00edbano \u00e9 visto \u00e0 luz do que ocorre em Gaza, com reflexos na crise humanit\u00e1ria local. A crise humanit\u00e1ria no pa\u00eds tem vindo a agravar-se dia ap\u00f3s dia.","og_url":"https:\/\/portaltela.pt\/noticias\/2026\/03\/28\/vice-primeiro-ministro-acusa-israel-de-crimes-de-guerra-no-libano\/","og_site_name":"Portal Tela Portugal","article_published_time":"2026-03-28T09:15:00+00:00","author":"Telinha","twitter_card":"summary_large_image","twitter_misc":{"Escrito por":"Telinha","Tempo estimado de leitura":"1 minuto"},"schema":{"@context":"https:\/\/schema.org","@graph":[{"@type":"Article","@id":"https:\/\/portaltela.pt\/noticias\/2026\/03\/28\/vice-primeiro-ministro-acusa-israel-de-crimes-de-guerra-no-libano\/#article","isPartOf":{"@id":"https:\/\/portaltela.pt\/noticias\/2026\/03\/28\/vice-primeiro-ministro-acusa-israel-de-crimes-de-guerra-no-libano\/"},"author":{"name":"Telinha","@id":"https:\/\/portaltela.pt\/#\/schema\/person\/c4278d4a6028830caff9ee44b42d32ed"},"headline":"Vice-primeiro-ministro acusa Israel de crimes de guerra no L\u00edbano","datePublished":"2026-03-28T09:15:00+00:00","mainEntityOfPage":{"@id":"https:\/\/portaltela.pt\/noticias\/2026\/03\/28\/vice-primeiro-ministro-acusa-israel-de-crimes-de-guerra-no-libano\/"},"wordCount":174,"image":{"@id":"https:\/\/portaltela.pt\/noticias\/2026\/03\/28\/vice-primeiro-ministro-acusa-israel-de-crimes-de-guerra-no-libano\/#primaryimage"},"thumbnailUrl":"https:\/\/portaltela.pt\/s.01k8rhncp4jt1\/2026\/03\/2077408.jpg","keywords":["conflito internacional","crimes de guerra","Gaza","guerra","Israel","L\u00edbano"],"articleSection":["Conflitos","Guerra"],"inLanguage":"pt-PT"},{"@type":"WebPage","@id":"https:\/\/portaltela.pt\/noticias\/2026\/03\/28\/vice-primeiro-ministro-acusa-israel-de-crimes-de-guerra-no-libano\/","url":"https:\/\/portaltela.pt\/noticias\/2026\/03\/28\/vice-primeiro-ministro-acusa-israel-de-crimes-de-guerra-no-libano\/","name":"Vice-primeiro-ministro acusa Israel de crimes de guerra no L\u00edbano - Portal Tela Portugal","isPartOf":{"@id":"https:\/\/portaltela.pt\/#website"},"primaryImageOfPage":{"@id":"https:\/\/portaltela.pt\/noticias\/2026\/03\/28\/vice-primeiro-ministro-acusa-israel-de-crimes-de-guerra-no-libano\/#primaryimage"},"image":{"@id":"https:\/\/portaltela.pt\/noticias\/2026\/03\/28\/vice-primeiro-ministro-acusa-israel-de-crimes-de-guerra-no-libano\/#primaryimage"},"thumbnailUrl":"https:\/\/portaltela.pt\/s.01k8rhncp4jt1\/2026\/03\/2077408.jpg","datePublished":"2026-03-28T09:15:00+00:00","author":{"@id":"https:\/\/portaltela.pt\/#\/schema\/person\/c4278d4a6028830caff9ee44b42d32ed"},"breadcrumb":{"@id":"https:\/\/portaltela.pt\/noticias\/2026\/03\/28\/vice-primeiro-ministro-acusa-israel-de-crimes-de-guerra-no-libano\/#breadcrumb"},"inLanguage":"pt-PT","potentialAction":[{"@type":"ReadAction","target":["https:\/\/portaltela.pt\/noticias\/2026\/03\/28\/vice-primeiro-ministro-acusa-israel-de-crimes-de-guerra-no-libano\/"]}]},{"@type":"ImageObject","inLanguage":"pt-PT","@id":"https:\/\/portaltela.pt\/noticias\/2026\/03\/28\/vice-primeiro-ministro-acusa-israel-de-crimes-de-guerra-no-libano\/#primaryimage","url":"https:\/\/portaltela.pt\/s.01k8rhncp4jt1\/2026\/03\/2077408.jpg","contentUrl":"https:\/\/portaltela.pt\/s.01k8rhncp4jt1\/2026\/03\/2077408.jpg","width":796,"height":448,"caption":"Acampamento tempor\u00e1rio para pessoas deslocadas em Beirute"},{"@type":"BreadcrumbList","@id":"https:\/\/portaltela.pt\/noticias\/2026\/03\/28\/vice-primeiro-ministro-acusa-israel-de-crimes-de-guerra-no-libano\/#breadcrumb","itemListElement":[{"@type":"ListItem","position":1,"name":"In\u00edcio","item":"https:\/\/portaltela.pt\/"},{"@type":"ListItem","position":2,"name":"Vice-primeiro-ministro acusa Israel de crimes de guerra no L\u00edbano"}]},{"@type":"WebSite","@id":"https:\/\/portaltela.pt\/#website","url":"https:\/\/portaltela.pt\/","name":"Portal Tela Portugal","description":"","potentialAction":[{"@type":"SearchAction","target":{"@type":"EntryPoint","urlTemplate":"https:\/\/portaltela.pt\/?s={search_term_string}"},"query-input":{"@type":"PropertyValueSpecification","valueRequired":true,"valueName":"search_term_string"}}],"inLanguage":"pt-PT"},{"@type":"Person","@id":"https:\/\/portaltela.pt\/#\/schema\/person\/c4278d4a6028830caff9ee44b42d32ed","name":"Telinha","image":{"@type":"ImageObject","inLanguage":"pt-PT","@id":"https:\/\/portaltela.pt\/s.01k8rhncp4jt1\/2025\/11\/talking-bot-125x125.png","url":"https:\/\/portaltela.pt\/s.01k8rhncp4jt1\/2025\/11\/talking-bot-125x125.png","contentUrl":"https:\/\/portaltela.pt\/s.01k8rhncp4jt1\/2025\/11\/talking-bot-125x125.png","caption":"Telinha"},"sameAs":["https:\/\/portaltela.pt\/"],"url":"https:\/\/portaltela.pt\/por\/367410592786\/"}]}},"_links":{"self":[{"href":"https:\/\/portaltela.pt\/api\/wp\/v2\/posts\/424728","targetHints":{"allow":["GET"]}}],"collection":[{"href":"https:\/\/portaltela.pt\/api\/wp\/v2\/posts"}],"about":[{"href":"https:\/\/portaltela.pt\/api\/wp\/v2\/types\/post"}],"author":[{"embeddable":true,"href":"https:\/\/portaltela.pt\/api\/wp\/v2\/users\/2"}],"replies":[{"embeddable":true,"href":"https:\/\/portaltela.pt\/api\/wp\/v2\/comments?post=424728"}],"version-history":[{"count":0,"href":"https:\/\/portaltela.pt\/api\/wp\/v2\/posts\/424728\/revisions"}],"wp:featuredmedia":[{"embeddable":true,"href":"https:\/\/portaltela.pt\/api\/wp\/v2\/media\/424730"}],"wp:attachment":[{"href":"https:\/\/portaltela.pt\/api\/wp\/v2\/media?parent=424728"}],"wp:term":[{"taxonomy":"category","embeddable":true,"href":"https:\/\/portaltela.pt\/api\/wp\/v2\/categories?post=424728"},{"taxonomy":"post_tag","embeddable":true,"href":"https:\/\/portaltela.pt\/api\/wp\/v2\/tags?post=424728"}],"curies":[{"name":"wp","href":"https:\/\/api.w.org\/{rel}","templated":true}]}}