{"id":424723,"date":"2026-03-28T06:00:00","date_gmt":"2026-03-28T09:00:00","guid":{"rendered":"https:\/\/portaltela.pt\/noticias\/2026\/03\/28\/deitar-15-minutos-mais-cedo-facilita-adaptacao-a-mudanca-da-hora\/"},"modified":"2026-03-28T06:00:00","modified_gmt":"2026-03-28T09:00:00","slug":"deitar-15-minutos-mais-cedo-facilita-adaptacao-a-mudanca-da-hora","status":"publish","type":"post","link":"https:\/\/portaltela.pt\/saude\/2026\/03\/28\/deitar-15-minutos-mais-cedo-facilita-adaptacao-a-mudanca-da-hora\/","title":{"rendered":"Deitar 15 minutos mais cedo facilita adapta\u00e7\u00e3o \u00e0 mudan\u00e7a da hora"},"content":{"rendered":"<p>A psic\u00f3loga e especialista no sono Maria Serra Brand\u00e3o explica como a mudan\u00e7a da hora pode afetar o sono das fam\u00edlias e partilha estrat\u00e9gias para mitigar impactos em beb\u00e9s, crian\u00e7as e adolescentes. A autora do livro Solution para NoitesTranquilas aponta que a adapta\u00e7\u00e3o deve acontecer de forma gradual, sobretudo perto de uma transi\u00e7\u00e3o marcada para este domingo, 29 de mar\u00e7o.<\/p>\n<p>Brand\u00e3o descreve que, para beb\u00e9s com, pelo menos, quatro meses, a mudan\u00e7a tende a ser mais f\u00e1cil do que para os mais velhos. O rel\u00f3gio avan\u00e7a uma hora, o que facilita acordar mais cedo, mantendo os hor\u00e1rios de sono est\u00e1veis. Os pais costumam sentir o maior peso na noite da transi\u00e7\u00e3o.<\/p>\n<p>A especialista real\u00e7a que a maior parte da adapta\u00e7\u00e3o acontece pelo ajuste gradual dos hor\u00e1rios de sestas, refei\u00e7\u00f5es e sono noturno, especialmente durante o fim de semana, quando as rotinas escolares n\u00e3o est\u00e3o em vigor. Pequenos ajustes de 15 a 20 minutos podem fazer a diferen\u00e7a.<\/p>\n<h3>Impacto em beb\u00e9s e pr\u00e9-escolares<\/h3>\n<p>Para beb\u00e9s, o ideal \u00e9 manter uma regularidade ao longo das rotinas di\u00e1rias, com ajustes graduais nos hor\u00e1rios de acordar, sestas e alimenta\u00e7\u00e3o nos dias que antecedem a mudan\u00e7a. A partir dos quatro meses, o ritmo circadiano j\u00e1 se encontra em desenvolvimento, tornando a transi\u00e7\u00e3o mais previs\u00edvel.<\/p>\n<p>Para crian\u00e7as em idade pr\u00e9-escolar, a gest\u00e3o da luz \u00e9 fundamental. Ao fim do dia, reduzir a luminosidade e escurecer ligeiramente a casa facilita o adormecer, reduzindo a tens\u00e3o entre as horas da noite e as atividades diurnas. A orienta\u00e7\u00e3o \u00e9 manter rotinas consistentes.<\/p>\n<h3>Adolescentes e escola<\/h3>\n<p>A mudan\u00e7a pode requerer um atraso de fase em adolescentes, que tendem a adormecer mais tarde. A recomenda\u00e7\u00e3o \u00e9 o ajuste gradual de hor\u00e1rios, simulando um aquecimento de 15 minutos por dia at\u00e9 \u00e0 transi\u00e7\u00e3o. Acordar mais cedo implica que as hormonas do sono reajam para adormecer mais cedo.<\/p>\n<p>Brand\u00e3o explica que a produ\u00e7\u00e3o de melatonina fica mais tardia durante a transi\u00e7\u00e3o para os adolescentes, dificultando o adormecer. Em contrapartida, a redu\u00e7\u00e3o da exposi\u00e7\u00e3o a ecr\u00e3s e est\u00edmulos cerca de uma hora antes de dormir ajuda a facilitar o sono.<\/p>\n<h3>Estrat\u00e9gias pr\u00e1ticas<\/h3>\n<p>Antes da mudan\u00e7a, \u00e9 aconselh\u00e1vel preparar as rotinas com anteced\u00eancia, mantendo hor\u00e1rios regulares de sono, sestas e alimenta\u00e7\u00e3o. Nas noites de sexta e s\u00e1bado, pode ser \u00fatil adiantar a hora de deitar para facilitar o ajuste durante o fim de semana.<\/p>\n<p>Mesmo com os ajustes, pode ocorrer um per\u00edodo de sonol\u00eancia e irritabilidade. A recomenda\u00e7\u00e3o \u00e9 manter a consist\u00eancia nas rotinas, favorecer a luz natural pela manh\u00e3 e evitar altera\u00e7\u00f5es bruscas no hor\u00e1rio de acordar.<\/p>\n<h3>Considera\u00e7\u00f5es finais<\/h3>\n<p>A especialista sublinha que a mudan\u00e7a de hora n\u00e3o favorece a qualidade do sono em geral, dada a maior luminosidade noturna que pode atrasar a sonol\u00eancia. A regularidade das rotinas e a gest\u00e3o da exposi\u00e7\u00e3o \u00e0 luz continuam a ser elementos centrais para minimizar impactos em toda a fam\u00edlia.<\/p>\n","protected":false},"excerpt":{"rendered":"<ul>\n<li>A mudan\u00e7a de hora prevista para domingo 29 de mar\u00e7o pode afetar o sono de beb\u00e9s, crian\u00e7as em idade pr\u00e9-escolar e adolescentes; recomenda-se ajustar gradualmente os hor\u00e1rios para facilitar a transi\u00e7\u00e3o.<\/li>\n<li>Beb\u00e9s a partir de quatro meses j\u00e1 t\u00eam ritmo circadiano estabelecido; adolescentes, a partir dos 13 anos, enfrentam mais dificuldade em adormecer cedo devido ao atraso da melatonina.<\/li>\n<li>A adapta\u00e7\u00e3o ideal \u00e9 gradual: adiar o hor\u00e1rio de deitar 15 minutos por dia e fazer o ajuste no fim de semana, mantendo consist\u00eancia nas rotinas.<\/li>\n<li>Em creches, os ajustes n\u00e3o devem alterar atividades diurnas; no fim de semana, acordar mais cedo e adotar rotinas mais cedo ajuda, com poss\u00edvel fase de instabilidade.<\/li>\n<li>\u00c9 importante manter regularidade, reduzir est\u00edmulos e luz artificial \u00e0 noite, escurecer a casa e reconhecer que a priva\u00e7\u00e3o de sono \u00e9 cumulativa, afetando concentra\u00e7\u00e3o e humor.<\/li>\n<\/ul>\n","protected":false},"author":2,"featured_media":424726,"comment_status":"closed","ping_status":"closed","sticky":false,"template":"","format":"standard","meta":{"footnotes":""},"categories":[6745],"tags":[5018,3953,3901,1920,7584,172],"class_list":["post-424723","post","type-post","status-publish","format-standard","has-post-thumbnail","hentry","category-saude","tag-adolescentes","tag-criancas","tag-horarios","tag-mudanca-de-hora","tag-rotinas","tag-saude"],"yoast_head":"<!-- This site is optimized with the Yoast SEO plugin v27.2 - https:\/\/yoast.com\/product\/yoast-seo-wordpress\/ -->\n<title>Deitar 15 minutos mais cedo facilita adapta\u00e7\u00e3o \u00e0 mudan\u00e7a da hora - Portal Tela Portugal<\/title>\n<meta name=\"robots\" content=\"index, follow, max-snippet:-1, max-image-preview:large, max-video-preview:-1\" \/>\n<meta property=\"og:locale\" content=\"pt_PT\" \/>\n<meta property=\"og:type\" content=\"article\" \/>\n<meta property=\"og:title\" content=\"Deitar 15 minutos mais cedo facilita adapta\u00e7\u00e3o \u00e0 mudan\u00e7a da hora - Portal Tela Portugal\" \/>\n<meta property=\"og:description\" content=\"A mudan\u00e7a de hora prevista para domingo 29 de mar\u00e7o pode afetar o sono de beb\u00e9s, crian\u00e7as em idade pr\u00e9-escolar e adolescentes; recomenda-se ajustar gradualmente os hor\u00e1rios para facilitar a transi\u00e7\u00e3o. Beb\u00e9s a partir de quatro meses j\u00e1 t\u00eam ritmo circadiano estabelecido; adolescentes, a partir dos 13 anos, enfrentam mais dificuldade em adormecer cedo devido ao atraso da melatonina. A adapta\u00e7\u00e3o ideal \u00e9 gradual: adiar o hor\u00e1rio de deitar 15 minutos por dia e fazer o ajuste no fim de semana, mantendo consist\u00eancia nas rotinas. Em creches, os ajustes n\u00e3o devem alterar atividades diurnas; no fim de semana, acordar mais cedo e adotar rotinas mais cedo ajuda, com poss\u00edvel fase de instabilidade. \u00c9 importante manter regularidade, reduzir est\u00edmulos e luz artificial \u00e0 noite, escurecer a casa e reconhecer que a priva\u00e7\u00e3o de sono \u00e9 cumulativa, afetando concentra\u00e7\u00e3o e humor.\" \/>\n<meta property=\"og:url\" content=\"https:\/\/portaltela.pt\/noticias\/2026\/03\/28\/deitar-15-minutos-mais-cedo-facilita-adaptacao-a-mudanca-da-hora\/\" \/>\n<meta property=\"og:site_name\" content=\"Portal Tela Portugal\" \/>\n<meta property=\"article:published_time\" content=\"2026-03-28T09:00:00+00:00\" \/>\n<meta name=\"author\" content=\"Telinha\" \/>\n<meta name=\"twitter:card\" content=\"summary_large_image\" \/>\n<meta name=\"twitter:label1\" content=\"Escrito por\" \/>\n\t<meta name=\"twitter:data1\" content=\"Telinha\" \/>\n\t<meta name=\"twitter:label2\" content=\"Tempo estimado de leitura\" \/>\n\t<meta name=\"twitter:data2\" content=\"3 minutos\" \/>\n<script type=\"application\/ld+json\" class=\"yoast-schema-graph\">{\"@context\":\"https:\/\/schema.org\",\"@graph\":[{\"@type\":\"Article\",\"@id\":\"https:\/\/portaltela.pt\/noticias\/2026\/03\/28\/deitar-15-minutos-mais-cedo-facilita-adaptacao-a-mudanca-da-hora\/#article\",\"isPartOf\":{\"@id\":\"https:\/\/portaltela.pt\/noticias\/2026\/03\/28\/deitar-15-minutos-mais-cedo-facilita-adaptacao-a-mudanca-da-hora\/\"},\"author\":{\"name\":\"Telinha\",\"@id\":\"https:\/\/portaltela.pt\/#\/schema\/person\/c4278d4a6028830caff9ee44b42d32ed\"},\"headline\":\"Deitar 15 minutos mais cedo facilita adapta\u00e7\u00e3o \u00e0 mudan\u00e7a da hora\",\"datePublished\":\"2026-03-28T09:00:00+00:00\",\"mainEntityOfPage\":{\"@id\":\"https:\/\/portaltela.pt\/noticias\/2026\/03\/28\/deitar-15-minutos-mais-cedo-facilita-adaptacao-a-mudanca-da-hora\/\"},\"wordCount\":545,\"image\":{\"@id\":\"https:\/\/portaltela.pt\/noticias\/2026\/03\/28\/deitar-15-minutos-mais-cedo-facilita-adaptacao-a-mudanca-da-hora\/#primaryimage\"},\"thumbnailUrl\":\"https:\/\/portaltela.pt\/s.01k8rhncp4jt1\/2026\/03\/image-1654.jpg\",\"keywords\":[\"adolescentes\",\"crian\u00e7as\",\"hor\u00e1rios\",\"Mudan\u00e7a de hora\",\"rotinas\",\"sa\u00fade\"],\"articleSection\":[\"Sa\u00fade\"],\"inLanguage\":\"pt-PT\"},{\"@type\":\"WebPage\",\"@id\":\"https:\/\/portaltela.pt\/noticias\/2026\/03\/28\/deitar-15-minutos-mais-cedo-facilita-adaptacao-a-mudanca-da-hora\/\",\"url\":\"https:\/\/portaltela.pt\/noticias\/2026\/03\/28\/deitar-15-minutos-mais-cedo-facilita-adaptacao-a-mudanca-da-hora\/\",\"name\":\"Deitar 15 minutos mais cedo facilita adapta\u00e7\u00e3o \u00e0 mudan\u00e7a da hora - Portal Tela Portugal\",\"isPartOf\":{\"@id\":\"https:\/\/portaltela.pt\/#website\"},\"primaryImageOfPage\":{\"@id\":\"https:\/\/portaltela.pt\/noticias\/2026\/03\/28\/deitar-15-minutos-mais-cedo-facilita-adaptacao-a-mudanca-da-hora\/#primaryimage\"},\"image\":{\"@id\":\"https:\/\/portaltela.pt\/noticias\/2026\/03\/28\/deitar-15-minutos-mais-cedo-facilita-adaptacao-a-mudanca-da-hora\/#primaryimage\"},\"thumbnailUrl\":\"https:\/\/portaltela.pt\/s.01k8rhncp4jt1\/2026\/03\/image-1654.jpg\",\"datePublished\":\"2026-03-28T09:00:00+00:00\",\"author\":{\"@id\":\"https:\/\/portaltela.pt\/#\/schema\/person\/c4278d4a6028830caff9ee44b42d32ed\"},\"breadcrumb\":{\"@id\":\"https:\/\/portaltela.pt\/noticias\/2026\/03\/28\/deitar-15-minutos-mais-cedo-facilita-adaptacao-a-mudanca-da-hora\/#breadcrumb\"},\"inLanguage\":\"pt-PT\",\"potentialAction\":[{\"@type\":\"ReadAction\",\"target\":[\"https:\/\/portaltela.pt\/noticias\/2026\/03\/28\/deitar-15-minutos-mais-cedo-facilita-adaptacao-a-mudanca-da-hora\/\"]}]},{\"@type\":\"ImageObject\",\"inLanguage\":\"pt-PT\",\"@id\":\"https:\/\/portaltela.pt\/noticias\/2026\/03\/28\/deitar-15-minutos-mais-cedo-facilita-adaptacao-a-mudanca-da-hora\/#primaryimage\",\"url\":\"https:\/\/portaltela.pt\/s.01k8rhncp4jt1\/2026\/03\/image-1654.jpg\",\"contentUrl\":\"https:\/\/portaltela.pt\/s.01k8rhncp4jt1\/2026\/03\/image-1654.jpg\",\"width\":796,\"height\":448,\"caption\":\"Imagem de contexto do artigo \\\"Deitar todos os dias quinze minutos mais cedo ajuda\\\" a lidar com a mudan\u00e7a da hora\"},{\"@type\":\"BreadcrumbList\",\"@id\":\"https:\/\/portaltela.pt\/noticias\/2026\/03\/28\/deitar-15-minutos-mais-cedo-facilita-adaptacao-a-mudanca-da-hora\/#breadcrumb\",\"itemListElement\":[{\"@type\":\"ListItem\",\"position\":1,\"name\":\"In\u00edcio\",\"item\":\"https:\/\/portaltela.pt\/\"},{\"@type\":\"ListItem\",\"position\":2,\"name\":\"Deitar 15 minutos mais cedo facilita adapta\u00e7\u00e3o \u00e0 mudan\u00e7a da hora\"}]},{\"@type\":\"WebSite\",\"@id\":\"https:\/\/portaltela.pt\/#website\",\"url\":\"https:\/\/portaltela.pt\/\",\"name\":\"Portal Tela Portugal\",\"description\":\"\",\"potentialAction\":[{\"@type\":\"SearchAction\",\"target\":{\"@type\":\"EntryPoint\",\"urlTemplate\":\"https:\/\/portaltela.pt\/?s={search_term_string}\"},\"query-input\":{\"@type\":\"PropertyValueSpecification\",\"valueRequired\":true,\"valueName\":\"search_term_string\"}}],\"inLanguage\":\"pt-PT\"},{\"@type\":\"Person\",\"@id\":\"https:\/\/portaltela.pt\/#\/schema\/person\/c4278d4a6028830caff9ee44b42d32ed\",\"name\":\"Telinha\",\"image\":{\"@type\":\"ImageObject\",\"inLanguage\":\"pt-PT\",\"@id\":\"https:\/\/portaltela.pt\/s.01k8rhncp4jt1\/2025\/11\/talking-bot-125x125.png\",\"url\":\"https:\/\/portaltela.pt\/s.01k8rhncp4jt1\/2025\/11\/talking-bot-125x125.png\",\"contentUrl\":\"https:\/\/portaltela.pt\/s.01k8rhncp4jt1\/2025\/11\/talking-bot-125x125.png\",\"caption\":\"Telinha\"},\"sameAs\":[\"https:\/\/portaltela.pt\/\"],\"url\":\"https:\/\/portaltela.pt\/por\/367410592786\/\"}]}<\/script>\n<!-- \/ Yoast SEO plugin. -->","yoast_head_json":{"title":"Deitar 15 minutos mais cedo facilita adapta\u00e7\u00e3o \u00e0 mudan\u00e7a da hora - Portal Tela Portugal","robots":{"index":"index","follow":"follow","max-snippet":"max-snippet:-1","max-image-preview":"max-image-preview:large","max-video-preview":"max-video-preview:-1"},"og_locale":"pt_PT","og_type":"article","og_title":"Deitar 15 minutos mais cedo facilita adapta\u00e7\u00e3o \u00e0 mudan\u00e7a da hora - Portal Tela Portugal","og_description":"A mudan\u00e7a de hora prevista para domingo 29 de mar\u00e7o pode afetar o sono de beb\u00e9s, crian\u00e7as em idade pr\u00e9-escolar e adolescentes; recomenda-se ajustar gradualmente os hor\u00e1rios para facilitar a transi\u00e7\u00e3o. Beb\u00e9s a partir de quatro meses j\u00e1 t\u00eam ritmo circadiano estabelecido; adolescentes, a partir dos 13 anos, enfrentam mais dificuldade em adormecer cedo devido ao atraso da melatonina. A adapta\u00e7\u00e3o ideal \u00e9 gradual: adiar o hor\u00e1rio de deitar 15 minutos por dia e fazer o ajuste no fim de semana, mantendo consist\u00eancia nas rotinas. Em creches, os ajustes n\u00e3o devem alterar atividades diurnas; no fim de semana, acordar mais cedo e adotar rotinas mais cedo ajuda, com poss\u00edvel fase de instabilidade. \u00c9 importante manter regularidade, reduzir est\u00edmulos e luz artificial \u00e0 noite, escurecer a casa e reconhecer que a priva\u00e7\u00e3o de sono \u00e9 cumulativa, afetando concentra\u00e7\u00e3o e humor.","og_url":"https:\/\/portaltela.pt\/noticias\/2026\/03\/28\/deitar-15-minutos-mais-cedo-facilita-adaptacao-a-mudanca-da-hora\/","og_site_name":"Portal Tela Portugal","article_published_time":"2026-03-28T09:00:00+00:00","author":"Telinha","twitter_card":"summary_large_image","twitter_misc":{"Escrito por":"Telinha","Tempo estimado de leitura":"3 minutos"},"schema":{"@context":"https:\/\/schema.org","@graph":[{"@type":"Article","@id":"https:\/\/portaltela.pt\/noticias\/2026\/03\/28\/deitar-15-minutos-mais-cedo-facilita-adaptacao-a-mudanca-da-hora\/#article","isPartOf":{"@id":"https:\/\/portaltela.pt\/noticias\/2026\/03\/28\/deitar-15-minutos-mais-cedo-facilita-adaptacao-a-mudanca-da-hora\/"},"author":{"name":"Telinha","@id":"https:\/\/portaltela.pt\/#\/schema\/person\/c4278d4a6028830caff9ee44b42d32ed"},"headline":"Deitar 15 minutos mais cedo facilita adapta\u00e7\u00e3o \u00e0 mudan\u00e7a da hora","datePublished":"2026-03-28T09:00:00+00:00","mainEntityOfPage":{"@id":"https:\/\/portaltela.pt\/noticias\/2026\/03\/28\/deitar-15-minutos-mais-cedo-facilita-adaptacao-a-mudanca-da-hora\/"},"wordCount":545,"image":{"@id":"https:\/\/portaltela.pt\/noticias\/2026\/03\/28\/deitar-15-minutos-mais-cedo-facilita-adaptacao-a-mudanca-da-hora\/#primaryimage"},"thumbnailUrl":"https:\/\/portaltela.pt\/s.01k8rhncp4jt1\/2026\/03\/image-1654.jpg","keywords":["adolescentes","crian\u00e7as","hor\u00e1rios","Mudan\u00e7a de hora","rotinas","sa\u00fade"],"articleSection":["Sa\u00fade"],"inLanguage":"pt-PT"},{"@type":"WebPage","@id":"https:\/\/portaltela.pt\/noticias\/2026\/03\/28\/deitar-15-minutos-mais-cedo-facilita-adaptacao-a-mudanca-da-hora\/","url":"https:\/\/portaltela.pt\/noticias\/2026\/03\/28\/deitar-15-minutos-mais-cedo-facilita-adaptacao-a-mudanca-da-hora\/","name":"Deitar 15 minutos mais cedo facilita adapta\u00e7\u00e3o \u00e0 mudan\u00e7a da hora - Portal Tela Portugal","isPartOf":{"@id":"https:\/\/portaltela.pt\/#website"},"primaryImageOfPage":{"@id":"https:\/\/portaltela.pt\/noticias\/2026\/03\/28\/deitar-15-minutos-mais-cedo-facilita-adaptacao-a-mudanca-da-hora\/#primaryimage"},"image":{"@id":"https:\/\/portaltela.pt\/noticias\/2026\/03\/28\/deitar-15-minutos-mais-cedo-facilita-adaptacao-a-mudanca-da-hora\/#primaryimage"},"thumbnailUrl":"https:\/\/portaltela.pt\/s.01k8rhncp4jt1\/2026\/03\/image-1654.jpg","datePublished":"2026-03-28T09:00:00+00:00","author":{"@id":"https:\/\/portaltela.pt\/#\/schema\/person\/c4278d4a6028830caff9ee44b42d32ed"},"breadcrumb":{"@id":"https:\/\/portaltela.pt\/noticias\/2026\/03\/28\/deitar-15-minutos-mais-cedo-facilita-adaptacao-a-mudanca-da-hora\/#breadcrumb"},"inLanguage":"pt-PT","potentialAction":[{"@type":"ReadAction","target":["https:\/\/portaltela.pt\/noticias\/2026\/03\/28\/deitar-15-minutos-mais-cedo-facilita-adaptacao-a-mudanca-da-hora\/"]}]},{"@type":"ImageObject","inLanguage":"pt-PT","@id":"https:\/\/portaltela.pt\/noticias\/2026\/03\/28\/deitar-15-minutos-mais-cedo-facilita-adaptacao-a-mudanca-da-hora\/#primaryimage","url":"https:\/\/portaltela.pt\/s.01k8rhncp4jt1\/2026\/03\/image-1654.jpg","contentUrl":"https:\/\/portaltela.pt\/s.01k8rhncp4jt1\/2026\/03\/image-1654.jpg","width":796,"height":448,"caption":"Imagem de contexto do artigo \"Deitar todos os dias quinze minutos mais cedo ajuda\" a lidar com a mudan\u00e7a da hora"},{"@type":"BreadcrumbList","@id":"https:\/\/portaltela.pt\/noticias\/2026\/03\/28\/deitar-15-minutos-mais-cedo-facilita-adaptacao-a-mudanca-da-hora\/#breadcrumb","itemListElement":[{"@type":"ListItem","position":1,"name":"In\u00edcio","item":"https:\/\/portaltela.pt\/"},{"@type":"ListItem","position":2,"name":"Deitar 15 minutos mais cedo facilita adapta\u00e7\u00e3o \u00e0 mudan\u00e7a da hora"}]},{"@type":"WebSite","@id":"https:\/\/portaltela.pt\/#website","url":"https:\/\/portaltela.pt\/","name":"Portal Tela Portugal","description":"","potentialAction":[{"@type":"SearchAction","target":{"@type":"EntryPoint","urlTemplate":"https:\/\/portaltela.pt\/?s={search_term_string}"},"query-input":{"@type":"PropertyValueSpecification","valueRequired":true,"valueName":"search_term_string"}}],"inLanguage":"pt-PT"},{"@type":"Person","@id":"https:\/\/portaltela.pt\/#\/schema\/person\/c4278d4a6028830caff9ee44b42d32ed","name":"Telinha","image":{"@type":"ImageObject","inLanguage":"pt-PT","@id":"https:\/\/portaltela.pt\/s.01k8rhncp4jt1\/2025\/11\/talking-bot-125x125.png","url":"https:\/\/portaltela.pt\/s.01k8rhncp4jt1\/2025\/11\/talking-bot-125x125.png","contentUrl":"https:\/\/portaltela.pt\/s.01k8rhncp4jt1\/2025\/11\/talking-bot-125x125.png","caption":"Telinha"},"sameAs":["https:\/\/portaltela.pt\/"],"url":"https:\/\/portaltela.pt\/por\/367410592786\/"}]}},"_links":{"self":[{"href":"https:\/\/portaltela.pt\/api\/wp\/v2\/posts\/424723","targetHints":{"allow":["GET"]}}],"collection":[{"href":"https:\/\/portaltela.pt\/api\/wp\/v2\/posts"}],"about":[{"href":"https:\/\/portaltela.pt\/api\/wp\/v2\/types\/post"}],"author":[{"embeddable":true,"href":"https:\/\/portaltela.pt\/api\/wp\/v2\/users\/2"}],"replies":[{"embeddable":true,"href":"https:\/\/portaltela.pt\/api\/wp\/v2\/comments?post=424723"}],"version-history":[{"count":0,"href":"https:\/\/portaltela.pt\/api\/wp\/v2\/posts\/424723\/revisions"}],"wp:featuredmedia":[{"embeddable":true,"href":"https:\/\/portaltela.pt\/api\/wp\/v2\/media\/424726"}],"wp:attachment":[{"href":"https:\/\/portaltela.pt\/api\/wp\/v2\/media?parent=424723"}],"wp:term":[{"taxonomy":"category","embeddable":true,"href":"https:\/\/portaltela.pt\/api\/wp\/v2\/categories?post=424723"},{"taxonomy":"post_tag","embeddable":true,"href":"https:\/\/portaltela.pt\/api\/wp\/v2\/tags?post=424723"}],"curies":[{"name":"wp","href":"https:\/\/api.w.org\/{rel}","templated":true}]}}