{"id":424702,"date":"2026-03-28T05:55:09","date_gmt":"2026-03-28T08:55:09","guid":{"rendered":"https:\/\/portaltela.pt\/noticias\/2026\/03\/28\/papa-leao-xiv-chega-ao-monaco-na-sua-primeira-viagem-a-europa\/"},"modified":"2026-03-28T05:55:09","modified_gmt":"2026-03-28T08:55:09","slug":"papa-leao-xiv-chega-ao-monaco-na-sua-primeira-viagem-a-europa","status":"publish","type":"post","link":"https:\/\/portaltela.pt\/noticias\/internacional\/2026\/03\/28\/papa-leao-xiv-chega-ao-monaco-na-sua-primeira-viagem-a-europa\/","title":{"rendered":"Papa Le\u00e3o XIV chega ao M\u00f3naco na sua primeira viagem \u00e0 Europa"},"content":{"rendered":"<p>O Papa Le\u00e3o XIV chegou na manh\u00e3 de s\u00e1bado a M\u00f3naco, a bordo de um helic\u00f3ptero, em plena sua primeira viagem \u00e0 Europa. A visita ao principado ter\u00e1 dura\u00e7\u00e3o de nove horas.<\/p>\n<p>\u00c0 chegada, foi recebido pelo pr\u00edncipe Alberto II e pela princesa Charlene, vestida de branco. Salvas de honra e o toque dos sinos marcaram o acolhimento no pequeno territ\u00f3rio.<\/p>\n<p>Este \u00e9 o segundo deslocamento apost\u00f3lico internacional do Papa na era moderna, com o \u00fanico registo anterior de uma passagem de Paulo III em 1538, no regresso do Congresso de Nice.<\/p>\n<h3>Agenda principal<\/h3>\n<p>A miss\u00e3o de hoje inclui uma rece\u00e7\u00e3o no Pal\u00e1cio do Pr\u00edncipe, com discurso \u00e0s autoridades. Segue-se uma reuni\u00e3o com a comunidade cat\u00f3lica na Catedral da Imaculada Concei\u00e7\u00e3o.<\/p>\n<p>Mais tarde h\u00e1 um encontro com jovens na pra\u00e7a em frente \u00e0 Igreja de Sainte-D\u00e9vote, antes da missa de encerramento no Est\u00e1dio Lu\u00eds II.<\/p>\n<p>O Vaticano recorda que Monaco \u00e9 um Estado com o catolicismo como religi\u00e3o oficial. O pr\u00edncipe tem estado envolvido em debates locais sobre pol\u00edticas p\u00fablicas, incluindo uma legisla\u00e7\u00e3o recente sobre aborto.<\/p>\n<p>O cardeal Pietro Parolin, secret\u00e1rio de Estado, afirmou que a viagem deve impulsionar a miss\u00e3o da Igreja na regi\u00e3o, fortalecendo o compromisso com a prote\u00e7\u00e3o da cria\u00e7\u00e3o, a defesa da vida e a solidariedade internacional, incluindo os mais vulner\u00e1veis.<\/p>\n","protected":false},"excerpt":{"rendered":"<ul>\n<li>O Papa Le\u00e3o XIV chegou a bordo de helic\u00f3ptero ao Principado de M\u00f3naco este s\u00e1bado e ficar\u00e1 nove horas no local.<\/li>\n<li>\u00c9 a primeira viagem a um pa\u00eds europeu do Papa Le\u00e3o XIV. O Papa foi recebido pelo pr\u00edncipe Alberto II e pela princesa Charlene, com salvas de honra e sinos a tocar.<\/li>\n<li>Trata-se da segunda viagem apost\u00f3lica internacional na era moderna, com apenas Paulo III, em mil quinhentos e trinta e oito, registando passagem pelo territ\u00f3rio.<\/li>\n<li>O programa inclui quatro eventos: visita de cortesia ao pr\u00edncipe e \u00e0 fam\u00edlia; discurso \u00e0s autoridades; encontro com a comunidade cat\u00f3lica na Catedral da Imaculada Concei\u00e7\u00e3o; reuni\u00e3o com jovens na pra\u00e7a junto \u00e0 Igreja de Sainte-D\u00e9vote e missa de encerramento no Est\u00e1dio Lu\u00eds II.<\/li>\n<li>Monaco, onde o catolicismo \u00e9 religi\u00e3o oficial, foi escolhido ap\u00f3s o pr\u00edncipe ter recusado, em novembro passado, assinar a lei sobre o aborto. O Cardeal Pietro Parolin sublinhou esperan\u00e7a de que a viagem fortale\u00e7a a miss\u00e3o da Igreja local em \u00e1reas como prote\u00e7\u00e3o da cria\u00e7\u00e3o, defesa da vida e solidariedade internacional.<\/li>\n<\/ul>\n","protected":false},"author":2,"featured_media":424709,"comment_status":"closed","ping_status":"closed","sticky":false,"template":"","format":"standard","meta":{"footnotes":""},"categories":[4,1],"tags":[2978,256,2487,102,1770,104],"class_list":["post-424702","post","type-post","status-publish","format-standard","has-post-thumbnail","hentry","category-internacional","category-noticias","tag-catolico","tag-cooperacao-internacional","tag-europa","tag-igreja","tag-monaco","tag-religiao"],"yoast_head":"<!-- This site is optimized with the Yoast SEO plugin v27.2 - https:\/\/yoast.com\/product\/yoast-seo-wordpress\/ -->\n<title>Papa Le\u00e3o XIV chega ao M\u00f3naco na sua primeira viagem \u00e0 Europa - Portal Tela Portugal<\/title>\n<meta name=\"robots\" content=\"index, follow, max-snippet:-1, max-image-preview:large, max-video-preview:-1\" \/>\n<meta property=\"og:locale\" content=\"pt_PT\" \/>\n<meta property=\"og:type\" content=\"article\" \/>\n<meta property=\"og:title\" content=\"Papa Le\u00e3o XIV chega ao M\u00f3naco na sua primeira viagem \u00e0 Europa - Portal Tela Portugal\" \/>\n<meta property=\"og:description\" content=\"O Papa Le\u00e3o XIV chegou a bordo de helic\u00f3ptero ao Principado de M\u00f3naco este s\u00e1bado e ficar\u00e1 nove horas no local. \u00c9 a primeira viagem a um pa\u00eds europeu do Papa Le\u00e3o XIV. O Papa foi recebido pelo pr\u00edncipe Alberto II e pela princesa Charlene, com salvas de honra e sinos a tocar. Trata-se da segunda viagem apost\u00f3lica internacional na era moderna, com apenas Paulo III, em mil quinhentos e trinta e oito, registando passagem pelo territ\u00f3rio. O programa inclui quatro eventos: visita de cortesia ao pr\u00edncipe e \u00e0 fam\u00edlia; discurso \u00e0s autoridades; encontro com a comunidade cat\u00f3lica na Catedral da Imaculada Concei\u00e7\u00e3o; reuni\u00e3o com jovens na pra\u00e7a junto \u00e0 Igreja de Sainte-D\u00e9vote e missa de encerramento no Est\u00e1dio Lu\u00eds II. Monaco, onde o catolicismo \u00e9 religi\u00e3o oficial, foi escolhido ap\u00f3s o pr\u00edncipe ter recusado, em novembro passado, assinar a lei sobre o aborto. O Cardeal Pietro Parolin sublinhou esperan\u00e7a de que a viagem fortale\u00e7a a miss\u00e3o da Igreja local em \u00e1reas como prote\u00e7\u00e3o da cria\u00e7\u00e3o, defesa da vida e solidariedade internacional.\" \/>\n<meta property=\"og:url\" content=\"https:\/\/portaltela.pt\/noticias\/2026\/03\/28\/papa-leao-xiv-chega-ao-monaco-na-sua-primeira-viagem-a-europa\/\" \/>\n<meta property=\"og:site_name\" content=\"Portal Tela Portugal\" \/>\n<meta property=\"article:published_time\" content=\"2026-03-28T08:55:09+00:00\" \/>\n<meta name=\"author\" content=\"Telinha\" \/>\n<meta name=\"twitter:card\" content=\"summary_large_image\" \/>\n<meta name=\"twitter:label1\" content=\"Escrito por\" \/>\n\t<meta name=\"twitter:data1\" content=\"Telinha\" \/>\n\t<meta name=\"twitter:label2\" content=\"Tempo estimado de leitura\" \/>\n\t<meta name=\"twitter:data2\" content=\"1 minuto\" \/>\n<script type=\"application\/ld+json\" class=\"yoast-schema-graph\">{\"@context\":\"https:\/\/schema.org\",\"@graph\":[{\"@type\":\"Article\",\"@id\":\"https:\/\/portaltela.pt\/noticias\/2026\/03\/28\/papa-leao-xiv-chega-ao-monaco-na-sua-primeira-viagem-a-europa\/#article\",\"isPartOf\":{\"@id\":\"https:\/\/portaltela.pt\/noticias\/2026\/03\/28\/papa-leao-xiv-chega-ao-monaco-na-sua-primeira-viagem-a-europa\/\"},\"author\":{\"name\":\"Telinha\",\"@id\":\"https:\/\/portaltela.pt\/#\/schema\/person\/c4278d4a6028830caff9ee44b42d32ed\"},\"headline\":\"Papa Le\u00e3o XIV chega ao M\u00f3naco na sua primeira viagem \u00e0 Europa\",\"datePublished\":\"2026-03-28T08:55:09+00:00\",\"mainEntityOfPage\":{\"@id\":\"https:\/\/portaltela.pt\/noticias\/2026\/03\/28\/papa-leao-xiv-chega-ao-monaco-na-sua-primeira-viagem-a-europa\/\"},\"wordCount\":252,\"image\":{\"@id\":\"https:\/\/portaltela.pt\/noticias\/2026\/03\/28\/papa-leao-xiv-chega-ao-monaco-na-sua-primeira-viagem-a-europa\/#primaryimage\"},\"thumbnailUrl\":\"https:\/\/portaltela.pt\/s.01k8rhncp4jt1\/2026\/03\/img_1500x1000uu2026-01-04-15-56-41-2257973.jpg\",\"keywords\":[\"cat\u00f3lico\",\"coopera\u00e7\u00e3o internacional\",\"Europa\",\"igreja\",\"Monaco\",\"religi\u00e3o\"],\"articleSection\":[\"Internacional\",\"Not\u00edcias\"],\"inLanguage\":\"pt-PT\"},{\"@type\":\"WebPage\",\"@id\":\"https:\/\/portaltela.pt\/noticias\/2026\/03\/28\/papa-leao-xiv-chega-ao-monaco-na-sua-primeira-viagem-a-europa\/\",\"url\":\"https:\/\/portaltela.pt\/noticias\/2026\/03\/28\/papa-leao-xiv-chega-ao-monaco-na-sua-primeira-viagem-a-europa\/\",\"name\":\"Papa Le\u00e3o XIV chega ao M\u00f3naco na sua primeira viagem \u00e0 Europa - Portal Tela Portugal\",\"isPartOf\":{\"@id\":\"https:\/\/portaltela.pt\/#website\"},\"primaryImageOfPage\":{\"@id\":\"https:\/\/portaltela.pt\/noticias\/2026\/03\/28\/papa-leao-xiv-chega-ao-monaco-na-sua-primeira-viagem-a-europa\/#primaryimage\"},\"image\":{\"@id\":\"https:\/\/portaltela.pt\/noticias\/2026\/03\/28\/papa-leao-xiv-chega-ao-monaco-na-sua-primeira-viagem-a-europa\/#primaryimage\"},\"thumbnailUrl\":\"https:\/\/portaltela.pt\/s.01k8rhncp4jt1\/2026\/03\/img_1500x1000uu2026-01-04-15-56-41-2257973.jpg\",\"datePublished\":\"2026-03-28T08:55:09+00:00\",\"author\":{\"@id\":\"https:\/\/portaltela.pt\/#\/schema\/person\/c4278d4a6028830caff9ee44b42d32ed\"},\"breadcrumb\":{\"@id\":\"https:\/\/portaltela.pt\/noticias\/2026\/03\/28\/papa-leao-xiv-chega-ao-monaco-na-sua-primeira-viagem-a-europa\/#breadcrumb\"},\"inLanguage\":\"pt-PT\",\"potentialAction\":[{\"@type\":\"ReadAction\",\"target\":[\"https:\/\/portaltela.pt\/noticias\/2026\/03\/28\/papa-leao-xiv-chega-ao-monaco-na-sua-primeira-viagem-a-europa\/\"]}]},{\"@type\":\"ImageObject\",\"inLanguage\":\"pt-PT\",\"@id\":\"https:\/\/portaltela.pt\/noticias\/2026\/03\/28\/papa-leao-xiv-chega-ao-monaco-na-sua-primeira-viagem-a-europa\/#primaryimage\",\"url\":\"https:\/\/portaltela.pt\/s.01k8rhncp4jt1\/2026\/03\/img_1500x1000uu2026-01-04-15-56-41-2257973.jpg\",\"contentUrl\":\"https:\/\/portaltela.pt\/s.01k8rhncp4jt1\/2026\/03\/img_1500x1000uu2026-01-04-15-56-41-2257973.jpg\",\"width\":796,\"height\":448,\"caption\":\"Papa Le\u00e3o XIV\"},{\"@type\":\"BreadcrumbList\",\"@id\":\"https:\/\/portaltela.pt\/noticias\/2026\/03\/28\/papa-leao-xiv-chega-ao-monaco-na-sua-primeira-viagem-a-europa\/#breadcrumb\",\"itemListElement\":[{\"@type\":\"ListItem\",\"position\":1,\"name\":\"In\u00edcio\",\"item\":\"https:\/\/portaltela.pt\/\"},{\"@type\":\"ListItem\",\"position\":2,\"name\":\"Papa Le\u00e3o XIV chega ao M\u00f3naco na sua primeira viagem \u00e0 Europa\"}]},{\"@type\":\"WebSite\",\"@id\":\"https:\/\/portaltela.pt\/#website\",\"url\":\"https:\/\/portaltela.pt\/\",\"name\":\"Portal Tela Portugal\",\"description\":\"\",\"potentialAction\":[{\"@type\":\"SearchAction\",\"target\":{\"@type\":\"EntryPoint\",\"urlTemplate\":\"https:\/\/portaltela.pt\/?s={search_term_string}\"},\"query-input\":{\"@type\":\"PropertyValueSpecification\",\"valueRequired\":true,\"valueName\":\"search_term_string\"}}],\"inLanguage\":\"pt-PT\"},{\"@type\":\"Person\",\"@id\":\"https:\/\/portaltela.pt\/#\/schema\/person\/c4278d4a6028830caff9ee44b42d32ed\",\"name\":\"Telinha\",\"image\":{\"@type\":\"ImageObject\",\"inLanguage\":\"pt-PT\",\"@id\":\"https:\/\/portaltela.pt\/s.01k8rhncp4jt1\/2025\/11\/talking-bot-125x125.png\",\"url\":\"https:\/\/portaltela.pt\/s.01k8rhncp4jt1\/2025\/11\/talking-bot-125x125.png\",\"contentUrl\":\"https:\/\/portaltela.pt\/s.01k8rhncp4jt1\/2025\/11\/talking-bot-125x125.png\",\"caption\":\"Telinha\"},\"sameAs\":[\"https:\/\/portaltela.pt\/\"],\"url\":\"https:\/\/portaltela.pt\/por\/367410592786\/\"}]}<\/script>\n<!-- \/ Yoast SEO plugin. -->","yoast_head_json":{"title":"Papa Le\u00e3o XIV chega ao M\u00f3naco na sua primeira viagem \u00e0 Europa - Portal Tela Portugal","robots":{"index":"index","follow":"follow","max-snippet":"max-snippet:-1","max-image-preview":"max-image-preview:large","max-video-preview":"max-video-preview:-1"},"og_locale":"pt_PT","og_type":"article","og_title":"Papa Le\u00e3o XIV chega ao M\u00f3naco na sua primeira viagem \u00e0 Europa - Portal Tela Portugal","og_description":"O Papa Le\u00e3o XIV chegou a bordo de helic\u00f3ptero ao Principado de M\u00f3naco este s\u00e1bado e ficar\u00e1 nove horas no local. \u00c9 a primeira viagem a um pa\u00eds europeu do Papa Le\u00e3o XIV. O Papa foi recebido pelo pr\u00edncipe Alberto II e pela princesa Charlene, com salvas de honra e sinos a tocar. Trata-se da segunda viagem apost\u00f3lica internacional na era moderna, com apenas Paulo III, em mil quinhentos e trinta e oito, registando passagem pelo territ\u00f3rio. O programa inclui quatro eventos: visita de cortesia ao pr\u00edncipe e \u00e0 fam\u00edlia; discurso \u00e0s autoridades; encontro com a comunidade cat\u00f3lica na Catedral da Imaculada Concei\u00e7\u00e3o; reuni\u00e3o com jovens na pra\u00e7a junto \u00e0 Igreja de Sainte-D\u00e9vote e missa de encerramento no Est\u00e1dio Lu\u00eds II. Monaco, onde o catolicismo \u00e9 religi\u00e3o oficial, foi escolhido ap\u00f3s o pr\u00edncipe ter recusado, em novembro passado, assinar a lei sobre o aborto. O Cardeal Pietro Parolin sublinhou esperan\u00e7a de que a viagem fortale\u00e7a a miss\u00e3o da Igreja local em \u00e1reas como prote\u00e7\u00e3o da cria\u00e7\u00e3o, defesa da vida e solidariedade internacional.","og_url":"https:\/\/portaltela.pt\/noticias\/2026\/03\/28\/papa-leao-xiv-chega-ao-monaco-na-sua-primeira-viagem-a-europa\/","og_site_name":"Portal Tela Portugal","article_published_time":"2026-03-28T08:55:09+00:00","author":"Telinha","twitter_card":"summary_large_image","twitter_misc":{"Escrito por":"Telinha","Tempo estimado de leitura":"1 minuto"},"schema":{"@context":"https:\/\/schema.org","@graph":[{"@type":"Article","@id":"https:\/\/portaltela.pt\/noticias\/2026\/03\/28\/papa-leao-xiv-chega-ao-monaco-na-sua-primeira-viagem-a-europa\/#article","isPartOf":{"@id":"https:\/\/portaltela.pt\/noticias\/2026\/03\/28\/papa-leao-xiv-chega-ao-monaco-na-sua-primeira-viagem-a-europa\/"},"author":{"name":"Telinha","@id":"https:\/\/portaltela.pt\/#\/schema\/person\/c4278d4a6028830caff9ee44b42d32ed"},"headline":"Papa Le\u00e3o XIV chega ao M\u00f3naco na sua primeira viagem \u00e0 Europa","datePublished":"2026-03-28T08:55:09+00:00","mainEntityOfPage":{"@id":"https:\/\/portaltela.pt\/noticias\/2026\/03\/28\/papa-leao-xiv-chega-ao-monaco-na-sua-primeira-viagem-a-europa\/"},"wordCount":252,"image":{"@id":"https:\/\/portaltela.pt\/noticias\/2026\/03\/28\/papa-leao-xiv-chega-ao-monaco-na-sua-primeira-viagem-a-europa\/#primaryimage"},"thumbnailUrl":"https:\/\/portaltela.pt\/s.01k8rhncp4jt1\/2026\/03\/img_1500x1000uu2026-01-04-15-56-41-2257973.jpg","keywords":["cat\u00f3lico","coopera\u00e7\u00e3o internacional","Europa","igreja","Monaco","religi\u00e3o"],"articleSection":["Internacional","Not\u00edcias"],"inLanguage":"pt-PT"},{"@type":"WebPage","@id":"https:\/\/portaltela.pt\/noticias\/2026\/03\/28\/papa-leao-xiv-chega-ao-monaco-na-sua-primeira-viagem-a-europa\/","url":"https:\/\/portaltela.pt\/noticias\/2026\/03\/28\/papa-leao-xiv-chega-ao-monaco-na-sua-primeira-viagem-a-europa\/","name":"Papa Le\u00e3o XIV chega ao M\u00f3naco na sua primeira viagem \u00e0 Europa - Portal Tela Portugal","isPartOf":{"@id":"https:\/\/portaltela.pt\/#website"},"primaryImageOfPage":{"@id":"https:\/\/portaltela.pt\/noticias\/2026\/03\/28\/papa-leao-xiv-chega-ao-monaco-na-sua-primeira-viagem-a-europa\/#primaryimage"},"image":{"@id":"https:\/\/portaltela.pt\/noticias\/2026\/03\/28\/papa-leao-xiv-chega-ao-monaco-na-sua-primeira-viagem-a-europa\/#primaryimage"},"thumbnailUrl":"https:\/\/portaltela.pt\/s.01k8rhncp4jt1\/2026\/03\/img_1500x1000uu2026-01-04-15-56-41-2257973.jpg","datePublished":"2026-03-28T08:55:09+00:00","author":{"@id":"https:\/\/portaltela.pt\/#\/schema\/person\/c4278d4a6028830caff9ee44b42d32ed"},"breadcrumb":{"@id":"https:\/\/portaltela.pt\/noticias\/2026\/03\/28\/papa-leao-xiv-chega-ao-monaco-na-sua-primeira-viagem-a-europa\/#breadcrumb"},"inLanguage":"pt-PT","potentialAction":[{"@type":"ReadAction","target":["https:\/\/portaltela.pt\/noticias\/2026\/03\/28\/papa-leao-xiv-chega-ao-monaco-na-sua-primeira-viagem-a-europa\/"]}]},{"@type":"ImageObject","inLanguage":"pt-PT","@id":"https:\/\/portaltela.pt\/noticias\/2026\/03\/28\/papa-leao-xiv-chega-ao-monaco-na-sua-primeira-viagem-a-europa\/#primaryimage","url":"https:\/\/portaltela.pt\/s.01k8rhncp4jt1\/2026\/03\/img_1500x1000uu2026-01-04-15-56-41-2257973.jpg","contentUrl":"https:\/\/portaltela.pt\/s.01k8rhncp4jt1\/2026\/03\/img_1500x1000uu2026-01-04-15-56-41-2257973.jpg","width":796,"height":448,"caption":"Papa Le\u00e3o XIV"},{"@type":"BreadcrumbList","@id":"https:\/\/portaltela.pt\/noticias\/2026\/03\/28\/papa-leao-xiv-chega-ao-monaco-na-sua-primeira-viagem-a-europa\/#breadcrumb","itemListElement":[{"@type":"ListItem","position":1,"name":"In\u00edcio","item":"https:\/\/portaltela.pt\/"},{"@type":"ListItem","position":2,"name":"Papa Le\u00e3o XIV chega ao M\u00f3naco na sua primeira viagem \u00e0 Europa"}]},{"@type":"WebSite","@id":"https:\/\/portaltela.pt\/#website","url":"https:\/\/portaltela.pt\/","name":"Portal Tela Portugal","description":"","potentialAction":[{"@type":"SearchAction","target":{"@type":"EntryPoint","urlTemplate":"https:\/\/portaltela.pt\/?s={search_term_string}"},"query-input":{"@type":"PropertyValueSpecification","valueRequired":true,"valueName":"search_term_string"}}],"inLanguage":"pt-PT"},{"@type":"Person","@id":"https:\/\/portaltela.pt\/#\/schema\/person\/c4278d4a6028830caff9ee44b42d32ed","name":"Telinha","image":{"@type":"ImageObject","inLanguage":"pt-PT","@id":"https:\/\/portaltela.pt\/s.01k8rhncp4jt1\/2025\/11\/talking-bot-125x125.png","url":"https:\/\/portaltela.pt\/s.01k8rhncp4jt1\/2025\/11\/talking-bot-125x125.png","contentUrl":"https:\/\/portaltela.pt\/s.01k8rhncp4jt1\/2025\/11\/talking-bot-125x125.png","caption":"Telinha"},"sameAs":["https:\/\/portaltela.pt\/"],"url":"https:\/\/portaltela.pt\/por\/367410592786\/"}]}},"_links":{"self":[{"href":"https:\/\/portaltela.pt\/api\/wp\/v2\/posts\/424702","targetHints":{"allow":["GET"]}}],"collection":[{"href":"https:\/\/portaltela.pt\/api\/wp\/v2\/posts"}],"about":[{"href":"https:\/\/portaltela.pt\/api\/wp\/v2\/types\/post"}],"author":[{"embeddable":true,"href":"https:\/\/portaltela.pt\/api\/wp\/v2\/users\/2"}],"replies":[{"embeddable":true,"href":"https:\/\/portaltela.pt\/api\/wp\/v2\/comments?post=424702"}],"version-history":[{"count":0,"href":"https:\/\/portaltela.pt\/api\/wp\/v2\/posts\/424702\/revisions"}],"wp:featuredmedia":[{"embeddable":true,"href":"https:\/\/portaltela.pt\/api\/wp\/v2\/media\/424709"}],"wp:attachment":[{"href":"https:\/\/portaltela.pt\/api\/wp\/v2\/media?parent=424702"}],"wp:term":[{"taxonomy":"category","embeddable":true,"href":"https:\/\/portaltela.pt\/api\/wp\/v2\/categories?post=424702"},{"taxonomy":"post_tag","embeddable":true,"href":"https:\/\/portaltela.pt\/api\/wp\/v2\/tags?post=424702"}],"curies":[{"name":"wp","href":"https:\/\/api.w.org\/{rel}","templated":true}]}}