{"id":424698,"date":"2026-03-28T05:26:00","date_gmt":"2026-03-28T08:26:00","guid":{"rendered":"https:\/\/portaltela.pt\/noticias\/2026\/03\/28\/guerra-no-irao-e-subida-do-petroleo-empurram-familias-para-carros-eletricos\/"},"modified":"2026-03-28T05:26:00","modified_gmt":"2026-03-28T08:26:00","slug":"guerra-no-irao-e-subida-do-petroleo-empurram-familias-para-carros-eletricos","status":"publish","type":"post","link":"https:\/\/portaltela.pt\/noticias\/economia\/2026\/03\/28\/guerra-no-irao-e-subida-do-petroleo-empurram-familias-para-carros-eletricos\/","title":{"rendered":"Guerra no Ir\u00e3o e subida do petr\u00f3leo empurram fam\u00edlias para carros el\u00e9tricos"},"content":{"rendered":"<p>O aumento acentuado dos pre\u00e7os do gas\u00f3leo e da gasolina, ligado ao agravamento da guerra no Ir\u00e3o, est\u00e1 a levar mais consumidores portugueses a ponderar a aquisi\u00e7\u00e3o de carros el\u00e9tricos. A trajet\u00f3ria de subida dos combust\u00edveis refor\u00e7a a procura por ve\u00edculos movidos a energia el\u00e9ctrica. O fen\u00f3meno j\u00e1 se manifestava nos \u00faltimos anos, mas ganhou impulso recentemente.<\/p>\n<p>Segundo a ACAP, h\u00e1 maior aflu\u00eancia aos concession\u00e1rios de el\u00e9tricos por parte dos consumidores. A associa\u00e7\u00e3o destaca que o p\u00fablico procura mais informa\u00e7\u00e3o para tomar decis\u00f5es face ao cont\u00ednuo encarecimento dos combust\u00edveis f\u00f3sseis. O refor\u00e7o do interesse acompanha o aumento dos pre\u00e7os na bomba.<\/p>\n<p>Este dinamismo ocorre em Portugal, onde concession\u00e1rios relatam maior curiosidade sobre modelos el\u00e9tricos, prazos de entrega e custos de funcionamento. A tend\u00eancia de crescimento das vendas de el\u00e9tricos mant\u00e9m-se m\u00eas ap\u00f3s m\u00eas, com o ambiente econ\u00f3mico a acelerar o estudo de op\u00e7\u00f5es.<\/p>\n<h3>Impacto no mercado de concession\u00e1rios<\/h3>\n<p>As marcas de autom\u00f3veis v\u00eaem a procura por el\u00e9tricos a intensificar-se, o que pode influenciar o stock e as respostas de financiamento. Analistas apontam para uma janela de oportunidade, mas destacam a necessidade de informa\u00e7\u00f5es claras sobre custos de aquisi\u00e7\u00e3o e infraestrutura de carregamento.<\/p>\n<p>A evolu\u00e7\u00e3o poder\u00e1 depender de fatores como incentivos estatais, redu\u00e7\u00e3o de custos de baterias e disponibilidade de pontos de carregamento. Enquanto isso, fam\u00edlias portuguesas avaliam op\u00e7\u00f5es com foco em efici\u00eancia energ\u00e9tica e retorno financeiro a prazo.<\/p>\n","protected":false},"excerpt":{"rendered":"<ul>\n<li>O aumento dos pre\u00e7os do gas\u00f3leo e da gasolina, devido \u00e0 guerra no Ir\u00e3o, leva mais fam\u00edlias portuguesas a ponderar carros el\u00e9tricos.<\/li>\n<li>A procura por concession\u00e1rios de ve\u00edculos el\u00e9tricos tem aumentado, dando sequ\u00eancia a uma tend\u00eancia que j\u00e1 vinha a ganhar for\u00e7a.<\/li>\n<li>O secret\u00e1rio-geral da Associa\u00e7\u00e3o Autom\u00f3vel de Portugal (ACAP) disse que houve maior aflu\u00eancia de consumidores aos concession\u00e1rios.<\/li>\n<li>Os compradores querem mais informa\u00e7\u00e3o para decidir, face ao continuado aumento dos combust\u00edveis f\u00f3sseis.<\/li>\n<li>A mudan\u00e7a de comportamento j\u00e1 se manifestava nos \u00faltimos anos, com crescimento das vendas de ve\u00edculos el\u00e9tricos m\u00eas ap\u00f3s m\u00eas.<\/li>\n<\/ul>\n","protected":false},"author":2,"featured_media":424704,"comment_status":"closed","ping_status":"closed","sticky":false,"template":"","format":"standard","meta":{"footnotes":""},"categories":[2,6735],"tags":[6115,2371,174,4549,3263,1014],"class_list":["post-424698","post","type-post","status-publish","format-standard","has-post-thumbnail","hentry","category-economia","category-negocios","tag-_economia","tag-automoveis","tag-energia","tag-energia-eletrica","tag-mobilidade-urbana","tag-portugal"],"yoast_head":"<!-- This site is optimized with the Yoast SEO plugin v27.2 - https:\/\/yoast.com\/product\/yoast-seo-wordpress\/ -->\n<title>Guerra no Ir\u00e3o e subida do petr\u00f3leo empurram fam\u00edlias para carros el\u00e9tricos - Portal Tela Portugal<\/title>\n<meta name=\"robots\" content=\"index, follow, max-snippet:-1, max-image-preview:large, max-video-preview:-1\" \/>\n<meta property=\"og:locale\" content=\"pt_PT\" \/>\n<meta property=\"og:type\" content=\"article\" \/>\n<meta property=\"og:title\" content=\"Guerra no Ir\u00e3o e subida do petr\u00f3leo empurram fam\u00edlias para carros el\u00e9tricos - Portal Tela Portugal\" \/>\n<meta property=\"og:description\" content=\"O aumento dos pre\u00e7os do gas\u00f3leo e da gasolina, devido \u00e0 guerra no Ir\u00e3o, leva mais fam\u00edlias portuguesas a ponderar carros el\u00e9tricos. A procura por concession\u00e1rios de ve\u00edculos el\u00e9tricos tem aumentado, dando sequ\u00eancia a uma tend\u00eancia que j\u00e1 vinha a ganhar for\u00e7a. O secret\u00e1rio-geral da Associa\u00e7\u00e3o Autom\u00f3vel de Portugal (ACAP) disse que houve maior aflu\u00eancia de consumidores aos concession\u00e1rios. Os compradores querem mais informa\u00e7\u00e3o para decidir, face ao continuado aumento dos combust\u00edveis f\u00f3sseis. A mudan\u00e7a de comportamento j\u00e1 se manifestava nos \u00faltimos anos, com crescimento das vendas de ve\u00edculos el\u00e9tricos m\u00eas ap\u00f3s m\u00eas.\" \/>\n<meta property=\"og:url\" content=\"https:\/\/portaltela.pt\/noticias\/2026\/03\/28\/guerra-no-irao-e-subida-do-petroleo-empurram-familias-para-carros-eletricos\/\" \/>\n<meta property=\"og:site_name\" content=\"Portal Tela Portugal\" \/>\n<meta property=\"article:published_time\" content=\"2026-03-28T08:26:00+00:00\" \/>\n<meta name=\"author\" content=\"Telinha\" \/>\n<meta name=\"twitter:card\" content=\"summary_large_image\" \/>\n<meta name=\"twitter:label1\" content=\"Escrito por\" \/>\n\t<meta name=\"twitter:data1\" content=\"Telinha\" \/>\n\t<meta name=\"twitter:label2\" content=\"Tempo estimado de leitura\" \/>\n\t<meta name=\"twitter:data2\" content=\"1 minuto\" \/>\n<script type=\"application\/ld+json\" class=\"yoast-schema-graph\">{\"@context\":\"https:\/\/schema.org\",\"@graph\":[{\"@type\":\"Article\",\"@id\":\"https:\/\/portaltela.pt\/noticias\/2026\/03\/28\/guerra-no-irao-e-subida-do-petroleo-empurram-familias-para-carros-eletricos\/#article\",\"isPartOf\":{\"@id\":\"https:\/\/portaltela.pt\/noticias\/2026\/03\/28\/guerra-no-irao-e-subida-do-petroleo-empurram-familias-para-carros-eletricos\/\"},\"author\":{\"name\":\"Telinha\",\"@id\":\"https:\/\/portaltela.pt\/#\/schema\/person\/c4278d4a6028830caff9ee44b42d32ed\"},\"headline\":\"Guerra no Ir\u00e3o e subida do petr\u00f3leo empurram fam\u00edlias para carros el\u00e9tricos\",\"datePublished\":\"2026-03-28T08:26:00+00:00\",\"mainEntityOfPage\":{\"@id\":\"https:\/\/portaltela.pt\/noticias\/2026\/03\/28\/guerra-no-irao-e-subida-do-petroleo-empurram-familias-para-carros-eletricos\/\"},\"wordCount\":289,\"image\":{\"@id\":\"https:\/\/portaltela.pt\/noticias\/2026\/03\/28\/guerra-no-irao-e-subida-do-petroleo-empurram-familias-para-carros-eletricos\/#primaryimage\"},\"thumbnailUrl\":\"https:\/\/portaltela.pt\/s.01k8rhncp4jt1\/2026\/03\/image-1652.jpg\",\"keywords\":[\"_economia\",\"Autom\u00f3veis\",\"energia\",\"energia el\u00e9trica\",\"mobilidade urbana\",\"Portugal\"],\"articleSection\":[\"Economia\",\"Neg\u00f3cios\"],\"inLanguage\":\"pt-PT\"},{\"@type\":\"WebPage\",\"@id\":\"https:\/\/portaltela.pt\/noticias\/2026\/03\/28\/guerra-no-irao-e-subida-do-petroleo-empurram-familias-para-carros-eletricos\/\",\"url\":\"https:\/\/portaltela.pt\/noticias\/2026\/03\/28\/guerra-no-irao-e-subida-do-petroleo-empurram-familias-para-carros-eletricos\/\",\"name\":\"Guerra no Ir\u00e3o e subida do petr\u00f3leo empurram fam\u00edlias para carros el\u00e9tricos - Portal Tela Portugal\",\"isPartOf\":{\"@id\":\"https:\/\/portaltela.pt\/#website\"},\"primaryImageOfPage\":{\"@id\":\"https:\/\/portaltela.pt\/noticias\/2026\/03\/28\/guerra-no-irao-e-subida-do-petroleo-empurram-familias-para-carros-eletricos\/#primaryimage\"},\"image\":{\"@id\":\"https:\/\/portaltela.pt\/noticias\/2026\/03\/28\/guerra-no-irao-e-subida-do-petroleo-empurram-familias-para-carros-eletricos\/#primaryimage\"},\"thumbnailUrl\":\"https:\/\/portaltela.pt\/s.01k8rhncp4jt1\/2026\/03\/image-1652.jpg\",\"datePublished\":\"2026-03-28T08:26:00+00:00\",\"author\":{\"@id\":\"https:\/\/portaltela.pt\/#\/schema\/person\/c4278d4a6028830caff9ee44b42d32ed\"},\"breadcrumb\":{\"@id\":\"https:\/\/portaltela.pt\/noticias\/2026\/03\/28\/guerra-no-irao-e-subida-do-petroleo-empurram-familias-para-carros-eletricos\/#breadcrumb\"},\"inLanguage\":\"pt-PT\",\"potentialAction\":[{\"@type\":\"ReadAction\",\"target\":[\"https:\/\/portaltela.pt\/noticias\/2026\/03\/28\/guerra-no-irao-e-subida-do-petroleo-empurram-familias-para-carros-eletricos\/\"]}]},{\"@type\":\"ImageObject\",\"inLanguage\":\"pt-PT\",\"@id\":\"https:\/\/portaltela.pt\/noticias\/2026\/03\/28\/guerra-no-irao-e-subida-do-petroleo-empurram-familias-para-carros-eletricos\/#primaryimage\",\"url\":\"https:\/\/portaltela.pt\/s.01k8rhncp4jt1\/2026\/03\/image-1652.jpg\",\"contentUrl\":\"https:\/\/portaltela.pt\/s.01k8rhncp4jt1\/2026\/03\/image-1652.jpg\",\"width\":796,\"height\":448,\"caption\":\"O custo de vida est\u00e1 a alterar comportamentos e a levar mais fam\u00edlias a considerar alternativas ao carro movido a combust\u00edvel f\u00f3ssil\"},{\"@type\":\"BreadcrumbList\",\"@id\":\"https:\/\/portaltela.pt\/noticias\/2026\/03\/28\/guerra-no-irao-e-subida-do-petroleo-empurram-familias-para-carros-eletricos\/#breadcrumb\",\"itemListElement\":[{\"@type\":\"ListItem\",\"position\":1,\"name\":\"In\u00edcio\",\"item\":\"https:\/\/portaltela.pt\/\"},{\"@type\":\"ListItem\",\"position\":2,\"name\":\"Guerra no Ir\u00e3o e subida do petr\u00f3leo empurram fam\u00edlias para carros el\u00e9tricos\"}]},{\"@type\":\"WebSite\",\"@id\":\"https:\/\/portaltela.pt\/#website\",\"url\":\"https:\/\/portaltela.pt\/\",\"name\":\"Portal Tela Portugal\",\"description\":\"\",\"potentialAction\":[{\"@type\":\"SearchAction\",\"target\":{\"@type\":\"EntryPoint\",\"urlTemplate\":\"https:\/\/portaltela.pt\/?s={search_term_string}\"},\"query-input\":{\"@type\":\"PropertyValueSpecification\",\"valueRequired\":true,\"valueName\":\"search_term_string\"}}],\"inLanguage\":\"pt-PT\"},{\"@type\":\"Person\",\"@id\":\"https:\/\/portaltela.pt\/#\/schema\/person\/c4278d4a6028830caff9ee44b42d32ed\",\"name\":\"Telinha\",\"image\":{\"@type\":\"ImageObject\",\"inLanguage\":\"pt-PT\",\"@id\":\"https:\/\/portaltela.pt\/s.01k8rhncp4jt1\/2025\/11\/talking-bot-125x125.png\",\"url\":\"https:\/\/portaltela.pt\/s.01k8rhncp4jt1\/2025\/11\/talking-bot-125x125.png\",\"contentUrl\":\"https:\/\/portaltela.pt\/s.01k8rhncp4jt1\/2025\/11\/talking-bot-125x125.png\",\"caption\":\"Telinha\"},\"sameAs\":[\"https:\/\/portaltela.pt\/\"],\"url\":\"https:\/\/portaltela.pt\/por\/367410592786\/\"}]}<\/script>\n<!-- \/ Yoast SEO plugin. -->","yoast_head_json":{"title":"Guerra no Ir\u00e3o e subida do petr\u00f3leo empurram fam\u00edlias para carros el\u00e9tricos - Portal Tela Portugal","robots":{"index":"index","follow":"follow","max-snippet":"max-snippet:-1","max-image-preview":"max-image-preview:large","max-video-preview":"max-video-preview:-1"},"og_locale":"pt_PT","og_type":"article","og_title":"Guerra no Ir\u00e3o e subida do petr\u00f3leo empurram fam\u00edlias para carros el\u00e9tricos - Portal Tela Portugal","og_description":"O aumento dos pre\u00e7os do gas\u00f3leo e da gasolina, devido \u00e0 guerra no Ir\u00e3o, leva mais fam\u00edlias portuguesas a ponderar carros el\u00e9tricos. A procura por concession\u00e1rios de ve\u00edculos el\u00e9tricos tem aumentado, dando sequ\u00eancia a uma tend\u00eancia que j\u00e1 vinha a ganhar for\u00e7a. O secret\u00e1rio-geral da Associa\u00e7\u00e3o Autom\u00f3vel de Portugal (ACAP) disse que houve maior aflu\u00eancia de consumidores aos concession\u00e1rios. Os compradores querem mais informa\u00e7\u00e3o para decidir, face ao continuado aumento dos combust\u00edveis f\u00f3sseis. A mudan\u00e7a de comportamento j\u00e1 se manifestava nos \u00faltimos anos, com crescimento das vendas de ve\u00edculos el\u00e9tricos m\u00eas ap\u00f3s m\u00eas.","og_url":"https:\/\/portaltela.pt\/noticias\/2026\/03\/28\/guerra-no-irao-e-subida-do-petroleo-empurram-familias-para-carros-eletricos\/","og_site_name":"Portal Tela Portugal","article_published_time":"2026-03-28T08:26:00+00:00","author":"Telinha","twitter_card":"summary_large_image","twitter_misc":{"Escrito por":"Telinha","Tempo estimado de leitura":"1 minuto"},"schema":{"@context":"https:\/\/schema.org","@graph":[{"@type":"Article","@id":"https:\/\/portaltela.pt\/noticias\/2026\/03\/28\/guerra-no-irao-e-subida-do-petroleo-empurram-familias-para-carros-eletricos\/#article","isPartOf":{"@id":"https:\/\/portaltela.pt\/noticias\/2026\/03\/28\/guerra-no-irao-e-subida-do-petroleo-empurram-familias-para-carros-eletricos\/"},"author":{"name":"Telinha","@id":"https:\/\/portaltela.pt\/#\/schema\/person\/c4278d4a6028830caff9ee44b42d32ed"},"headline":"Guerra no Ir\u00e3o e subida do petr\u00f3leo empurram fam\u00edlias para carros el\u00e9tricos","datePublished":"2026-03-28T08:26:00+00:00","mainEntityOfPage":{"@id":"https:\/\/portaltela.pt\/noticias\/2026\/03\/28\/guerra-no-irao-e-subida-do-petroleo-empurram-familias-para-carros-eletricos\/"},"wordCount":289,"image":{"@id":"https:\/\/portaltela.pt\/noticias\/2026\/03\/28\/guerra-no-irao-e-subida-do-petroleo-empurram-familias-para-carros-eletricos\/#primaryimage"},"thumbnailUrl":"https:\/\/portaltela.pt\/s.01k8rhncp4jt1\/2026\/03\/image-1652.jpg","keywords":["_economia","Autom\u00f3veis","energia","energia el\u00e9trica","mobilidade urbana","Portugal"],"articleSection":["Economia","Neg\u00f3cios"],"inLanguage":"pt-PT"},{"@type":"WebPage","@id":"https:\/\/portaltela.pt\/noticias\/2026\/03\/28\/guerra-no-irao-e-subida-do-petroleo-empurram-familias-para-carros-eletricos\/","url":"https:\/\/portaltela.pt\/noticias\/2026\/03\/28\/guerra-no-irao-e-subida-do-petroleo-empurram-familias-para-carros-eletricos\/","name":"Guerra no Ir\u00e3o e subida do petr\u00f3leo empurram fam\u00edlias para carros el\u00e9tricos - Portal Tela Portugal","isPartOf":{"@id":"https:\/\/portaltela.pt\/#website"},"primaryImageOfPage":{"@id":"https:\/\/portaltela.pt\/noticias\/2026\/03\/28\/guerra-no-irao-e-subida-do-petroleo-empurram-familias-para-carros-eletricos\/#primaryimage"},"image":{"@id":"https:\/\/portaltela.pt\/noticias\/2026\/03\/28\/guerra-no-irao-e-subida-do-petroleo-empurram-familias-para-carros-eletricos\/#primaryimage"},"thumbnailUrl":"https:\/\/portaltela.pt\/s.01k8rhncp4jt1\/2026\/03\/image-1652.jpg","datePublished":"2026-03-28T08:26:00+00:00","author":{"@id":"https:\/\/portaltela.pt\/#\/schema\/person\/c4278d4a6028830caff9ee44b42d32ed"},"breadcrumb":{"@id":"https:\/\/portaltela.pt\/noticias\/2026\/03\/28\/guerra-no-irao-e-subida-do-petroleo-empurram-familias-para-carros-eletricos\/#breadcrumb"},"inLanguage":"pt-PT","potentialAction":[{"@type":"ReadAction","target":["https:\/\/portaltela.pt\/noticias\/2026\/03\/28\/guerra-no-irao-e-subida-do-petroleo-empurram-familias-para-carros-eletricos\/"]}]},{"@type":"ImageObject","inLanguage":"pt-PT","@id":"https:\/\/portaltela.pt\/noticias\/2026\/03\/28\/guerra-no-irao-e-subida-do-petroleo-empurram-familias-para-carros-eletricos\/#primaryimage","url":"https:\/\/portaltela.pt\/s.01k8rhncp4jt1\/2026\/03\/image-1652.jpg","contentUrl":"https:\/\/portaltela.pt\/s.01k8rhncp4jt1\/2026\/03\/image-1652.jpg","width":796,"height":448,"caption":"O custo de vida est\u00e1 a alterar comportamentos e a levar mais fam\u00edlias a considerar alternativas ao carro movido a combust\u00edvel f\u00f3ssil"},{"@type":"BreadcrumbList","@id":"https:\/\/portaltela.pt\/noticias\/2026\/03\/28\/guerra-no-irao-e-subida-do-petroleo-empurram-familias-para-carros-eletricos\/#breadcrumb","itemListElement":[{"@type":"ListItem","position":1,"name":"In\u00edcio","item":"https:\/\/portaltela.pt\/"},{"@type":"ListItem","position":2,"name":"Guerra no Ir\u00e3o e subida do petr\u00f3leo empurram fam\u00edlias para carros el\u00e9tricos"}]},{"@type":"WebSite","@id":"https:\/\/portaltela.pt\/#website","url":"https:\/\/portaltela.pt\/","name":"Portal Tela Portugal","description":"","potentialAction":[{"@type":"SearchAction","target":{"@type":"EntryPoint","urlTemplate":"https:\/\/portaltela.pt\/?s={search_term_string}"},"query-input":{"@type":"PropertyValueSpecification","valueRequired":true,"valueName":"search_term_string"}}],"inLanguage":"pt-PT"},{"@type":"Person","@id":"https:\/\/portaltela.pt\/#\/schema\/person\/c4278d4a6028830caff9ee44b42d32ed","name":"Telinha","image":{"@type":"ImageObject","inLanguage":"pt-PT","@id":"https:\/\/portaltela.pt\/s.01k8rhncp4jt1\/2025\/11\/talking-bot-125x125.png","url":"https:\/\/portaltela.pt\/s.01k8rhncp4jt1\/2025\/11\/talking-bot-125x125.png","contentUrl":"https:\/\/portaltela.pt\/s.01k8rhncp4jt1\/2025\/11\/talking-bot-125x125.png","caption":"Telinha"},"sameAs":["https:\/\/portaltela.pt\/"],"url":"https:\/\/portaltela.pt\/por\/367410592786\/"}]}},"_links":{"self":[{"href":"https:\/\/portaltela.pt\/api\/wp\/v2\/posts\/424698","targetHints":{"allow":["GET"]}}],"collection":[{"href":"https:\/\/portaltela.pt\/api\/wp\/v2\/posts"}],"about":[{"href":"https:\/\/portaltela.pt\/api\/wp\/v2\/types\/post"}],"author":[{"embeddable":true,"href":"https:\/\/portaltela.pt\/api\/wp\/v2\/users\/2"}],"replies":[{"embeddable":true,"href":"https:\/\/portaltela.pt\/api\/wp\/v2\/comments?post=424698"}],"version-history":[{"count":0,"href":"https:\/\/portaltela.pt\/api\/wp\/v2\/posts\/424698\/revisions"}],"wp:featuredmedia":[{"embeddable":true,"href":"https:\/\/portaltela.pt\/api\/wp\/v2\/media\/424704"}],"wp:attachment":[{"href":"https:\/\/portaltela.pt\/api\/wp\/v2\/media?parent=424698"}],"wp:term":[{"taxonomy":"category","embeddable":true,"href":"https:\/\/portaltela.pt\/api\/wp\/v2\/categories?post=424698"},{"taxonomy":"post_tag","embeddable":true,"href":"https:\/\/portaltela.pt\/api\/wp\/v2\/tags?post=424698"}],"curies":[{"name":"wp","href":"https:\/\/api.w.org\/{rel}","templated":true}]}}