{"id":424662,"date":"2026-03-28T05:12:01","date_gmt":"2026-03-28T08:12:01","guid":{"rendered":"https:\/\/portaltela.pt\/noticias\/2026\/03\/28\/advogado-reage-a-detencao-de-ruben-aguiar-ninguem-esta-acima-da-lei\/"},"modified":"2026-03-28T05:12:01","modified_gmt":"2026-03-28T08:12:01","slug":"advogado-reage-a-detencao-de-ruben-aguiar-ninguem-esta-acima-da-lei","status":"publish","type":"post","link":"https:\/\/portaltela.pt\/noticias\/2026\/03\/28\/advogado-reage-a-detencao-de-ruben-aguiar-ninguem-esta-acima-da-lei\/","title":{"rendered":"Advogado reage \u00e0 deten\u00e7\u00e3o de R\u00faben Aguiar: ningu\u00e9m est\u00e1 acima da lei"},"content":{"rendered":"<p>R\u00faben Aguiar, conhecido como R\u00faben, foi encaminhado para o Estabelecimento Prisional do Funchal para cumprir a pena de tentativa de homic\u00eddio, relacionada com um incidente em Alcochete. A entrada na cadeia foi acompanhada pela defesa, que mencionou tratar-se da aplica\u00e7\u00e3o da justi\u00e7a a uma figura p\u00fablica.<\/p>\n<p>O advogado do cantor disse que ningu\u00e9m est\u00e1 acima da lei e que o artista est\u00e1 a colaborar com as autoridades. A defesa garantiu que a entrada ocorreu de forma tranquila e que o artista respeita o processo judicial.<\/p>\n<p>A condena\u00e7\u00e3o de Aguiar j\u00e1 foi confirmada em inst\u00e2ncia superior. Familiares e amigos manifestaram apoio e tranquilidade, esperando que o artista possa retomar a vida normal ap\u00f3s o cumprimento da pena. O caso tem gerado cobertura na imprensa e nas redes sociais.<\/p>\n<p>O texto acima descreve o estado atual do processo, sem emitir ju\u00edzos de valor, e aponta que o objetivo \u00e9 informar de forma clara sobre quem est\u00e1 envolvido, o qu\u00ea aconteceu, onde ocorreu, quando e porqu\u00ea.<\/p>\n","protected":false},"excerpt":{"rendered":"<ul>\n<li>O cantor R\u00faben Aguiar entrou no Estabelecimento Prisional do Funchal para cumprir a pena de tentativa de homic\u00eddio cometida em Alcochete.<\/li>\n<li>O advogado de defesa afirmou que nenhuma figura p\u00fablica est\u00e1 acima da lei e que a entrada na cadeia \u00e9 a consequ\u00eancia do cumprimento da justi\u00e7a, garantindo tratamento igual a todos.<\/li>\n<li>A defesa refere que o artista est\u00e1 a colaborar com as autoridades e que a entrada ocorreu de forma tranquilha.<\/li>\n<li>A condena\u00e7\u00e3o foi confirmada em inst\u00e2ncia superior, com o artista encaminhado para a pena privativa de liberdade.<\/li>\n<li>A entrada na cadeia foi acompanhada por familiares e apoiantes, que se manifestaram satisfeitos com o cumprimento da senten\u00e7a e esperam que a vida retome a normalidade ap\u00f3s a pena.<\/li>\n<\/ul>\n","protected":false},"author":2,"featured_media":424664,"comment_status":"closed","ping_status":"closed","sticky":false,"template":"","format":"standard","meta":{"footnotes":""},"categories":[6815,1],"tags":[6618,147,1120,5661,4343,3667],"class_list":["post-424662","post","type-post","status-publish","format-standard","has-post-thumbnail","hentry","category-justica","category-noticias","tag-advogados","tag-crime","tag-funchal","tag-pessoas-publicas","tag-prisoes","tag-processos"],"yoast_head":"<!-- This site is optimized with the Yoast SEO plugin v27.2 - https:\/\/yoast.com\/product\/yoast-seo-wordpress\/ -->\n<title>Advogado reage \u00e0 deten\u00e7\u00e3o de R\u00faben Aguiar: ningu\u00e9m est\u00e1 acima da lei - Portal Tela Portugal<\/title>\n<meta name=\"robots\" content=\"index, follow, max-snippet:-1, max-image-preview:large, max-video-preview:-1\" \/>\n<meta property=\"og:locale\" content=\"pt_PT\" \/>\n<meta property=\"og:type\" content=\"article\" \/>\n<meta property=\"og:title\" content=\"Advogado reage \u00e0 deten\u00e7\u00e3o de R\u00faben Aguiar: ningu\u00e9m est\u00e1 acima da lei - Portal Tela Portugal\" \/>\n<meta property=\"og:description\" content=\"O cantor R\u00faben Aguiar entrou no Estabelecimento Prisional do Funchal para cumprir a pena de tentativa de homic\u00eddio cometida em Alcochete. O advogado de defesa afirmou que nenhuma figura p\u00fablica est\u00e1 acima da lei e que a entrada na cadeia \u00e9 a consequ\u00eancia do cumprimento da justi\u00e7a, garantindo tratamento igual a todos. A defesa refere que o artista est\u00e1 a colaborar com as autoridades e que a entrada ocorreu de forma tranquilha. A condena\u00e7\u00e3o foi confirmada em inst\u00e2ncia superior, com o artista encaminhado para a pena privativa de liberdade. A entrada na cadeia foi acompanhada por familiares e apoiantes, que se manifestaram satisfeitos com o cumprimento da senten\u00e7a e esperam que a vida retome a normalidade ap\u00f3s a pena.\" \/>\n<meta property=\"og:url\" content=\"https:\/\/portaltela.pt\/noticias\/2026\/03\/28\/advogado-reage-a-detencao-de-ruben-aguiar-ninguem-esta-acima-da-lei\/\" \/>\n<meta property=\"og:site_name\" content=\"Portal Tela Portugal\" \/>\n<meta property=\"article:published_time\" content=\"2026-03-28T08:12:01+00:00\" \/>\n<meta name=\"author\" content=\"Telinha\" \/>\n<meta name=\"twitter:card\" content=\"summary_large_image\" \/>\n<meta name=\"twitter:label1\" content=\"Escrito por\" \/>\n\t<meta name=\"twitter:data1\" content=\"Telinha\" \/>\n\t<meta name=\"twitter:label2\" content=\"Tempo estimado de leitura\" \/>\n\t<meta name=\"twitter:data2\" content=\"1 minuto\" \/>\n<script type=\"application\/ld+json\" class=\"yoast-schema-graph\">{\"@context\":\"https:\/\/schema.org\",\"@graph\":[{\"@type\":\"Article\",\"@id\":\"https:\/\/portaltela.pt\/noticias\/2026\/03\/28\/advogado-reage-a-detencao-de-ruben-aguiar-ninguem-esta-acima-da-lei\/#article\",\"isPartOf\":{\"@id\":\"https:\/\/portaltela.pt\/noticias\/2026\/03\/28\/advogado-reage-a-detencao-de-ruben-aguiar-ninguem-esta-acima-da-lei\/\"},\"author\":{\"name\":\"Telinha\",\"@id\":\"https:\/\/portaltela.pt\/#\/schema\/person\/c4278d4a6028830caff9ee44b42d32ed\"},\"headline\":\"Advogado reage \u00e0 deten\u00e7\u00e3o de R\u00faben Aguiar: ningu\u00e9m est\u00e1 acima da lei\",\"datePublished\":\"2026-03-28T08:12:01+00:00\",\"mainEntityOfPage\":{\"@id\":\"https:\/\/portaltela.pt\/noticias\/2026\/03\/28\/advogado-reage-a-detencao-de-ruben-aguiar-ninguem-esta-acima-da-lei\/\"},\"wordCount\":187,\"image\":{\"@id\":\"https:\/\/portaltela.pt\/noticias\/2026\/03\/28\/advogado-reage-a-detencao-de-ruben-aguiar-ninguem-esta-acima-da-lei\/#primaryimage\"},\"thumbnailUrl\":\"https:\/\/portaltela.pt\/s.01k8rhncp4jt1\/2026\/03\/img_1280x722uu2024-04-10-09-55-13-2166868-im-639023576176512109.jpg\",\"keywords\":[\"Advogados\",\"crime\",\"Funchal\",\"pessoas p\u00fablicas\",\"pris\u00f5es\",\"processos\"],\"articleSection\":[\"Justi\u00e7a\",\"Not\u00edcias\"],\"inLanguage\":\"pt-PT\"},{\"@type\":\"WebPage\",\"@id\":\"https:\/\/portaltela.pt\/noticias\/2026\/03\/28\/advogado-reage-a-detencao-de-ruben-aguiar-ninguem-esta-acima-da-lei\/\",\"url\":\"https:\/\/portaltela.pt\/noticias\/2026\/03\/28\/advogado-reage-a-detencao-de-ruben-aguiar-ninguem-esta-acima-da-lei\/\",\"name\":\"Advogado reage \u00e0 deten\u00e7\u00e3o de R\u00faben Aguiar: ningu\u00e9m est\u00e1 acima da lei - Portal Tela Portugal\",\"isPartOf\":{\"@id\":\"https:\/\/portaltela.pt\/#website\"},\"primaryImageOfPage\":{\"@id\":\"https:\/\/portaltela.pt\/noticias\/2026\/03\/28\/advogado-reage-a-detencao-de-ruben-aguiar-ninguem-esta-acima-da-lei\/#primaryimage\"},\"image\":{\"@id\":\"https:\/\/portaltela.pt\/noticias\/2026\/03\/28\/advogado-reage-a-detencao-de-ruben-aguiar-ninguem-esta-acima-da-lei\/#primaryimage\"},\"thumbnailUrl\":\"https:\/\/portaltela.pt\/s.01k8rhncp4jt1\/2026\/03\/img_1280x722uu2024-04-10-09-55-13-2166868-im-639023576176512109.jpg\",\"datePublished\":\"2026-03-28T08:12:01+00:00\",\"author\":{\"@id\":\"https:\/\/portaltela.pt\/#\/schema\/person\/c4278d4a6028830caff9ee44b42d32ed\"},\"breadcrumb\":{\"@id\":\"https:\/\/portaltela.pt\/noticias\/2026\/03\/28\/advogado-reage-a-detencao-de-ruben-aguiar-ninguem-esta-acima-da-lei\/#breadcrumb\"},\"inLanguage\":\"pt-PT\",\"potentialAction\":[{\"@type\":\"ReadAction\",\"target\":[\"https:\/\/portaltela.pt\/noticias\/2026\/03\/28\/advogado-reage-a-detencao-de-ruben-aguiar-ninguem-esta-acima-da-lei\/\"]}]},{\"@type\":\"ImageObject\",\"inLanguage\":\"pt-PT\",\"@id\":\"https:\/\/portaltela.pt\/noticias\/2026\/03\/28\/advogado-reage-a-detencao-de-ruben-aguiar-ninguem-esta-acima-da-lei\/#primaryimage\",\"url\":\"https:\/\/portaltela.pt\/s.01k8rhncp4jt1\/2026\/03\/img_1280x722uu2024-04-10-09-55-13-2166868-im-639023576176512109.jpg\",\"contentUrl\":\"https:\/\/portaltela.pt\/s.01k8rhncp4jt1\/2026\/03\/img_1280x722uu2024-04-10-09-55-13-2166868-im-639023576176512109.jpg\",\"width\":796,\"height\":448,\"caption\":\"\u201cNenhuma figura p\u00fablica deve estar acima da lei\u201d: advogado de defesa reage \u00e0 entrada de R\u00faben Aguiar na cadeia\"},{\"@type\":\"BreadcrumbList\",\"@id\":\"https:\/\/portaltela.pt\/noticias\/2026\/03\/28\/advogado-reage-a-detencao-de-ruben-aguiar-ninguem-esta-acima-da-lei\/#breadcrumb\",\"itemListElement\":[{\"@type\":\"ListItem\",\"position\":1,\"name\":\"In\u00edcio\",\"item\":\"https:\/\/portaltela.pt\/\"},{\"@type\":\"ListItem\",\"position\":2,\"name\":\"Advogado reage \u00e0 deten\u00e7\u00e3o de R\u00faben Aguiar: ningu\u00e9m est\u00e1 acima da lei\"}]},{\"@type\":\"WebSite\",\"@id\":\"https:\/\/portaltela.pt\/#website\",\"url\":\"https:\/\/portaltela.pt\/\",\"name\":\"Portal Tela Portugal\",\"description\":\"\",\"potentialAction\":[{\"@type\":\"SearchAction\",\"target\":{\"@type\":\"EntryPoint\",\"urlTemplate\":\"https:\/\/portaltela.pt\/?s={search_term_string}\"},\"query-input\":{\"@type\":\"PropertyValueSpecification\",\"valueRequired\":true,\"valueName\":\"search_term_string\"}}],\"inLanguage\":\"pt-PT\"},{\"@type\":\"Person\",\"@id\":\"https:\/\/portaltela.pt\/#\/schema\/person\/c4278d4a6028830caff9ee44b42d32ed\",\"name\":\"Telinha\",\"image\":{\"@type\":\"ImageObject\",\"inLanguage\":\"pt-PT\",\"@id\":\"https:\/\/portaltela.pt\/s.01k8rhncp4jt1\/2025\/11\/talking-bot-125x125.png\",\"url\":\"https:\/\/portaltela.pt\/s.01k8rhncp4jt1\/2025\/11\/talking-bot-125x125.png\",\"contentUrl\":\"https:\/\/portaltela.pt\/s.01k8rhncp4jt1\/2025\/11\/talking-bot-125x125.png\",\"caption\":\"Telinha\"},\"sameAs\":[\"https:\/\/portaltela.pt\/\"],\"url\":\"https:\/\/portaltela.pt\/por\/367410592786\/\"}]}<\/script>\n<!-- \/ Yoast SEO plugin. -->","yoast_head_json":{"title":"Advogado reage \u00e0 deten\u00e7\u00e3o de R\u00faben Aguiar: ningu\u00e9m est\u00e1 acima da lei - Portal Tela Portugal","robots":{"index":"index","follow":"follow","max-snippet":"max-snippet:-1","max-image-preview":"max-image-preview:large","max-video-preview":"max-video-preview:-1"},"og_locale":"pt_PT","og_type":"article","og_title":"Advogado reage \u00e0 deten\u00e7\u00e3o de R\u00faben Aguiar: ningu\u00e9m est\u00e1 acima da lei - Portal Tela Portugal","og_description":"O cantor R\u00faben Aguiar entrou no Estabelecimento Prisional do Funchal para cumprir a pena de tentativa de homic\u00eddio cometida em Alcochete. O advogado de defesa afirmou que nenhuma figura p\u00fablica est\u00e1 acima da lei e que a entrada na cadeia \u00e9 a consequ\u00eancia do cumprimento da justi\u00e7a, garantindo tratamento igual a todos. A defesa refere que o artista est\u00e1 a colaborar com as autoridades e que a entrada ocorreu de forma tranquilha. A condena\u00e7\u00e3o foi confirmada em inst\u00e2ncia superior, com o artista encaminhado para a pena privativa de liberdade. A entrada na cadeia foi acompanhada por familiares e apoiantes, que se manifestaram satisfeitos com o cumprimento da senten\u00e7a e esperam que a vida retome a normalidade ap\u00f3s a pena.","og_url":"https:\/\/portaltela.pt\/noticias\/2026\/03\/28\/advogado-reage-a-detencao-de-ruben-aguiar-ninguem-esta-acima-da-lei\/","og_site_name":"Portal Tela Portugal","article_published_time":"2026-03-28T08:12:01+00:00","author":"Telinha","twitter_card":"summary_large_image","twitter_misc":{"Escrito por":"Telinha","Tempo estimado de leitura":"1 minuto"},"schema":{"@context":"https:\/\/schema.org","@graph":[{"@type":"Article","@id":"https:\/\/portaltela.pt\/noticias\/2026\/03\/28\/advogado-reage-a-detencao-de-ruben-aguiar-ninguem-esta-acima-da-lei\/#article","isPartOf":{"@id":"https:\/\/portaltela.pt\/noticias\/2026\/03\/28\/advogado-reage-a-detencao-de-ruben-aguiar-ninguem-esta-acima-da-lei\/"},"author":{"name":"Telinha","@id":"https:\/\/portaltela.pt\/#\/schema\/person\/c4278d4a6028830caff9ee44b42d32ed"},"headline":"Advogado reage \u00e0 deten\u00e7\u00e3o de R\u00faben Aguiar: ningu\u00e9m est\u00e1 acima da lei","datePublished":"2026-03-28T08:12:01+00:00","mainEntityOfPage":{"@id":"https:\/\/portaltela.pt\/noticias\/2026\/03\/28\/advogado-reage-a-detencao-de-ruben-aguiar-ninguem-esta-acima-da-lei\/"},"wordCount":187,"image":{"@id":"https:\/\/portaltela.pt\/noticias\/2026\/03\/28\/advogado-reage-a-detencao-de-ruben-aguiar-ninguem-esta-acima-da-lei\/#primaryimage"},"thumbnailUrl":"https:\/\/portaltela.pt\/s.01k8rhncp4jt1\/2026\/03\/img_1280x722uu2024-04-10-09-55-13-2166868-im-639023576176512109.jpg","keywords":["Advogados","crime","Funchal","pessoas p\u00fablicas","pris\u00f5es","processos"],"articleSection":["Justi\u00e7a","Not\u00edcias"],"inLanguage":"pt-PT"},{"@type":"WebPage","@id":"https:\/\/portaltela.pt\/noticias\/2026\/03\/28\/advogado-reage-a-detencao-de-ruben-aguiar-ninguem-esta-acima-da-lei\/","url":"https:\/\/portaltela.pt\/noticias\/2026\/03\/28\/advogado-reage-a-detencao-de-ruben-aguiar-ninguem-esta-acima-da-lei\/","name":"Advogado reage \u00e0 deten\u00e7\u00e3o de R\u00faben Aguiar: ningu\u00e9m est\u00e1 acima da lei - Portal Tela Portugal","isPartOf":{"@id":"https:\/\/portaltela.pt\/#website"},"primaryImageOfPage":{"@id":"https:\/\/portaltela.pt\/noticias\/2026\/03\/28\/advogado-reage-a-detencao-de-ruben-aguiar-ninguem-esta-acima-da-lei\/#primaryimage"},"image":{"@id":"https:\/\/portaltela.pt\/noticias\/2026\/03\/28\/advogado-reage-a-detencao-de-ruben-aguiar-ninguem-esta-acima-da-lei\/#primaryimage"},"thumbnailUrl":"https:\/\/portaltela.pt\/s.01k8rhncp4jt1\/2026\/03\/img_1280x722uu2024-04-10-09-55-13-2166868-im-639023576176512109.jpg","datePublished":"2026-03-28T08:12:01+00:00","author":{"@id":"https:\/\/portaltela.pt\/#\/schema\/person\/c4278d4a6028830caff9ee44b42d32ed"},"breadcrumb":{"@id":"https:\/\/portaltela.pt\/noticias\/2026\/03\/28\/advogado-reage-a-detencao-de-ruben-aguiar-ninguem-esta-acima-da-lei\/#breadcrumb"},"inLanguage":"pt-PT","potentialAction":[{"@type":"ReadAction","target":["https:\/\/portaltela.pt\/noticias\/2026\/03\/28\/advogado-reage-a-detencao-de-ruben-aguiar-ninguem-esta-acima-da-lei\/"]}]},{"@type":"ImageObject","inLanguage":"pt-PT","@id":"https:\/\/portaltela.pt\/noticias\/2026\/03\/28\/advogado-reage-a-detencao-de-ruben-aguiar-ninguem-esta-acima-da-lei\/#primaryimage","url":"https:\/\/portaltela.pt\/s.01k8rhncp4jt1\/2026\/03\/img_1280x722uu2024-04-10-09-55-13-2166868-im-639023576176512109.jpg","contentUrl":"https:\/\/portaltela.pt\/s.01k8rhncp4jt1\/2026\/03\/img_1280x722uu2024-04-10-09-55-13-2166868-im-639023576176512109.jpg","width":796,"height":448,"caption":"\u201cNenhuma figura p\u00fablica deve estar acima da lei\u201d: advogado de defesa reage \u00e0 entrada de R\u00faben Aguiar na cadeia"},{"@type":"BreadcrumbList","@id":"https:\/\/portaltela.pt\/noticias\/2026\/03\/28\/advogado-reage-a-detencao-de-ruben-aguiar-ninguem-esta-acima-da-lei\/#breadcrumb","itemListElement":[{"@type":"ListItem","position":1,"name":"In\u00edcio","item":"https:\/\/portaltela.pt\/"},{"@type":"ListItem","position":2,"name":"Advogado reage \u00e0 deten\u00e7\u00e3o de R\u00faben Aguiar: ningu\u00e9m est\u00e1 acima da lei"}]},{"@type":"WebSite","@id":"https:\/\/portaltela.pt\/#website","url":"https:\/\/portaltela.pt\/","name":"Portal Tela Portugal","description":"","potentialAction":[{"@type":"SearchAction","target":{"@type":"EntryPoint","urlTemplate":"https:\/\/portaltela.pt\/?s={search_term_string}"},"query-input":{"@type":"PropertyValueSpecification","valueRequired":true,"valueName":"search_term_string"}}],"inLanguage":"pt-PT"},{"@type":"Person","@id":"https:\/\/portaltela.pt\/#\/schema\/person\/c4278d4a6028830caff9ee44b42d32ed","name":"Telinha","image":{"@type":"ImageObject","inLanguage":"pt-PT","@id":"https:\/\/portaltela.pt\/s.01k8rhncp4jt1\/2025\/11\/talking-bot-125x125.png","url":"https:\/\/portaltela.pt\/s.01k8rhncp4jt1\/2025\/11\/talking-bot-125x125.png","contentUrl":"https:\/\/portaltela.pt\/s.01k8rhncp4jt1\/2025\/11\/talking-bot-125x125.png","caption":"Telinha"},"sameAs":["https:\/\/portaltela.pt\/"],"url":"https:\/\/portaltela.pt\/por\/367410592786\/"}]}},"_links":{"self":[{"href":"https:\/\/portaltela.pt\/api\/wp\/v2\/posts\/424662","targetHints":{"allow":["GET"]}}],"collection":[{"href":"https:\/\/portaltela.pt\/api\/wp\/v2\/posts"}],"about":[{"href":"https:\/\/portaltela.pt\/api\/wp\/v2\/types\/post"}],"author":[{"embeddable":true,"href":"https:\/\/portaltela.pt\/api\/wp\/v2\/users\/2"}],"replies":[{"embeddable":true,"href":"https:\/\/portaltela.pt\/api\/wp\/v2\/comments?post=424662"}],"version-history":[{"count":0,"href":"https:\/\/portaltela.pt\/api\/wp\/v2\/posts\/424662\/revisions"}],"wp:featuredmedia":[{"embeddable":true,"href":"https:\/\/portaltela.pt\/api\/wp\/v2\/media\/424664"}],"wp:attachment":[{"href":"https:\/\/portaltela.pt\/api\/wp\/v2\/media?parent=424662"}],"wp:term":[{"taxonomy":"category","embeddable":true,"href":"https:\/\/portaltela.pt\/api\/wp\/v2\/categories?post=424662"},{"taxonomy":"post_tag","embeddable":true,"href":"https:\/\/portaltela.pt\/api\/wp\/v2\/tags?post=424662"}],"curies":[{"name":"wp","href":"https:\/\/api.w.org\/{rel}","templated":true}]}}