{"id":424645,"date":"2026-03-28T04:06:00","date_gmt":"2026-03-28T07:06:00","guid":{"rendered":"https:\/\/portaltela.pt\/noticias\/2026\/03\/28\/pedidos-de-asilo-pendentes-duplicam-chegando-a-8-800\/"},"modified":"2026-03-28T04:06:00","modified_gmt":"2026-03-28T07:06:00","slug":"pedidos-de-asilo-pendentes-duplicam-chegando-a-8-800","status":"publish","type":"post","link":"https:\/\/portaltela.pt\/sociedade\/2026\/03\/28\/pedidos-de-asilo-pendentes-duplicam-chegando-a-8-800\/","title":{"rendered":"Pedidos de asilo pendentes duplicam, chegando a 8.800"},"content":{"rendered":"<p>As pend\u00eancias de pedidos de asilo em Portugal continuam a crescer, mesmo com a redu\u00e7\u00e3o de novos requerimentos. Atualmente, h\u00e1 8787 pedidos sem decis\u00e3o em an\u00e1lise, segundo dados de 2025.<\/p>\n<p>Aumento atribu\u00eddo a atrasos na transi\u00e7\u00e3o de gest\u00e3o entre o Servi\u00e7o de Estrangeiros e Fronteiras (SEF) e a Ag\u00eancia para as Iniciativas de Migra\u00e7\u00e3o (AIMA). O processo de passagem ainda n\u00e3o est\u00e1 conclu\u00eddo.<\/p>\n<p>No ano passado, Portugal recusou mais de mil pedidos de prote\u00e7\u00e3o internacional, evidenciando um choque entre fluxos de pedidos e a capacidade de tramita\u00e7\u00e3o. Dados oficiais foram divulgados na presente atualiza\u00e7\u00e3o.<\/p>\n<p>A n\u00edvel europeu, o relat\u00f3rio de Eurostat aponta uma descida de 34,6% nas novas solicita\u00e7\u00f5es entre 2024 e 2025. Assim, o volume de novas entradas diminuiu, mas as pend\u00eancias permaneceram elevadas.<\/p>\n<p>A Venezuela foi o principal pa\u00eds requerente na UE em 2025, segundo Eurostat, com a Espanha concentrando o maior n\u00famero de pedidos de prote\u00e7\u00e3o dentro da Uni\u00e3o.<\/p>\n<h3>Causas da demora e recortes de dados<\/h3>\n<p>A entrada em vigor de novos procedimentos e a transi\u00e7\u00e3o institucional s\u00e3o citadas como fatores-chave para as filas de an\u00e1lise, que continuam a ser avaliadas pelas autoridades competentes.<\/p>\n","protected":false},"excerpt":{"rendered":"<ul>\n<li>Os pedidos de asilo pendentes em Portugal atingem 8.787, sem decis\u00e3o, quase 8.8 mil.<\/li>\n<li>Atrasos na transi\u00e7\u00e3o do Servi\u00e7o de Estranhos e Fronteiras (SEF) para a Administra\u00e7\u00e3o de Seguran\u00e7a, Informa\u00e7\u00e3o e Migra\u00e7\u00e3o (AIMA) explicam o aumento das pend\u00eancias nos \u00faltimos dois anos.<\/li>\n<li>No ano passado, Portugal recusou mais de mil pedidos de asilo.<\/li>\n<li>Houve uma descida de 34,6% nas novas solicita\u00e7\u00f5es de prote\u00e7\u00e3o internacional entre 2024 e 2025.<\/li>\n<li>Segundo o Eurostat, em 2025 os venezuelanos foram os principais requerentes de prote\u00e7\u00e3o na Uni\u00e3o Europeia, com a Espanha a concentrar o maior n\u00famero de pedidos.<\/li>\n<\/ul>\n","protected":false},"author":2,"featured_media":424648,"comment_status":"closed","ping_status":"closed","sticky":false,"template":"","format":"standard","meta":{"footnotes":""},"categories":[6871],"tags":[2633,2487,712,6612,1014,3786],"class_list":["post-424645","post","type-post","status-publish","format-standard","has-post-thumbnail","hentry","category-sociedade","tag-direitos-humanos","tag-europa","tag-imigracao","tag-imigracao-internacional","tag-portugal","tag-refugiados-internos"],"yoast_head":"<!-- This site is optimized with the Yoast SEO plugin v27.2 - https:\/\/yoast.com\/product\/yoast-seo-wordpress\/ -->\n<title>Pedidos de asilo pendentes duplicam, chegando a 8.800 - Portal Tela Portugal<\/title>\n<meta name=\"robots\" content=\"index, follow, max-snippet:-1, max-image-preview:large, max-video-preview:-1\" \/>\n<meta property=\"og:locale\" content=\"pt_PT\" \/>\n<meta property=\"og:type\" content=\"article\" \/>\n<meta property=\"og:title\" content=\"Pedidos de asilo pendentes duplicam, chegando a 8.800 - Portal Tela Portugal\" \/>\n<meta property=\"og:description\" content=\"Os pedidos de asilo pendentes em Portugal atingem 8.787, sem decis\u00e3o, quase 8.8 mil. Atrasos na transi\u00e7\u00e3o do Servi\u00e7o de Estranhos e Fronteiras (SEF) para a Administra\u00e7\u00e3o de Seguran\u00e7a, Informa\u00e7\u00e3o e Migra\u00e7\u00e3o (AIMA) explicam o aumento das pend\u00eancias nos \u00faltimos dois anos. No ano passado, Portugal recusou mais de mil pedidos de asilo. Houve uma descida de 34,6% nas novas solicita\u00e7\u00f5es de prote\u00e7\u00e3o internacional entre 2024 e 2025. Segundo o Eurostat, em 2025 os venezuelanos foram os principais requerentes de prote\u00e7\u00e3o na Uni\u00e3o Europeia, com a Espanha a concentrar o maior n\u00famero de pedidos.\" \/>\n<meta property=\"og:url\" content=\"https:\/\/portaltela.pt\/noticias\/2026\/03\/28\/pedidos-de-asilo-pendentes-duplicam-chegando-a-8-800\/\" \/>\n<meta property=\"og:site_name\" content=\"Portal Tela Portugal\" \/>\n<meta property=\"article:published_time\" content=\"2026-03-28T07:06:00+00:00\" \/>\n<meta name=\"author\" content=\"Telinha\" \/>\n<meta name=\"twitter:card\" content=\"summary_large_image\" \/>\n<meta name=\"twitter:label1\" content=\"Escrito por\" \/>\n\t<meta name=\"twitter:data1\" content=\"Telinha\" \/>\n\t<meta name=\"twitter:label2\" content=\"Tempo estimado de leitura\" \/>\n\t<meta name=\"twitter:data2\" content=\"1 minuto\" \/>\n<script type=\"application\/ld+json\" class=\"yoast-schema-graph\">{\"@context\":\"https:\/\/schema.org\",\"@graph\":[{\"@type\":\"Article\",\"@id\":\"https:\/\/portaltela.pt\/noticias\/2026\/03\/28\/pedidos-de-asilo-pendentes-duplicam-chegando-a-8-800\/#article\",\"isPartOf\":{\"@id\":\"https:\/\/portaltela.pt\/noticias\/2026\/03\/28\/pedidos-de-asilo-pendentes-duplicam-chegando-a-8-800\/\"},\"author\":{\"name\":\"Telinha\",\"@id\":\"https:\/\/portaltela.pt\/#\/schema\/person\/c4278d4a6028830caff9ee44b42d32ed\"},\"headline\":\"Pedidos de asilo pendentes duplicam, chegando a 8.800\",\"datePublished\":\"2026-03-28T07:06:00+00:00\",\"mainEntityOfPage\":{\"@id\":\"https:\/\/portaltela.pt\/noticias\/2026\/03\/28\/pedidos-de-asilo-pendentes-duplicam-chegando-a-8-800\/\"},\"wordCount\":214,\"image\":{\"@id\":\"https:\/\/portaltela.pt\/noticias\/2026\/03\/28\/pedidos-de-asilo-pendentes-duplicam-chegando-a-8-800\/#primaryimage\"},\"thumbnailUrl\":\"https:\/\/portaltela.pt\/s.01k8rhncp4jt1\/2026\/03\/2077394.jpg\",\"keywords\":[\"direitos humanos\",\"Europa\",\"imigra\u00e7\u00e3o\",\"imigra\u00e7\u00e3o internacional\",\"Portugal\",\"refugiados internos\"],\"articleSection\":[\"Sociedade\"],\"inLanguage\":\"pt-PT\"},{\"@type\":\"WebPage\",\"@id\":\"https:\/\/portaltela.pt\/noticias\/2026\/03\/28\/pedidos-de-asilo-pendentes-duplicam-chegando-a-8-800\/\",\"url\":\"https:\/\/portaltela.pt\/noticias\/2026\/03\/28\/pedidos-de-asilo-pendentes-duplicam-chegando-a-8-800\/\",\"name\":\"Pedidos de asilo pendentes duplicam, chegando a 8.800 - Portal Tela Portugal\",\"isPartOf\":{\"@id\":\"https:\/\/portaltela.pt\/#website\"},\"primaryImageOfPage\":{\"@id\":\"https:\/\/portaltela.pt\/noticias\/2026\/03\/28\/pedidos-de-asilo-pendentes-duplicam-chegando-a-8-800\/#primaryimage\"},\"image\":{\"@id\":\"https:\/\/portaltela.pt\/noticias\/2026\/03\/28\/pedidos-de-asilo-pendentes-duplicam-chegando-a-8-800\/#primaryimage\"},\"thumbnailUrl\":\"https:\/\/portaltela.pt\/s.01k8rhncp4jt1\/2026\/03\/2077394.jpg\",\"datePublished\":\"2026-03-28T07:06:00+00:00\",\"author\":{\"@id\":\"https:\/\/portaltela.pt\/#\/schema\/person\/c4278d4a6028830caff9ee44b42d32ed\"},\"breadcrumb\":{\"@id\":\"https:\/\/portaltela.pt\/noticias\/2026\/03\/28\/pedidos-de-asilo-pendentes-duplicam-chegando-a-8-800\/#breadcrumb\"},\"inLanguage\":\"pt-PT\",\"potentialAction\":[{\"@type\":\"ReadAction\",\"target\":[\"https:\/\/portaltela.pt\/noticias\/2026\/03\/28\/pedidos-de-asilo-pendentes-duplicam-chegando-a-8-800\/\"]}]},{\"@type\":\"ImageObject\",\"inLanguage\":\"pt-PT\",\"@id\":\"https:\/\/portaltela.pt\/noticias\/2026\/03\/28\/pedidos-de-asilo-pendentes-duplicam-chegando-a-8-800\/#primaryimage\",\"url\":\"https:\/\/portaltela.pt\/s.01k8rhncp4jt1\/2026\/03\/2077394.jpg\",\"contentUrl\":\"https:\/\/portaltela.pt\/s.01k8rhncp4jt1\/2026\/03\/2077394.jpg\",\"width\":796,\"height\":448,\"caption\":\"Em Janeiro, Portugal optou por pagar cerca de 8,44 milh\u00f5es de euros \u00e0 Uni\u00e3o Europeia em vez de acolher 420 refugiados.\"},{\"@type\":\"BreadcrumbList\",\"@id\":\"https:\/\/portaltela.pt\/noticias\/2026\/03\/28\/pedidos-de-asilo-pendentes-duplicam-chegando-a-8-800\/#breadcrumb\",\"itemListElement\":[{\"@type\":\"ListItem\",\"position\":1,\"name\":\"In\u00edcio\",\"item\":\"https:\/\/portaltela.pt\/\"},{\"@type\":\"ListItem\",\"position\":2,\"name\":\"Pedidos de asilo pendentes duplicam, chegando a 8.800\"}]},{\"@type\":\"WebSite\",\"@id\":\"https:\/\/portaltela.pt\/#website\",\"url\":\"https:\/\/portaltela.pt\/\",\"name\":\"Portal Tela Portugal\",\"description\":\"\",\"potentialAction\":[{\"@type\":\"SearchAction\",\"target\":{\"@type\":\"EntryPoint\",\"urlTemplate\":\"https:\/\/portaltela.pt\/?s={search_term_string}\"},\"query-input\":{\"@type\":\"PropertyValueSpecification\",\"valueRequired\":true,\"valueName\":\"search_term_string\"}}],\"inLanguage\":\"pt-PT\"},{\"@type\":\"Person\",\"@id\":\"https:\/\/portaltela.pt\/#\/schema\/person\/c4278d4a6028830caff9ee44b42d32ed\",\"name\":\"Telinha\",\"image\":{\"@type\":\"ImageObject\",\"inLanguage\":\"pt-PT\",\"@id\":\"https:\/\/portaltela.pt\/s.01k8rhncp4jt1\/2025\/11\/talking-bot-125x125.png\",\"url\":\"https:\/\/portaltela.pt\/s.01k8rhncp4jt1\/2025\/11\/talking-bot-125x125.png\",\"contentUrl\":\"https:\/\/portaltela.pt\/s.01k8rhncp4jt1\/2025\/11\/talking-bot-125x125.png\",\"caption\":\"Telinha\"},\"sameAs\":[\"https:\/\/portaltela.pt\/\"],\"url\":\"https:\/\/portaltela.pt\/por\/367410592786\/\"}]}<\/script>\n<!-- \/ Yoast SEO plugin. -->","yoast_head_json":{"title":"Pedidos de asilo pendentes duplicam, chegando a 8.800 - Portal Tela Portugal","robots":{"index":"index","follow":"follow","max-snippet":"max-snippet:-1","max-image-preview":"max-image-preview:large","max-video-preview":"max-video-preview:-1"},"og_locale":"pt_PT","og_type":"article","og_title":"Pedidos de asilo pendentes duplicam, chegando a 8.800 - Portal Tela Portugal","og_description":"Os pedidos de asilo pendentes em Portugal atingem 8.787, sem decis\u00e3o, quase 8.8 mil. Atrasos na transi\u00e7\u00e3o do Servi\u00e7o de Estranhos e Fronteiras (SEF) para a Administra\u00e7\u00e3o de Seguran\u00e7a, Informa\u00e7\u00e3o e Migra\u00e7\u00e3o (AIMA) explicam o aumento das pend\u00eancias nos \u00faltimos dois anos. No ano passado, Portugal recusou mais de mil pedidos de asilo. Houve uma descida de 34,6% nas novas solicita\u00e7\u00f5es de prote\u00e7\u00e3o internacional entre 2024 e 2025. Segundo o Eurostat, em 2025 os venezuelanos foram os principais requerentes de prote\u00e7\u00e3o na Uni\u00e3o Europeia, com a Espanha a concentrar o maior n\u00famero de pedidos.","og_url":"https:\/\/portaltela.pt\/noticias\/2026\/03\/28\/pedidos-de-asilo-pendentes-duplicam-chegando-a-8-800\/","og_site_name":"Portal Tela Portugal","article_published_time":"2026-03-28T07:06:00+00:00","author":"Telinha","twitter_card":"summary_large_image","twitter_misc":{"Escrito por":"Telinha","Tempo estimado de leitura":"1 minuto"},"schema":{"@context":"https:\/\/schema.org","@graph":[{"@type":"Article","@id":"https:\/\/portaltela.pt\/noticias\/2026\/03\/28\/pedidos-de-asilo-pendentes-duplicam-chegando-a-8-800\/#article","isPartOf":{"@id":"https:\/\/portaltela.pt\/noticias\/2026\/03\/28\/pedidos-de-asilo-pendentes-duplicam-chegando-a-8-800\/"},"author":{"name":"Telinha","@id":"https:\/\/portaltela.pt\/#\/schema\/person\/c4278d4a6028830caff9ee44b42d32ed"},"headline":"Pedidos de asilo pendentes duplicam, chegando a 8.800","datePublished":"2026-03-28T07:06:00+00:00","mainEntityOfPage":{"@id":"https:\/\/portaltela.pt\/noticias\/2026\/03\/28\/pedidos-de-asilo-pendentes-duplicam-chegando-a-8-800\/"},"wordCount":214,"image":{"@id":"https:\/\/portaltela.pt\/noticias\/2026\/03\/28\/pedidos-de-asilo-pendentes-duplicam-chegando-a-8-800\/#primaryimage"},"thumbnailUrl":"https:\/\/portaltela.pt\/s.01k8rhncp4jt1\/2026\/03\/2077394.jpg","keywords":["direitos humanos","Europa","imigra\u00e7\u00e3o","imigra\u00e7\u00e3o internacional","Portugal","refugiados internos"],"articleSection":["Sociedade"],"inLanguage":"pt-PT"},{"@type":"WebPage","@id":"https:\/\/portaltela.pt\/noticias\/2026\/03\/28\/pedidos-de-asilo-pendentes-duplicam-chegando-a-8-800\/","url":"https:\/\/portaltela.pt\/noticias\/2026\/03\/28\/pedidos-de-asilo-pendentes-duplicam-chegando-a-8-800\/","name":"Pedidos de asilo pendentes duplicam, chegando a 8.800 - Portal Tela Portugal","isPartOf":{"@id":"https:\/\/portaltela.pt\/#website"},"primaryImageOfPage":{"@id":"https:\/\/portaltela.pt\/noticias\/2026\/03\/28\/pedidos-de-asilo-pendentes-duplicam-chegando-a-8-800\/#primaryimage"},"image":{"@id":"https:\/\/portaltela.pt\/noticias\/2026\/03\/28\/pedidos-de-asilo-pendentes-duplicam-chegando-a-8-800\/#primaryimage"},"thumbnailUrl":"https:\/\/portaltela.pt\/s.01k8rhncp4jt1\/2026\/03\/2077394.jpg","datePublished":"2026-03-28T07:06:00+00:00","author":{"@id":"https:\/\/portaltela.pt\/#\/schema\/person\/c4278d4a6028830caff9ee44b42d32ed"},"breadcrumb":{"@id":"https:\/\/portaltela.pt\/noticias\/2026\/03\/28\/pedidos-de-asilo-pendentes-duplicam-chegando-a-8-800\/#breadcrumb"},"inLanguage":"pt-PT","potentialAction":[{"@type":"ReadAction","target":["https:\/\/portaltela.pt\/noticias\/2026\/03\/28\/pedidos-de-asilo-pendentes-duplicam-chegando-a-8-800\/"]}]},{"@type":"ImageObject","inLanguage":"pt-PT","@id":"https:\/\/portaltela.pt\/noticias\/2026\/03\/28\/pedidos-de-asilo-pendentes-duplicam-chegando-a-8-800\/#primaryimage","url":"https:\/\/portaltela.pt\/s.01k8rhncp4jt1\/2026\/03\/2077394.jpg","contentUrl":"https:\/\/portaltela.pt\/s.01k8rhncp4jt1\/2026\/03\/2077394.jpg","width":796,"height":448,"caption":"Em Janeiro, Portugal optou por pagar cerca de 8,44 milh\u00f5es de euros \u00e0 Uni\u00e3o Europeia em vez de acolher 420 refugiados."},{"@type":"BreadcrumbList","@id":"https:\/\/portaltela.pt\/noticias\/2026\/03\/28\/pedidos-de-asilo-pendentes-duplicam-chegando-a-8-800\/#breadcrumb","itemListElement":[{"@type":"ListItem","position":1,"name":"In\u00edcio","item":"https:\/\/portaltela.pt\/"},{"@type":"ListItem","position":2,"name":"Pedidos de asilo pendentes duplicam, chegando a 8.800"}]},{"@type":"WebSite","@id":"https:\/\/portaltela.pt\/#website","url":"https:\/\/portaltela.pt\/","name":"Portal Tela Portugal","description":"","potentialAction":[{"@type":"SearchAction","target":{"@type":"EntryPoint","urlTemplate":"https:\/\/portaltela.pt\/?s={search_term_string}"},"query-input":{"@type":"PropertyValueSpecification","valueRequired":true,"valueName":"search_term_string"}}],"inLanguage":"pt-PT"},{"@type":"Person","@id":"https:\/\/portaltela.pt\/#\/schema\/person\/c4278d4a6028830caff9ee44b42d32ed","name":"Telinha","image":{"@type":"ImageObject","inLanguage":"pt-PT","@id":"https:\/\/portaltela.pt\/s.01k8rhncp4jt1\/2025\/11\/talking-bot-125x125.png","url":"https:\/\/portaltela.pt\/s.01k8rhncp4jt1\/2025\/11\/talking-bot-125x125.png","contentUrl":"https:\/\/portaltela.pt\/s.01k8rhncp4jt1\/2025\/11\/talking-bot-125x125.png","caption":"Telinha"},"sameAs":["https:\/\/portaltela.pt\/"],"url":"https:\/\/portaltela.pt\/por\/367410592786\/"}]}},"_links":{"self":[{"href":"https:\/\/portaltela.pt\/api\/wp\/v2\/posts\/424645","targetHints":{"allow":["GET"]}}],"collection":[{"href":"https:\/\/portaltela.pt\/api\/wp\/v2\/posts"}],"about":[{"href":"https:\/\/portaltela.pt\/api\/wp\/v2\/types\/post"}],"author":[{"embeddable":true,"href":"https:\/\/portaltela.pt\/api\/wp\/v2\/users\/2"}],"replies":[{"embeddable":true,"href":"https:\/\/portaltela.pt\/api\/wp\/v2\/comments?post=424645"}],"version-history":[{"count":0,"href":"https:\/\/portaltela.pt\/api\/wp\/v2\/posts\/424645\/revisions"}],"wp:featuredmedia":[{"embeddable":true,"href":"https:\/\/portaltela.pt\/api\/wp\/v2\/media\/424648"}],"wp:attachment":[{"href":"https:\/\/portaltela.pt\/api\/wp\/v2\/media?parent=424645"}],"wp:term":[{"taxonomy":"category","embeddable":true,"href":"https:\/\/portaltela.pt\/api\/wp\/v2\/categories?post=424645"},{"taxonomy":"post_tag","embeddable":true,"href":"https:\/\/portaltela.pt\/api\/wp\/v2\/tags?post=424645"}],"curies":[{"name":"wp","href":"https:\/\/api.w.org\/{rel}","templated":true}]}}