{"id":424644,"date":"2026-03-28T04:39:00","date_gmt":"2026-03-28T07:39:00","guid":{"rendered":"https:\/\/portaltela.pt\/noticias\/2026\/03\/28\/genclerbirligi-paga-35-milhoes-de-euros-por-ricardo-velho\/"},"modified":"2026-03-28T04:39:00","modified_gmt":"2026-03-28T07:39:00","slug":"genclerbirligi-paga-35-milhoes-de-euros-por-ricardo-velho","status":"publish","type":"post","link":"https:\/\/portaltela.pt\/desporto\/futebol\/2026\/03\/28\/genclerbirligi-paga-35-milhoes-de-euros-por-ricardo-velho\/","title":{"rendered":"Gen\u00e7lerbirli\u011fi paga 3,5 milh\u00f5es de euros por Ricardo Velho"},"content":{"rendered":"<p>O Gen\u00e7lerbirli\u011fi est\u00e1 a preparar-se para exercer a op\u00e7\u00e3o de compra do guarda-redes Ricardo Velho, emprestado ao clube turco pelo Farense. A soma acordada ascende a 3,5 milh\u00f5es de euros, com apoio de empres\u00e1rios ligados \u00e0 dire\u00e7\u00e3o do Gen\u00e7lerbirli\u011fi.<\/p>\n<p>A imprensa turca aponta o interesse de v\u00e1rios clubes na Europa, alimentado pela chamada de Velho \u00e0 Sele\u00e7\u00e3o Nacional para jogos frente ao M\u00e9xico e aos Estados Unidos. O Gen\u00e7lerbirli\u011fi analisa a possibilidade de obter mais-valias no futuro pr\u00f3ximo.<\/p>\n<p>O Farense det\u00e9m 80 por cento do passe de Velho, cabendo 20 por cento ao Sporting de Braga. A opera\u00e7\u00e3o pode consolidar a posi\u00e7\u00e3o financeira de ambas as partes, dependendo do desfecho da negocia\u00e7\u00e3o.<\/p>\n","protected":false},"excerpt":{"rendered":"<ul>\n<li>O Gen\u00e7lerbirli\u011fi prepara-se para exercer a op\u00e7\u00e3o de compra de Ricardo Velho, emprestado pelo Farense, por 3,5 milh\u00f5es de euros, garantiu o presidente do clube, Arda \u00c7akmak.<\/li>\n<li>A garantia foi dada pelo presidente do Gen\u00e7lerbirli\u011fi, que indicou que o valor ser\u00e1 assegurado com a ajuda de empres\u00e1rios ligados \u00e0 dire\u00e7\u00e3o.<\/li>\n<li>Velho viu a sua cota\u00e7\u00e3o aumentar ap\u00f3s ter sido chamado \u00e0 Sele\u00e7\u00e3o Nacional para os jogos com M\u00e9xico e Estados Unidos, o que aumenta o interesse de clubes europeus.<\/li>\n<li>O Farense det\u00e9m 80 por cento do passe de Velho, cabendo 20 por cento ao Sporting de Braga (Sporting de Braga).<\/li>\n<\/ul>\n","protected":false},"author":2,"featured_media":424649,"comment_status":"closed","ping_status":"closed","sticky":false,"template":"","format":"standard","meta":{"footnotes":""},"categories":[21,24],"tags":[3494,32,1014,2057,3212,2050],"class_list":["post-424644","post","type-post","status-publish","format-standard","has-post-thumbnail","hentry","category-desporto","category-futebol","tag-farense","tag-futebol","tag-portugal","tag-selecao-nacional","tag-selecoes-internacionais","tag-transferencias"],"yoast_head":"<!-- This site is optimized with the Yoast SEO plugin v27.2 - https:\/\/yoast.com\/product\/yoast-seo-wordpress\/ -->\n<title>Gen\u00e7lerbirli\u011fi paga 3,5 milh\u00f5es de euros por Ricardo Velho - Portal Tela Portugal<\/title>\n<meta name=\"robots\" content=\"index, follow, max-snippet:-1, max-image-preview:large, max-video-preview:-1\" \/>\n<meta property=\"og:locale\" content=\"pt_PT\" \/>\n<meta property=\"og:type\" content=\"article\" \/>\n<meta property=\"og:title\" content=\"Gen\u00e7lerbirli\u011fi paga 3,5 milh\u00f5es de euros por Ricardo Velho - Portal Tela Portugal\" \/>\n<meta property=\"og:description\" content=\"O Gen\u00e7lerbirli\u011fi prepara-se para exercer a op\u00e7\u00e3o de compra de Ricardo Velho, emprestado pelo Farense, por 3,5 milh\u00f5es de euros, garantiu o presidente do clube, Arda \u00c7akmak. A garantia foi dada pelo presidente do Gen\u00e7lerbirli\u011fi, que indicou que o valor ser\u00e1 assegurado com a ajuda de empres\u00e1rios ligados \u00e0 dire\u00e7\u00e3o. Velho viu a sua cota\u00e7\u00e3o aumentar ap\u00f3s ter sido chamado \u00e0 Sele\u00e7\u00e3o Nacional para os jogos com M\u00e9xico e Estados Unidos, o que aumenta o interesse de clubes europeus. O Farense det\u00e9m 80 por cento do passe de Velho, cabendo 20 por cento ao Sporting de Braga (Sporting de Braga).\" \/>\n<meta property=\"og:url\" content=\"https:\/\/portaltela.pt\/noticias\/2026\/03\/28\/genclerbirligi-paga-35-milhoes-de-euros-por-ricardo-velho\/\" \/>\n<meta property=\"og:site_name\" content=\"Portal Tela Portugal\" \/>\n<meta property=\"article:published_time\" content=\"2026-03-28T07:39:00+00:00\" \/>\n<meta name=\"author\" content=\"Telinha\" \/>\n<meta name=\"twitter:card\" content=\"summary_large_image\" \/>\n<meta name=\"twitter:label1\" content=\"Escrito por\" \/>\n\t<meta name=\"twitter:data1\" content=\"Telinha\" \/>\n\t<meta name=\"twitter:label2\" content=\"Tempo estimado de leitura\" \/>\n\t<meta name=\"twitter:data2\" content=\"1 minuto\" \/>\n<script type=\"application\/ld+json\" class=\"yoast-schema-graph\">{\"@context\":\"https:\/\/schema.org\",\"@graph\":[{\"@type\":\"Article\",\"@id\":\"https:\/\/portaltela.pt\/noticias\/2026\/03\/28\/genclerbirligi-paga-35-milhoes-de-euros-por-ricardo-velho\/#article\",\"isPartOf\":{\"@id\":\"https:\/\/portaltela.pt\/noticias\/2026\/03\/28\/genclerbirligi-paga-35-milhoes-de-euros-por-ricardo-velho\/\"},\"author\":{\"name\":\"Telinha\",\"@id\":\"https:\/\/portaltela.pt\/#\/schema\/person\/c4278d4a6028830caff9ee44b42d32ed\"},\"headline\":\"Gen\u00e7lerbirli\u011fi paga 3,5 milh\u00f5es de euros por Ricardo Velho\",\"datePublished\":\"2026-03-28T07:39:00+00:00\",\"mainEntityOfPage\":{\"@id\":\"https:\/\/portaltela.pt\/noticias\/2026\/03\/28\/genclerbirligi-paga-35-milhoes-de-euros-por-ricardo-velho\/\"},\"wordCount\":136,\"image\":{\"@id\":\"https:\/\/portaltela.pt\/noticias\/2026\/03\/28\/genclerbirligi-paga-35-milhoes-de-euros-por-ricardo-velho\/#primaryimage\"},\"thumbnailUrl\":\"https:\/\/portaltela.pt\/s.01k8rhncp4jt1\/2026\/03\/img_920x518uu2026-03-27-23-25-06-2429793.jpg\",\"keywords\":[\"Farense\",\"futebol\",\"Portugal\",\"Sele\u00e7\u00e3o Nacional\",\"sele\u00e7\u00f5es internacionais\",\"transfer\u00eancias\"],\"articleSection\":[\"Desporto\",\"Futebol\"],\"inLanguage\":\"pt-PT\"},{\"@type\":\"WebPage\",\"@id\":\"https:\/\/portaltela.pt\/noticias\/2026\/03\/28\/genclerbirligi-paga-35-milhoes-de-euros-por-ricardo-velho\/\",\"url\":\"https:\/\/portaltela.pt\/noticias\/2026\/03\/28\/genclerbirligi-paga-35-milhoes-de-euros-por-ricardo-velho\/\",\"name\":\"Gen\u00e7lerbirli\u011fi paga 3,5 milh\u00f5es de euros por Ricardo Velho - Portal Tela Portugal\",\"isPartOf\":{\"@id\":\"https:\/\/portaltela.pt\/#website\"},\"primaryImageOfPage\":{\"@id\":\"https:\/\/portaltela.pt\/noticias\/2026\/03\/28\/genclerbirligi-paga-35-milhoes-de-euros-por-ricardo-velho\/#primaryimage\"},\"image\":{\"@id\":\"https:\/\/portaltela.pt\/noticias\/2026\/03\/28\/genclerbirligi-paga-35-milhoes-de-euros-por-ricardo-velho\/#primaryimage\"},\"thumbnailUrl\":\"https:\/\/portaltela.pt\/s.01k8rhncp4jt1\/2026\/03\/img_920x518uu2026-03-27-23-25-06-2429793.jpg\",\"datePublished\":\"2026-03-28T07:39:00+00:00\",\"author\":{\"@id\":\"https:\/\/portaltela.pt\/#\/schema\/person\/c4278d4a6028830caff9ee44b42d32ed\"},\"breadcrumb\":{\"@id\":\"https:\/\/portaltela.pt\/noticias\/2026\/03\/28\/genclerbirligi-paga-35-milhoes-de-euros-por-ricardo-velho\/#breadcrumb\"},\"inLanguage\":\"pt-PT\",\"potentialAction\":[{\"@type\":\"ReadAction\",\"target\":[\"https:\/\/portaltela.pt\/noticias\/2026\/03\/28\/genclerbirligi-paga-35-milhoes-de-euros-por-ricardo-velho\/\"]}]},{\"@type\":\"ImageObject\",\"inLanguage\":\"pt-PT\",\"@id\":\"https:\/\/portaltela.pt\/noticias\/2026\/03\/28\/genclerbirligi-paga-35-milhoes-de-euros-por-ricardo-velho\/#primaryimage\",\"url\":\"https:\/\/portaltela.pt\/s.01k8rhncp4jt1\/2026\/03\/img_920x518uu2026-03-27-23-25-06-2429793.jpg\",\"contentUrl\":\"https:\/\/portaltela.pt\/s.01k8rhncp4jt1\/2026\/03\/img_920x518uu2026-03-27-23-25-06-2429793.jpg\",\"width\":796,\"height\":448,\"caption\":\"Ricardo Velho vai rumar \u00e0 Turquia em definitivo\"},{\"@type\":\"BreadcrumbList\",\"@id\":\"https:\/\/portaltela.pt\/noticias\/2026\/03\/28\/genclerbirligi-paga-35-milhoes-de-euros-por-ricardo-velho\/#breadcrumb\",\"itemListElement\":[{\"@type\":\"ListItem\",\"position\":1,\"name\":\"In\u00edcio\",\"item\":\"https:\/\/portaltela.pt\/\"},{\"@type\":\"ListItem\",\"position\":2,\"name\":\"Gen\u00e7lerbirli\u011fi paga 3,5 milh\u00f5es de euros por Ricardo Velho\"}]},{\"@type\":\"WebSite\",\"@id\":\"https:\/\/portaltela.pt\/#website\",\"url\":\"https:\/\/portaltela.pt\/\",\"name\":\"Portal Tela Portugal\",\"description\":\"\",\"potentialAction\":[{\"@type\":\"SearchAction\",\"target\":{\"@type\":\"EntryPoint\",\"urlTemplate\":\"https:\/\/portaltela.pt\/?s={search_term_string}\"},\"query-input\":{\"@type\":\"PropertyValueSpecification\",\"valueRequired\":true,\"valueName\":\"search_term_string\"}}],\"inLanguage\":\"pt-PT\"},{\"@type\":\"Person\",\"@id\":\"https:\/\/portaltela.pt\/#\/schema\/person\/c4278d4a6028830caff9ee44b42d32ed\",\"name\":\"Telinha\",\"image\":{\"@type\":\"ImageObject\",\"inLanguage\":\"pt-PT\",\"@id\":\"https:\/\/portaltela.pt\/s.01k8rhncp4jt1\/2025\/11\/talking-bot-125x125.png\",\"url\":\"https:\/\/portaltela.pt\/s.01k8rhncp4jt1\/2025\/11\/talking-bot-125x125.png\",\"contentUrl\":\"https:\/\/portaltela.pt\/s.01k8rhncp4jt1\/2025\/11\/talking-bot-125x125.png\",\"caption\":\"Telinha\"},\"sameAs\":[\"https:\/\/portaltela.pt\/\"],\"url\":\"https:\/\/portaltela.pt\/por\/367410592786\/\"}]}<\/script>\n<!-- \/ Yoast SEO plugin. -->","yoast_head_json":{"title":"Gen\u00e7lerbirli\u011fi paga 3,5 milh\u00f5es de euros por Ricardo Velho - Portal Tela Portugal","robots":{"index":"index","follow":"follow","max-snippet":"max-snippet:-1","max-image-preview":"max-image-preview:large","max-video-preview":"max-video-preview:-1"},"og_locale":"pt_PT","og_type":"article","og_title":"Gen\u00e7lerbirli\u011fi paga 3,5 milh\u00f5es de euros por Ricardo Velho - Portal Tela Portugal","og_description":"O Gen\u00e7lerbirli\u011fi prepara-se para exercer a op\u00e7\u00e3o de compra de Ricardo Velho, emprestado pelo Farense, por 3,5 milh\u00f5es de euros, garantiu o presidente do clube, Arda \u00c7akmak. A garantia foi dada pelo presidente do Gen\u00e7lerbirli\u011fi, que indicou que o valor ser\u00e1 assegurado com a ajuda de empres\u00e1rios ligados \u00e0 dire\u00e7\u00e3o. Velho viu a sua cota\u00e7\u00e3o aumentar ap\u00f3s ter sido chamado \u00e0 Sele\u00e7\u00e3o Nacional para os jogos com M\u00e9xico e Estados Unidos, o que aumenta o interesse de clubes europeus. O Farense det\u00e9m 80 por cento do passe de Velho, cabendo 20 por cento ao Sporting de Braga (Sporting de Braga).","og_url":"https:\/\/portaltela.pt\/noticias\/2026\/03\/28\/genclerbirligi-paga-35-milhoes-de-euros-por-ricardo-velho\/","og_site_name":"Portal Tela Portugal","article_published_time":"2026-03-28T07:39:00+00:00","author":"Telinha","twitter_card":"summary_large_image","twitter_misc":{"Escrito por":"Telinha","Tempo estimado de leitura":"1 minuto"},"schema":{"@context":"https:\/\/schema.org","@graph":[{"@type":"Article","@id":"https:\/\/portaltela.pt\/noticias\/2026\/03\/28\/genclerbirligi-paga-35-milhoes-de-euros-por-ricardo-velho\/#article","isPartOf":{"@id":"https:\/\/portaltela.pt\/noticias\/2026\/03\/28\/genclerbirligi-paga-35-milhoes-de-euros-por-ricardo-velho\/"},"author":{"name":"Telinha","@id":"https:\/\/portaltela.pt\/#\/schema\/person\/c4278d4a6028830caff9ee44b42d32ed"},"headline":"Gen\u00e7lerbirli\u011fi paga 3,5 milh\u00f5es de euros por Ricardo Velho","datePublished":"2026-03-28T07:39:00+00:00","mainEntityOfPage":{"@id":"https:\/\/portaltela.pt\/noticias\/2026\/03\/28\/genclerbirligi-paga-35-milhoes-de-euros-por-ricardo-velho\/"},"wordCount":136,"image":{"@id":"https:\/\/portaltela.pt\/noticias\/2026\/03\/28\/genclerbirligi-paga-35-milhoes-de-euros-por-ricardo-velho\/#primaryimage"},"thumbnailUrl":"https:\/\/portaltela.pt\/s.01k8rhncp4jt1\/2026\/03\/img_920x518uu2026-03-27-23-25-06-2429793.jpg","keywords":["Farense","futebol","Portugal","Sele\u00e7\u00e3o Nacional","sele\u00e7\u00f5es internacionais","transfer\u00eancias"],"articleSection":["Desporto","Futebol"],"inLanguage":"pt-PT"},{"@type":"WebPage","@id":"https:\/\/portaltela.pt\/noticias\/2026\/03\/28\/genclerbirligi-paga-35-milhoes-de-euros-por-ricardo-velho\/","url":"https:\/\/portaltela.pt\/noticias\/2026\/03\/28\/genclerbirligi-paga-35-milhoes-de-euros-por-ricardo-velho\/","name":"Gen\u00e7lerbirli\u011fi paga 3,5 milh\u00f5es de euros por Ricardo Velho - Portal Tela Portugal","isPartOf":{"@id":"https:\/\/portaltela.pt\/#website"},"primaryImageOfPage":{"@id":"https:\/\/portaltela.pt\/noticias\/2026\/03\/28\/genclerbirligi-paga-35-milhoes-de-euros-por-ricardo-velho\/#primaryimage"},"image":{"@id":"https:\/\/portaltela.pt\/noticias\/2026\/03\/28\/genclerbirligi-paga-35-milhoes-de-euros-por-ricardo-velho\/#primaryimage"},"thumbnailUrl":"https:\/\/portaltela.pt\/s.01k8rhncp4jt1\/2026\/03\/img_920x518uu2026-03-27-23-25-06-2429793.jpg","datePublished":"2026-03-28T07:39:00+00:00","author":{"@id":"https:\/\/portaltela.pt\/#\/schema\/person\/c4278d4a6028830caff9ee44b42d32ed"},"breadcrumb":{"@id":"https:\/\/portaltela.pt\/noticias\/2026\/03\/28\/genclerbirligi-paga-35-milhoes-de-euros-por-ricardo-velho\/#breadcrumb"},"inLanguage":"pt-PT","potentialAction":[{"@type":"ReadAction","target":["https:\/\/portaltela.pt\/noticias\/2026\/03\/28\/genclerbirligi-paga-35-milhoes-de-euros-por-ricardo-velho\/"]}]},{"@type":"ImageObject","inLanguage":"pt-PT","@id":"https:\/\/portaltela.pt\/noticias\/2026\/03\/28\/genclerbirligi-paga-35-milhoes-de-euros-por-ricardo-velho\/#primaryimage","url":"https:\/\/portaltela.pt\/s.01k8rhncp4jt1\/2026\/03\/img_920x518uu2026-03-27-23-25-06-2429793.jpg","contentUrl":"https:\/\/portaltela.pt\/s.01k8rhncp4jt1\/2026\/03\/img_920x518uu2026-03-27-23-25-06-2429793.jpg","width":796,"height":448,"caption":"Ricardo Velho vai rumar \u00e0 Turquia em definitivo"},{"@type":"BreadcrumbList","@id":"https:\/\/portaltela.pt\/noticias\/2026\/03\/28\/genclerbirligi-paga-35-milhoes-de-euros-por-ricardo-velho\/#breadcrumb","itemListElement":[{"@type":"ListItem","position":1,"name":"In\u00edcio","item":"https:\/\/portaltela.pt\/"},{"@type":"ListItem","position":2,"name":"Gen\u00e7lerbirli\u011fi paga 3,5 milh\u00f5es de euros por Ricardo Velho"}]},{"@type":"WebSite","@id":"https:\/\/portaltela.pt\/#website","url":"https:\/\/portaltela.pt\/","name":"Portal Tela Portugal","description":"","potentialAction":[{"@type":"SearchAction","target":{"@type":"EntryPoint","urlTemplate":"https:\/\/portaltela.pt\/?s={search_term_string}"},"query-input":{"@type":"PropertyValueSpecification","valueRequired":true,"valueName":"search_term_string"}}],"inLanguage":"pt-PT"},{"@type":"Person","@id":"https:\/\/portaltela.pt\/#\/schema\/person\/c4278d4a6028830caff9ee44b42d32ed","name":"Telinha","image":{"@type":"ImageObject","inLanguage":"pt-PT","@id":"https:\/\/portaltela.pt\/s.01k8rhncp4jt1\/2025\/11\/talking-bot-125x125.png","url":"https:\/\/portaltela.pt\/s.01k8rhncp4jt1\/2025\/11\/talking-bot-125x125.png","contentUrl":"https:\/\/portaltela.pt\/s.01k8rhncp4jt1\/2025\/11\/talking-bot-125x125.png","caption":"Telinha"},"sameAs":["https:\/\/portaltela.pt\/"],"url":"https:\/\/portaltela.pt\/por\/367410592786\/"}]}},"_links":{"self":[{"href":"https:\/\/portaltela.pt\/api\/wp\/v2\/posts\/424644","targetHints":{"allow":["GET"]}}],"collection":[{"href":"https:\/\/portaltela.pt\/api\/wp\/v2\/posts"}],"about":[{"href":"https:\/\/portaltela.pt\/api\/wp\/v2\/types\/post"}],"author":[{"embeddable":true,"href":"https:\/\/portaltela.pt\/api\/wp\/v2\/users\/2"}],"replies":[{"embeddable":true,"href":"https:\/\/portaltela.pt\/api\/wp\/v2\/comments?post=424644"}],"version-history":[{"count":0,"href":"https:\/\/portaltela.pt\/api\/wp\/v2\/posts\/424644\/revisions"}],"wp:featuredmedia":[{"embeddable":true,"href":"https:\/\/portaltela.pt\/api\/wp\/v2\/media\/424649"}],"wp:attachment":[{"href":"https:\/\/portaltela.pt\/api\/wp\/v2\/media?parent=424644"}],"wp:term":[{"taxonomy":"category","embeddable":true,"href":"https:\/\/portaltela.pt\/api\/wp\/v2\/categories?post=424644"},{"taxonomy":"post_tag","embeddable":true,"href":"https:\/\/portaltela.pt\/api\/wp\/v2\/tags?post=424644"}],"curies":[{"name":"wp","href":"https:\/\/api.w.org\/{rel}","templated":true}]}}