{"id":424637,"date":"2026-03-28T04:18:32","date_gmt":"2026-03-28T07:18:32","guid":{"rendered":"https:\/\/portaltela.pt\/noticias\/2026\/03\/28\/relogios-adiantam-uma-hora-na-proxima-madrugada\/"},"modified":"2026-03-28T04:18:32","modified_gmt":"2026-03-28T07:18:32","slug":"relogios-adiantam-uma-hora-na-proxima-madrugada","status":"publish","type":"post","link":"https:\/\/portaltela.pt\/tempo\/2026\/03\/28\/relogios-adiantam-uma-hora-na-proxima-madrugada\/","title":{"rendered":"Rel\u00f3gios adiantam uma hora na pr\u00f3xima madrugada"},"content":{"rendered":"<p>O hor\u00e1rio de ver\u00e3o entra em vigor neste domingo. Os rel\u00f3gios adiantam uma hora \u00e0s 01h00, passando para 02h00 em Portugal continental e na Regi\u00e3o Aut\u00f3noma da Madeira.<\/p>\n<p>Na Regi\u00e3o Aut\u00f3noma dos A\u00e7ores, a mudan\u00e7a ocorre \u00e0s 00h00, passando para 01h00. A hora legal mant\u00e9m-se alinhada com o fuso hor\u00e1rio regional ap\u00f3s o adiantamento.<\/p>\n<p>A altera\u00e7\u00e3o ocorre devido \u00e0 diretiva comunit\u00e1ria de 2000, que regula o in\u00edcio e o fim da hora de ver\u00e3o. O regresso ao regime padr\u00e3o est\u00e1 previsto para 25 de outubro.<\/p>\n<h3>Detalhes por regi\u00e3o<\/h3>\n<ul>\n<li>Portugal continental e Madeira: 01h00 para 02h00 no domingo.<\/li>\n<li>A\u00e7ores: 00h00 para 01h00 no domingo.<\/li>\n<li>Regime seguinte: inverno, a partir de 25 de outubro.<\/li>\n<\/ul>\n","protected":false},"excerpt":{"rendered":"<ul>\n<li>Em Portugal continental e na Madeira, os rel\u00f3gios adiantam uma hora \u00e0s 01h de domingo, passando a 02h.<\/li>\n<li>Nos A\u00e7ores, a mudan\u00e7a ocorre \u00e0s 00h, passando para 01h.<\/li>\n<li>A hora legal volta a mudar no dia 25 de outubro, entrando no regime de inverno.<\/li>\n<li>A altera\u00e7\u00e3o est\u00e1 prevista pela diretiva de 2000, que regula a mudan\u00e7a de hora no \u00faltimo domingo de mar\u00e7o e no \u00faltimo domingo de outubro.<\/li>\n<\/ul>\n","protected":false},"author":2,"featured_media":424639,"comment_status":"closed","ping_status":"closed","sticky":false,"template":"","format":"standard","meta":{"footnotes":""},"categories":[7365],"tags":[822,3901,859,1014],"class_list":["post-424637","post","type-post","status-publish","format-standard","has-post-thumbnail","hentry","category-tempo","tag-acores","tag-horarios","tag-madeira","tag-portugal"],"yoast_head":"<!-- This site is optimized with the Yoast SEO plugin v27.2 - https:\/\/yoast.com\/product\/yoast-seo-wordpress\/ -->\n<title>Rel\u00f3gios adiantam uma hora na pr\u00f3xima madrugada - Portal Tela Portugal<\/title>\n<meta name=\"robots\" content=\"index, follow, max-snippet:-1, max-image-preview:large, max-video-preview:-1\" \/>\n<meta property=\"og:locale\" content=\"pt_PT\" \/>\n<meta property=\"og:type\" content=\"article\" \/>\n<meta property=\"og:title\" content=\"Rel\u00f3gios adiantam uma hora na pr\u00f3xima madrugada - Portal Tela Portugal\" \/>\n<meta property=\"og:description\" content=\"Em Portugal continental e na Madeira, os rel\u00f3gios adiantam uma hora \u00e0s 01h de domingo, passando a 02h. Nos A\u00e7ores, a mudan\u00e7a ocorre \u00e0s 00h, passando para 01h. A hora legal volta a mudar no dia 25 de outubro, entrando no regime de inverno. A altera\u00e7\u00e3o est\u00e1 prevista pela diretiva de 2000, que regula a mudan\u00e7a de hora no \u00faltimo domingo de mar\u00e7o e no \u00faltimo domingo de outubro.\" \/>\n<meta property=\"og:url\" content=\"https:\/\/portaltela.pt\/noticias\/2026\/03\/28\/relogios-adiantam-uma-hora-na-proxima-madrugada\/\" \/>\n<meta property=\"og:site_name\" content=\"Portal Tela Portugal\" \/>\n<meta property=\"article:published_time\" content=\"2026-03-28T07:18:32+00:00\" \/>\n<meta name=\"author\" content=\"Telinha\" \/>\n<meta name=\"twitter:card\" content=\"summary_large_image\" \/>\n<meta name=\"twitter:label1\" content=\"Escrito por\" \/>\n\t<meta name=\"twitter:data1\" content=\"Telinha\" \/>\n\t<meta name=\"twitter:label2\" content=\"Tempo estimado de leitura\" \/>\n\t<meta name=\"twitter:data2\" content=\"1 minuto\" \/>\n<script type=\"application\/ld+json\" class=\"yoast-schema-graph\">{\"@context\":\"https:\/\/schema.org\",\"@graph\":[{\"@type\":\"Article\",\"@id\":\"https:\/\/portaltela.pt\/noticias\/2026\/03\/28\/relogios-adiantam-uma-hora-na-proxima-madrugada\/#article\",\"isPartOf\":{\"@id\":\"https:\/\/portaltela.pt\/noticias\/2026\/03\/28\/relogios-adiantam-uma-hora-na-proxima-madrugada\/\"},\"author\":{\"name\":\"Telinha\",\"@id\":\"https:\/\/portaltela.pt\/#\/schema\/person\/c4278d4a6028830caff9ee44b42d32ed\"},\"headline\":\"Rel\u00f3gios adiantam uma hora na pr\u00f3xima madrugada\",\"datePublished\":\"2026-03-28T07:18:32+00:00\",\"mainEntityOfPage\":{\"@id\":\"https:\/\/portaltela.pt\/noticias\/2026\/03\/28\/relogios-adiantam-uma-hora-na-proxima-madrugada\/\"},\"wordCount\":136,\"image\":{\"@id\":\"https:\/\/portaltela.pt\/noticias\/2026\/03\/28\/relogios-adiantam-uma-hora-na-proxima-madrugada\/#primaryimage\"},\"thumbnailUrl\":\"https:\/\/portaltela.pt\/s.01k8rhncp4jt1\/2026\/03\/img_1500x1000uu2017-07-08-19-25-00-646528.jpg\",\"keywords\":[\"A\u00e7ores\",\"hor\u00e1rios\",\"Madeira\",\"Portugal\"],\"articleSection\":[\"Tempo\"],\"inLanguage\":\"pt-PT\"},{\"@type\":\"WebPage\",\"@id\":\"https:\/\/portaltela.pt\/noticias\/2026\/03\/28\/relogios-adiantam-uma-hora-na-proxima-madrugada\/\",\"url\":\"https:\/\/portaltela.pt\/noticias\/2026\/03\/28\/relogios-adiantam-uma-hora-na-proxima-madrugada\/\",\"name\":\"Rel\u00f3gios adiantam uma hora na pr\u00f3xima madrugada - Portal Tela Portugal\",\"isPartOf\":{\"@id\":\"https:\/\/portaltela.pt\/#website\"},\"primaryImageOfPage\":{\"@id\":\"https:\/\/portaltela.pt\/noticias\/2026\/03\/28\/relogios-adiantam-uma-hora-na-proxima-madrugada\/#primaryimage\"},\"image\":{\"@id\":\"https:\/\/portaltela.pt\/noticias\/2026\/03\/28\/relogios-adiantam-uma-hora-na-proxima-madrugada\/#primaryimage\"},\"thumbnailUrl\":\"https:\/\/portaltela.pt\/s.01k8rhncp4jt1\/2026\/03\/img_1500x1000uu2017-07-08-19-25-00-646528.jpg\",\"datePublished\":\"2026-03-28T07:18:32+00:00\",\"author\":{\"@id\":\"https:\/\/portaltela.pt\/#\/schema\/person\/c4278d4a6028830caff9ee44b42d32ed\"},\"breadcrumb\":{\"@id\":\"https:\/\/portaltela.pt\/noticias\/2026\/03\/28\/relogios-adiantam-uma-hora-na-proxima-madrugada\/#breadcrumb\"},\"inLanguage\":\"pt-PT\",\"potentialAction\":[{\"@type\":\"ReadAction\",\"target\":[\"https:\/\/portaltela.pt\/noticias\/2026\/03\/28\/relogios-adiantam-uma-hora-na-proxima-madrugada\/\"]}]},{\"@type\":\"ImageObject\",\"inLanguage\":\"pt-PT\",\"@id\":\"https:\/\/portaltela.pt\/noticias\/2026\/03\/28\/relogios-adiantam-uma-hora-na-proxima-madrugada\/#primaryimage\",\"url\":\"https:\/\/portaltela.pt\/s.01k8rhncp4jt1\/2026\/03\/img_1500x1000uu2017-07-08-19-25-00-646528.jpg\",\"contentUrl\":\"https:\/\/portaltela.pt\/s.01k8rhncp4jt1\/2026\/03\/img_1500x1000uu2017-07-08-19-25-00-646528.jpg\",\"width\":796,\"height\":448,\"caption\":\"Despertador\"},{\"@type\":\"BreadcrumbList\",\"@id\":\"https:\/\/portaltela.pt\/noticias\/2026\/03\/28\/relogios-adiantam-uma-hora-na-proxima-madrugada\/#breadcrumb\",\"itemListElement\":[{\"@type\":\"ListItem\",\"position\":1,\"name\":\"In\u00edcio\",\"item\":\"https:\/\/portaltela.pt\/\"},{\"@type\":\"ListItem\",\"position\":2,\"name\":\"Rel\u00f3gios adiantam uma hora na pr\u00f3xima madrugada\"}]},{\"@type\":\"WebSite\",\"@id\":\"https:\/\/portaltela.pt\/#website\",\"url\":\"https:\/\/portaltela.pt\/\",\"name\":\"Portal Tela Portugal\",\"description\":\"\",\"potentialAction\":[{\"@type\":\"SearchAction\",\"target\":{\"@type\":\"EntryPoint\",\"urlTemplate\":\"https:\/\/portaltela.pt\/?s={search_term_string}\"},\"query-input\":{\"@type\":\"PropertyValueSpecification\",\"valueRequired\":true,\"valueName\":\"search_term_string\"}}],\"inLanguage\":\"pt-PT\"},{\"@type\":\"Person\",\"@id\":\"https:\/\/portaltela.pt\/#\/schema\/person\/c4278d4a6028830caff9ee44b42d32ed\",\"name\":\"Telinha\",\"image\":{\"@type\":\"ImageObject\",\"inLanguage\":\"pt-PT\",\"@id\":\"https:\/\/portaltela.pt\/s.01k8rhncp4jt1\/2025\/11\/talking-bot-125x125.png\",\"url\":\"https:\/\/portaltela.pt\/s.01k8rhncp4jt1\/2025\/11\/talking-bot-125x125.png\",\"contentUrl\":\"https:\/\/portaltela.pt\/s.01k8rhncp4jt1\/2025\/11\/talking-bot-125x125.png\",\"caption\":\"Telinha\"},\"sameAs\":[\"https:\/\/portaltela.pt\/\"],\"url\":\"https:\/\/portaltela.pt\/por\/367410592786\/\"}]}<\/script>\n<!-- \/ Yoast SEO plugin. -->","yoast_head_json":{"title":"Rel\u00f3gios adiantam uma hora na pr\u00f3xima madrugada - Portal Tela Portugal","robots":{"index":"index","follow":"follow","max-snippet":"max-snippet:-1","max-image-preview":"max-image-preview:large","max-video-preview":"max-video-preview:-1"},"og_locale":"pt_PT","og_type":"article","og_title":"Rel\u00f3gios adiantam uma hora na pr\u00f3xima madrugada - Portal Tela Portugal","og_description":"Em Portugal continental e na Madeira, os rel\u00f3gios adiantam uma hora \u00e0s 01h de domingo, passando a 02h. Nos A\u00e7ores, a mudan\u00e7a ocorre \u00e0s 00h, passando para 01h. A hora legal volta a mudar no dia 25 de outubro, entrando no regime de inverno. A altera\u00e7\u00e3o est\u00e1 prevista pela diretiva de 2000, que regula a mudan\u00e7a de hora no \u00faltimo domingo de mar\u00e7o e no \u00faltimo domingo de outubro.","og_url":"https:\/\/portaltela.pt\/noticias\/2026\/03\/28\/relogios-adiantam-uma-hora-na-proxima-madrugada\/","og_site_name":"Portal Tela Portugal","article_published_time":"2026-03-28T07:18:32+00:00","author":"Telinha","twitter_card":"summary_large_image","twitter_misc":{"Escrito por":"Telinha","Tempo estimado de leitura":"1 minuto"},"schema":{"@context":"https:\/\/schema.org","@graph":[{"@type":"Article","@id":"https:\/\/portaltela.pt\/noticias\/2026\/03\/28\/relogios-adiantam-uma-hora-na-proxima-madrugada\/#article","isPartOf":{"@id":"https:\/\/portaltela.pt\/noticias\/2026\/03\/28\/relogios-adiantam-uma-hora-na-proxima-madrugada\/"},"author":{"name":"Telinha","@id":"https:\/\/portaltela.pt\/#\/schema\/person\/c4278d4a6028830caff9ee44b42d32ed"},"headline":"Rel\u00f3gios adiantam uma hora na pr\u00f3xima madrugada","datePublished":"2026-03-28T07:18:32+00:00","mainEntityOfPage":{"@id":"https:\/\/portaltela.pt\/noticias\/2026\/03\/28\/relogios-adiantam-uma-hora-na-proxima-madrugada\/"},"wordCount":136,"image":{"@id":"https:\/\/portaltela.pt\/noticias\/2026\/03\/28\/relogios-adiantam-uma-hora-na-proxima-madrugada\/#primaryimage"},"thumbnailUrl":"https:\/\/portaltela.pt\/s.01k8rhncp4jt1\/2026\/03\/img_1500x1000uu2017-07-08-19-25-00-646528.jpg","keywords":["A\u00e7ores","hor\u00e1rios","Madeira","Portugal"],"articleSection":["Tempo"],"inLanguage":"pt-PT"},{"@type":"WebPage","@id":"https:\/\/portaltela.pt\/noticias\/2026\/03\/28\/relogios-adiantam-uma-hora-na-proxima-madrugada\/","url":"https:\/\/portaltela.pt\/noticias\/2026\/03\/28\/relogios-adiantam-uma-hora-na-proxima-madrugada\/","name":"Rel\u00f3gios adiantam uma hora na pr\u00f3xima madrugada - Portal Tela Portugal","isPartOf":{"@id":"https:\/\/portaltela.pt\/#website"},"primaryImageOfPage":{"@id":"https:\/\/portaltela.pt\/noticias\/2026\/03\/28\/relogios-adiantam-uma-hora-na-proxima-madrugada\/#primaryimage"},"image":{"@id":"https:\/\/portaltela.pt\/noticias\/2026\/03\/28\/relogios-adiantam-uma-hora-na-proxima-madrugada\/#primaryimage"},"thumbnailUrl":"https:\/\/portaltela.pt\/s.01k8rhncp4jt1\/2026\/03\/img_1500x1000uu2017-07-08-19-25-00-646528.jpg","datePublished":"2026-03-28T07:18:32+00:00","author":{"@id":"https:\/\/portaltela.pt\/#\/schema\/person\/c4278d4a6028830caff9ee44b42d32ed"},"breadcrumb":{"@id":"https:\/\/portaltela.pt\/noticias\/2026\/03\/28\/relogios-adiantam-uma-hora-na-proxima-madrugada\/#breadcrumb"},"inLanguage":"pt-PT","potentialAction":[{"@type":"ReadAction","target":["https:\/\/portaltela.pt\/noticias\/2026\/03\/28\/relogios-adiantam-uma-hora-na-proxima-madrugada\/"]}]},{"@type":"ImageObject","inLanguage":"pt-PT","@id":"https:\/\/portaltela.pt\/noticias\/2026\/03\/28\/relogios-adiantam-uma-hora-na-proxima-madrugada\/#primaryimage","url":"https:\/\/portaltela.pt\/s.01k8rhncp4jt1\/2026\/03\/img_1500x1000uu2017-07-08-19-25-00-646528.jpg","contentUrl":"https:\/\/portaltela.pt\/s.01k8rhncp4jt1\/2026\/03\/img_1500x1000uu2017-07-08-19-25-00-646528.jpg","width":796,"height":448,"caption":"Despertador"},{"@type":"BreadcrumbList","@id":"https:\/\/portaltela.pt\/noticias\/2026\/03\/28\/relogios-adiantam-uma-hora-na-proxima-madrugada\/#breadcrumb","itemListElement":[{"@type":"ListItem","position":1,"name":"In\u00edcio","item":"https:\/\/portaltela.pt\/"},{"@type":"ListItem","position":2,"name":"Rel\u00f3gios adiantam uma hora na pr\u00f3xima madrugada"}]},{"@type":"WebSite","@id":"https:\/\/portaltela.pt\/#website","url":"https:\/\/portaltela.pt\/","name":"Portal Tela Portugal","description":"","potentialAction":[{"@type":"SearchAction","target":{"@type":"EntryPoint","urlTemplate":"https:\/\/portaltela.pt\/?s={search_term_string}"},"query-input":{"@type":"PropertyValueSpecification","valueRequired":true,"valueName":"search_term_string"}}],"inLanguage":"pt-PT"},{"@type":"Person","@id":"https:\/\/portaltela.pt\/#\/schema\/person\/c4278d4a6028830caff9ee44b42d32ed","name":"Telinha","image":{"@type":"ImageObject","inLanguage":"pt-PT","@id":"https:\/\/portaltela.pt\/s.01k8rhncp4jt1\/2025\/11\/talking-bot-125x125.png","url":"https:\/\/portaltela.pt\/s.01k8rhncp4jt1\/2025\/11\/talking-bot-125x125.png","contentUrl":"https:\/\/portaltela.pt\/s.01k8rhncp4jt1\/2025\/11\/talking-bot-125x125.png","caption":"Telinha"},"sameAs":["https:\/\/portaltela.pt\/"],"url":"https:\/\/portaltela.pt\/por\/367410592786\/"}]}},"_links":{"self":[{"href":"https:\/\/portaltela.pt\/api\/wp\/v2\/posts\/424637","targetHints":{"allow":["GET"]}}],"collection":[{"href":"https:\/\/portaltela.pt\/api\/wp\/v2\/posts"}],"about":[{"href":"https:\/\/portaltela.pt\/api\/wp\/v2\/types\/post"}],"author":[{"embeddable":true,"href":"https:\/\/portaltela.pt\/api\/wp\/v2\/users\/2"}],"replies":[{"embeddable":true,"href":"https:\/\/portaltela.pt\/api\/wp\/v2\/comments?post=424637"}],"version-history":[{"count":0,"href":"https:\/\/portaltela.pt\/api\/wp\/v2\/posts\/424637\/revisions"}],"wp:featuredmedia":[{"embeddable":true,"href":"https:\/\/portaltela.pt\/api\/wp\/v2\/media\/424639"}],"wp:attachment":[{"href":"https:\/\/portaltela.pt\/api\/wp\/v2\/media?parent=424637"}],"wp:term":[{"taxonomy":"category","embeddable":true,"href":"https:\/\/portaltela.pt\/api\/wp\/v2\/categories?post=424637"},{"taxonomy":"post_tag","embeddable":true,"href":"https:\/\/portaltela.pt\/api\/wp\/v2\/tags?post=424637"}],"curies":[{"name":"wp","href":"https:\/\/api.w.org\/{rel}","templated":true}]}}