{"id":424632,"date":"2026-03-28T04:17:19","date_gmt":"2026-03-28T07:17:19","guid":{"rendered":"https:\/\/portaltela.pt\/noticias\/2026\/03\/28\/por-que-os-idosos-enfrentam-maiores-riscos-com-covid-19-ou-gripe\/"},"modified":"2026-03-28T04:17:19","modified_gmt":"2026-03-28T07:17:19","slug":"por-que-os-idosos-enfrentam-maiores-riscos-com-covid-19-ou-gripe","status":"publish","type":"post","link":"https:\/\/portaltela.pt\/noticias\/2026\/03\/28\/por-que-os-idosos-enfrentam-maiores-riscos-com-covid-19-ou-gripe\/","title":{"rendered":"Por que os idosos enfrentam maiores riscos com COVID-19 ou gripe"},"content":{"rendered":"<p>A nova investiga\u00e7\u00e3o, conduzida por cientistas da Universidade da Calif\u00f3rnia, em S\u00e3o Francisco, sugere que o envelhecimento do tecido pulmonar explica, em parte, porque os adultos mais velhos sofrem mais com COVID-19 e gripe. O estudo, publicado na revista Immunity, foca nas c\u00e9lulas fibropl\u00e1sticas do pulm\u00e3o. A inflama\u00e7\u00e3o associada ao envelhecimento, ou inflammaging, surge como chave.<\/p>\n<p>Os investigadores observaram que fibroblastos envelhecidos sinalizam para uma resposta imunit\u00e1ria exagerada. Em ratinhos jovens recombinados para emitir sinais de idade, surgiram aglomerados de c\u00e9lulas inflamadas que comprometeram os pulm\u00f5es. C\u00e9lulas imunit\u00e1rias com express\u00e3o do gene GZMK estiveram envolvidas.<\/p>\n<p>Ao eliminar as c\u00e9lulas GZMK por via gen\u00e9tica, os pulm\u00f5es jovens resistiram melhor \u00e0 infe\u00e7\u00e3o, sugerindo que o tecido envelhecido \u00e9 a principal fonte da inflama\u00e7\u00e3o. Os resultados indicam que o envelhecimento tisular pode desencadear respostas prejudiciais durante doen\u00e7as respirat\u00f3rias.<\/p>\n<h3>Impacto do envelhecimento no pulm\u00e3o<\/h3>\n<p>A pesquisa mostra que o que chamam de inflammaging surge da intera\u00e7\u00e3o entre fibroblastos e c\u00e9lulas imunit\u00e1rias. A presen\u00e7a de aglomerados inflamados foi maior em pacientes com COVID grave e s\u00edndrome de dificuldade respirat\u00f3ria aguda ARDS. Doentes saud\u00e1veis n\u00e3o apresentavam o fen\u00f3meno.<\/p>\n<p>Os autores destacam que, durante a COVID, os pacientes mais vulner\u00e1veis continuaram com inflama\u00e7\u00e3o pulmonar mesmo ap\u00f3s a infe\u00e7\u00e3o ter cedido. Esse circuito de disfun\u00e7\u00e3o entre c\u00e9lulas do pulm\u00e3o e do sistema imunit\u00e1rio pode manter o dano mesmo sem v\u00edrus ativo.<\/p>\n<h3>Perspectivas terap\u00eauticas<\/h3>\n<p>O estudo aponta para novos alvos terap\u00eauticos que visem o tecido pulmonar envelhecido e as vias de inflama\u00e7\u00e3o associadas. A interven\u00e7\u00e3o precoce poderia evitar a progress\u00e3o para inflama\u00e7\u00e3o grave que exige suporte ventilat\u00f3rio. A hip\u00f3tese abre caminho a estrat\u00e9gias espec\u00edficas para GZMK.<\/p>\n<p>Os cientistas ressaltam que os fibroblastos podem potenciar respostas inflamat\u00f3rias em outras doen\u00e7as pulmonares, como DPOC. A investiga\u00e7\u00e3o refor\u00e7a a necessidade de analisar o papel do envelhecimento na resposta imunit\u00e1ria durante infe\u00e7\u00f5es respirat\u00f3rias.<\/p>\n","protected":false},"excerpt":{"rendered":"<ul>\n<li>Investiga\u00e7\u00e3o da Universidad da Calif\u00f3rnia identifica que o envelhecimento do tecido pulmonar aumenta a inflama\u00e7\u00e3o associada \u00e0 COVID-19 e \u00e0 gripe, destacando c\u00e9lulas imunit\u00e1rias marcadas pelo gene GZMK.<\/li>\n<li>C\u00e9lulas estruturais do pulm\u00e3o, os fibroblastos, desencadeiam uma resposta imunit\u00e1ria que atrai c\u00e9lulas inflamat\u00f3rias, formando aglomerados observados em casos de COVID grave.<\/li>\n<li>Ao eliminar geneticamente as c\u00e9lulas GZMK, os pulm\u00f5es de ratos jovens resistem \u00e0 infe\u00e7\u00e3o, sugerindo que o tecido pulmonar envelhecido \u00e9 a principal causa da inflama\u00e7\u00e3o.<\/li>\n<li>An\u00e1lises de tecido de doentes idosos com s\u00edndrome de dificuldade respirat\u00f3ria aguda grave associada \u00e0 COVID mostraram os mesmos aglomerados inflamados, presentes principalmente em casos graves.<\/li>\n<li>No futuro, pode surgir terap\u00eautica que vise diretamente as c\u00e9lulas GZMK para reduzir a inflama\u00e7\u00e3o ligada ao envelhecimento e contribuir para tratar doen\u00e7as respirat\u00f3rias como a DPOC.<\/li>\n<\/ul>\n","protected":false},"author":2,"featured_media":424633,"comment_status":"closed","ping_status":"closed","sticky":false,"template":"","format":"standard","meta":{"footnotes":""},"categories":[7371,1],"tags":[1992,6480,7187,2788,5129,56],"class_list":["post-424632","post","type-post","status-publish","format-standard","has-post-thumbnail","hentry","category-medicina","category-noticias","tag-ciencia","tag-doencas-do-aparelho-respiratorio","tag-doencas-respiratorias","tag-envelhecimento","tag-imunologia","tag-pesquisa"],"yoast_head":"<!-- This site is optimized with the Yoast SEO plugin v27.2 - https:\/\/yoast.com\/product\/yoast-seo-wordpress\/ -->\n<title>Por que os idosos enfrentam maiores riscos com COVID-19 ou gripe - Portal Tela Portugal<\/title>\n<meta name=\"robots\" content=\"index, follow, max-snippet:-1, max-image-preview:large, max-video-preview:-1\" \/>\n<meta property=\"og:locale\" content=\"pt_PT\" \/>\n<meta property=\"og:type\" content=\"article\" \/>\n<meta property=\"og:title\" content=\"Por que os idosos enfrentam maiores riscos com COVID-19 ou gripe - Portal Tela Portugal\" \/>\n<meta property=\"og:description\" content=\"Investiga\u00e7\u00e3o da Universidad da Calif\u00f3rnia identifica que o envelhecimento do tecido pulmonar aumenta a inflama\u00e7\u00e3o associada \u00e0 COVID-19 e \u00e0 gripe, destacando c\u00e9lulas imunit\u00e1rias marcadas pelo gene GZMK. C\u00e9lulas estruturais do pulm\u00e3o, os fibroblastos, desencadeiam uma resposta imunit\u00e1ria que atrai c\u00e9lulas inflamat\u00f3rias, formando aglomerados observados em casos de COVID grave. Ao eliminar geneticamente as c\u00e9lulas GZMK, os pulm\u00f5es de ratos jovens resistem \u00e0 infe\u00e7\u00e3o, sugerindo que o tecido pulmonar envelhecido \u00e9 a principal causa da inflama\u00e7\u00e3o. An\u00e1lises de tecido de doentes idosos com s\u00edndrome de dificuldade respirat\u00f3ria aguda grave associada \u00e0 COVID mostraram os mesmos aglomerados inflamados, presentes principalmente em casos graves. No futuro, pode surgir terap\u00eautica que vise diretamente as c\u00e9lulas GZMK para reduzir a inflama\u00e7\u00e3o ligada ao envelhecimento e contribuir para tratar doen\u00e7as respirat\u00f3rias como a DPOC.\" \/>\n<meta property=\"og:url\" content=\"https:\/\/portaltela.pt\/noticias\/2026\/03\/28\/por-que-os-idosos-enfrentam-maiores-riscos-com-covid-19-ou-gripe\/\" \/>\n<meta property=\"og:site_name\" content=\"Portal Tela Portugal\" \/>\n<meta property=\"article:published_time\" content=\"2026-03-28T07:17:19+00:00\" \/>\n<meta name=\"author\" content=\"Telinha\" \/>\n<meta name=\"twitter:card\" content=\"summary_large_image\" \/>\n<meta name=\"twitter:label1\" content=\"Escrito por\" \/>\n\t<meta name=\"twitter:data1\" content=\"Telinha\" \/>\n\t<meta name=\"twitter:label2\" content=\"Tempo estimado de leitura\" \/>\n\t<meta name=\"twitter:data2\" content=\"2 minutos\" \/>\n<script type=\"application\/ld+json\" class=\"yoast-schema-graph\">{\"@context\":\"https:\/\/schema.org\",\"@graph\":[{\"@type\":\"Article\",\"@id\":\"https:\/\/portaltela.pt\/noticias\/2026\/03\/28\/por-que-os-idosos-enfrentam-maiores-riscos-com-covid-19-ou-gripe\/#article\",\"isPartOf\":{\"@id\":\"https:\/\/portaltela.pt\/noticias\/2026\/03\/28\/por-que-os-idosos-enfrentam-maiores-riscos-com-covid-19-ou-gripe\/\"},\"author\":{\"name\":\"Telinha\",\"@id\":\"https:\/\/portaltela.pt\/#\/schema\/person\/c4278d4a6028830caff9ee44b42d32ed\"},\"headline\":\"Por que os idosos enfrentam maiores riscos com COVID-19 ou gripe\",\"datePublished\":\"2026-03-28T07:17:19+00:00\",\"mainEntityOfPage\":{\"@id\":\"https:\/\/portaltela.pt\/noticias\/2026\/03\/28\/por-que-os-idosos-enfrentam-maiores-riscos-com-covid-19-ou-gripe\/\"},\"wordCount\":365,\"image\":{\"@id\":\"https:\/\/portaltela.pt\/noticias\/2026\/03\/28\/por-que-os-idosos-enfrentam-maiores-riscos-com-covid-19-ou-gripe\/#primaryimage\"},\"thumbnailUrl\":\"https:\/\/portaltela.pt\/s.01k8rhncp4jt1\/2026\/03\/1536x864_cmsv2_e6fdab97-8376-52a5-a15b-bb1349272160-9700833.jpg\",\"keywords\":[\"ci\u00eancia\",\"Doen\u00e7as do aparelho respirat\u00f3rio\",\"Doen\u00e7as respirat\u00f3rias\",\"envelhecimento\",\"imunologia\",\"pesquisa\"],\"articleSection\":[\"Medicina\",\"Not\u00edcias\"],\"inLanguage\":\"pt-PT\"},{\"@type\":\"WebPage\",\"@id\":\"https:\/\/portaltela.pt\/noticias\/2026\/03\/28\/por-que-os-idosos-enfrentam-maiores-riscos-com-covid-19-ou-gripe\/\",\"url\":\"https:\/\/portaltela.pt\/noticias\/2026\/03\/28\/por-que-os-idosos-enfrentam-maiores-riscos-com-covid-19-ou-gripe\/\",\"name\":\"Por que os idosos enfrentam maiores riscos com COVID-19 ou gripe - Portal Tela Portugal\",\"isPartOf\":{\"@id\":\"https:\/\/portaltela.pt\/#website\"},\"primaryImageOfPage\":{\"@id\":\"https:\/\/portaltela.pt\/noticias\/2026\/03\/28\/por-que-os-idosos-enfrentam-maiores-riscos-com-covid-19-ou-gripe\/#primaryimage\"},\"image\":{\"@id\":\"https:\/\/portaltela.pt\/noticias\/2026\/03\/28\/por-que-os-idosos-enfrentam-maiores-riscos-com-covid-19-ou-gripe\/#primaryimage\"},\"thumbnailUrl\":\"https:\/\/portaltela.pt\/s.01k8rhncp4jt1\/2026\/03\/1536x864_cmsv2_e6fdab97-8376-52a5-a15b-bb1349272160-9700833.jpg\",\"datePublished\":\"2026-03-28T07:17:19+00:00\",\"author\":{\"@id\":\"https:\/\/portaltela.pt\/#\/schema\/person\/c4278d4a6028830caff9ee44b42d32ed\"},\"breadcrumb\":{\"@id\":\"https:\/\/portaltela.pt\/noticias\/2026\/03\/28\/por-que-os-idosos-enfrentam-maiores-riscos-com-covid-19-ou-gripe\/#breadcrumb\"},\"inLanguage\":\"pt-PT\",\"potentialAction\":[{\"@type\":\"ReadAction\",\"target\":[\"https:\/\/portaltela.pt\/noticias\/2026\/03\/28\/por-que-os-idosos-enfrentam-maiores-riscos-com-covid-19-ou-gripe\/\"]}]},{\"@type\":\"ImageObject\",\"inLanguage\":\"pt-PT\",\"@id\":\"https:\/\/portaltela.pt\/noticias\/2026\/03\/28\/por-que-os-idosos-enfrentam-maiores-riscos-com-covid-19-ou-gripe\/#primaryimage\",\"url\":\"https:\/\/portaltela.pt\/s.01k8rhncp4jt1\/2026\/03\/1536x864_cmsv2_e6fdab97-8376-52a5-a15b-bb1349272160-9700833.jpg\",\"contentUrl\":\"https:\/\/portaltela.pt\/s.01k8rhncp4jt1\/2026\/03\/1536x864_cmsv2_e6fdab97-8376-52a5-a15b-bb1349272160-9700833.jpg\",\"width\":796,\"height\":448,\"caption\":\"Enfermeira limpa a boca a um idoso internado\"},{\"@type\":\"BreadcrumbList\",\"@id\":\"https:\/\/portaltela.pt\/noticias\/2026\/03\/28\/por-que-os-idosos-enfrentam-maiores-riscos-com-covid-19-ou-gripe\/#breadcrumb\",\"itemListElement\":[{\"@type\":\"ListItem\",\"position\":1,\"name\":\"In\u00edcio\",\"item\":\"https:\/\/portaltela.pt\/\"},{\"@type\":\"ListItem\",\"position\":2,\"name\":\"Por que os idosos enfrentam maiores riscos com COVID-19 ou gripe\"}]},{\"@type\":\"WebSite\",\"@id\":\"https:\/\/portaltela.pt\/#website\",\"url\":\"https:\/\/portaltela.pt\/\",\"name\":\"Portal Tela Portugal\",\"description\":\"\",\"potentialAction\":[{\"@type\":\"SearchAction\",\"target\":{\"@type\":\"EntryPoint\",\"urlTemplate\":\"https:\/\/portaltela.pt\/?s={search_term_string}\"},\"query-input\":{\"@type\":\"PropertyValueSpecification\",\"valueRequired\":true,\"valueName\":\"search_term_string\"}}],\"inLanguage\":\"pt-PT\"},{\"@type\":\"Person\",\"@id\":\"https:\/\/portaltela.pt\/#\/schema\/person\/c4278d4a6028830caff9ee44b42d32ed\",\"name\":\"Telinha\",\"image\":{\"@type\":\"ImageObject\",\"inLanguage\":\"pt-PT\",\"@id\":\"https:\/\/portaltela.pt\/s.01k8rhncp4jt1\/2025\/11\/talking-bot-125x125.png\",\"url\":\"https:\/\/portaltela.pt\/s.01k8rhncp4jt1\/2025\/11\/talking-bot-125x125.png\",\"contentUrl\":\"https:\/\/portaltela.pt\/s.01k8rhncp4jt1\/2025\/11\/talking-bot-125x125.png\",\"caption\":\"Telinha\"},\"sameAs\":[\"https:\/\/portaltela.pt\/\"],\"url\":\"https:\/\/portaltela.pt\/por\/367410592786\/\"}]}<\/script>\n<!-- \/ Yoast SEO plugin. -->","yoast_head_json":{"title":"Por que os idosos enfrentam maiores riscos com COVID-19 ou gripe - Portal Tela Portugal","robots":{"index":"index","follow":"follow","max-snippet":"max-snippet:-1","max-image-preview":"max-image-preview:large","max-video-preview":"max-video-preview:-1"},"og_locale":"pt_PT","og_type":"article","og_title":"Por que os idosos enfrentam maiores riscos com COVID-19 ou gripe - Portal Tela Portugal","og_description":"Investiga\u00e7\u00e3o da Universidad da Calif\u00f3rnia identifica que o envelhecimento do tecido pulmonar aumenta a inflama\u00e7\u00e3o associada \u00e0 COVID-19 e \u00e0 gripe, destacando c\u00e9lulas imunit\u00e1rias marcadas pelo gene GZMK. C\u00e9lulas estruturais do pulm\u00e3o, os fibroblastos, desencadeiam uma resposta imunit\u00e1ria que atrai c\u00e9lulas inflamat\u00f3rias, formando aglomerados observados em casos de COVID grave. Ao eliminar geneticamente as c\u00e9lulas GZMK, os pulm\u00f5es de ratos jovens resistem \u00e0 infe\u00e7\u00e3o, sugerindo que o tecido pulmonar envelhecido \u00e9 a principal causa da inflama\u00e7\u00e3o. An\u00e1lises de tecido de doentes idosos com s\u00edndrome de dificuldade respirat\u00f3ria aguda grave associada \u00e0 COVID mostraram os mesmos aglomerados inflamados, presentes principalmente em casos graves. No futuro, pode surgir terap\u00eautica que vise diretamente as c\u00e9lulas GZMK para reduzir a inflama\u00e7\u00e3o ligada ao envelhecimento e contribuir para tratar doen\u00e7as respirat\u00f3rias como a DPOC.","og_url":"https:\/\/portaltela.pt\/noticias\/2026\/03\/28\/por-que-os-idosos-enfrentam-maiores-riscos-com-covid-19-ou-gripe\/","og_site_name":"Portal Tela Portugal","article_published_time":"2026-03-28T07:17:19+00:00","author":"Telinha","twitter_card":"summary_large_image","twitter_misc":{"Escrito por":"Telinha","Tempo estimado de leitura":"2 minutos"},"schema":{"@context":"https:\/\/schema.org","@graph":[{"@type":"Article","@id":"https:\/\/portaltela.pt\/noticias\/2026\/03\/28\/por-que-os-idosos-enfrentam-maiores-riscos-com-covid-19-ou-gripe\/#article","isPartOf":{"@id":"https:\/\/portaltela.pt\/noticias\/2026\/03\/28\/por-que-os-idosos-enfrentam-maiores-riscos-com-covid-19-ou-gripe\/"},"author":{"name":"Telinha","@id":"https:\/\/portaltela.pt\/#\/schema\/person\/c4278d4a6028830caff9ee44b42d32ed"},"headline":"Por que os idosos enfrentam maiores riscos com COVID-19 ou gripe","datePublished":"2026-03-28T07:17:19+00:00","mainEntityOfPage":{"@id":"https:\/\/portaltela.pt\/noticias\/2026\/03\/28\/por-que-os-idosos-enfrentam-maiores-riscos-com-covid-19-ou-gripe\/"},"wordCount":365,"image":{"@id":"https:\/\/portaltela.pt\/noticias\/2026\/03\/28\/por-que-os-idosos-enfrentam-maiores-riscos-com-covid-19-ou-gripe\/#primaryimage"},"thumbnailUrl":"https:\/\/portaltela.pt\/s.01k8rhncp4jt1\/2026\/03\/1536x864_cmsv2_e6fdab97-8376-52a5-a15b-bb1349272160-9700833.jpg","keywords":["ci\u00eancia","Doen\u00e7as do aparelho respirat\u00f3rio","Doen\u00e7as respirat\u00f3rias","envelhecimento","imunologia","pesquisa"],"articleSection":["Medicina","Not\u00edcias"],"inLanguage":"pt-PT"},{"@type":"WebPage","@id":"https:\/\/portaltela.pt\/noticias\/2026\/03\/28\/por-que-os-idosos-enfrentam-maiores-riscos-com-covid-19-ou-gripe\/","url":"https:\/\/portaltela.pt\/noticias\/2026\/03\/28\/por-que-os-idosos-enfrentam-maiores-riscos-com-covid-19-ou-gripe\/","name":"Por que os idosos enfrentam maiores riscos com COVID-19 ou gripe - Portal Tela Portugal","isPartOf":{"@id":"https:\/\/portaltela.pt\/#website"},"primaryImageOfPage":{"@id":"https:\/\/portaltela.pt\/noticias\/2026\/03\/28\/por-que-os-idosos-enfrentam-maiores-riscos-com-covid-19-ou-gripe\/#primaryimage"},"image":{"@id":"https:\/\/portaltela.pt\/noticias\/2026\/03\/28\/por-que-os-idosos-enfrentam-maiores-riscos-com-covid-19-ou-gripe\/#primaryimage"},"thumbnailUrl":"https:\/\/portaltela.pt\/s.01k8rhncp4jt1\/2026\/03\/1536x864_cmsv2_e6fdab97-8376-52a5-a15b-bb1349272160-9700833.jpg","datePublished":"2026-03-28T07:17:19+00:00","author":{"@id":"https:\/\/portaltela.pt\/#\/schema\/person\/c4278d4a6028830caff9ee44b42d32ed"},"breadcrumb":{"@id":"https:\/\/portaltela.pt\/noticias\/2026\/03\/28\/por-que-os-idosos-enfrentam-maiores-riscos-com-covid-19-ou-gripe\/#breadcrumb"},"inLanguage":"pt-PT","potentialAction":[{"@type":"ReadAction","target":["https:\/\/portaltela.pt\/noticias\/2026\/03\/28\/por-que-os-idosos-enfrentam-maiores-riscos-com-covid-19-ou-gripe\/"]}]},{"@type":"ImageObject","inLanguage":"pt-PT","@id":"https:\/\/portaltela.pt\/noticias\/2026\/03\/28\/por-que-os-idosos-enfrentam-maiores-riscos-com-covid-19-ou-gripe\/#primaryimage","url":"https:\/\/portaltela.pt\/s.01k8rhncp4jt1\/2026\/03\/1536x864_cmsv2_e6fdab97-8376-52a5-a15b-bb1349272160-9700833.jpg","contentUrl":"https:\/\/portaltela.pt\/s.01k8rhncp4jt1\/2026\/03\/1536x864_cmsv2_e6fdab97-8376-52a5-a15b-bb1349272160-9700833.jpg","width":796,"height":448,"caption":"Enfermeira limpa a boca a um idoso internado"},{"@type":"BreadcrumbList","@id":"https:\/\/portaltela.pt\/noticias\/2026\/03\/28\/por-que-os-idosos-enfrentam-maiores-riscos-com-covid-19-ou-gripe\/#breadcrumb","itemListElement":[{"@type":"ListItem","position":1,"name":"In\u00edcio","item":"https:\/\/portaltela.pt\/"},{"@type":"ListItem","position":2,"name":"Por que os idosos enfrentam maiores riscos com COVID-19 ou gripe"}]},{"@type":"WebSite","@id":"https:\/\/portaltela.pt\/#website","url":"https:\/\/portaltela.pt\/","name":"Portal Tela Portugal","description":"","potentialAction":[{"@type":"SearchAction","target":{"@type":"EntryPoint","urlTemplate":"https:\/\/portaltela.pt\/?s={search_term_string}"},"query-input":{"@type":"PropertyValueSpecification","valueRequired":true,"valueName":"search_term_string"}}],"inLanguage":"pt-PT"},{"@type":"Person","@id":"https:\/\/portaltela.pt\/#\/schema\/person\/c4278d4a6028830caff9ee44b42d32ed","name":"Telinha","image":{"@type":"ImageObject","inLanguage":"pt-PT","@id":"https:\/\/portaltela.pt\/s.01k8rhncp4jt1\/2025\/11\/talking-bot-125x125.png","url":"https:\/\/portaltela.pt\/s.01k8rhncp4jt1\/2025\/11\/talking-bot-125x125.png","contentUrl":"https:\/\/portaltela.pt\/s.01k8rhncp4jt1\/2025\/11\/talking-bot-125x125.png","caption":"Telinha"},"sameAs":["https:\/\/portaltela.pt\/"],"url":"https:\/\/portaltela.pt\/por\/367410592786\/"}]}},"_links":{"self":[{"href":"https:\/\/portaltela.pt\/api\/wp\/v2\/posts\/424632","targetHints":{"allow":["GET"]}}],"collection":[{"href":"https:\/\/portaltela.pt\/api\/wp\/v2\/posts"}],"about":[{"href":"https:\/\/portaltela.pt\/api\/wp\/v2\/types\/post"}],"author":[{"embeddable":true,"href":"https:\/\/portaltela.pt\/api\/wp\/v2\/users\/2"}],"replies":[{"embeddable":true,"href":"https:\/\/portaltela.pt\/api\/wp\/v2\/comments?post=424632"}],"version-history":[{"count":0,"href":"https:\/\/portaltela.pt\/api\/wp\/v2\/posts\/424632\/revisions"}],"wp:featuredmedia":[{"embeddable":true,"href":"https:\/\/portaltela.pt\/api\/wp\/v2\/media\/424633"}],"wp:attachment":[{"href":"https:\/\/portaltela.pt\/api\/wp\/v2\/media?parent=424632"}],"wp:term":[{"taxonomy":"category","embeddable":true,"href":"https:\/\/portaltela.pt\/api\/wp\/v2\/categories?post=424632"},{"taxonomy":"post_tag","embeddable":true,"href":"https:\/\/portaltela.pt\/api\/wp\/v2\/tags?post=424632"}],"curies":[{"name":"wp","href":"https:\/\/api.w.org\/{rel}","templated":true}]}}