{"id":424624,"date":"2026-03-28T02:13:00","date_gmt":"2026-03-28T05:13:00","guid":{"rendered":"https:\/\/portaltela.pt\/noticias\/2026\/03\/28\/israel-deteta-lancamento-de-missil-vindo-do-iemen\/"},"modified":"2026-03-28T02:13:00","modified_gmt":"2026-03-28T05:13:00","slug":"israel-deteta-lancamento-de-missil-vindo-do-iemen","status":"publish","type":"post","link":"https:\/\/portaltela.pt\/guerra\/2026\/03\/28\/israel-deteta-lancamento-de-missil-vindo-do-iemen\/","title":{"rendered":"Israel deteta lan\u00e7amento de m\u00edssil vindo do I\u00e9men"},"content":{"rendered":"<p>Israel afirma ter detetado o lan\u00e7amento de um m\u00edssil identificado como vindo do I\u00e9men, segundo fontes das For\u00e7as de Defesa. O an\u00fancio foi feito pela autoridades militares de Israel, sem detalhar o tipo de m\u00edssil ou o estado de origem do suposto lan\u00e7amento.<\/p>\n<p>Apenas informado pela parte israelita, o incidente n\u00e3o teve confirma\u00e7\u00e3o independente at\u00e9 ao momento. N\u00e3o foi especificado se houve danos, impactos ou se o proj\u00e9til falhou ou foi interceptado.<\/p>\n<p>As informa\u00e7\u00f5es permanecem sujeitas a verifica\u00e7\u00e3o externa e a comunidade internacional aguarda por dados adicionais. Em contextos anteriores, lan\u00e7amentos semelhantes geraram respostas diplom\u00e1ticas e pedidos de esclarecimento por parte de m\u00faltiplos pa\u00edses.<\/p>\n","protected":false},"excerpt":{"rendered":"<ul>\n<li>Israel afirma ter detetado o lan\u00e7amento de um m\u00edssil a partir do I\u00e9men.<\/li>\n<li>A alega\u00e7\u00e3o foi comunicada pelas autoridades israelitas.<\/li>\n<li>O conte\u00fado completo da not\u00edcia est\u00e1 dispon\u00edvel apenas para subscritores.<\/li>\n<li>O portal exige entrada para aceder ao texto integral.<\/li>\n<li>N\u00e3o h\u00e1 detalhes adicionais confirmados no resumo dispon\u00edvel.<\/li>\n<\/ul>\n","protected":false},"author":2,"featured_media":424625,"comment_status":"closed","ping_status":"closed","sticky":false,"template":"","format":"standard","meta":{"footnotes":""},"categories":[6804],"tags":[182,2792,6509,3708,6539,4222],"class_list":["post-424624","post","type-post","status-publish","format-standard","has-post-thumbnail","hentry","category-guerra","tag-armas","tag-conflito-internacional","tag-iemen","tag-israel","tag-missil-balisticos","tag-seguranca-internacional"],"yoast_head":"<!-- This site is optimized with the Yoast SEO plugin v27.2 - https:\/\/yoast.com\/product\/yoast-seo-wordpress\/ -->\n<title>Israel deteta lan\u00e7amento de m\u00edssil vindo do I\u00e9men - Portal Tela Portugal<\/title>\n<meta name=\"robots\" content=\"index, follow, max-snippet:-1, max-image-preview:large, max-video-preview:-1\" \/>\n<meta property=\"og:locale\" content=\"pt_PT\" \/>\n<meta property=\"og:type\" content=\"article\" \/>\n<meta property=\"og:title\" content=\"Israel deteta lan\u00e7amento de m\u00edssil vindo do I\u00e9men - Portal Tela Portugal\" \/>\n<meta property=\"og:description\" content=\"Israel afirma ter detetado o lan\u00e7amento de um m\u00edssil a partir do I\u00e9men. A alega\u00e7\u00e3o foi comunicada pelas autoridades israelitas. O conte\u00fado completo da not\u00edcia est\u00e1 dispon\u00edvel apenas para subscritores. O portal exige entrada para aceder ao texto integral. N\u00e3o h\u00e1 detalhes adicionais confirmados no resumo dispon\u00edvel.\" \/>\n<meta property=\"og:url\" content=\"https:\/\/portaltela.pt\/noticias\/2026\/03\/28\/israel-deteta-lancamento-de-missil-vindo-do-iemen\/\" \/>\n<meta property=\"og:site_name\" content=\"Portal Tela Portugal\" \/>\n<meta property=\"article:published_time\" content=\"2026-03-28T05:13:00+00:00\" \/>\n<meta name=\"author\" content=\"Telinha\" \/>\n<meta name=\"twitter:card\" content=\"summary_large_image\" \/>\n<meta name=\"twitter:label1\" content=\"Escrito por\" \/>\n\t<meta name=\"twitter:data1\" content=\"Telinha\" \/>\n\t<meta name=\"twitter:label2\" content=\"Tempo estimado de leitura\" \/>\n\t<meta name=\"twitter:data2\" content=\"1 minuto\" \/>\n<script type=\"application\/ld+json\" class=\"yoast-schema-graph\">{\"@context\":\"https:\/\/schema.org\",\"@graph\":[{\"@type\":\"Article\",\"@id\":\"https:\/\/portaltela.pt\/noticias\/2026\/03\/28\/israel-deteta-lancamento-de-missil-vindo-do-iemen\/#article\",\"isPartOf\":{\"@id\":\"https:\/\/portaltela.pt\/noticias\/2026\/03\/28\/israel-deteta-lancamento-de-missil-vindo-do-iemen\/\"},\"author\":{\"name\":\"Telinha\",\"@id\":\"https:\/\/portaltela.pt\/#\/schema\/person\/c4278d4a6028830caff9ee44b42d32ed\"},\"headline\":\"Israel deteta lan\u00e7amento de m\u00edssil vindo do I\u00e9men\",\"datePublished\":\"2026-03-28T05:13:00+00:00\",\"mainEntityOfPage\":{\"@id\":\"https:\/\/portaltela.pt\/noticias\/2026\/03\/28\/israel-deteta-lancamento-de-missil-vindo-do-iemen\/\"},\"wordCount\":132,\"image\":{\"@id\":\"https:\/\/portaltela.pt\/noticias\/2026\/03\/28\/israel-deteta-lancamento-de-missil-vindo-do-iemen\/#primaryimage\"},\"thumbnailUrl\":\"https:\/\/portaltela.pt\/s.01k8rhncp4jt1\/2026\/03\/CACHE_780X1200_ANALOG_WATERMARKED_46830460_21559629102863.jpg\",\"keywords\":[\"armas\",\"conflito internacional\",\"I\u00e9men\",\"Israel\",\"m\u00edssil bal\u00edsticos\",\"seguran\u00e7a internacional\"],\"articleSection\":[\"Guerra\"],\"inLanguage\":\"pt-PT\"},{\"@type\":\"WebPage\",\"@id\":\"https:\/\/portaltela.pt\/noticias\/2026\/03\/28\/israel-deteta-lancamento-de-missil-vindo-do-iemen\/\",\"url\":\"https:\/\/portaltela.pt\/noticias\/2026\/03\/28\/israel-deteta-lancamento-de-missil-vindo-do-iemen\/\",\"name\":\"Israel deteta lan\u00e7amento de m\u00edssil vindo do I\u00e9men - Portal Tela Portugal\",\"isPartOf\":{\"@id\":\"https:\/\/portaltela.pt\/#website\"},\"primaryImageOfPage\":{\"@id\":\"https:\/\/portaltela.pt\/noticias\/2026\/03\/28\/israel-deteta-lancamento-de-missil-vindo-do-iemen\/#primaryimage\"},\"image\":{\"@id\":\"https:\/\/portaltela.pt\/noticias\/2026\/03\/28\/israel-deteta-lancamento-de-missil-vindo-do-iemen\/#primaryimage\"},\"thumbnailUrl\":\"https:\/\/portaltela.pt\/s.01k8rhncp4jt1\/2026\/03\/CACHE_780X1200_ANALOG_WATERMARKED_46830460_21559629102863.jpg\",\"datePublished\":\"2026-03-28T05:13:00+00:00\",\"author\":{\"@id\":\"https:\/\/portaltela.pt\/#\/schema\/person\/c4278d4a6028830caff9ee44b42d32ed\"},\"breadcrumb\":{\"@id\":\"https:\/\/portaltela.pt\/noticias\/2026\/03\/28\/israel-deteta-lancamento-de-missil-vindo-do-iemen\/#breadcrumb\"},\"inLanguage\":\"pt-PT\",\"potentialAction\":[{\"@type\":\"ReadAction\",\"target\":[\"https:\/\/portaltela.pt\/noticias\/2026\/03\/28\/israel-deteta-lancamento-de-missil-vindo-do-iemen\/\"]}]},{\"@type\":\"ImageObject\",\"inLanguage\":\"pt-PT\",\"@id\":\"https:\/\/portaltela.pt\/noticias\/2026\/03\/28\/israel-deteta-lancamento-de-missil-vindo-do-iemen\/#primaryimage\",\"url\":\"https:\/\/portaltela.pt\/s.01k8rhncp4jt1\/2026\/03\/CACHE_780X1200_ANALOG_WATERMARKED_46830460_21559629102863.jpg\",\"contentUrl\":\"https:\/\/portaltela.pt\/s.01k8rhncp4jt1\/2026\/03\/CACHE_780X1200_ANALOG_WATERMARKED_46830460_21559629102863.jpg\",\"width\":796,\"height\":448,\"caption\":\"Israel afirma ter detetado lan\u00e7amento de m\u00edssil a partir do I\u00e9men\"},{\"@type\":\"BreadcrumbList\",\"@id\":\"https:\/\/portaltela.pt\/noticias\/2026\/03\/28\/israel-deteta-lancamento-de-missil-vindo-do-iemen\/#breadcrumb\",\"itemListElement\":[{\"@type\":\"ListItem\",\"position\":1,\"name\":\"In\u00edcio\",\"item\":\"https:\/\/portaltela.pt\/\"},{\"@type\":\"ListItem\",\"position\":2,\"name\":\"Israel deteta lan\u00e7amento de m\u00edssil vindo do I\u00e9men\"}]},{\"@type\":\"WebSite\",\"@id\":\"https:\/\/portaltela.pt\/#website\",\"url\":\"https:\/\/portaltela.pt\/\",\"name\":\"Portal Tela Portugal\",\"description\":\"\",\"potentialAction\":[{\"@type\":\"SearchAction\",\"target\":{\"@type\":\"EntryPoint\",\"urlTemplate\":\"https:\/\/portaltela.pt\/?s={search_term_string}\"},\"query-input\":{\"@type\":\"PropertyValueSpecification\",\"valueRequired\":true,\"valueName\":\"search_term_string\"}}],\"inLanguage\":\"pt-PT\"},{\"@type\":\"Person\",\"@id\":\"https:\/\/portaltela.pt\/#\/schema\/person\/c4278d4a6028830caff9ee44b42d32ed\",\"name\":\"Telinha\",\"image\":{\"@type\":\"ImageObject\",\"inLanguage\":\"pt-PT\",\"@id\":\"https:\/\/portaltela.pt\/s.01k8rhncp4jt1\/2025\/11\/talking-bot-125x125.png\",\"url\":\"https:\/\/portaltela.pt\/s.01k8rhncp4jt1\/2025\/11\/talking-bot-125x125.png\",\"contentUrl\":\"https:\/\/portaltela.pt\/s.01k8rhncp4jt1\/2025\/11\/talking-bot-125x125.png\",\"caption\":\"Telinha\"},\"sameAs\":[\"https:\/\/portaltela.pt\/\"],\"url\":\"https:\/\/portaltela.pt\/por\/367410592786\/\"}]}<\/script>\n<!-- \/ Yoast SEO plugin. -->","yoast_head_json":{"title":"Israel deteta lan\u00e7amento de m\u00edssil vindo do I\u00e9men - Portal Tela Portugal","robots":{"index":"index","follow":"follow","max-snippet":"max-snippet:-1","max-image-preview":"max-image-preview:large","max-video-preview":"max-video-preview:-1"},"og_locale":"pt_PT","og_type":"article","og_title":"Israel deteta lan\u00e7amento de m\u00edssil vindo do I\u00e9men - Portal Tela Portugal","og_description":"Israel afirma ter detetado o lan\u00e7amento de um m\u00edssil a partir do I\u00e9men. A alega\u00e7\u00e3o foi comunicada pelas autoridades israelitas. O conte\u00fado completo da not\u00edcia est\u00e1 dispon\u00edvel apenas para subscritores. O portal exige entrada para aceder ao texto integral. N\u00e3o h\u00e1 detalhes adicionais confirmados no resumo dispon\u00edvel.","og_url":"https:\/\/portaltela.pt\/noticias\/2026\/03\/28\/israel-deteta-lancamento-de-missil-vindo-do-iemen\/","og_site_name":"Portal Tela Portugal","article_published_time":"2026-03-28T05:13:00+00:00","author":"Telinha","twitter_card":"summary_large_image","twitter_misc":{"Escrito por":"Telinha","Tempo estimado de leitura":"1 minuto"},"schema":{"@context":"https:\/\/schema.org","@graph":[{"@type":"Article","@id":"https:\/\/portaltela.pt\/noticias\/2026\/03\/28\/israel-deteta-lancamento-de-missil-vindo-do-iemen\/#article","isPartOf":{"@id":"https:\/\/portaltela.pt\/noticias\/2026\/03\/28\/israel-deteta-lancamento-de-missil-vindo-do-iemen\/"},"author":{"name":"Telinha","@id":"https:\/\/portaltela.pt\/#\/schema\/person\/c4278d4a6028830caff9ee44b42d32ed"},"headline":"Israel deteta lan\u00e7amento de m\u00edssil vindo do I\u00e9men","datePublished":"2026-03-28T05:13:00+00:00","mainEntityOfPage":{"@id":"https:\/\/portaltela.pt\/noticias\/2026\/03\/28\/israel-deteta-lancamento-de-missil-vindo-do-iemen\/"},"wordCount":132,"image":{"@id":"https:\/\/portaltela.pt\/noticias\/2026\/03\/28\/israel-deteta-lancamento-de-missil-vindo-do-iemen\/#primaryimage"},"thumbnailUrl":"https:\/\/portaltela.pt\/s.01k8rhncp4jt1\/2026\/03\/CACHE_780X1200_ANALOG_WATERMARKED_46830460_21559629102863.jpg","keywords":["armas","conflito internacional","I\u00e9men","Israel","m\u00edssil bal\u00edsticos","seguran\u00e7a internacional"],"articleSection":["Guerra"],"inLanguage":"pt-PT"},{"@type":"WebPage","@id":"https:\/\/portaltela.pt\/noticias\/2026\/03\/28\/israel-deteta-lancamento-de-missil-vindo-do-iemen\/","url":"https:\/\/portaltela.pt\/noticias\/2026\/03\/28\/israel-deteta-lancamento-de-missil-vindo-do-iemen\/","name":"Israel deteta lan\u00e7amento de m\u00edssil vindo do I\u00e9men - Portal Tela Portugal","isPartOf":{"@id":"https:\/\/portaltela.pt\/#website"},"primaryImageOfPage":{"@id":"https:\/\/portaltela.pt\/noticias\/2026\/03\/28\/israel-deteta-lancamento-de-missil-vindo-do-iemen\/#primaryimage"},"image":{"@id":"https:\/\/portaltela.pt\/noticias\/2026\/03\/28\/israel-deteta-lancamento-de-missil-vindo-do-iemen\/#primaryimage"},"thumbnailUrl":"https:\/\/portaltela.pt\/s.01k8rhncp4jt1\/2026\/03\/CACHE_780X1200_ANALOG_WATERMARKED_46830460_21559629102863.jpg","datePublished":"2026-03-28T05:13:00+00:00","author":{"@id":"https:\/\/portaltela.pt\/#\/schema\/person\/c4278d4a6028830caff9ee44b42d32ed"},"breadcrumb":{"@id":"https:\/\/portaltela.pt\/noticias\/2026\/03\/28\/israel-deteta-lancamento-de-missil-vindo-do-iemen\/#breadcrumb"},"inLanguage":"pt-PT","potentialAction":[{"@type":"ReadAction","target":["https:\/\/portaltela.pt\/noticias\/2026\/03\/28\/israel-deteta-lancamento-de-missil-vindo-do-iemen\/"]}]},{"@type":"ImageObject","inLanguage":"pt-PT","@id":"https:\/\/portaltela.pt\/noticias\/2026\/03\/28\/israel-deteta-lancamento-de-missil-vindo-do-iemen\/#primaryimage","url":"https:\/\/portaltela.pt\/s.01k8rhncp4jt1\/2026\/03\/CACHE_780X1200_ANALOG_WATERMARKED_46830460_21559629102863.jpg","contentUrl":"https:\/\/portaltela.pt\/s.01k8rhncp4jt1\/2026\/03\/CACHE_780X1200_ANALOG_WATERMARKED_46830460_21559629102863.jpg","width":796,"height":448,"caption":"Israel afirma ter detetado lan\u00e7amento de m\u00edssil a partir do I\u00e9men"},{"@type":"BreadcrumbList","@id":"https:\/\/portaltela.pt\/noticias\/2026\/03\/28\/israel-deteta-lancamento-de-missil-vindo-do-iemen\/#breadcrumb","itemListElement":[{"@type":"ListItem","position":1,"name":"In\u00edcio","item":"https:\/\/portaltela.pt\/"},{"@type":"ListItem","position":2,"name":"Israel deteta lan\u00e7amento de m\u00edssil vindo do I\u00e9men"}]},{"@type":"WebSite","@id":"https:\/\/portaltela.pt\/#website","url":"https:\/\/portaltela.pt\/","name":"Portal Tela Portugal","description":"","potentialAction":[{"@type":"SearchAction","target":{"@type":"EntryPoint","urlTemplate":"https:\/\/portaltela.pt\/?s={search_term_string}"},"query-input":{"@type":"PropertyValueSpecification","valueRequired":true,"valueName":"search_term_string"}}],"inLanguage":"pt-PT"},{"@type":"Person","@id":"https:\/\/portaltela.pt\/#\/schema\/person\/c4278d4a6028830caff9ee44b42d32ed","name":"Telinha","image":{"@type":"ImageObject","inLanguage":"pt-PT","@id":"https:\/\/portaltela.pt\/s.01k8rhncp4jt1\/2025\/11\/talking-bot-125x125.png","url":"https:\/\/portaltela.pt\/s.01k8rhncp4jt1\/2025\/11\/talking-bot-125x125.png","contentUrl":"https:\/\/portaltela.pt\/s.01k8rhncp4jt1\/2025\/11\/talking-bot-125x125.png","caption":"Telinha"},"sameAs":["https:\/\/portaltela.pt\/"],"url":"https:\/\/portaltela.pt\/por\/367410592786\/"}]}},"_links":{"self":[{"href":"https:\/\/portaltela.pt\/api\/wp\/v2\/posts\/424624","targetHints":{"allow":["GET"]}}],"collection":[{"href":"https:\/\/portaltela.pt\/api\/wp\/v2\/posts"}],"about":[{"href":"https:\/\/portaltela.pt\/api\/wp\/v2\/types\/post"}],"author":[{"embeddable":true,"href":"https:\/\/portaltela.pt\/api\/wp\/v2\/users\/2"}],"replies":[{"embeddable":true,"href":"https:\/\/portaltela.pt\/api\/wp\/v2\/comments?post=424624"}],"version-history":[{"count":0,"href":"https:\/\/portaltela.pt\/api\/wp\/v2\/posts\/424624\/revisions"}],"wp:featuredmedia":[{"embeddable":true,"href":"https:\/\/portaltela.pt\/api\/wp\/v2\/media\/424625"}],"wp:attachment":[{"href":"https:\/\/portaltela.pt\/api\/wp\/v2\/media?parent=424624"}],"wp:term":[{"taxonomy":"category","embeddable":true,"href":"https:\/\/portaltela.pt\/api\/wp\/v2\/categories?post=424624"},{"taxonomy":"post_tag","embeddable":true,"href":"https:\/\/portaltela.pt\/api\/wp\/v2\/tags?post=424624"}],"curies":[{"name":"wp","href":"https:\/\/api.w.org\/{rel}","templated":true}]}}