{"id":424614,"date":"2026-03-27T22:30:00","date_gmt":"2026-03-28T01:30:00","guid":{"rendered":"https:\/\/portaltela.pt\/noticias\/2026\/03\/27\/quatro-cabecilhas-da-rede-de-fabrico-de-lanchas-rapidas-sao-soltas\/"},"modified":"2026-03-27T22:30:00","modified_gmt":"2026-03-28T01:30:00","slug":"quatro-cabecilhas-da-rede-de-fabrico-de-lanchas-rapidas-sao-soltas","status":"publish","type":"post","link":"https:\/\/portaltela.pt\/justica\/2026\/03\/27\/quatro-cabecilhas-da-rede-de-fabrico-de-lanchas-rapidas-sao-soltas\/","title":{"rendered":"Quatro cabecilhas da rede de fabrico de lanchas r\u00e1pidas s\u00e3o soltas"},"content":{"rendered":"<p>Um ac\u00f3rd\u00e3o da Rela\u00e7\u00e3o de \u00c9vora, divulgado esta sexta-feira, ordenou a liberta\u00e7\u00e3o de quatro arguidos considerados cabecilhas de uma rede dedicada ao fabrico de lanchas r\u00e1pidas de transporte de droga. A opera\u00e7\u00e3o foi desmantelada pela GNR no ver\u00e3o passado.<\/p>\n<p>Segundo o ac\u00f3rd\u00e3o, a rede tinha sede numa herdade em Porto Alto, Benavente. Os desembargadores analisaram pedidos de revis\u00e3o de medida de coa\u00e7\u00e3o, mantendo em vigor as medidas para a maioria dos restantes arguidos.<\/p>\n<p>Ainda n\u00e3o h\u00e1 acusa\u00e7\u00e3o formal contra os 34 arguidos. Os ju\u00edzes entenderam que o juiz de instru\u00e7\u00e3o pronunciou a liberta\u00e7\u00e3o de tr\u00eas espanh\u00f3is e um dominicano com base em provas indiretas, pelo crime de tr\u00e1fico agravado.<\/p>\n<p>Os quatro libertados passam agora a sujeitar-se a apresenta\u00e7\u00f5es peri\u00f3dicas, que se somam \u00e0s medidas de coa\u00e7\u00e3o aplicadas aos outros 30 arguidos do processo. A decis\u00e3o mant\u00e9m o contexto de investiga\u00e7\u00e3o em curso.<\/p>\n","protected":false},"excerpt":{"rendered":"<ul>\n<li>Ac\u00f3rd\u00e3o da Rela\u00e7\u00e3o de \u00c9vora libertou quatro arguidos considerados cabecilhas de uma rede de fabrico de lanchas r\u00e1pidas usadas no transporte de droga.<\/li>\n<li>A opera\u00e7\u00e3o, desmantelada pela Guarda Nacional Republicana no ver\u00e3o passado, mant\u00e9m a posse das lanchas sob penaliza\u00e7\u00e3o em Portugal.<\/li>\n<li>O grupo tinha a sua sede numa herdade em Porto Alto, Benavente.<\/li>\n<li>Os desembargadores entenderam que o juiz de instru\u00e7\u00e3o pronunciou a liberta\u00e7\u00e3o de tr\u00eas espanh\u00f3is e um dominicano apenas com base em prova indireta, pelo crime de tr\u00e1fico agravado.<\/li>\n<li>Os arguidos passam a ficar sujeitos a apresenta\u00e7\u00f5es e \u00e0 medida de coa\u00e7\u00e3o da maioria dos restantes trinta arguidos.<\/li>\n<\/ul>\n","protected":false},"author":2,"featured_media":424616,"comment_status":"closed","ping_status":"closed","sticky":false,"template":"","format":"standard","meta":{"footnotes":""},"categories":[7374,6815],"tags":[574,1446,215,217,7582,96],"class_list":["post-424614","post","type-post","status-publish","format-standard","has-post-thumbnail","hentry","category-criminalidade","category-justica","tag-acordao","tag-benavente","tag-investigacao","tag-investigacao-criminal","tag-trafico-agravado","tag-trafico-de-droga"],"yoast_head":"<!-- This site is optimized with the Yoast SEO plugin v27.2 - https:\/\/yoast.com\/product\/yoast-seo-wordpress\/ -->\n<title>Quatro cabecilhas da rede de fabrico de lanchas r\u00e1pidas s\u00e3o soltas - Portal Tela Portugal<\/title>\n<meta name=\"robots\" content=\"index, follow, max-snippet:-1, max-image-preview:large, max-video-preview:-1\" \/>\n<meta property=\"og:locale\" content=\"pt_PT\" \/>\n<meta property=\"og:type\" content=\"article\" \/>\n<meta property=\"og:title\" content=\"Quatro cabecilhas da rede de fabrico de lanchas r\u00e1pidas s\u00e3o soltas - Portal Tela Portugal\" \/>\n<meta property=\"og:description\" content=\"Ac\u00f3rd\u00e3o da Rela\u00e7\u00e3o de \u00c9vora libertou quatro arguidos considerados cabecilhas de uma rede de fabrico de lanchas r\u00e1pidas usadas no transporte de droga. A opera\u00e7\u00e3o, desmantelada pela Guarda Nacional Republicana no ver\u00e3o passado, mant\u00e9m a posse das lanchas sob penaliza\u00e7\u00e3o em Portugal. O grupo tinha a sua sede numa herdade em Porto Alto, Benavente. Os desembargadores entenderam que o juiz de instru\u00e7\u00e3o pronunciou a liberta\u00e7\u00e3o de tr\u00eas espanh\u00f3is e um dominicano apenas com base em prova indireta, pelo crime de tr\u00e1fico agravado. Os arguidos passam a ficar sujeitos a apresenta\u00e7\u00f5es e \u00e0 medida de coa\u00e7\u00e3o da maioria dos restantes trinta arguidos.\" \/>\n<meta property=\"og:url\" content=\"https:\/\/portaltela.pt\/noticias\/2026\/03\/27\/quatro-cabecilhas-da-rede-de-fabrico-de-lanchas-rapidas-sao-soltas\/\" \/>\n<meta property=\"og:site_name\" content=\"Portal Tela Portugal\" \/>\n<meta property=\"article:published_time\" content=\"2026-03-28T01:30:00+00:00\" \/>\n<meta name=\"author\" content=\"Telinha\" \/>\n<meta name=\"twitter:card\" content=\"summary_large_image\" \/>\n<meta name=\"twitter:label1\" content=\"Escrito por\" \/>\n\t<meta name=\"twitter:data1\" content=\"Telinha\" \/>\n\t<meta name=\"twitter:label2\" content=\"Tempo estimado de leitura\" \/>\n\t<meta name=\"twitter:data2\" content=\"1 minuto\" \/>\n<script type=\"application\/ld+json\" class=\"yoast-schema-graph\">{\"@context\":\"https:\/\/schema.org\",\"@graph\":[{\"@type\":\"Article\",\"@id\":\"https:\/\/portaltela.pt\/noticias\/2026\/03\/27\/quatro-cabecilhas-da-rede-de-fabrico-de-lanchas-rapidas-sao-soltas\/#article\",\"isPartOf\":{\"@id\":\"https:\/\/portaltela.pt\/noticias\/2026\/03\/27\/quatro-cabecilhas-da-rede-de-fabrico-de-lanchas-rapidas-sao-soltas\/\"},\"author\":{\"name\":\"Telinha\",\"@id\":\"https:\/\/portaltela.pt\/#\/schema\/person\/c4278d4a6028830caff9ee44b42d32ed\"},\"headline\":\"Quatro cabecilhas da rede de fabrico de lanchas r\u00e1pidas s\u00e3o soltas\",\"datePublished\":\"2026-03-28T01:30:00+00:00\",\"mainEntityOfPage\":{\"@id\":\"https:\/\/portaltela.pt\/noticias\/2026\/03\/27\/quatro-cabecilhas-da-rede-de-fabrico-de-lanchas-rapidas-sao-soltas\/\"},\"wordCount\":178,\"image\":{\"@id\":\"https:\/\/portaltela.pt\/noticias\/2026\/03\/27\/quatro-cabecilhas-da-rede-de-fabrico-de-lanchas-rapidas-sao-soltas\/#primaryimage\"},\"thumbnailUrl\":\"https:\/\/portaltela.pt\/s.01k8rhncp4jt1\/2026\/03\/img_1280x721uu2025-07-27-09-52-24-2225371-im-638895600624299770.jpg\",\"keywords\":[\"ac\u00f3rd\u00e3o\",\"Benavente\",\"investiga\u00e7\u00e3o\",\"investiga\u00e7\u00e3o criminal\",\"tr\u00e1fico agravado\",\"tr\u00e1fico de droga\"],\"articleSection\":[\"Criminalidade\",\"Justi\u00e7a\"],\"inLanguage\":\"pt-PT\"},{\"@type\":\"WebPage\",\"@id\":\"https:\/\/portaltela.pt\/noticias\/2026\/03\/27\/quatro-cabecilhas-da-rede-de-fabrico-de-lanchas-rapidas-sao-soltas\/\",\"url\":\"https:\/\/portaltela.pt\/noticias\/2026\/03\/27\/quatro-cabecilhas-da-rede-de-fabrico-de-lanchas-rapidas-sao-soltas\/\",\"name\":\"Quatro cabecilhas da rede de fabrico de lanchas r\u00e1pidas s\u00e3o soltas - Portal Tela Portugal\",\"isPartOf\":{\"@id\":\"https:\/\/portaltela.pt\/#website\"},\"primaryImageOfPage\":{\"@id\":\"https:\/\/portaltela.pt\/noticias\/2026\/03\/27\/quatro-cabecilhas-da-rede-de-fabrico-de-lanchas-rapidas-sao-soltas\/#primaryimage\"},\"image\":{\"@id\":\"https:\/\/portaltela.pt\/noticias\/2026\/03\/27\/quatro-cabecilhas-da-rede-de-fabrico-de-lanchas-rapidas-sao-soltas\/#primaryimage\"},\"thumbnailUrl\":\"https:\/\/portaltela.pt\/s.01k8rhncp4jt1\/2026\/03\/img_1280x721uu2025-07-27-09-52-24-2225371-im-638895600624299770.jpg\",\"datePublished\":\"2026-03-28T01:30:00+00:00\",\"author\":{\"@id\":\"https:\/\/portaltela.pt\/#\/schema\/person\/c4278d4a6028830caff9ee44b42d32ed\"},\"breadcrumb\":{\"@id\":\"https:\/\/portaltela.pt\/noticias\/2026\/03\/27\/quatro-cabecilhas-da-rede-de-fabrico-de-lanchas-rapidas-sao-soltas\/#breadcrumb\"},\"inLanguage\":\"pt-PT\",\"potentialAction\":[{\"@type\":\"ReadAction\",\"target\":[\"https:\/\/portaltela.pt\/noticias\/2026\/03\/27\/quatro-cabecilhas-da-rede-de-fabrico-de-lanchas-rapidas-sao-soltas\/\"]}]},{\"@type\":\"ImageObject\",\"inLanguage\":\"pt-PT\",\"@id\":\"https:\/\/portaltela.pt\/noticias\/2026\/03\/27\/quatro-cabecilhas-da-rede-de-fabrico-de-lanchas-rapidas-sao-soltas\/#primaryimage\",\"url\":\"https:\/\/portaltela.pt\/s.01k8rhncp4jt1\/2026\/03\/img_1280x721uu2025-07-27-09-52-24-2225371-im-638895600624299770.jpg\",\"contentUrl\":\"https:\/\/portaltela.pt\/s.01k8rhncp4jt1\/2026\/03\/img_1280x721uu2025-07-27-09-52-24-2225371-im-638895600624299770.jpg\",\"width\":796,\"height\":448,\"caption\":\"Photo\"},{\"@type\":\"BreadcrumbList\",\"@id\":\"https:\/\/portaltela.pt\/noticias\/2026\/03\/27\/quatro-cabecilhas-da-rede-de-fabrico-de-lanchas-rapidas-sao-soltas\/#breadcrumb\",\"itemListElement\":[{\"@type\":\"ListItem\",\"position\":1,\"name\":\"In\u00edcio\",\"item\":\"https:\/\/portaltela.pt\/\"},{\"@type\":\"ListItem\",\"position\":2,\"name\":\"Quatro cabecilhas da rede de fabrico de lanchas r\u00e1pidas s\u00e3o soltas\"}]},{\"@type\":\"WebSite\",\"@id\":\"https:\/\/portaltela.pt\/#website\",\"url\":\"https:\/\/portaltela.pt\/\",\"name\":\"Portal Tela Portugal\",\"description\":\"\",\"potentialAction\":[{\"@type\":\"SearchAction\",\"target\":{\"@type\":\"EntryPoint\",\"urlTemplate\":\"https:\/\/portaltela.pt\/?s={search_term_string}\"},\"query-input\":{\"@type\":\"PropertyValueSpecification\",\"valueRequired\":true,\"valueName\":\"search_term_string\"}}],\"inLanguage\":\"pt-PT\"},{\"@type\":\"Person\",\"@id\":\"https:\/\/portaltela.pt\/#\/schema\/person\/c4278d4a6028830caff9ee44b42d32ed\",\"name\":\"Telinha\",\"image\":{\"@type\":\"ImageObject\",\"inLanguage\":\"pt-PT\",\"@id\":\"https:\/\/portaltela.pt\/s.01k8rhncp4jt1\/2025\/11\/talking-bot-125x125.png\",\"url\":\"https:\/\/portaltela.pt\/s.01k8rhncp4jt1\/2025\/11\/talking-bot-125x125.png\",\"contentUrl\":\"https:\/\/portaltela.pt\/s.01k8rhncp4jt1\/2025\/11\/talking-bot-125x125.png\",\"caption\":\"Telinha\"},\"sameAs\":[\"https:\/\/portaltela.pt\/\"],\"url\":\"https:\/\/portaltela.pt\/por\/367410592786\/\"}]}<\/script>\n<!-- \/ Yoast SEO plugin. -->","yoast_head_json":{"title":"Quatro cabecilhas da rede de fabrico de lanchas r\u00e1pidas s\u00e3o soltas - Portal Tela Portugal","robots":{"index":"index","follow":"follow","max-snippet":"max-snippet:-1","max-image-preview":"max-image-preview:large","max-video-preview":"max-video-preview:-1"},"og_locale":"pt_PT","og_type":"article","og_title":"Quatro cabecilhas da rede de fabrico de lanchas r\u00e1pidas s\u00e3o soltas - Portal Tela Portugal","og_description":"Ac\u00f3rd\u00e3o da Rela\u00e7\u00e3o de \u00c9vora libertou quatro arguidos considerados cabecilhas de uma rede de fabrico de lanchas r\u00e1pidas usadas no transporte de droga. A opera\u00e7\u00e3o, desmantelada pela Guarda Nacional Republicana no ver\u00e3o passado, mant\u00e9m a posse das lanchas sob penaliza\u00e7\u00e3o em Portugal. O grupo tinha a sua sede numa herdade em Porto Alto, Benavente. Os desembargadores entenderam que o juiz de instru\u00e7\u00e3o pronunciou a liberta\u00e7\u00e3o de tr\u00eas espanh\u00f3is e um dominicano apenas com base em prova indireta, pelo crime de tr\u00e1fico agravado. Os arguidos passam a ficar sujeitos a apresenta\u00e7\u00f5es e \u00e0 medida de coa\u00e7\u00e3o da maioria dos restantes trinta arguidos.","og_url":"https:\/\/portaltela.pt\/noticias\/2026\/03\/27\/quatro-cabecilhas-da-rede-de-fabrico-de-lanchas-rapidas-sao-soltas\/","og_site_name":"Portal Tela Portugal","article_published_time":"2026-03-28T01:30:00+00:00","author":"Telinha","twitter_card":"summary_large_image","twitter_misc":{"Escrito por":"Telinha","Tempo estimado de leitura":"1 minuto"},"schema":{"@context":"https:\/\/schema.org","@graph":[{"@type":"Article","@id":"https:\/\/portaltela.pt\/noticias\/2026\/03\/27\/quatro-cabecilhas-da-rede-de-fabrico-de-lanchas-rapidas-sao-soltas\/#article","isPartOf":{"@id":"https:\/\/portaltela.pt\/noticias\/2026\/03\/27\/quatro-cabecilhas-da-rede-de-fabrico-de-lanchas-rapidas-sao-soltas\/"},"author":{"name":"Telinha","@id":"https:\/\/portaltela.pt\/#\/schema\/person\/c4278d4a6028830caff9ee44b42d32ed"},"headline":"Quatro cabecilhas da rede de fabrico de lanchas r\u00e1pidas s\u00e3o soltas","datePublished":"2026-03-28T01:30:00+00:00","mainEntityOfPage":{"@id":"https:\/\/portaltela.pt\/noticias\/2026\/03\/27\/quatro-cabecilhas-da-rede-de-fabrico-de-lanchas-rapidas-sao-soltas\/"},"wordCount":178,"image":{"@id":"https:\/\/portaltela.pt\/noticias\/2026\/03\/27\/quatro-cabecilhas-da-rede-de-fabrico-de-lanchas-rapidas-sao-soltas\/#primaryimage"},"thumbnailUrl":"https:\/\/portaltela.pt\/s.01k8rhncp4jt1\/2026\/03\/img_1280x721uu2025-07-27-09-52-24-2225371-im-638895600624299770.jpg","keywords":["ac\u00f3rd\u00e3o","Benavente","investiga\u00e7\u00e3o","investiga\u00e7\u00e3o criminal","tr\u00e1fico agravado","tr\u00e1fico de droga"],"articleSection":["Criminalidade","Justi\u00e7a"],"inLanguage":"pt-PT"},{"@type":"WebPage","@id":"https:\/\/portaltela.pt\/noticias\/2026\/03\/27\/quatro-cabecilhas-da-rede-de-fabrico-de-lanchas-rapidas-sao-soltas\/","url":"https:\/\/portaltela.pt\/noticias\/2026\/03\/27\/quatro-cabecilhas-da-rede-de-fabrico-de-lanchas-rapidas-sao-soltas\/","name":"Quatro cabecilhas da rede de fabrico de lanchas r\u00e1pidas s\u00e3o soltas - Portal Tela Portugal","isPartOf":{"@id":"https:\/\/portaltela.pt\/#website"},"primaryImageOfPage":{"@id":"https:\/\/portaltela.pt\/noticias\/2026\/03\/27\/quatro-cabecilhas-da-rede-de-fabrico-de-lanchas-rapidas-sao-soltas\/#primaryimage"},"image":{"@id":"https:\/\/portaltela.pt\/noticias\/2026\/03\/27\/quatro-cabecilhas-da-rede-de-fabrico-de-lanchas-rapidas-sao-soltas\/#primaryimage"},"thumbnailUrl":"https:\/\/portaltela.pt\/s.01k8rhncp4jt1\/2026\/03\/img_1280x721uu2025-07-27-09-52-24-2225371-im-638895600624299770.jpg","datePublished":"2026-03-28T01:30:00+00:00","author":{"@id":"https:\/\/portaltela.pt\/#\/schema\/person\/c4278d4a6028830caff9ee44b42d32ed"},"breadcrumb":{"@id":"https:\/\/portaltela.pt\/noticias\/2026\/03\/27\/quatro-cabecilhas-da-rede-de-fabrico-de-lanchas-rapidas-sao-soltas\/#breadcrumb"},"inLanguage":"pt-PT","potentialAction":[{"@type":"ReadAction","target":["https:\/\/portaltela.pt\/noticias\/2026\/03\/27\/quatro-cabecilhas-da-rede-de-fabrico-de-lanchas-rapidas-sao-soltas\/"]}]},{"@type":"ImageObject","inLanguage":"pt-PT","@id":"https:\/\/portaltela.pt\/noticias\/2026\/03\/27\/quatro-cabecilhas-da-rede-de-fabrico-de-lanchas-rapidas-sao-soltas\/#primaryimage","url":"https:\/\/portaltela.pt\/s.01k8rhncp4jt1\/2026\/03\/img_1280x721uu2025-07-27-09-52-24-2225371-im-638895600624299770.jpg","contentUrl":"https:\/\/portaltela.pt\/s.01k8rhncp4jt1\/2026\/03\/img_1280x721uu2025-07-27-09-52-24-2225371-im-638895600624299770.jpg","width":796,"height":448,"caption":"Photo"},{"@type":"BreadcrumbList","@id":"https:\/\/portaltela.pt\/noticias\/2026\/03\/27\/quatro-cabecilhas-da-rede-de-fabrico-de-lanchas-rapidas-sao-soltas\/#breadcrumb","itemListElement":[{"@type":"ListItem","position":1,"name":"In\u00edcio","item":"https:\/\/portaltela.pt\/"},{"@type":"ListItem","position":2,"name":"Quatro cabecilhas da rede de fabrico de lanchas r\u00e1pidas s\u00e3o soltas"}]},{"@type":"WebSite","@id":"https:\/\/portaltela.pt\/#website","url":"https:\/\/portaltela.pt\/","name":"Portal Tela Portugal","description":"","potentialAction":[{"@type":"SearchAction","target":{"@type":"EntryPoint","urlTemplate":"https:\/\/portaltela.pt\/?s={search_term_string}"},"query-input":{"@type":"PropertyValueSpecification","valueRequired":true,"valueName":"search_term_string"}}],"inLanguage":"pt-PT"},{"@type":"Person","@id":"https:\/\/portaltela.pt\/#\/schema\/person\/c4278d4a6028830caff9ee44b42d32ed","name":"Telinha","image":{"@type":"ImageObject","inLanguage":"pt-PT","@id":"https:\/\/portaltela.pt\/s.01k8rhncp4jt1\/2025\/11\/talking-bot-125x125.png","url":"https:\/\/portaltela.pt\/s.01k8rhncp4jt1\/2025\/11\/talking-bot-125x125.png","contentUrl":"https:\/\/portaltela.pt\/s.01k8rhncp4jt1\/2025\/11\/talking-bot-125x125.png","caption":"Telinha"},"sameAs":["https:\/\/portaltela.pt\/"],"url":"https:\/\/portaltela.pt\/por\/367410592786\/"}]}},"_links":{"self":[{"href":"https:\/\/portaltela.pt\/api\/wp\/v2\/posts\/424614","targetHints":{"allow":["GET"]}}],"collection":[{"href":"https:\/\/portaltela.pt\/api\/wp\/v2\/posts"}],"about":[{"href":"https:\/\/portaltela.pt\/api\/wp\/v2\/types\/post"}],"author":[{"embeddable":true,"href":"https:\/\/portaltela.pt\/api\/wp\/v2\/users\/2"}],"replies":[{"embeddable":true,"href":"https:\/\/portaltela.pt\/api\/wp\/v2\/comments?post=424614"}],"version-history":[{"count":0,"href":"https:\/\/portaltela.pt\/api\/wp\/v2\/posts\/424614\/revisions"}],"wp:featuredmedia":[{"embeddable":true,"href":"https:\/\/portaltela.pt\/api\/wp\/v2\/media\/424616"}],"wp:attachment":[{"href":"https:\/\/portaltela.pt\/api\/wp\/v2\/media?parent=424614"}],"wp:term":[{"taxonomy":"category","embeddable":true,"href":"https:\/\/portaltela.pt\/api\/wp\/v2\/categories?post=424614"},{"taxonomy":"post_tag","embeddable":true,"href":"https:\/\/portaltela.pt\/api\/wp\/v2\/tags?post=424614"}],"curies":[{"name":"wp","href":"https:\/\/api.w.org\/{rel}","templated":true}]}}